{"id":897241,"date":"2018-03-15T15:24:24","date_gmt":"2018-03-15T18:24:24","guid":{"rendered":"http:\/\/www.pm.pb.gov.br\/portal\/?p=897241"},"modified":"2018-03-15T15:24:24","modified_gmt":"2018-03-15T18:24:24","slug":"policia-militar-realiza-acoes-de-combate-ao-trafico-de-drogas-e-prende-traficante-com-mais-de-r-28-mil-em-dinheiro","status":"publish","type":"post","link":"https:\/\/www.pm.pb.gov.br\/portal\/2018\/03\/15\/policia-militar-realiza-acoes-de-combate-ao-trafico-de-drogas-e-prende-traficante-com-mais-de-r-28-mil-em-dinheiro\/","title":{"rendered":"Pol\u00edcia Militar realiza a\u00e7\u00f5es de combate ao tr\u00e1fico de drogas e prende traficante com mais de R$ 28 mil em dinheiro"},"content":{"rendered":"<p style=\"text-align: justify;\">A Pol\u00edcia Militar prendeu, na noite dessa quarta-feira (14), dois suspeitos de atuar no tr\u00e1fico de drogas, em Cabedelo, e com eles foram encontrados mais de R$ 28 mil em esp\u00e9cie e uma caderneta com a contabilidade do tr\u00e1fico.<\/p>\n<p style=\"text-align: justify;\">Os policiais da 6\u00aa Companhia Independente de Cabedelo faziam o patrulhamento no bairro do Recanto do Po\u00e7o, na cidade de Cabedelo, quando perceberam um ve\u00edculo em um local conhecido pelo tr\u00e1fico de entorpecentes. Na abordagem ao ve\u00edculo, foi identificado que o condutor de 55 anos responde a processos por assalto a bancos e o outro suspeito de 26 anos que j\u00e1 responde por tr\u00e1fico de drogas e outros crimes.<\/p>\n<p style=\"text-align: justify;\">O suspeito de 26 anos estava de posse de uma quantia de R$ 28.721,55 em esp\u00e9cie e uma caderneta com as anota\u00e7\u00f5es da contabilidade do tr\u00e1fico de drogas na cidade. O homem informou ainda que o dinheiro apreendido \u00e9 oriundo da arrecada\u00e7\u00e3o do tr\u00e1fico de drogas em Cabedelo.<\/p>\n<p style=\"text-align: justify;\">O dinheiro estava separado e identificado com os nomes de v\u00e1rios traficantes que est\u00e3o recolhidos em pres\u00eddios da capital.<\/p>\n<p style=\"text-align: justify;\">Os suspeitos e o dinheiro apreendido foram encaminhados para a Central de Flagrantes no bairro do Geisel.<\/p>\n<p style=\"text-align: justify;\"><strong><br \/>\n<img loading=\"lazy\" decoding=\"async\" class=\"wp-image-897240 alignright\" src=\"http:\/\/www.pm.pb.gov.br\/portal\/wp-content\/uploads\/2018\/03\/drogas_Bayeux-15-03-593x445.jpeg\" alt=\"\" width=\"274\" height=\"206\" srcset=\"https:\/\/www.pm.pb.gov.br\/portal\/wp-content\/uploads\/2018\/03\/drogas_Bayeux-15-03-593x445.jpeg 593w, https:\/\/www.pm.pb.gov.br\/portal\/wp-content\/uploads\/2018\/03\/drogas_Bayeux-15-03-768x576.jpeg 768w, https:\/\/www.pm.pb.gov.br\/portal\/wp-content\/uploads\/2018\/03\/drogas_Bayeux-15-03-760x570.jpeg 760w, https:\/\/www.pm.pb.gov.br\/portal\/wp-content\/uploads\/2018\/03\/drogas_Bayeux-15-03.jpeg 1280w\" sizes=\"(max-width: 274px) 100vw, 274px\" \/><\/strong><\/p>\n<p style=\"text-align: justify;\"><strong>Em Bayeux<\/strong> \u2013 Na madrugada desta quinta-feira (15), uma mulher\u00a0de 45 anos foi detida por tr\u00e1fico de drogas em uma comunidade conhecida por Casa dos Artistas na cidade de Bayeux. Com a suspeita a Pol\u00edcia Militar encontrou 342 pedras de crack pronta para o uso, aproximadamente 50 gramas da pedra bruta de crack, alguns papelotes de coca\u00edna e a quantia de R$ 251,00 em esp\u00e9cie.<\/p>\n<p>&nbsp;<\/p>\n<p style=\"text-align: justify;\">A suspeita e as drogas foram levadas para a 6\u00aa Delegacia na cidade de Santa Rita.<\/p>\n<p>&nbsp;<\/p>\n<p>&nbsp;<\/p>\n","protected":false},"excerpt":{"rendered":"<p>A Pol\u00edcia Militar prendeu, na noite dessa quarta-feira (14), dois suspeitos de atuar no tr\u00e1fico de drogas, em Cabedelo, e<\/p>\n","protected":false},"author":15,"featured_media":897239,"comment_status":"closed","ping_status":"closed","sticky":false,"template":"","format":"standard","meta":{"_exactmetrics_skip_tracking":false,"_exactmetrics_sitenote_active":false,"_exactmetrics_sitenote_note":"","_exactmetrics_sitenote_category":0,"footnotes":""},"categories":[4],"tags":[],"yoast_head":"<!-- This site is optimized with the Yoast SEO plugin v22.0 - https:\/\/yoast.com\/wordpress\/plugins\/seo\/ -->\n<title>Pol\u00edcia Militar realiza a\u00e7\u00f5es de combate ao tr\u00e1fico de drogas e prende traficante com mais de R$ 28 mil em dinheiro - Pol\u00edcia Militar da Para\u00edba<\/title>\n<meta name=\"robots\" content=\"index, follow, max-snippet:-1, max-image-preview:large, max-video-preview:-1\" \/>\n<link rel=\"canonical\" href=\"https:\/\/www.pm.pb.gov.br\/portal\/2018\/03\/15\/policia-militar-realiza-acoes-de-combate-ao-trafico-de-drogas-e-prende-traficante-com-mais-de-r-28-mil-em-dinheiro\/\" \/>\n<meta property=\"og:locale\" content=\"pt_BR\" \/>\n<meta property=\"og:type\" content=\"article\" \/>\n<meta property=\"og:title\" content=\"Pol\u00edcia Militar realiza a\u00e7\u00f5es de combate ao tr\u00e1fico de drogas e prende traficante com mais de R$ 28 mil em dinheiro - Pol\u00edcia Militar da Para\u00edba\" \/>\n<meta property=\"og:description\" content=\"A Pol\u00edcia Militar prendeu, na noite dessa quarta-feira (14), dois suspeitos de atuar no tr\u00e1fico de drogas, em Cabedelo, e\" \/>\n<meta property=\"og:url\" content=\"https:\/\/www.pm.pb.gov.br\/portal\/2018\/03\/15\/policia-militar-realiza-acoes-de-combate-ao-trafico-de-drogas-e-prende-traficante-com-mais-de-r-28-mil-em-dinheiro\/\" \/>\n<meta property=\"og:site_name\" content=\"Pol\u00edcia Militar da Para\u00edba\" \/>\n<meta property=\"article:published_time\" content=\"2018-03-15T18:24:24+00:00\" \/>\n<meta property=\"og:image\" content=\"https:\/\/www.pm.pb.gov.br\/portal\/wp-content\/uploads\/2018\/03\/apreens\u00e3o_Cabedelo-14-03.jpeg\" \/>\n\t<meta property=\"og:image:width\" content=\"800\" \/>\n\t<meta property=\"og:image:height\" content=\"450\" \/>\n\t<meta property=\"og:image:type\" content=\"image\/jpeg\" \/>\n<meta name=\"author\" content=\"Marcio Gomes dos Santos\" \/>\n<meta name=\"twitter:card\" content=\"summary_large_image\" \/>\n<meta name=\"twitter:label1\" content=\"Escrito por\" \/>\n\t<meta name=\"twitter:data1\" content=\"Marcio Gomes dos Santos\" \/>\n\t<meta name=\"twitter:label2\" content=\"Est. tempo de leitura\" \/>\n\t<meta name=\"twitter:data2\" content=\"1 minuto\" \/>\n<script type=\"application\/ld+json\" class=\"yoast-schema-graph\">{\"@context\":\"https:\/\/schema.org\",\"@graph\":[{\"@type\":\"Article\",\"@id\":\"https:\/\/www.pm.pb.gov.br\/portal\/2018\/03\/15\/policia-militar-realiza-acoes-de-combate-ao-trafico-de-drogas-e-prende-traficante-com-mais-de-r-28-mil-em-dinheiro\/#article\",\"isPartOf\":{\"@id\":\"https:\/\/www.pm.pb.gov.br\/portal\/2018\/03\/15\/policia-militar-realiza-acoes-de-combate-ao-trafico-de-drogas-e-prende-traficante-com-mais-de-r-28-mil-em-dinheiro\/\"},\"author\":{\"name\":\"Marcio Gomes dos Santos\",\"@id\":\"https:\/\/www.pm.pb.gov.br\/portal\/#\/schema\/person\/30d571652b38533c2211e4e89bf5a502\"},\"headline\":\"Pol\u00edcia Militar realiza a\u00e7\u00f5es de combate ao tr\u00e1fico de drogas e prende traficante com mais de R$ 28 mil em dinheiro\",\"datePublished\":\"2018-03-15T18:24:24+00:00\",\"dateModified\":\"2018-03-15T18:24:24+00:00\",\"mainEntityOfPage\":{\"@id\":\"https:\/\/www.pm.pb.gov.br\/portal\/2018\/03\/15\/policia-militar-realiza-acoes-de-combate-ao-trafico-de-drogas-e-prende-traficante-com-mais-de-r-28-mil-em-dinheiro\/\"},\"wordCount\":306,\"publisher\":{\"@id\":\"https:\/\/www.pm.pb.gov.br\/portal\/#organization\"},\"articleSection\":[\"A\u00e7\u00f5es Policiais\"],\"inLanguage\":\"pt-BR\"},{\"@type\":\"WebPage\",\"@id\":\"https:\/\/www.pm.pb.gov.br\/portal\/2018\/03\/15\/policia-militar-realiza-acoes-de-combate-ao-trafico-de-drogas-e-prende-traficante-com-mais-de-r-28-mil-em-dinheiro\/\",\"url\":\"https:\/\/www.pm.pb.gov.br\/portal\/2018\/03\/15\/policia-militar-realiza-acoes-de-combate-ao-trafico-de-drogas-e-prende-traficante-com-mais-de-r-28-mil-em-dinheiro\/\",\"name\":\"Pol\u00edcia Militar realiza a\u00e7\u00f5es de combate ao tr\u00e1fico de drogas e prende traficante com mais de R$ 28 mil em dinheiro - Pol\u00edcia Militar da Para\u00edba\",\"isPartOf\":{\"@id\":\"https:\/\/www.pm.pb.gov.br\/portal\/#website\"},\"datePublished\":\"2018-03-15T18:24:24+00:00\",\"dateModified\":\"2018-03-15T18:24:24+00:00\",\"breadcrumb\":{\"@id\":\"https:\/\/www.pm.pb.gov.br\/portal\/2018\/03\/15\/policia-militar-realiza-acoes-de-combate-ao-trafico-de-drogas-e-prende-traficante-com-mais-de-r-28-mil-em-dinheiro\/#breadcrumb\"},\"inLanguage\":\"pt-BR\",\"potentialAction\":[{\"@type\":\"ReadAction\",\"target\":[\"https:\/\/www.pm.pb.gov.br\/portal\/2018\/03\/15\/policia-militar-realiza-acoes-de-combate-ao-trafico-de-drogas-e-prende-traficante-com-mais-de-r-28-mil-em-dinheiro\/\"]}]},{\"@type\":\"BreadcrumbList\",\"@id\":\"https:\/\/www.pm.pb.gov.br\/portal\/2018\/03\/15\/policia-militar-realiza-acoes-de-combate-ao-trafico-de-drogas-e-prende-traficante-com-mais-de-r-28-mil-em-dinheiro\/#breadcrumb\",\"itemListElement\":[{\"@type\":\"ListItem\",\"position\":1,\"name\":\"In\u00edcio\",\"item\":\"https:\/\/www.pm.pb.gov.br\/portal\/\"},{\"@type\":\"ListItem\",\"position\":2,\"name\":\"Pol\u00edcia Militar realiza a\u00e7\u00f5es de combate ao tr\u00e1fico de drogas e prende traficante com mais de R$ 28 mil em dinheiro\"}]},{\"@type\":\"WebSite\",\"@id\":\"https:\/\/www.pm.pb.gov.br\/portal\/#website\",\"url\":\"https:\/\/www.pm.pb.gov.br\/portal\/\",\"name\":\"Pol\u00edcia Militar da Para\u00edba\",\"description\":\"\",\"publisher\":{\"@id\":\"https:\/\/www.pm.pb.gov.br\/portal\/#organization\"},\"potentialAction\":[{\"@type\":\"SearchAction\",\"target\":{\"@type\":\"EntryPoint\",\"urlTemplate\":\"https:\/\/www.pm.pb.gov.br\/portal\/?s={search_term_string}\"},\"query-input\":\"required name=search_term_string\"}],\"inLanguage\":\"pt-BR\"},{\"@type\":\"Organization\",\"@id\":\"https:\/\/www.pm.pb.gov.br\/portal\/#organization\",\"name\":\"Pol\u00edcia Militar da Para\u00edba\",\"url\":\"https:\/\/www.pm.pb.gov.br\/portal\/\",\"logo\":{\"@type\":\"ImageObject\",\"inLanguage\":\"pt-BR\",\"@id\":\"https:\/\/www.pm.pb.gov.br\/portal\/#\/schema\/logo\/image\/\",\"url\":\"https:\/\/www.pm.pb.gov.br\/portal\/wp-content\/uploads\/2025\/03\/cropped-logo-site-mag2-1.png\",\"contentUrl\":\"https:\/\/www.pm.pb.gov.br\/portal\/wp-content\/uploads\/2025\/03\/cropped-logo-site-mag2-1.png\",\"width\":320,\"height\":90,\"caption\":\"Pol\u00edcia Militar da Para\u00edba\"},\"image\":{\"@id\":\"https:\/\/www.pm.pb.gov.br\/portal\/#\/schema\/logo\/image\/\"}},{\"@type\":\"Person\",\"@id\":\"https:\/\/www.pm.pb.gov.br\/portal\/#\/schema\/person\/30d571652b38533c2211e4e89bf5a502\",\"name\":\"Marcio Gomes dos Santos\",\"image\":{\"@type\":\"ImageObject\",\"inLanguage\":\"pt-BR\",\"@id\":\"https:\/\/www.pm.pb.gov.br\/portal\/#\/schema\/person\/image\/\",\"url\":\"https:\/\/secure.gravatar.com\/avatar\/cf4ec2cb690101e1581c7773aa350c19?s=96&d=mm&r=g\",\"contentUrl\":\"https:\/\/secure.gravatar.com\/avatar\/cf4ec2cb690101e1581c7773aa350c19?s=96&d=mm&r=g\",\"caption\":\"Marcio Gomes dos Santos\"},\"url\":\"https:\/\/www.pm.pb.gov.br\/portal\/author\/mgomes\/\"}]}<\/script>\n<!-- \/ Yoast SEO plugin. -->","yoast_head_json":{"title":"Pol\u00edcia Militar realiza a\u00e7\u00f5es de combate ao tr\u00e1fico de drogas e prende traficante com mais de R$ 28 mil em dinheiro - Pol\u00edcia Militar da Para\u00edba","robots":{"index":"index","follow":"follow","max-snippet":"max-snippet:-1","max-image-preview":"max-image-preview:large","max-video-preview":"max-video-preview:-1"},"canonical":"https:\/\/www.pm.pb.gov.br\/portal\/2018\/03\/15\/policia-militar-realiza-acoes-de-combate-ao-trafico-de-drogas-e-prende-traficante-com-mais-de-r-28-mil-em-dinheiro\/","og_locale":"pt_BR","og_type":"article","og_title":"Pol\u00edcia Militar realiza a\u00e7\u00f5es de combate ao tr\u00e1fico de drogas e prende traficante com mais de R$ 28 mil em dinheiro - Pol\u00edcia Militar da Para\u00edba","og_description":"A Pol\u00edcia Militar prendeu, na noite dessa quarta-feira (14), dois suspeitos de atuar no tr\u00e1fico de drogas, em Cabedelo, e","og_url":"https:\/\/www.pm.pb.gov.br\/portal\/2018\/03\/15\/policia-militar-realiza-acoes-de-combate-ao-trafico-de-drogas-e-prende-traficante-com-mais-de-r-28-mil-em-dinheiro\/","og_site_name":"Pol\u00edcia Militar da Para\u00edba","article_published_time":"2018-03-15T18:24:24+00:00","og_image":[{"width":800,"height":450,"url":"https:\/\/www.pm.pb.gov.br\/portal\/wp-content\/uploads\/2018\/03\/apreens\u00e3o_Cabedelo-14-03.jpeg","type":"image\/jpeg"}],"author":"Marcio Gomes dos Santos","twitter_card":"summary_large_image","twitter_misc":{"Escrito por":"Marcio Gomes dos Santos","Est. tempo de leitura":"1 minuto"},"schema":{"@context":"https:\/\/schema.org","@graph":[{"@type":"Article","@id":"https:\/\/www.pm.pb.gov.br\/portal\/2018\/03\/15\/policia-militar-realiza-acoes-de-combate-ao-trafico-de-drogas-e-prende-traficante-com-mais-de-r-28-mil-em-dinheiro\/#article","isPartOf":{"@id":"https:\/\/www.pm.pb.gov.br\/portal\/2018\/03\/15\/policia-militar-realiza-acoes-de-combate-ao-trafico-de-drogas-e-prende-traficante-com-mais-de-r-28-mil-em-dinheiro\/"},"author":{"name":"Marcio Gomes dos Santos","@id":"https:\/\/www.pm.pb.gov.br\/portal\/#\/schema\/person\/30d571652b38533c2211e4e89bf5a502"},"headline":"Pol\u00edcia Militar realiza a\u00e7\u00f5es de combate ao tr\u00e1fico de drogas e prende traficante com mais de R$ 28 mil em dinheiro","datePublished":"2018-03-15T18:24:24+00:00","dateModified":"2018-03-15T18:24:24+00:00","mainEntityOfPage":{"@id":"https:\/\/www.pm.pb.gov.br\/portal\/2018\/03\/15\/policia-militar-realiza-acoes-de-combate-ao-trafico-de-drogas-e-prende-traficante-com-mais-de-r-28-mil-em-dinheiro\/"},"wordCount":306,"publisher":{"@id":"https:\/\/www.pm.pb.gov.br\/portal\/#organization"},"articleSection":["A\u00e7\u00f5es Policiais"],"inLanguage":"pt-BR"},{"@type":"WebPage","@id":"https:\/\/www.pm.pb.gov.br\/portal\/2018\/03\/15\/policia-militar-realiza-acoes-de-combate-ao-trafico-de-drogas-e-prende-traficante-com-mais-de-r-28-mil-em-dinheiro\/","url":"https:\/\/www.pm.pb.gov.br\/portal\/2018\/03\/15\/policia-militar-realiza-acoes-de-combate-ao-trafico-de-drogas-e-prende-traficante-com-mais-de-r-28-mil-em-dinheiro\/","name":"Pol\u00edcia Militar realiza a\u00e7\u00f5es de combate ao tr\u00e1fico de drogas e prende traficante com mais de R$ 28 mil em dinheiro - Pol\u00edcia Militar da Para\u00edba","isPartOf":{"@id":"https:\/\/www.pm.pb.gov.br\/portal\/#website"},"datePublished":"2018-03-15T18:24:24+00:00","dateModified":"2018-03-15T18:24:24+00:00","breadcrumb":{"@id":"https:\/\/www.pm.pb.gov.br\/portal\/2018\/03\/15\/policia-militar-realiza-acoes-de-combate-ao-trafico-de-drogas-e-prende-traficante-com-mais-de-r-28-mil-em-dinheiro\/#breadcrumb"},"inLanguage":"pt-BR","potentialAction":[{"@type":"ReadAction","target":["https:\/\/www.pm.pb.gov.br\/portal\/2018\/03\/15\/policia-militar-realiza-acoes-de-combate-ao-trafico-de-drogas-e-prende-traficante-com-mais-de-r-28-mil-em-dinheiro\/"]}]},{"@type":"BreadcrumbList","@id":"https:\/\/www.pm.pb.gov.br\/portal\/2018\/03\/15\/policia-militar-realiza-acoes-de-combate-ao-trafico-de-drogas-e-prende-traficante-com-mais-de-r-28-mil-em-dinheiro\/#breadcrumb","itemListElement":[{"@type":"ListItem","position":1,"name":"In\u00edcio","item":"https:\/\/www.pm.pb.gov.br\/portal\/"},{"@type":"ListItem","position":2,"name":"Pol\u00edcia Militar realiza a\u00e7\u00f5es de combate ao tr\u00e1fico de drogas e prende traficante com mais de R$ 28 mil em dinheiro"}]},{"@type":"WebSite","@id":"https:\/\/www.pm.pb.gov.br\/portal\/#website","url":"https:\/\/www.pm.pb.gov.br\/portal\/","name":"Pol\u00edcia Militar da Para\u00edba","description":"","publisher":{"@id":"https:\/\/www.pm.pb.gov.br\/portal\/#organization"},"potentialAction":[{"@type":"SearchAction","target":{"@type":"EntryPoint","urlTemplate":"https:\/\/www.pm.pb.gov.br\/portal\/?s={search_term_string}"},"query-input":"required name=search_term_string"}],"inLanguage":"pt-BR"},{"@type":"Organization","@id":"https:\/\/www.pm.pb.gov.br\/portal\/#organization","name":"Pol\u00edcia Militar da Para\u00edba","url":"https:\/\/www.pm.pb.gov.br\/portal\/","logo":{"@type":"ImageObject","inLanguage":"pt-BR","@id":"https:\/\/www.pm.pb.gov.br\/portal\/#\/schema\/logo\/image\/","url":"https:\/\/www.pm.pb.gov.br\/portal\/wp-content\/uploads\/2025\/03\/cropped-logo-site-mag2-1.png","contentUrl":"https:\/\/www.pm.pb.gov.br\/portal\/wp-content\/uploads\/2025\/03\/cropped-logo-site-mag2-1.png","width":320,"height":90,"caption":"Pol\u00edcia Militar da Para\u00edba"},"image":{"@id":"https:\/\/www.pm.pb.gov.br\/portal\/#\/schema\/logo\/image\/"}},{"@type":"Person","@id":"https:\/\/www.pm.pb.gov.br\/portal\/#\/schema\/person\/30d571652b38533c2211e4e89bf5a502","name":"Marcio Gomes dos Santos","image":{"@type":"ImageObject","inLanguage":"pt-BR","@id":"https:\/\/www.pm.pb.gov.br\/portal\/#\/schema\/person\/image\/","url":"https:\/\/secure.gravatar.com\/avatar\/cf4ec2cb690101e1581c7773aa350c19?s=96&d=mm&r=g","contentUrl":"https:\/\/secure.gravatar.com\/avatar\/cf4ec2cb690101e1581c7773aa350c19?s=96&d=mm&r=g","caption":"Marcio Gomes dos Santos"},"url":"https:\/\/www.pm.pb.gov.br\/portal\/author\/mgomes\/"}]}},"_links":{"self":[{"href":"https:\/\/www.pm.pb.gov.br\/portal\/wp-json\/wp\/v2\/posts\/897241"}],"collection":[{"href":"https:\/\/www.pm.pb.gov.br\/portal\/wp-json\/wp\/v2\/posts"}],"about":[{"href":"https:\/\/www.pm.pb.gov.br\/portal\/wp-json\/wp\/v2\/types\/post"}],"author":[{"embeddable":true,"href":"https:\/\/www.pm.pb.gov.br\/portal\/wp-json\/wp\/v2\/users\/15"}],"replies":[{"embeddable":true,"href":"https:\/\/www.pm.pb.gov.br\/portal\/wp-json\/wp\/v2\/comments?post=897241"}],"version-history":[{"count":3,"href":"https:\/\/www.pm.pb.gov.br\/portal\/wp-json\/wp\/v2\/posts\/897241\/revisions"}],"predecessor-version":[{"id":897244,"href":"https:\/\/www.pm.pb.gov.br\/portal\/wp-json\/wp\/v2\/posts\/897241\/revisions\/897244"}],"wp:featuredmedia":[{"embeddable":true,"href":"https:\/\/www.pm.pb.gov.br\/portal\/wp-json\/wp\/v2\/media\/897239"}],"wp:attachment":[{"href":"https:\/\/www.pm.pb.gov.br\/portal\/wp-json\/wp\/v2\/media?parent=897241"}],"wp:term":[{"taxonomy":"category","embeddable":true,"href":"https:\/\/www.pm.pb.gov.br\/portal\/wp-json\/wp\/v2\/categories?post=897241"},{"taxonomy":"post_tag","embeddable":true,"href":"https:\/\/www.pm.pb.gov.br\/portal\/wp-json\/wp\/v2\/tags?post=897241"}],"curies":[{"name":"wp","href":"https:\/\/api.w.org\/{rel}","templated":true}]}}