{"id":897237,"date":"2018-03-15T14:33:11","date_gmt":"2018-03-15T17:33:11","guid":{"rendered":"http:\/\/www.pm.pb.gov.br\/portal\/?p=897237"},"modified":"2018-03-15T14:33:11","modified_gmt":"2018-03-15T17:33:11","slug":"nota-de-pesar","status":"publish","type":"post","link":"https:\/\/www.pm.pb.gov.br\/portal\/2018\/03\/15\/nota-de-pesar\/","title":{"rendered":"NOTA DE PESAR"},"content":{"rendered":"<p style=\"text-align: justify;\">O comando da Pol\u00edcia Militar lamenta a morte do sargento Jos\u00e9 L\u00facio J\u00fanior, que aconteceu na madrugada desta quinta-feira (15), em Jo\u00e3o Pessoa. Sargento J L\u00facio, militar que era da cidade de Campina Grande e servia no 15\u00ba Batalh\u00e3o, em Esperan\u00e7a, atualmente estava no Curso de Aperfei\u00e7oamento em Seguran\u00e7a P\u00fablica (CASP), realizado no Centro de Educa\u00e7\u00e3o. Ele era um policial extremamente dedicado, que possu\u00eda mais de 15 elogios por bons servi\u00e7os prestados e recentemente tinha recebido uma l\u00e1urea por m\u00e9rito disciplinar, dada a exemplar conduta que tinha.<\/p>\n<p style=\"text-align: justify;\">O caso que envolveu a morte do militar est\u00e1 sendo apurado com todo o rigor da lei pela institui\u00e7\u00e3o, que prestar\u00e1 apoio \u00e0 fam\u00edlia do militar que lamentavelmente perdeu a vida.<\/p>\n<p style=\"text-align: justify;\">A institui\u00e7\u00e3o, atrav\u00e9s do Centro de Educa\u00e7\u00e3o, ouviu preliminarmente o suspeito do crime, sargento Edson Lira, e o encaminhou para um dos Batalh\u00f5es da Capital, onde permanecer\u00e1 preso at\u00e9 ser apresentado \u00e0 justi\u00e7a militar. O local do crime passou por per\u00edcia, bem como a arma envolvida no fato, que era de uso particular do suspeito, e a corpora\u00e7\u00e3o aguardar\u00e1 o resultado.<\/p>\n<p style=\"text-align: justify;\">O comando da PM externa seu mais profundo pesar \u00e0 fam\u00edlia e amigos do sargento J L\u00facio, que ser\u00e1 velado e sepultado com todas as honras que profissionais de sua qualidade s\u00e3o dignos de receber.<\/p>\n","protected":false},"excerpt":{"rendered":"<p>O comando da Pol\u00edcia Militar lamenta a morte do sargento Jos\u00e9 L\u00facio J\u00fanior, que aconteceu na madrugada desta quinta-feira (15),<\/p>\n","protected":false},"author":12,"featured_media":895708,"comment_status":"closed","ping_status":"closed","sticky":false,"template":"","format":"standard","meta":{"_exactmetrics_skip_tracking":false,"_exactmetrics_sitenote_active":false,"_exactmetrics_sitenote_note":"","_exactmetrics_sitenote_category":0,"footnotes":""},"categories":[15],"tags":[],"yoast_head":"<!-- This site is optimized with the Yoast SEO plugin v22.0 - https:\/\/yoast.com\/wordpress\/plugins\/seo\/ -->\n<title>NOTA DE PESAR - Pol\u00edcia Militar da Para\u00edba<\/title>\n<meta name=\"robots\" content=\"index, follow, max-snippet:-1, max-image-preview:large, max-video-preview:-1\" \/>\n<link rel=\"canonical\" href=\"https:\/\/www.pm.pb.gov.br\/portal\/2018\/03\/15\/nota-de-pesar\/\" \/>\n<meta property=\"og:locale\" content=\"pt_BR\" \/>\n<meta property=\"og:type\" content=\"article\" \/>\n<meta property=\"og:title\" content=\"NOTA DE PESAR - Pol\u00edcia Militar da Para\u00edba\" \/>\n<meta property=\"og:description\" content=\"O comando da Pol\u00edcia Militar lamenta a morte do sargento Jos\u00e9 L\u00facio J\u00fanior, que aconteceu na madrugada desta quinta-feira (15),\" \/>\n<meta property=\"og:url\" content=\"https:\/\/www.pm.pb.gov.br\/portal\/2018\/03\/15\/nota-de-pesar\/\" \/>\n<meta property=\"og:site_name\" content=\"Pol\u00edcia Militar da Para\u00edba\" \/>\n<meta property=\"article:published_time\" content=\"2018-03-15T17:33:11+00:00\" \/>\n<meta property=\"og:image\" content=\"https:\/\/www.pm.pb.gov.br\/portal\/wp-content\/uploads\/2017\/10\/Imagems-Ilustrativa-Site-Novo.jpg\" \/>\n\t<meta property=\"og:image:width\" content=\"800\" \/>\n\t<meta property=\"og:image:height\" content=\"445\" \/>\n\t<meta property=\"og:image:type\" content=\"image\/jpeg\" \/>\n<meta name=\"author\" content=\"Tarcisio Oliveira\" \/>\n<meta name=\"twitter:card\" content=\"summary_large_image\" \/>\n<meta name=\"twitter:label1\" content=\"Escrito por\" \/>\n\t<meta name=\"twitter:data1\" content=\"Tarcisio Oliveira\" \/>\n\t<meta name=\"twitter:label2\" content=\"Est. tempo de leitura\" \/>\n\t<meta name=\"twitter:data2\" content=\"1 minuto\" \/>\n<script type=\"application\/ld+json\" class=\"yoast-schema-graph\">{\"@context\":\"https:\/\/schema.org\",\"@graph\":[{\"@type\":\"Article\",\"@id\":\"https:\/\/www.pm.pb.gov.br\/portal\/2018\/03\/15\/nota-de-pesar\/#article\",\"isPartOf\":{\"@id\":\"https:\/\/www.pm.pb.gov.br\/portal\/2018\/03\/15\/nota-de-pesar\/\"},\"author\":{\"name\":\"Tarcisio Oliveira\",\"@id\":\"https:\/\/www.pm.pb.gov.br\/portal\/#\/schema\/person\/f84f56dcc78ce4357054da888b8247fd\"},\"headline\":\"NOTA DE PESAR\",\"datePublished\":\"2018-03-15T17:33:11+00:00\",\"dateModified\":\"2018-03-15T17:33:11+00:00\",\"mainEntityOfPage\":{\"@id\":\"https:\/\/www.pm.pb.gov.br\/portal\/2018\/03\/15\/nota-de-pesar\/\"},\"wordCount\":238,\"publisher\":{\"@id\":\"https:\/\/www.pm.pb.gov.br\/portal\/#organization\"},\"articleSection\":[\"Informativo\"],\"inLanguage\":\"pt-BR\"},{\"@type\":\"WebPage\",\"@id\":\"https:\/\/www.pm.pb.gov.br\/portal\/2018\/03\/15\/nota-de-pesar\/\",\"url\":\"https:\/\/www.pm.pb.gov.br\/portal\/2018\/03\/15\/nota-de-pesar\/\",\"name\":\"NOTA DE PESAR - Pol\u00edcia Militar da Para\u00edba\",\"isPartOf\":{\"@id\":\"https:\/\/www.pm.pb.gov.br\/portal\/#website\"},\"datePublished\":\"2018-03-15T17:33:11+00:00\",\"dateModified\":\"2018-03-15T17:33:11+00:00\",\"breadcrumb\":{\"@id\":\"https:\/\/www.pm.pb.gov.br\/portal\/2018\/03\/15\/nota-de-pesar\/#breadcrumb\"},\"inLanguage\":\"pt-BR\",\"potentialAction\":[{\"@type\":\"ReadAction\",\"target\":[\"https:\/\/www.pm.pb.gov.br\/portal\/2018\/03\/15\/nota-de-pesar\/\"]}]},{\"@type\":\"BreadcrumbList\",\"@id\":\"https:\/\/www.pm.pb.gov.br\/portal\/2018\/03\/15\/nota-de-pesar\/#breadcrumb\",\"itemListElement\":[{\"@type\":\"ListItem\",\"position\":1,\"name\":\"In\u00edcio\",\"item\":\"https:\/\/www.pm.pb.gov.br\/portal\/\"},{\"@type\":\"ListItem\",\"position\":2,\"name\":\"NOTA DE PESAR\"}]},{\"@type\":\"WebSite\",\"@id\":\"https:\/\/www.pm.pb.gov.br\/portal\/#website\",\"url\":\"https:\/\/www.pm.pb.gov.br\/portal\/\",\"name\":\"Pol\u00edcia Militar da Para\u00edba\",\"description\":\"\",\"publisher\":{\"@id\":\"https:\/\/www.pm.pb.gov.br\/portal\/#organization\"},\"potentialAction\":[{\"@type\":\"SearchAction\",\"target\":{\"@type\":\"EntryPoint\",\"urlTemplate\":\"https:\/\/www.pm.pb.gov.br\/portal\/?s={search_term_string}\"},\"query-input\":\"required name=search_term_string\"}],\"inLanguage\":\"pt-BR\"},{\"@type\":\"Organization\",\"@id\":\"https:\/\/www.pm.pb.gov.br\/portal\/#organization\",\"name\":\"Pol\u00edcia Militar da Para\u00edba\",\"url\":\"https:\/\/www.pm.pb.gov.br\/portal\/\",\"logo\":{\"@type\":\"ImageObject\",\"inLanguage\":\"pt-BR\",\"@id\":\"https:\/\/www.pm.pb.gov.br\/portal\/#\/schema\/logo\/image\/\",\"url\":\"https:\/\/www.pm.pb.gov.br\/portal\/wp-content\/uploads\/2025\/03\/cropped-logo-site-mag2-1.png\",\"contentUrl\":\"https:\/\/www.pm.pb.gov.br\/portal\/wp-content\/uploads\/2025\/03\/cropped-logo-site-mag2-1.png\",\"width\":320,\"height\":90,\"caption\":\"Pol\u00edcia Militar da Para\u00edba\"},\"image\":{\"@id\":\"https:\/\/www.pm.pb.gov.br\/portal\/#\/schema\/logo\/image\/\"}},{\"@type\":\"Person\",\"@id\":\"https:\/\/www.pm.pb.gov.br\/portal\/#\/schema\/person\/f84f56dcc78ce4357054da888b8247fd\",\"name\":\"Tarcisio Oliveira\",\"image\":{\"@type\":\"ImageObject\",\"inLanguage\":\"pt-BR\",\"@id\":\"https:\/\/www.pm.pb.gov.br\/portal\/#\/schema\/person\/image\/\",\"url\":\"https:\/\/secure.gravatar.com\/avatar\/72917b630b69d31cd0297507f34bac97?s=96&d=mm&r=g\",\"contentUrl\":\"https:\/\/secure.gravatar.com\/avatar\/72917b630b69d31cd0297507f34bac97?s=96&d=mm&r=g\",\"caption\":\"Tarcisio Oliveira\"},\"url\":\"https:\/\/www.pm.pb.gov.br\/portal\/author\/tarcisio\/\"}]}<\/script>\n<!-- \/ Yoast SEO plugin. -->","yoast_head_json":{"title":"NOTA DE PESAR - Pol\u00edcia Militar da Para\u00edba","robots":{"index":"index","follow":"follow","max-snippet":"max-snippet:-1","max-image-preview":"max-image-preview:large","max-video-preview":"max-video-preview:-1"},"canonical":"https:\/\/www.pm.pb.gov.br\/portal\/2018\/03\/15\/nota-de-pesar\/","og_locale":"pt_BR","og_type":"article","og_title":"NOTA DE PESAR - Pol\u00edcia Militar da Para\u00edba","og_description":"O comando da Pol\u00edcia Militar lamenta a morte do sargento Jos\u00e9 L\u00facio J\u00fanior, que aconteceu na madrugada desta quinta-feira (15),","og_url":"https:\/\/www.pm.pb.gov.br\/portal\/2018\/03\/15\/nota-de-pesar\/","og_site_name":"Pol\u00edcia Militar da Para\u00edba","article_published_time":"2018-03-15T17:33:11+00:00","og_image":[{"width":800,"height":445,"url":"https:\/\/www.pm.pb.gov.br\/portal\/wp-content\/uploads\/2017\/10\/Imagems-Ilustrativa-Site-Novo.jpg","type":"image\/jpeg"}],"author":"Tarcisio Oliveira","twitter_card":"summary_large_image","twitter_misc":{"Escrito por":"Tarcisio Oliveira","Est. tempo de leitura":"1 minuto"},"schema":{"@context":"https:\/\/schema.org","@graph":[{"@type":"Article","@id":"https:\/\/www.pm.pb.gov.br\/portal\/2018\/03\/15\/nota-de-pesar\/#article","isPartOf":{"@id":"https:\/\/www.pm.pb.gov.br\/portal\/2018\/03\/15\/nota-de-pesar\/"},"author":{"name":"Tarcisio Oliveira","@id":"https:\/\/www.pm.pb.gov.br\/portal\/#\/schema\/person\/f84f56dcc78ce4357054da888b8247fd"},"headline":"NOTA DE PESAR","datePublished":"2018-03-15T17:33:11+00:00","dateModified":"2018-03-15T17:33:11+00:00","mainEntityOfPage":{"@id":"https:\/\/www.pm.pb.gov.br\/portal\/2018\/03\/15\/nota-de-pesar\/"},"wordCount":238,"publisher":{"@id":"https:\/\/www.pm.pb.gov.br\/portal\/#organization"},"articleSection":["Informativo"],"inLanguage":"pt-BR"},{"@type":"WebPage","@id":"https:\/\/www.pm.pb.gov.br\/portal\/2018\/03\/15\/nota-de-pesar\/","url":"https:\/\/www.pm.pb.gov.br\/portal\/2018\/03\/15\/nota-de-pesar\/","name":"NOTA DE PESAR - Pol\u00edcia Militar da Para\u00edba","isPartOf":{"@id":"https:\/\/www.pm.pb.gov.br\/portal\/#website"},"datePublished":"2018-03-15T17:33:11+00:00","dateModified":"2018-03-15T17:33:11+00:00","breadcrumb":{"@id":"https:\/\/www.pm.pb.gov.br\/portal\/2018\/03\/15\/nota-de-pesar\/#breadcrumb"},"inLanguage":"pt-BR","potentialAction":[{"@type":"ReadAction","target":["https:\/\/www.pm.pb.gov.br\/portal\/2018\/03\/15\/nota-de-pesar\/"]}]},{"@type":"BreadcrumbList","@id":"https:\/\/www.pm.pb.gov.br\/portal\/2018\/03\/15\/nota-de-pesar\/#breadcrumb","itemListElement":[{"@type":"ListItem","position":1,"name":"In\u00edcio","item":"https:\/\/www.pm.pb.gov.br\/portal\/"},{"@type":"ListItem","position":2,"name":"NOTA DE PESAR"}]},{"@type":"WebSite","@id":"https:\/\/www.pm.pb.gov.br\/portal\/#website","url":"https:\/\/www.pm.pb.gov.br\/portal\/","name":"Pol\u00edcia Militar da Para\u00edba","description":"","publisher":{"@id":"https:\/\/www.pm.pb.gov.br\/portal\/#organization"},"potentialAction":[{"@type":"SearchAction","target":{"@type":"EntryPoint","urlTemplate":"https:\/\/www.pm.pb.gov.br\/portal\/?s={search_term_string}"},"query-input":"required name=search_term_string"}],"inLanguage":"pt-BR"},{"@type":"Organization","@id":"https:\/\/www.pm.pb.gov.br\/portal\/#organization","name":"Pol\u00edcia Militar da Para\u00edba","url":"https:\/\/www.pm.pb.gov.br\/portal\/","logo":{"@type":"ImageObject","inLanguage":"pt-BR","@id":"https:\/\/www.pm.pb.gov.br\/portal\/#\/schema\/logo\/image\/","url":"https:\/\/www.pm.pb.gov.br\/portal\/wp-content\/uploads\/2025\/03\/cropped-logo-site-mag2-1.png","contentUrl":"https:\/\/www.pm.pb.gov.br\/portal\/wp-content\/uploads\/2025\/03\/cropped-logo-site-mag2-1.png","width":320,"height":90,"caption":"Pol\u00edcia Militar da Para\u00edba"},"image":{"@id":"https:\/\/www.pm.pb.gov.br\/portal\/#\/schema\/logo\/image\/"}},{"@type":"Person","@id":"https:\/\/www.pm.pb.gov.br\/portal\/#\/schema\/person\/f84f56dcc78ce4357054da888b8247fd","name":"Tarcisio Oliveira","image":{"@type":"ImageObject","inLanguage":"pt-BR","@id":"https:\/\/www.pm.pb.gov.br\/portal\/#\/schema\/person\/image\/","url":"https:\/\/secure.gravatar.com\/avatar\/72917b630b69d31cd0297507f34bac97?s=96&d=mm&r=g","contentUrl":"https:\/\/secure.gravatar.com\/avatar\/72917b630b69d31cd0297507f34bac97?s=96&d=mm&r=g","caption":"Tarcisio Oliveira"},"url":"https:\/\/www.pm.pb.gov.br\/portal\/author\/tarcisio\/"}]}},"_links":{"self":[{"href":"https:\/\/www.pm.pb.gov.br\/portal\/wp-json\/wp\/v2\/posts\/897237"}],"collection":[{"href":"https:\/\/www.pm.pb.gov.br\/portal\/wp-json\/wp\/v2\/posts"}],"about":[{"href":"https:\/\/www.pm.pb.gov.br\/portal\/wp-json\/wp\/v2\/types\/post"}],"author":[{"embeddable":true,"href":"https:\/\/www.pm.pb.gov.br\/portal\/wp-json\/wp\/v2\/users\/12"}],"replies":[{"embeddable":true,"href":"https:\/\/www.pm.pb.gov.br\/portal\/wp-json\/wp\/v2\/comments?post=897237"}],"version-history":[{"count":1,"href":"https:\/\/www.pm.pb.gov.br\/portal\/wp-json\/wp\/v2\/posts\/897237\/revisions"}],"predecessor-version":[{"id":897238,"href":"https:\/\/www.pm.pb.gov.br\/portal\/wp-json\/wp\/v2\/posts\/897237\/revisions\/897238"}],"wp:featuredmedia":[{"embeddable":true,"href":"https:\/\/www.pm.pb.gov.br\/portal\/wp-json\/wp\/v2\/media\/895708"}],"wp:attachment":[{"href":"https:\/\/www.pm.pb.gov.br\/portal\/wp-json\/wp\/v2\/media?parent=897237"}],"wp:term":[{"taxonomy":"category","embeddable":true,"href":"https:\/\/www.pm.pb.gov.br\/portal\/wp-json\/wp\/v2\/categories?post=897237"},{"taxonomy":"post_tag","embeddable":true,"href":"https:\/\/www.pm.pb.gov.br\/portal\/wp-json\/wp\/v2\/tags?post=897237"}],"curies":[{"name":"wp","href":"https:\/\/api.w.org\/{rel}","templated":true}]}}