{"id":897221,"date":"2018-03-12T18:40:42","date_gmt":"2018-03-12T21:40:42","guid":{"rendered":"http:\/\/www.pm.pb.gov.br\/portal\/?p=897221"},"modified":"2018-03-13T00:28:35","modified_gmt":"2018-03-13T03:28:35","slug":"celular-seguro-aplicativo-do-governo-combate-roubo-e-furto-de-celulares-na-paraiba","status":"publish","type":"post","link":"https:\/\/www.pm.pb.gov.br\/portal\/2018\/03\/12\/celular-seguro-aplicativo-do-governo-combate-roubo-e-furto-de-celulares-na-paraiba\/","title":{"rendered":"Celular Seguro: aplicativo do Governo combate roubo e furto de celulares na Para\u00edba"},"content":{"rendered":"<p style=\"text-align: justify;\">O dispositivo Celular Seguro j\u00e1 conta com mais de 1,3 mil aparelhos cadastrados em pouco mais de um m\u00eas em funcionamento. A ferramenta foi desenvolvida pelo Governo do Estado, por meio Companhia de Processamento de Dados da Para\u00edba (Codata), para combater o roubo de celulares na Para\u00edba, e faz parte dos servi\u00e7os oferecidos pelo Portal da Cidadania, lan\u00e7ado no fim de janeiro. Esse mecanismo possibilita que a pol\u00edcia tenha condi\u00e7\u00f5es de verificar a situa\u00e7\u00e3o de qualquer celular \u2013 desde que esteja cadastrado \u2013 auxiliando na recupera\u00e7\u00e3o dos aparelhos roubados, furtados ou perdidos.<\/p>\n<p style=\"text-align: justify;\">Para ter acesso ao dispositivo, basta o usu\u00e1rio acessar o Portal da Cidadania, por meio do endere\u00e7o <a href=\"http:\/\/www.portaldacidadania.pb.gov.br\">www.portaldacidadania.pb.gov.br<\/a>, fazer o cadastro, que pode ser realizado com veicula\u00e7\u00e3o da conta no Facebook, Gmail ou Twitter. Em seguida, ir at\u00e9 a aba Celular Seguro e cadastrar o seu aparelho. O diferencial oferecido pelo Governo do Estado \u00e9 que a ferramenta est\u00e1 dispon\u00edvel tanto na web quanto por aplicativo.<\/p>\n<p style=\"text-align: justify;\">O presidente da Codata, Krol J\u00e2nio, destaca que para aparelhos com sistema Android, a identifica\u00e7\u00e3o (IMEI) \u00e9 salva automaticamente, mas \u00e9 necess\u00e1rio fazer o cadastro para que o dono seja localizado, em caso de roubo ou perda. \u201c\u00c9 fundamental que a popula\u00e7\u00e3o acesse o Portal da Cidadania e cadastre os aparelhos de celular. Dessa forma, a pol\u00edcia ter\u00e1 um banco de dados para a recupera\u00e7\u00e3o de celulares roubados ou perdidos no Estado\u201d, alertou. Uma das formas de descobrir o IMEI do aparelho \u00e9 digitando o c\u00f3digo *#06# . No sistema IOS essa identifica\u00e7\u00e3o tamb\u00e9m pode ser localizada nas configura\u00e7\u00f5es do sistema, acessando a aba \u201cGeral\u201d, em seguida, na op\u00e7\u00e3o \u201cSobre\u201d e rolando a tela at\u00e9 o IMEI.<\/p>\n<p style=\"text-align: justify;\">J\u00e1 o coordenador de Tecnologia da Informa\u00e7\u00e3o (TI) da Pol\u00edcia Militar, capit\u00e3o Lu\u00eds Pantale\u00e3o, observou que \u00e0 medida que a ferramenta Celular Seguro for sendo utilizada pela popula\u00e7\u00e3o desestimular\u00e1 o com\u00e9rcio de celulares roubados na Para\u00edba. \u201cO principal motivo para o roubo de celulares \u00e9 o com\u00e9rcio informal. Esse aplicativo vai dar condi\u00e7\u00f5es de a popula\u00e7\u00e3o verificar a situa\u00e7\u00e3o de qualquer aparelho, por meio do aplicativo, antes de efetuar a compra, evitando o crime de recepta\u00e7\u00e3o\u201d, disse.<\/p>\n<p style=\"text-align: justify;\">O capit\u00e3o ressaltou ainda que a ferramenta vai proporcionar \u00e0 Pol\u00edcia mais efici\u00eancia no combate a roubos e a furtos de celulares no Estado. \u201cPara que a popula\u00e7\u00e3o entenda o quanto \u00e9 importante cadastrar o seu aparelho celular, basta dizer que essa atitude vai dar condi\u00e7\u00f5es de a Pol\u00edcia verificar a situa\u00e7\u00e3o de um aparelho, se tem alguma restri\u00e7\u00e3o, da mesma forma que verifica a situa\u00e7\u00e3o de um ve\u00edculo, tomando as provid\u00eancias que nos competem\u201d, explicou, lembrando que o aplicativo Celular Seguro tamb\u00e9m envia alerta de aparelhos roubados ou perdidos.<\/p>\n<p style=\"text-align: justify;\"><strong>Portal da Cidadania &#8211;\u00a0 <\/strong>Lan\u00e7ado no fim de janeiro pelo Governo do Estado, o Portal da Cidadania re\u00fane uma s\u00e9rie de servi\u00e7os para facilitar o dia a dia da popula\u00e7\u00e3o. Acessando o site <a href=\"http:\/\/www.portaldacidadania.pb.gov.br\">www.portaldacidadania.pb.gov.br<\/a> , a popula\u00e7\u00e3o tem \u00e0 disposi\u00e7\u00e3o servi\u00e7os de Mobilidade, Seguran\u00e7a P\u00fablica, Governo, Cultura, Esporte, Sa\u00fade, Meio Ambiente, Ouvidoria, Utilidade P\u00fablica, Guias de Pagamento, Turismo e Concursos, por exemplo.<\/p>\n<p style=\"text-align: justify;\">Por meio do Portal da Cidadania, \u00e9 poss\u00edvel participar do Or\u00e7amento Democr\u00e1tico Estadual 2018, como se fosse presencial. Para isso, \u00e9 necess\u00e1rio clicar no \u00edcone do ODE, fazer o cadastro e votar nas prioridades de cada regi\u00e3o por meio do aplicativo, como explicou o presidente da Codata. \u201cO cidad\u00e3o s\u00f3 precisa baixar um aplicativo. Nesse ambiente, ele elenca as prioridades e envia a informa\u00e7\u00e3o. Isso vai facilitar e expandir a participa\u00e7\u00e3o popular nas plen\u00e1rias\u201d, ensinou Krol J\u00e2nio.<\/p>\n","protected":false},"excerpt":{"rendered":"<p>O dispositivo Celular Seguro j\u00e1 conta com mais de 1,3 mil aparelhos cadastrados em pouco mais de um m\u00eas em<\/p>\n","protected":false},"author":12,"featured_media":895708,"comment_status":"closed","ping_status":"closed","sticky":false,"template":"","format":"standard","meta":{"_exactmetrics_skip_tracking":false,"_exactmetrics_sitenote_active":false,"_exactmetrics_sitenote_note":"","_exactmetrics_sitenote_category":0,"footnotes":""},"categories":[7],"tags":[],"yoast_head":"<!-- This site is optimized with the Yoast SEO plugin v22.0 - https:\/\/yoast.com\/wordpress\/plugins\/seo\/ -->\n<title>Celular Seguro: aplicativo do Governo combate roubo e furto de celulares na Para\u00edba - Pol\u00edcia Militar da Para\u00edba<\/title>\n<meta name=\"robots\" content=\"index, follow, max-snippet:-1, max-image-preview:large, max-video-preview:-1\" \/>\n<link rel=\"canonical\" href=\"https:\/\/www.pm.pb.gov.br\/portal\/2018\/03\/12\/celular-seguro-aplicativo-do-governo-combate-roubo-e-furto-de-celulares-na-paraiba\/\" \/>\n<meta property=\"og:locale\" content=\"pt_BR\" \/>\n<meta property=\"og:type\" content=\"article\" \/>\n<meta property=\"og:title\" content=\"Celular Seguro: aplicativo do Governo combate roubo e furto de celulares na Para\u00edba - Pol\u00edcia Militar da Para\u00edba\" \/>\n<meta property=\"og:description\" content=\"O dispositivo Celular Seguro j\u00e1 conta com mais de 1,3 mil aparelhos cadastrados em pouco mais de um m\u00eas em\" \/>\n<meta property=\"og:url\" content=\"https:\/\/www.pm.pb.gov.br\/portal\/2018\/03\/12\/celular-seguro-aplicativo-do-governo-combate-roubo-e-furto-de-celulares-na-paraiba\/\" \/>\n<meta property=\"og:site_name\" content=\"Pol\u00edcia Militar da Para\u00edba\" \/>\n<meta property=\"article:published_time\" content=\"2018-03-12T21:40:42+00:00\" \/>\n<meta property=\"article:modified_time\" content=\"2018-03-13T03:28:35+00:00\" \/>\n<meta property=\"og:image\" content=\"https:\/\/www.pm.pb.gov.br\/portal\/wp-content\/uploads\/2017\/10\/Imagems-Ilustrativa-Site-Novo.jpg\" \/>\n\t<meta property=\"og:image:width\" content=\"800\" \/>\n\t<meta property=\"og:image:height\" content=\"445\" \/>\n\t<meta property=\"og:image:type\" content=\"image\/jpeg\" \/>\n<meta name=\"author\" content=\"Tarcisio Oliveira\" \/>\n<meta name=\"twitter:card\" content=\"summary_large_image\" \/>\n<meta name=\"twitter:label1\" content=\"Escrito por\" \/>\n\t<meta name=\"twitter:data1\" content=\"Tarcisio Oliveira\" \/>\n\t<meta name=\"twitter:label2\" content=\"Est. tempo de leitura\" \/>\n\t<meta name=\"twitter:data2\" content=\"3 minutos\" \/>\n<script type=\"application\/ld+json\" class=\"yoast-schema-graph\">{\"@context\":\"https:\/\/schema.org\",\"@graph\":[{\"@type\":\"Article\",\"@id\":\"https:\/\/www.pm.pb.gov.br\/portal\/2018\/03\/12\/celular-seguro-aplicativo-do-governo-combate-roubo-e-furto-de-celulares-na-paraiba\/#article\",\"isPartOf\":{\"@id\":\"https:\/\/www.pm.pb.gov.br\/portal\/2018\/03\/12\/celular-seguro-aplicativo-do-governo-combate-roubo-e-furto-de-celulares-na-paraiba\/\"},\"author\":{\"name\":\"Tarcisio Oliveira\",\"@id\":\"https:\/\/www.pm.pb.gov.br\/portal\/#\/schema\/person\/f84f56dcc78ce4357054da888b8247fd\"},\"headline\":\"Celular Seguro: aplicativo do Governo combate roubo e furto de celulares na Para\u00edba\",\"datePublished\":\"2018-03-12T21:40:42+00:00\",\"dateModified\":\"2018-03-13T03:28:35+00:00\",\"mainEntityOfPage\":{\"@id\":\"https:\/\/www.pm.pb.gov.br\/portal\/2018\/03\/12\/celular-seguro-aplicativo-do-governo-combate-roubo-e-furto-de-celulares-na-paraiba\/\"},\"wordCount\":655,\"publisher\":{\"@id\":\"https:\/\/www.pm.pb.gov.br\/portal\/#organization\"},\"articleSection\":[\"Desenvolvimento e Tecnologia\"],\"inLanguage\":\"pt-BR\"},{\"@type\":\"WebPage\",\"@id\":\"https:\/\/www.pm.pb.gov.br\/portal\/2018\/03\/12\/celular-seguro-aplicativo-do-governo-combate-roubo-e-furto-de-celulares-na-paraiba\/\",\"url\":\"https:\/\/www.pm.pb.gov.br\/portal\/2018\/03\/12\/celular-seguro-aplicativo-do-governo-combate-roubo-e-furto-de-celulares-na-paraiba\/\",\"name\":\"Celular Seguro: aplicativo do Governo combate roubo e furto de celulares na Para\u00edba - Pol\u00edcia Militar da Para\u00edba\",\"isPartOf\":{\"@id\":\"https:\/\/www.pm.pb.gov.br\/portal\/#website\"},\"datePublished\":\"2018-03-12T21:40:42+00:00\",\"dateModified\":\"2018-03-13T03:28:35+00:00\",\"breadcrumb\":{\"@id\":\"https:\/\/www.pm.pb.gov.br\/portal\/2018\/03\/12\/celular-seguro-aplicativo-do-governo-combate-roubo-e-furto-de-celulares-na-paraiba\/#breadcrumb\"},\"inLanguage\":\"pt-BR\",\"potentialAction\":[{\"@type\":\"ReadAction\",\"target\":[\"https:\/\/www.pm.pb.gov.br\/portal\/2018\/03\/12\/celular-seguro-aplicativo-do-governo-combate-roubo-e-furto-de-celulares-na-paraiba\/\"]}]},{\"@type\":\"BreadcrumbList\",\"@id\":\"https:\/\/www.pm.pb.gov.br\/portal\/2018\/03\/12\/celular-seguro-aplicativo-do-governo-combate-roubo-e-furto-de-celulares-na-paraiba\/#breadcrumb\",\"itemListElement\":[{\"@type\":\"ListItem\",\"position\":1,\"name\":\"In\u00edcio\",\"item\":\"https:\/\/www.pm.pb.gov.br\/portal\/\"},{\"@type\":\"ListItem\",\"position\":2,\"name\":\"Celular Seguro: aplicativo do Governo combate roubo e furto de celulares na Para\u00edba\"}]},{\"@type\":\"WebSite\",\"@id\":\"https:\/\/www.pm.pb.gov.br\/portal\/#website\",\"url\":\"https:\/\/www.pm.pb.gov.br\/portal\/\",\"name\":\"Pol\u00edcia Militar da Para\u00edba\",\"description\":\"\",\"publisher\":{\"@id\":\"https:\/\/www.pm.pb.gov.br\/portal\/#organization\"},\"potentialAction\":[{\"@type\":\"SearchAction\",\"target\":{\"@type\":\"EntryPoint\",\"urlTemplate\":\"https:\/\/www.pm.pb.gov.br\/portal\/?s={search_term_string}\"},\"query-input\":\"required name=search_term_string\"}],\"inLanguage\":\"pt-BR\"},{\"@type\":\"Organization\",\"@id\":\"https:\/\/www.pm.pb.gov.br\/portal\/#organization\",\"name\":\"Pol\u00edcia Militar da Para\u00edba\",\"url\":\"https:\/\/www.pm.pb.gov.br\/portal\/\",\"logo\":{\"@type\":\"ImageObject\",\"inLanguage\":\"pt-BR\",\"@id\":\"https:\/\/www.pm.pb.gov.br\/portal\/#\/schema\/logo\/image\/\",\"url\":\"https:\/\/www.pm.pb.gov.br\/portal\/wp-content\/uploads\/2025\/03\/cropped-logo-site-mag2-1.png\",\"contentUrl\":\"https:\/\/www.pm.pb.gov.br\/portal\/wp-content\/uploads\/2025\/03\/cropped-logo-site-mag2-1.png\",\"width\":320,\"height\":90,\"caption\":\"Pol\u00edcia Militar da Para\u00edba\"},\"image\":{\"@id\":\"https:\/\/www.pm.pb.gov.br\/portal\/#\/schema\/logo\/image\/\"}},{\"@type\":\"Person\",\"@id\":\"https:\/\/www.pm.pb.gov.br\/portal\/#\/schema\/person\/f84f56dcc78ce4357054da888b8247fd\",\"name\":\"Tarcisio Oliveira\",\"image\":{\"@type\":\"ImageObject\",\"inLanguage\":\"pt-BR\",\"@id\":\"https:\/\/www.pm.pb.gov.br\/portal\/#\/schema\/person\/image\/\",\"url\":\"https:\/\/secure.gravatar.com\/avatar\/72917b630b69d31cd0297507f34bac97?s=96&d=mm&r=g\",\"contentUrl\":\"https:\/\/secure.gravatar.com\/avatar\/72917b630b69d31cd0297507f34bac97?s=96&d=mm&r=g\",\"caption\":\"Tarcisio Oliveira\"},\"url\":\"https:\/\/www.pm.pb.gov.br\/portal\/author\/tarcisio\/\"}]}<\/script>\n<!-- \/ Yoast SEO plugin. -->","yoast_head_json":{"title":"Celular Seguro: aplicativo do Governo combate roubo e furto de celulares na Para\u00edba - Pol\u00edcia Militar da Para\u00edba","robots":{"index":"index","follow":"follow","max-snippet":"max-snippet:-1","max-image-preview":"max-image-preview:large","max-video-preview":"max-video-preview:-1"},"canonical":"https:\/\/www.pm.pb.gov.br\/portal\/2018\/03\/12\/celular-seguro-aplicativo-do-governo-combate-roubo-e-furto-de-celulares-na-paraiba\/","og_locale":"pt_BR","og_type":"article","og_title":"Celular Seguro: aplicativo do Governo combate roubo e furto de celulares na Para\u00edba - Pol\u00edcia Militar da Para\u00edba","og_description":"O dispositivo Celular Seguro j\u00e1 conta com mais de 1,3 mil aparelhos cadastrados em pouco mais de um m\u00eas em","og_url":"https:\/\/www.pm.pb.gov.br\/portal\/2018\/03\/12\/celular-seguro-aplicativo-do-governo-combate-roubo-e-furto-de-celulares-na-paraiba\/","og_site_name":"Pol\u00edcia Militar da Para\u00edba","article_published_time":"2018-03-12T21:40:42+00:00","article_modified_time":"2018-03-13T03:28:35+00:00","og_image":[{"width":800,"height":445,"url":"https:\/\/www.pm.pb.gov.br\/portal\/wp-content\/uploads\/2017\/10\/Imagems-Ilustrativa-Site-Novo.jpg","type":"image\/jpeg"}],"author":"Tarcisio Oliveira","twitter_card":"summary_large_image","twitter_misc":{"Escrito por":"Tarcisio Oliveira","Est. tempo de leitura":"3 minutos"},"schema":{"@context":"https:\/\/schema.org","@graph":[{"@type":"Article","@id":"https:\/\/www.pm.pb.gov.br\/portal\/2018\/03\/12\/celular-seguro-aplicativo-do-governo-combate-roubo-e-furto-de-celulares-na-paraiba\/#article","isPartOf":{"@id":"https:\/\/www.pm.pb.gov.br\/portal\/2018\/03\/12\/celular-seguro-aplicativo-do-governo-combate-roubo-e-furto-de-celulares-na-paraiba\/"},"author":{"name":"Tarcisio Oliveira","@id":"https:\/\/www.pm.pb.gov.br\/portal\/#\/schema\/person\/f84f56dcc78ce4357054da888b8247fd"},"headline":"Celular Seguro: aplicativo do Governo combate roubo e furto de celulares na Para\u00edba","datePublished":"2018-03-12T21:40:42+00:00","dateModified":"2018-03-13T03:28:35+00:00","mainEntityOfPage":{"@id":"https:\/\/www.pm.pb.gov.br\/portal\/2018\/03\/12\/celular-seguro-aplicativo-do-governo-combate-roubo-e-furto-de-celulares-na-paraiba\/"},"wordCount":655,"publisher":{"@id":"https:\/\/www.pm.pb.gov.br\/portal\/#organization"},"articleSection":["Desenvolvimento e Tecnologia"],"inLanguage":"pt-BR"},{"@type":"WebPage","@id":"https:\/\/www.pm.pb.gov.br\/portal\/2018\/03\/12\/celular-seguro-aplicativo-do-governo-combate-roubo-e-furto-de-celulares-na-paraiba\/","url":"https:\/\/www.pm.pb.gov.br\/portal\/2018\/03\/12\/celular-seguro-aplicativo-do-governo-combate-roubo-e-furto-de-celulares-na-paraiba\/","name":"Celular Seguro: aplicativo do Governo combate roubo e furto de celulares na Para\u00edba - Pol\u00edcia Militar da Para\u00edba","isPartOf":{"@id":"https:\/\/www.pm.pb.gov.br\/portal\/#website"},"datePublished":"2018-03-12T21:40:42+00:00","dateModified":"2018-03-13T03:28:35+00:00","breadcrumb":{"@id":"https:\/\/www.pm.pb.gov.br\/portal\/2018\/03\/12\/celular-seguro-aplicativo-do-governo-combate-roubo-e-furto-de-celulares-na-paraiba\/#breadcrumb"},"inLanguage":"pt-BR","potentialAction":[{"@type":"ReadAction","target":["https:\/\/www.pm.pb.gov.br\/portal\/2018\/03\/12\/celular-seguro-aplicativo-do-governo-combate-roubo-e-furto-de-celulares-na-paraiba\/"]}]},{"@type":"BreadcrumbList","@id":"https:\/\/www.pm.pb.gov.br\/portal\/2018\/03\/12\/celular-seguro-aplicativo-do-governo-combate-roubo-e-furto-de-celulares-na-paraiba\/#breadcrumb","itemListElement":[{"@type":"ListItem","position":1,"name":"In\u00edcio","item":"https:\/\/www.pm.pb.gov.br\/portal\/"},{"@type":"ListItem","position":2,"name":"Celular Seguro: aplicativo do Governo combate roubo e furto de celulares na Para\u00edba"}]},{"@type":"WebSite","@id":"https:\/\/www.pm.pb.gov.br\/portal\/#website","url":"https:\/\/www.pm.pb.gov.br\/portal\/","name":"Pol\u00edcia Militar da Para\u00edba","description":"","publisher":{"@id":"https:\/\/www.pm.pb.gov.br\/portal\/#organization"},"potentialAction":[{"@type":"SearchAction","target":{"@type":"EntryPoint","urlTemplate":"https:\/\/www.pm.pb.gov.br\/portal\/?s={search_term_string}"},"query-input":"required name=search_term_string"}],"inLanguage":"pt-BR"},{"@type":"Organization","@id":"https:\/\/www.pm.pb.gov.br\/portal\/#organization","name":"Pol\u00edcia Militar da Para\u00edba","url":"https:\/\/www.pm.pb.gov.br\/portal\/","logo":{"@type":"ImageObject","inLanguage":"pt-BR","@id":"https:\/\/www.pm.pb.gov.br\/portal\/#\/schema\/logo\/image\/","url":"https:\/\/www.pm.pb.gov.br\/portal\/wp-content\/uploads\/2025\/03\/cropped-logo-site-mag2-1.png","contentUrl":"https:\/\/www.pm.pb.gov.br\/portal\/wp-content\/uploads\/2025\/03\/cropped-logo-site-mag2-1.png","width":320,"height":90,"caption":"Pol\u00edcia Militar da Para\u00edba"},"image":{"@id":"https:\/\/www.pm.pb.gov.br\/portal\/#\/schema\/logo\/image\/"}},{"@type":"Person","@id":"https:\/\/www.pm.pb.gov.br\/portal\/#\/schema\/person\/f84f56dcc78ce4357054da888b8247fd","name":"Tarcisio Oliveira","image":{"@type":"ImageObject","inLanguage":"pt-BR","@id":"https:\/\/www.pm.pb.gov.br\/portal\/#\/schema\/person\/image\/","url":"https:\/\/secure.gravatar.com\/avatar\/72917b630b69d31cd0297507f34bac97?s=96&d=mm&r=g","contentUrl":"https:\/\/secure.gravatar.com\/avatar\/72917b630b69d31cd0297507f34bac97?s=96&d=mm&r=g","caption":"Tarcisio Oliveira"},"url":"https:\/\/www.pm.pb.gov.br\/portal\/author\/tarcisio\/"}]}},"_links":{"self":[{"href":"https:\/\/www.pm.pb.gov.br\/portal\/wp-json\/wp\/v2\/posts\/897221"}],"collection":[{"href":"https:\/\/www.pm.pb.gov.br\/portal\/wp-json\/wp\/v2\/posts"}],"about":[{"href":"https:\/\/www.pm.pb.gov.br\/portal\/wp-json\/wp\/v2\/types\/post"}],"author":[{"embeddable":true,"href":"https:\/\/www.pm.pb.gov.br\/portal\/wp-json\/wp\/v2\/users\/12"}],"replies":[{"embeddable":true,"href":"https:\/\/www.pm.pb.gov.br\/portal\/wp-json\/wp\/v2\/comments?post=897221"}],"version-history":[{"count":1,"href":"https:\/\/www.pm.pb.gov.br\/portal\/wp-json\/wp\/v2\/posts\/897221\/revisions"}],"predecessor-version":[{"id":897222,"href":"https:\/\/www.pm.pb.gov.br\/portal\/wp-json\/wp\/v2\/posts\/897221\/revisions\/897222"}],"wp:featuredmedia":[{"embeddable":true,"href":"https:\/\/www.pm.pb.gov.br\/portal\/wp-json\/wp\/v2\/media\/895708"}],"wp:attachment":[{"href":"https:\/\/www.pm.pb.gov.br\/portal\/wp-json\/wp\/v2\/media?parent=897221"}],"wp:term":[{"taxonomy":"category","embeddable":true,"href":"https:\/\/www.pm.pb.gov.br\/portal\/wp-json\/wp\/v2\/categories?post=897221"},{"taxonomy":"post_tag","embeddable":true,"href":"https:\/\/www.pm.pb.gov.br\/portal\/wp-json\/wp\/v2\/tags?post=897221"}],"curies":[{"name":"wp","href":"https:\/\/api.w.org\/{rel}","templated":true}]}}