{"id":897208,"date":"2018-03-12T18:58:46","date_gmt":"2018-03-12T21:58:46","guid":{"rendered":"http:\/\/www.pm.pb.gov.br\/portal\/?p=897208"},"modified":"2018-03-12T18:58:46","modified_gmt":"2018-03-12T21:58:46","slug":"espaco-viver-bem-da-policia-militar-colabora-com-a-saude-fisica-e-mental-de-policiais-e-familiares","status":"publish","type":"post","link":"https:\/\/www.pm.pb.gov.br\/portal\/2018\/03\/12\/espaco-viver-bem-da-policia-militar-colabora-com-a-saude-fisica-e-mental-de-policiais-e-familiares\/","title":{"rendered":"Espa\u00e7o Viver Bem, da Pol\u00edcia Militar, colabora com a sa\u00fade f\u00edsica e mental de policiais e familiares"},"content":{"rendered":"<p style=\"text-align: justify;\">Policiais militares da ativa, da inatividade e dependentes contam, desde 2016, com um espa\u00e7o pr\u00f3prio para o cuidado com a sa\u00fade biopsicossocial. O Espa\u00e7o Viver Bem, localizado no bairro de Tambauzinho em Jo\u00e3o Pessoa, e que realizou mais de cinco mil atendimentos em 2017 nas \u00e1reas de aten\u00e7\u00e3o \u00e0 sa\u00fade individual e familiar, continua as atividades neste ano e abre inscri\u00e7\u00e3o para curso artesanal at\u00e9 o pr\u00f3ximo dia 6 de abril.<\/p>\n<p style=\"text-align: justify;\">Oferecendo servi\u00e7os e programas, o Espa\u00e7o Viver Bem \u00e9 voltado para o atendimento \u00e0 policiais militares de todo o estado, que est\u00e3o em atividade ou inatividade, e tamb\u00e9m \u00e0 seus dependentes em primeiro grau. Al\u00e9m de atendimentos voltados para a sa\u00fade do corpo, como nutri\u00e7\u00e3o e fonoaudiologia, o Espa\u00e7o tamb\u00e9m congrega atendimentos nas \u00e1reas de psicologia adulta e infantil, psiquiatria e psicopedagogia.<\/p>\n<p style=\"text-align: justify;\">\u201cO nosso maior objetivo \u00e9 ajudar, integralmente, a sa\u00fade biopsicossocial do policial militar e seus familiares. Realizamos atendimentos semanais em diversas \u00e1reas, como servi\u00e7o social, psiquiatria, psicologia, nutri\u00e7\u00e3o, fonoaudiologia e psicopedagogia\u201d, explicou o major Wellington Meireles, diretor do Centro de Assist\u00eancia Social da PMPB. \u201cO Espa\u00e7o Viver Bem tamb\u00e9m est\u00e1 realizando o \u2018Servi\u00e7o Social Itinerante\u2019, visitando unidades em todo o estado, como Batalh\u00f5es e Companhias, levantando as principais demandas dos homens e mulheres que comp\u00f5em a PM. A partir disso, ser\u00e3o elaborados programas e projetos voltados especificamente para atender as necessidades e contribuir ainda mais para o bem estar do policial\u201d, disse o oficial.<\/p>\n<p style=\"text-align: justify;\">Segundo o comandante-geral da PM, coronel Euller Chaves, o Espa\u00e7o Viver \u00e9 uma conquista da corpora\u00e7\u00e3o para os policiais militares da ativa e da inatividade. \u201c\u00c9 nossa inten\u00e7\u00e3o que este servi\u00e7o, important\u00edssimo para a fam\u00edlia policial militar, seja ampliado para as diversas \u00e1reas do interior do estado, e estamos buscando isto. Uma institui\u00e7\u00e3o como a Pol\u00edcia Militar, que cuida dos paraibanos, tamb\u00e9m precisa cuidar de seus integrantes, e este espa\u00e7o \u00e9 a consolida\u00e7\u00e3o do cuidado e aten\u00e7\u00e3o para a sa\u00fade de nossos policiais e de seus dependentes\u201d, afirmou o comandante.<\/p>\n<p style=\"text-align: justify;\">As atividades desenvolvidas pelo Espa\u00e7o contam com profissionais qualificados para atua\u00e7\u00e3o \u00e1rea, e parcerias com o Fundo de Sa\u00fade da PM, Hemocentro, Centro de Apoio \u00e0 Crian\u00e7a e ao Adolescente (CENDAC), Hospital Edson Ramalho, e Caixa Beneficente.<\/p>\n<p style=\"text-align: justify;\"><strong>Inscri\u00e7\u00f5es abertas<\/strong> \u2013 Um dos cursos promovidos pelo Espa\u00e7o Viver Bem est\u00e1 com inscri\u00e7\u00f5es abertas at\u00e9 o pr\u00f3ximo dia 06 de abril. Voltado para os dependentes de policiais, o curso de caixas decorativas em MDF, realizado em parceria com a CENDAC, est\u00e1 previsto para come\u00e7ar no pr\u00f3ximo dia 11 de abril, acontecendo nas quartas e quintas-feiras, das 13h30 \u00e0s 17h. As inscri\u00e7\u00f5es podem ser feitas atrav\u00e9s do telefone (83) 3218-5667, ou solicitada pelo e-mail: cas.pmpb@gmail.com.<\/p>\n","protected":false},"excerpt":{"rendered":"<p>Policiais militares da ativa, da inatividade e dependentes contam, desde 2016, com um espa\u00e7o pr\u00f3prio para o cuidado com a<\/p>\n","protected":false},"author":12,"featured_media":897209,"comment_status":"closed","ping_status":"closed","sticky":false,"template":"","format":"standard","meta":{"_exactmetrics_skip_tracking":false,"_exactmetrics_sitenote_active":false,"_exactmetrics_sitenote_note":"","_exactmetrics_sitenote_category":0,"footnotes":""},"categories":[6],"tags":[],"yoast_head":"<!-- This site is optimized with the Yoast SEO plugin v22.0 - https:\/\/yoast.com\/wordpress\/plugins\/seo\/ -->\n<title>Espa\u00e7o Viver Bem, da Pol\u00edcia Militar, colabora com a sa\u00fade f\u00edsica e mental de policiais e familiares - Pol\u00edcia Militar da Para\u00edba<\/title>\n<meta name=\"robots\" content=\"index, follow, max-snippet:-1, max-image-preview:large, max-video-preview:-1\" \/>\n<link rel=\"canonical\" href=\"https:\/\/www.pm.pb.gov.br\/portal\/2018\/03\/12\/espaco-viver-bem-da-policia-militar-colabora-com-a-saude-fisica-e-mental-de-policiais-e-familiares\/\" \/>\n<meta property=\"og:locale\" content=\"pt_BR\" \/>\n<meta property=\"og:type\" content=\"article\" \/>\n<meta property=\"og:title\" content=\"Espa\u00e7o Viver Bem, da Pol\u00edcia Militar, colabora com a sa\u00fade f\u00edsica e mental de policiais e familiares - Pol\u00edcia Militar da Para\u00edba\" \/>\n<meta property=\"og:description\" content=\"Policiais militares da ativa, da inatividade e dependentes contam, desde 2016, com um espa\u00e7o pr\u00f3prio para o cuidado com a\" \/>\n<meta property=\"og:url\" content=\"https:\/\/www.pm.pb.gov.br\/portal\/2018\/03\/12\/espaco-viver-bem-da-policia-militar-colabora-com-a-saude-fisica-e-mental-de-policiais-e-familiares\/\" \/>\n<meta property=\"og:site_name\" content=\"Pol\u00edcia Militar da Para\u00edba\" \/>\n<meta property=\"article:published_time\" content=\"2018-03-12T21:58:46+00:00\" \/>\n<meta property=\"og:image\" content=\"https:\/\/www.pm.pb.gov.br\/portal\/wp-content\/uploads\/2018\/03\/viverbem1.jpg\" \/>\n\t<meta property=\"og:image:width\" content=\"800\" \/>\n\t<meta property=\"og:image:height\" content=\"445\" \/>\n\t<meta property=\"og:image:type\" content=\"image\/jpeg\" \/>\n<meta name=\"author\" content=\"Tarcisio Oliveira\" \/>\n<meta name=\"twitter:card\" content=\"summary_large_image\" \/>\n<meta name=\"twitter:label1\" content=\"Escrito por\" \/>\n\t<meta name=\"twitter:data1\" content=\"Tarcisio Oliveira\" \/>\n\t<meta name=\"twitter:label2\" content=\"Est. tempo de leitura\" \/>\n\t<meta name=\"twitter:data2\" content=\"2 minutos\" \/>\n<script type=\"application\/ld+json\" class=\"yoast-schema-graph\">{\"@context\":\"https:\/\/schema.org\",\"@graph\":[{\"@type\":\"Article\",\"@id\":\"https:\/\/www.pm.pb.gov.br\/portal\/2018\/03\/12\/espaco-viver-bem-da-policia-militar-colabora-com-a-saude-fisica-e-mental-de-policiais-e-familiares\/#article\",\"isPartOf\":{\"@id\":\"https:\/\/www.pm.pb.gov.br\/portal\/2018\/03\/12\/espaco-viver-bem-da-policia-militar-colabora-com-a-saude-fisica-e-mental-de-policiais-e-familiares\/\"},\"author\":{\"name\":\"Tarcisio Oliveira\",\"@id\":\"https:\/\/www.pm.pb.gov.br\/portal\/#\/schema\/person\/f84f56dcc78ce4357054da888b8247fd\"},\"headline\":\"Espa\u00e7o Viver Bem, da Pol\u00edcia Militar, colabora com a sa\u00fade f\u00edsica e mental de policiais e familiares\",\"datePublished\":\"2018-03-12T21:58:46+00:00\",\"dateModified\":\"2018-03-12T21:58:46+00:00\",\"mainEntityOfPage\":{\"@id\":\"https:\/\/www.pm.pb.gov.br\/portal\/2018\/03\/12\/espaco-viver-bem-da-policia-militar-colabora-com-a-saude-fisica-e-mental-de-policiais-e-familiares\/\"},\"wordCount\":500,\"publisher\":{\"@id\":\"https:\/\/www.pm.pb.gov.br\/portal\/#organization\"},\"articleSection\":[\"Cursos\"],\"inLanguage\":\"pt-BR\"},{\"@type\":\"WebPage\",\"@id\":\"https:\/\/www.pm.pb.gov.br\/portal\/2018\/03\/12\/espaco-viver-bem-da-policia-militar-colabora-com-a-saude-fisica-e-mental-de-policiais-e-familiares\/\",\"url\":\"https:\/\/www.pm.pb.gov.br\/portal\/2018\/03\/12\/espaco-viver-bem-da-policia-militar-colabora-com-a-saude-fisica-e-mental-de-policiais-e-familiares\/\",\"name\":\"Espa\u00e7o Viver Bem, da Pol\u00edcia Militar, colabora com a sa\u00fade f\u00edsica e mental de policiais e familiares - Pol\u00edcia Militar da Para\u00edba\",\"isPartOf\":{\"@id\":\"https:\/\/www.pm.pb.gov.br\/portal\/#website\"},\"datePublished\":\"2018-03-12T21:58:46+00:00\",\"dateModified\":\"2018-03-12T21:58:46+00:00\",\"breadcrumb\":{\"@id\":\"https:\/\/www.pm.pb.gov.br\/portal\/2018\/03\/12\/espaco-viver-bem-da-policia-militar-colabora-com-a-saude-fisica-e-mental-de-policiais-e-familiares\/#breadcrumb\"},\"inLanguage\":\"pt-BR\",\"potentialAction\":[{\"@type\":\"ReadAction\",\"target\":[\"https:\/\/www.pm.pb.gov.br\/portal\/2018\/03\/12\/espaco-viver-bem-da-policia-militar-colabora-com-a-saude-fisica-e-mental-de-policiais-e-familiares\/\"]}]},{\"@type\":\"BreadcrumbList\",\"@id\":\"https:\/\/www.pm.pb.gov.br\/portal\/2018\/03\/12\/espaco-viver-bem-da-policia-militar-colabora-com-a-saude-fisica-e-mental-de-policiais-e-familiares\/#breadcrumb\",\"itemListElement\":[{\"@type\":\"ListItem\",\"position\":1,\"name\":\"In\u00edcio\",\"item\":\"https:\/\/www.pm.pb.gov.br\/portal\/\"},{\"@type\":\"ListItem\",\"position\":2,\"name\":\"Espa\u00e7o Viver Bem, da Pol\u00edcia Militar, colabora com a sa\u00fade f\u00edsica e mental de policiais e familiares\"}]},{\"@type\":\"WebSite\",\"@id\":\"https:\/\/www.pm.pb.gov.br\/portal\/#website\",\"url\":\"https:\/\/www.pm.pb.gov.br\/portal\/\",\"name\":\"Pol\u00edcia Militar da Para\u00edba\",\"description\":\"\",\"publisher\":{\"@id\":\"https:\/\/www.pm.pb.gov.br\/portal\/#organization\"},\"potentialAction\":[{\"@type\":\"SearchAction\",\"target\":{\"@type\":\"EntryPoint\",\"urlTemplate\":\"https:\/\/www.pm.pb.gov.br\/portal\/?s={search_term_string}\"},\"query-input\":\"required name=search_term_string\"}],\"inLanguage\":\"pt-BR\"},{\"@type\":\"Organization\",\"@id\":\"https:\/\/www.pm.pb.gov.br\/portal\/#organization\",\"name\":\"Pol\u00edcia Militar da Para\u00edba\",\"url\":\"https:\/\/www.pm.pb.gov.br\/portal\/\",\"logo\":{\"@type\":\"ImageObject\",\"inLanguage\":\"pt-BR\",\"@id\":\"https:\/\/www.pm.pb.gov.br\/portal\/#\/schema\/logo\/image\/\",\"url\":\"https:\/\/www.pm.pb.gov.br\/portal\/wp-content\/uploads\/2025\/03\/cropped-logo-site-mag2-1.png\",\"contentUrl\":\"https:\/\/www.pm.pb.gov.br\/portal\/wp-content\/uploads\/2025\/03\/cropped-logo-site-mag2-1.png\",\"width\":320,\"height\":90,\"caption\":\"Pol\u00edcia Militar da Para\u00edba\"},\"image\":{\"@id\":\"https:\/\/www.pm.pb.gov.br\/portal\/#\/schema\/logo\/image\/\"}},{\"@type\":\"Person\",\"@id\":\"https:\/\/www.pm.pb.gov.br\/portal\/#\/schema\/person\/f84f56dcc78ce4357054da888b8247fd\",\"name\":\"Tarcisio Oliveira\",\"image\":{\"@type\":\"ImageObject\",\"inLanguage\":\"pt-BR\",\"@id\":\"https:\/\/www.pm.pb.gov.br\/portal\/#\/schema\/person\/image\/\",\"url\":\"https:\/\/secure.gravatar.com\/avatar\/72917b630b69d31cd0297507f34bac97?s=96&d=mm&r=g\",\"contentUrl\":\"https:\/\/secure.gravatar.com\/avatar\/72917b630b69d31cd0297507f34bac97?s=96&d=mm&r=g\",\"caption\":\"Tarcisio Oliveira\"},\"url\":\"https:\/\/www.pm.pb.gov.br\/portal\/author\/tarcisio\/\"}]}<\/script>\n<!-- \/ Yoast SEO plugin. -->","yoast_head_json":{"title":"Espa\u00e7o Viver Bem, da Pol\u00edcia Militar, colabora com a sa\u00fade f\u00edsica e mental de policiais e familiares - Pol\u00edcia Militar da Para\u00edba","robots":{"index":"index","follow":"follow","max-snippet":"max-snippet:-1","max-image-preview":"max-image-preview:large","max-video-preview":"max-video-preview:-1"},"canonical":"https:\/\/www.pm.pb.gov.br\/portal\/2018\/03\/12\/espaco-viver-bem-da-policia-militar-colabora-com-a-saude-fisica-e-mental-de-policiais-e-familiares\/","og_locale":"pt_BR","og_type":"article","og_title":"Espa\u00e7o Viver Bem, da Pol\u00edcia Militar, colabora com a sa\u00fade f\u00edsica e mental de policiais e familiares - Pol\u00edcia Militar da Para\u00edba","og_description":"Policiais militares da ativa, da inatividade e dependentes contam, desde 2016, com um espa\u00e7o pr\u00f3prio para o cuidado com a","og_url":"https:\/\/www.pm.pb.gov.br\/portal\/2018\/03\/12\/espaco-viver-bem-da-policia-militar-colabora-com-a-saude-fisica-e-mental-de-policiais-e-familiares\/","og_site_name":"Pol\u00edcia Militar da Para\u00edba","article_published_time":"2018-03-12T21:58:46+00:00","og_image":[{"width":800,"height":445,"url":"https:\/\/www.pm.pb.gov.br\/portal\/wp-content\/uploads\/2018\/03\/viverbem1.jpg","type":"image\/jpeg"}],"author":"Tarcisio Oliveira","twitter_card":"summary_large_image","twitter_misc":{"Escrito por":"Tarcisio Oliveira","Est. tempo de leitura":"2 minutos"},"schema":{"@context":"https:\/\/schema.org","@graph":[{"@type":"Article","@id":"https:\/\/www.pm.pb.gov.br\/portal\/2018\/03\/12\/espaco-viver-bem-da-policia-militar-colabora-com-a-saude-fisica-e-mental-de-policiais-e-familiares\/#article","isPartOf":{"@id":"https:\/\/www.pm.pb.gov.br\/portal\/2018\/03\/12\/espaco-viver-bem-da-policia-militar-colabora-com-a-saude-fisica-e-mental-de-policiais-e-familiares\/"},"author":{"name":"Tarcisio Oliveira","@id":"https:\/\/www.pm.pb.gov.br\/portal\/#\/schema\/person\/f84f56dcc78ce4357054da888b8247fd"},"headline":"Espa\u00e7o Viver Bem, da Pol\u00edcia Militar, colabora com a sa\u00fade f\u00edsica e mental de policiais e familiares","datePublished":"2018-03-12T21:58:46+00:00","dateModified":"2018-03-12T21:58:46+00:00","mainEntityOfPage":{"@id":"https:\/\/www.pm.pb.gov.br\/portal\/2018\/03\/12\/espaco-viver-bem-da-policia-militar-colabora-com-a-saude-fisica-e-mental-de-policiais-e-familiares\/"},"wordCount":500,"publisher":{"@id":"https:\/\/www.pm.pb.gov.br\/portal\/#organization"},"articleSection":["Cursos"],"inLanguage":"pt-BR"},{"@type":"WebPage","@id":"https:\/\/www.pm.pb.gov.br\/portal\/2018\/03\/12\/espaco-viver-bem-da-policia-militar-colabora-com-a-saude-fisica-e-mental-de-policiais-e-familiares\/","url":"https:\/\/www.pm.pb.gov.br\/portal\/2018\/03\/12\/espaco-viver-bem-da-policia-militar-colabora-com-a-saude-fisica-e-mental-de-policiais-e-familiares\/","name":"Espa\u00e7o Viver Bem, da Pol\u00edcia Militar, colabora com a sa\u00fade f\u00edsica e mental de policiais e familiares - Pol\u00edcia Militar da Para\u00edba","isPartOf":{"@id":"https:\/\/www.pm.pb.gov.br\/portal\/#website"},"datePublished":"2018-03-12T21:58:46+00:00","dateModified":"2018-03-12T21:58:46+00:00","breadcrumb":{"@id":"https:\/\/www.pm.pb.gov.br\/portal\/2018\/03\/12\/espaco-viver-bem-da-policia-militar-colabora-com-a-saude-fisica-e-mental-de-policiais-e-familiares\/#breadcrumb"},"inLanguage":"pt-BR","potentialAction":[{"@type":"ReadAction","target":["https:\/\/www.pm.pb.gov.br\/portal\/2018\/03\/12\/espaco-viver-bem-da-policia-militar-colabora-com-a-saude-fisica-e-mental-de-policiais-e-familiares\/"]}]},{"@type":"BreadcrumbList","@id":"https:\/\/www.pm.pb.gov.br\/portal\/2018\/03\/12\/espaco-viver-bem-da-policia-militar-colabora-com-a-saude-fisica-e-mental-de-policiais-e-familiares\/#breadcrumb","itemListElement":[{"@type":"ListItem","position":1,"name":"In\u00edcio","item":"https:\/\/www.pm.pb.gov.br\/portal\/"},{"@type":"ListItem","position":2,"name":"Espa\u00e7o Viver Bem, da Pol\u00edcia Militar, colabora com a sa\u00fade f\u00edsica e mental de policiais e familiares"}]},{"@type":"WebSite","@id":"https:\/\/www.pm.pb.gov.br\/portal\/#website","url":"https:\/\/www.pm.pb.gov.br\/portal\/","name":"Pol\u00edcia Militar da Para\u00edba","description":"","publisher":{"@id":"https:\/\/www.pm.pb.gov.br\/portal\/#organization"},"potentialAction":[{"@type":"SearchAction","target":{"@type":"EntryPoint","urlTemplate":"https:\/\/www.pm.pb.gov.br\/portal\/?s={search_term_string}"},"query-input":"required name=search_term_string"}],"inLanguage":"pt-BR"},{"@type":"Organization","@id":"https:\/\/www.pm.pb.gov.br\/portal\/#organization","name":"Pol\u00edcia Militar da Para\u00edba","url":"https:\/\/www.pm.pb.gov.br\/portal\/","logo":{"@type":"ImageObject","inLanguage":"pt-BR","@id":"https:\/\/www.pm.pb.gov.br\/portal\/#\/schema\/logo\/image\/","url":"https:\/\/www.pm.pb.gov.br\/portal\/wp-content\/uploads\/2025\/03\/cropped-logo-site-mag2-1.png","contentUrl":"https:\/\/www.pm.pb.gov.br\/portal\/wp-content\/uploads\/2025\/03\/cropped-logo-site-mag2-1.png","width":320,"height":90,"caption":"Pol\u00edcia Militar da Para\u00edba"},"image":{"@id":"https:\/\/www.pm.pb.gov.br\/portal\/#\/schema\/logo\/image\/"}},{"@type":"Person","@id":"https:\/\/www.pm.pb.gov.br\/portal\/#\/schema\/person\/f84f56dcc78ce4357054da888b8247fd","name":"Tarcisio Oliveira","image":{"@type":"ImageObject","inLanguage":"pt-BR","@id":"https:\/\/www.pm.pb.gov.br\/portal\/#\/schema\/person\/image\/","url":"https:\/\/secure.gravatar.com\/avatar\/72917b630b69d31cd0297507f34bac97?s=96&d=mm&r=g","contentUrl":"https:\/\/secure.gravatar.com\/avatar\/72917b630b69d31cd0297507f34bac97?s=96&d=mm&r=g","caption":"Tarcisio Oliveira"},"url":"https:\/\/www.pm.pb.gov.br\/portal\/author\/tarcisio\/"}]}},"_links":{"self":[{"href":"https:\/\/www.pm.pb.gov.br\/portal\/wp-json\/wp\/v2\/posts\/897208"}],"collection":[{"href":"https:\/\/www.pm.pb.gov.br\/portal\/wp-json\/wp\/v2\/posts"}],"about":[{"href":"https:\/\/www.pm.pb.gov.br\/portal\/wp-json\/wp\/v2\/types\/post"}],"author":[{"embeddable":true,"href":"https:\/\/www.pm.pb.gov.br\/portal\/wp-json\/wp\/v2\/users\/12"}],"replies":[{"embeddable":true,"href":"https:\/\/www.pm.pb.gov.br\/portal\/wp-json\/wp\/v2\/comments?post=897208"}],"version-history":[{"count":1,"href":"https:\/\/www.pm.pb.gov.br\/portal\/wp-json\/wp\/v2\/posts\/897208\/revisions"}],"predecessor-version":[{"id":897210,"href":"https:\/\/www.pm.pb.gov.br\/portal\/wp-json\/wp\/v2\/posts\/897208\/revisions\/897210"}],"wp:featuredmedia":[{"embeddable":true,"href":"https:\/\/www.pm.pb.gov.br\/portal\/wp-json\/wp\/v2\/media\/897209"}],"wp:attachment":[{"href":"https:\/\/www.pm.pb.gov.br\/portal\/wp-json\/wp\/v2\/media?parent=897208"}],"wp:term":[{"taxonomy":"category","embeddable":true,"href":"https:\/\/www.pm.pb.gov.br\/portal\/wp-json\/wp\/v2\/categories?post=897208"},{"taxonomy":"post_tag","embeddable":true,"href":"https:\/\/www.pm.pb.gov.br\/portal\/wp-json\/wp\/v2\/tags?post=897208"}],"curies":[{"name":"wp","href":"https:\/\/api.w.org\/{rel}","templated":true}]}}