{"id":897207,"date":"2018-03-12T19:00:56","date_gmt":"2018-03-12T22:00:56","guid":{"rendered":"http:\/\/www.pm.pb.gov.br\/portal\/?p=897207"},"modified":"2018-03-13T00:30:21","modified_gmt":"2018-03-13T03:30:21","slug":"policiais-militares-concluem-capacitacao-para-combate-aos-crimes-ambientais-no-sertao","status":"publish","type":"post","link":"https:\/\/www.pm.pb.gov.br\/portal\/2018\/03\/12\/policiais-militares-concluem-capacitacao-para-combate-aos-crimes-ambientais-no-sertao\/","title":{"rendered":"Policiais militares concluem capacita\u00e7\u00e3o para combate aos crimes ambientais no Sert\u00e3o"},"content":{"rendered":"<p style=\"text-align: justify;\">Terminou na tarde desta segunda-feira (12) uma capacita\u00e7\u00e3o realizada pelo Batalh\u00e3o Ambiental (BPAmb), que habilitou policiais militares para o combate aos crimes e infra\u00e7\u00f5es ambientais, e para realiza\u00e7\u00e3o de a\u00e7\u00f5es voltadas para defesa do meio ambiente.\u00a0 Ao todo, 12 policiais passaram por 48 horas-aulas de instru\u00e7\u00e3o, em 10 disciplinas, compondo a 3\u00aa Companhia do BPAmb, com atua\u00e7\u00e3o no sert\u00e3o do estado.<\/p>\n<p style=\"text-align: justify;\">O curso, que ocorria desde a \u00faltima segunda-feira (05) no 3\u00ba Batalh\u00e3o, em Patos, contou com disciplinas de legisla\u00e7\u00e3o ambiental, dos crimes contra o meio ambiente relacionados \u00e0 fauna e flora, prepara\u00e7\u00e3o para a aplica\u00e7\u00e3o de autua\u00e7\u00f5es, t\u00e9cnicas de resgate de animais, e patrulhamento na \u00e1rea de caatinga. O encerramento da capacita\u00e7\u00e3o ocorreu na tarde desta segunda-feira, no audit\u00f3rio do Sebrae em Patos, e contou com policiais e todos os comandantes do Comando Regional II.<\/p>\n<p style=\"text-align: justify;\">Os certificados e os uniformes ambientais caracter\u00edsticos do BPAmb, foram entregues aos policiais concluintes na solenidade. Segundo o comandante do Batalh\u00e3o Ambiental, tenente-coronel Jobson Vinicius, al\u00e9m do policiamento ostensivo, as atribui\u00e7\u00f5es dos alunos concluintes ir\u00e3o aumentar ap\u00f3s a capacita\u00e7\u00e3o. \u201cOs policiais que hoje recebem este uniforme ter\u00e3o, daqui para frente, a responsabilidade de proteger a natureza, para que, no futuro, os cidad\u00e3os possam continuar vivenciando-a no sert\u00e3o\u201d, destacou o comandante do BPAmb.<\/p>\n<figure id=\"attachment_897215\" aria-describedby=\"caption-attachment-897215\" style=\"width: 755px\" class=\"wp-caption aligncenter\"><img loading=\"lazy\" decoding=\"async\" class=\"wp-image-897215 size-medium\" src=\"http:\/\/www.pm.pb.gov.br\/portal\/wp-content\/uploads\/2018\/03\/wfotos-ambiental-755x445.jpeg\" alt=\"\" width=\"755\" height=\"445\" srcset=\"https:\/\/www.pm.pb.gov.br\/portal\/wp-content\/uploads\/2018\/03\/wfotos-ambiental-755x445.jpeg 755w, https:\/\/www.pm.pb.gov.br\/portal\/wp-content\/uploads\/2018\/03\/wfotos-ambiental-768x453.jpeg 768w, https:\/\/www.pm.pb.gov.br\/portal\/wp-content\/uploads\/2018\/03\/wfotos-ambiental-967x570.jpeg 967w, https:\/\/www.pm.pb.gov.br\/portal\/wp-content\/uploads\/2018\/03\/wfotos-ambiental.jpeg 1215w\" sizes=\"(max-width: 755px) 100vw, 755px\" \/><figcaption id=\"caption-attachment-897215\" class=\"wp-caption-text\"><span style=\"font-size: 10pt;\">Concluintes em solenidade que encerrou curso nesta segunda-feira: alunos receberam uniforme do Batalh\u00e3o.<\/span><\/figcaption><\/figure>\n<p style=\"text-align: justify;\">S\u00f3 nos dois primeiros meses desde ano foram 5.865 animais apreendidos, e 260 resgatados em a\u00e7\u00f5es em todo estado. No per\u00edodo, 11 pessoas foram presas por crimes contra a fauna, e nove autos de infra\u00e7\u00e3o foram lavrados.<\/p>\n<p style=\"text-align: justify;\"><strong>Opera\u00e7\u00e3o Voo Livre<\/strong> &#8211; Em Jo\u00e3o Pessoa, na manh\u00e3 deste \u00faltimo domingo (11), o BPAmb apreendeu 40 aves que estavam sendo comercializadas ilegalmente na Feira de Oitizeiro, na capital, e que foram encaminhadas para a reintrodu\u00e7\u00e3o ao seu habitat natural.<\/p>\n","protected":false},"excerpt":{"rendered":"<p>Terminou na tarde desta segunda-feira (12) uma capacita\u00e7\u00e3o realizada pelo Batalh\u00e3o Ambiental (BPAmb), que habilitou policiais militares para o combate<\/p>\n","protected":false},"author":12,"featured_media":897214,"comment_status":"closed","ping_status":"closed","sticky":false,"template":"","format":"standard","meta":{"_exactmetrics_skip_tracking":false,"_exactmetrics_sitenote_active":false,"_exactmetrics_sitenote_note":"","_exactmetrics_sitenote_category":0,"footnotes":""},"categories":[6],"tags":[],"yoast_head":"<!-- This site is optimized with the Yoast SEO plugin v22.0 - https:\/\/yoast.com\/wordpress\/plugins\/seo\/ -->\n<title>Policiais militares concluem capacita\u00e7\u00e3o para combate aos crimes ambientais no Sert\u00e3o - Pol\u00edcia Militar da Para\u00edba<\/title>\n<meta name=\"robots\" content=\"index, follow, max-snippet:-1, max-image-preview:large, max-video-preview:-1\" \/>\n<link rel=\"canonical\" href=\"https:\/\/www.pm.pb.gov.br\/portal\/2018\/03\/12\/policiais-militares-concluem-capacitacao-para-combate-aos-crimes-ambientais-no-sertao\/\" \/>\n<meta property=\"og:locale\" content=\"pt_BR\" \/>\n<meta property=\"og:type\" content=\"article\" \/>\n<meta property=\"og:title\" content=\"Policiais militares concluem capacita\u00e7\u00e3o para combate aos crimes ambientais no Sert\u00e3o - Pol\u00edcia Militar da Para\u00edba\" \/>\n<meta property=\"og:description\" content=\"Terminou na tarde desta segunda-feira (12) uma capacita\u00e7\u00e3o realizada pelo Batalh\u00e3o Ambiental (BPAmb), que habilitou policiais militares para o combate\" \/>\n<meta property=\"og:url\" content=\"https:\/\/www.pm.pb.gov.br\/portal\/2018\/03\/12\/policiais-militares-concluem-capacitacao-para-combate-aos-crimes-ambientais-no-sertao\/\" \/>\n<meta property=\"og:site_name\" content=\"Pol\u00edcia Militar da Para\u00edba\" \/>\n<meta property=\"article:published_time\" content=\"2018-03-12T22:00:56+00:00\" \/>\n<meta property=\"article:modified_time\" content=\"2018-03-13T03:30:21+00:00\" \/>\n<meta property=\"og:image\" content=\"https:\/\/www.pm.pb.gov.br\/portal\/wp-content\/uploads\/2018\/03\/wbpamb.jpeg\" \/>\n\t<meta property=\"og:image:width\" content=\"800\" \/>\n\t<meta property=\"og:image:height\" content=\"445\" \/>\n\t<meta property=\"og:image:type\" content=\"image\/jpeg\" \/>\n<meta name=\"author\" content=\"Tarcisio Oliveira\" \/>\n<meta name=\"twitter:card\" content=\"summary_large_image\" \/>\n<meta name=\"twitter:label1\" content=\"Escrito por\" \/>\n\t<meta name=\"twitter:data1\" content=\"Tarcisio Oliveira\" \/>\n\t<meta name=\"twitter:label2\" content=\"Est. tempo de leitura\" \/>\n\t<meta name=\"twitter:data2\" content=\"2 minutos\" \/>\n<script type=\"application\/ld+json\" class=\"yoast-schema-graph\">{\"@context\":\"https:\/\/schema.org\",\"@graph\":[{\"@type\":\"Article\",\"@id\":\"https:\/\/www.pm.pb.gov.br\/portal\/2018\/03\/12\/policiais-militares-concluem-capacitacao-para-combate-aos-crimes-ambientais-no-sertao\/#article\",\"isPartOf\":{\"@id\":\"https:\/\/www.pm.pb.gov.br\/portal\/2018\/03\/12\/policiais-militares-concluem-capacitacao-para-combate-aos-crimes-ambientais-no-sertao\/\"},\"author\":{\"name\":\"Tarcisio Oliveira\",\"@id\":\"https:\/\/www.pm.pb.gov.br\/portal\/#\/schema\/person\/f84f56dcc78ce4357054da888b8247fd\"},\"headline\":\"Policiais militares concluem capacita\u00e7\u00e3o para combate aos crimes ambientais no Sert\u00e3o\",\"datePublished\":\"2018-03-12T22:00:56+00:00\",\"dateModified\":\"2018-03-13T03:30:21+00:00\",\"mainEntityOfPage\":{\"@id\":\"https:\/\/www.pm.pb.gov.br\/portal\/2018\/03\/12\/policiais-militares-concluem-capacitacao-para-combate-aos-crimes-ambientais-no-sertao\/\"},\"wordCount\":338,\"publisher\":{\"@id\":\"https:\/\/www.pm.pb.gov.br\/portal\/#organization\"},\"articleSection\":[\"Cursos\"],\"inLanguage\":\"pt-BR\"},{\"@type\":\"WebPage\",\"@id\":\"https:\/\/www.pm.pb.gov.br\/portal\/2018\/03\/12\/policiais-militares-concluem-capacitacao-para-combate-aos-crimes-ambientais-no-sertao\/\",\"url\":\"https:\/\/www.pm.pb.gov.br\/portal\/2018\/03\/12\/policiais-militares-concluem-capacitacao-para-combate-aos-crimes-ambientais-no-sertao\/\",\"name\":\"Policiais militares concluem capacita\u00e7\u00e3o para combate aos crimes ambientais no Sert\u00e3o - Pol\u00edcia Militar da Para\u00edba\",\"isPartOf\":{\"@id\":\"https:\/\/www.pm.pb.gov.br\/portal\/#website\"},\"datePublished\":\"2018-03-12T22:00:56+00:00\",\"dateModified\":\"2018-03-13T03:30:21+00:00\",\"breadcrumb\":{\"@id\":\"https:\/\/www.pm.pb.gov.br\/portal\/2018\/03\/12\/policiais-militares-concluem-capacitacao-para-combate-aos-crimes-ambientais-no-sertao\/#breadcrumb\"},\"inLanguage\":\"pt-BR\",\"potentialAction\":[{\"@type\":\"ReadAction\",\"target\":[\"https:\/\/www.pm.pb.gov.br\/portal\/2018\/03\/12\/policiais-militares-concluem-capacitacao-para-combate-aos-crimes-ambientais-no-sertao\/\"]}]},{\"@type\":\"BreadcrumbList\",\"@id\":\"https:\/\/www.pm.pb.gov.br\/portal\/2018\/03\/12\/policiais-militares-concluem-capacitacao-para-combate-aos-crimes-ambientais-no-sertao\/#breadcrumb\",\"itemListElement\":[{\"@type\":\"ListItem\",\"position\":1,\"name\":\"In\u00edcio\",\"item\":\"https:\/\/www.pm.pb.gov.br\/portal\/\"},{\"@type\":\"ListItem\",\"position\":2,\"name\":\"Policiais militares concluem capacita\u00e7\u00e3o para combate aos crimes ambientais no Sert\u00e3o\"}]},{\"@type\":\"WebSite\",\"@id\":\"https:\/\/www.pm.pb.gov.br\/portal\/#website\",\"url\":\"https:\/\/www.pm.pb.gov.br\/portal\/\",\"name\":\"Pol\u00edcia Militar da Para\u00edba\",\"description\":\"\",\"publisher\":{\"@id\":\"https:\/\/www.pm.pb.gov.br\/portal\/#organization\"},\"potentialAction\":[{\"@type\":\"SearchAction\",\"target\":{\"@type\":\"EntryPoint\",\"urlTemplate\":\"https:\/\/www.pm.pb.gov.br\/portal\/?s={search_term_string}\"},\"query-input\":\"required name=search_term_string\"}],\"inLanguage\":\"pt-BR\"},{\"@type\":\"Organization\",\"@id\":\"https:\/\/www.pm.pb.gov.br\/portal\/#organization\",\"name\":\"Pol\u00edcia Militar da Para\u00edba\",\"url\":\"https:\/\/www.pm.pb.gov.br\/portal\/\",\"logo\":{\"@type\":\"ImageObject\",\"inLanguage\":\"pt-BR\",\"@id\":\"https:\/\/www.pm.pb.gov.br\/portal\/#\/schema\/logo\/image\/\",\"url\":\"https:\/\/www.pm.pb.gov.br\/portal\/wp-content\/uploads\/2025\/03\/cropped-logo-site-mag2-1.png\",\"contentUrl\":\"https:\/\/www.pm.pb.gov.br\/portal\/wp-content\/uploads\/2025\/03\/cropped-logo-site-mag2-1.png\",\"width\":320,\"height\":90,\"caption\":\"Pol\u00edcia Militar da Para\u00edba\"},\"image\":{\"@id\":\"https:\/\/www.pm.pb.gov.br\/portal\/#\/schema\/logo\/image\/\"}},{\"@type\":\"Person\",\"@id\":\"https:\/\/www.pm.pb.gov.br\/portal\/#\/schema\/person\/f84f56dcc78ce4357054da888b8247fd\",\"name\":\"Tarcisio Oliveira\",\"image\":{\"@type\":\"ImageObject\",\"inLanguage\":\"pt-BR\",\"@id\":\"https:\/\/www.pm.pb.gov.br\/portal\/#\/schema\/person\/image\/\",\"url\":\"https:\/\/secure.gravatar.com\/avatar\/72917b630b69d31cd0297507f34bac97?s=96&d=mm&r=g\",\"contentUrl\":\"https:\/\/secure.gravatar.com\/avatar\/72917b630b69d31cd0297507f34bac97?s=96&d=mm&r=g\",\"caption\":\"Tarcisio Oliveira\"},\"url\":\"https:\/\/www.pm.pb.gov.br\/portal\/author\/tarcisio\/\"}]}<\/script>\n<!-- \/ Yoast SEO plugin. -->","yoast_head_json":{"title":"Policiais militares concluem capacita\u00e7\u00e3o para combate aos crimes ambientais no Sert\u00e3o - Pol\u00edcia Militar da Para\u00edba","robots":{"index":"index","follow":"follow","max-snippet":"max-snippet:-1","max-image-preview":"max-image-preview:large","max-video-preview":"max-video-preview:-1"},"canonical":"https:\/\/www.pm.pb.gov.br\/portal\/2018\/03\/12\/policiais-militares-concluem-capacitacao-para-combate-aos-crimes-ambientais-no-sertao\/","og_locale":"pt_BR","og_type":"article","og_title":"Policiais militares concluem capacita\u00e7\u00e3o para combate aos crimes ambientais no Sert\u00e3o - Pol\u00edcia Militar da Para\u00edba","og_description":"Terminou na tarde desta segunda-feira (12) uma capacita\u00e7\u00e3o realizada pelo Batalh\u00e3o Ambiental (BPAmb), que habilitou policiais militares para o combate","og_url":"https:\/\/www.pm.pb.gov.br\/portal\/2018\/03\/12\/policiais-militares-concluem-capacitacao-para-combate-aos-crimes-ambientais-no-sertao\/","og_site_name":"Pol\u00edcia Militar da Para\u00edba","article_published_time":"2018-03-12T22:00:56+00:00","article_modified_time":"2018-03-13T03:30:21+00:00","og_image":[{"width":800,"height":445,"url":"https:\/\/www.pm.pb.gov.br\/portal\/wp-content\/uploads\/2018\/03\/wbpamb.jpeg","type":"image\/jpeg"}],"author":"Tarcisio Oliveira","twitter_card":"summary_large_image","twitter_misc":{"Escrito por":"Tarcisio Oliveira","Est. tempo de leitura":"2 minutos"},"schema":{"@context":"https:\/\/schema.org","@graph":[{"@type":"Article","@id":"https:\/\/www.pm.pb.gov.br\/portal\/2018\/03\/12\/policiais-militares-concluem-capacitacao-para-combate-aos-crimes-ambientais-no-sertao\/#article","isPartOf":{"@id":"https:\/\/www.pm.pb.gov.br\/portal\/2018\/03\/12\/policiais-militares-concluem-capacitacao-para-combate-aos-crimes-ambientais-no-sertao\/"},"author":{"name":"Tarcisio Oliveira","@id":"https:\/\/www.pm.pb.gov.br\/portal\/#\/schema\/person\/f84f56dcc78ce4357054da888b8247fd"},"headline":"Policiais militares concluem capacita\u00e7\u00e3o para combate aos crimes ambientais no Sert\u00e3o","datePublished":"2018-03-12T22:00:56+00:00","dateModified":"2018-03-13T03:30:21+00:00","mainEntityOfPage":{"@id":"https:\/\/www.pm.pb.gov.br\/portal\/2018\/03\/12\/policiais-militares-concluem-capacitacao-para-combate-aos-crimes-ambientais-no-sertao\/"},"wordCount":338,"publisher":{"@id":"https:\/\/www.pm.pb.gov.br\/portal\/#organization"},"articleSection":["Cursos"],"inLanguage":"pt-BR"},{"@type":"WebPage","@id":"https:\/\/www.pm.pb.gov.br\/portal\/2018\/03\/12\/policiais-militares-concluem-capacitacao-para-combate-aos-crimes-ambientais-no-sertao\/","url":"https:\/\/www.pm.pb.gov.br\/portal\/2018\/03\/12\/policiais-militares-concluem-capacitacao-para-combate-aos-crimes-ambientais-no-sertao\/","name":"Policiais militares concluem capacita\u00e7\u00e3o para combate aos crimes ambientais no Sert\u00e3o - Pol\u00edcia Militar da Para\u00edba","isPartOf":{"@id":"https:\/\/www.pm.pb.gov.br\/portal\/#website"},"datePublished":"2018-03-12T22:00:56+00:00","dateModified":"2018-03-13T03:30:21+00:00","breadcrumb":{"@id":"https:\/\/www.pm.pb.gov.br\/portal\/2018\/03\/12\/policiais-militares-concluem-capacitacao-para-combate-aos-crimes-ambientais-no-sertao\/#breadcrumb"},"inLanguage":"pt-BR","potentialAction":[{"@type":"ReadAction","target":["https:\/\/www.pm.pb.gov.br\/portal\/2018\/03\/12\/policiais-militares-concluem-capacitacao-para-combate-aos-crimes-ambientais-no-sertao\/"]}]},{"@type":"BreadcrumbList","@id":"https:\/\/www.pm.pb.gov.br\/portal\/2018\/03\/12\/policiais-militares-concluem-capacitacao-para-combate-aos-crimes-ambientais-no-sertao\/#breadcrumb","itemListElement":[{"@type":"ListItem","position":1,"name":"In\u00edcio","item":"https:\/\/www.pm.pb.gov.br\/portal\/"},{"@type":"ListItem","position":2,"name":"Policiais militares concluem capacita\u00e7\u00e3o para combate aos crimes ambientais no Sert\u00e3o"}]},{"@type":"WebSite","@id":"https:\/\/www.pm.pb.gov.br\/portal\/#website","url":"https:\/\/www.pm.pb.gov.br\/portal\/","name":"Pol\u00edcia Militar da Para\u00edba","description":"","publisher":{"@id":"https:\/\/www.pm.pb.gov.br\/portal\/#organization"},"potentialAction":[{"@type":"SearchAction","target":{"@type":"EntryPoint","urlTemplate":"https:\/\/www.pm.pb.gov.br\/portal\/?s={search_term_string}"},"query-input":"required name=search_term_string"}],"inLanguage":"pt-BR"},{"@type":"Organization","@id":"https:\/\/www.pm.pb.gov.br\/portal\/#organization","name":"Pol\u00edcia Militar da Para\u00edba","url":"https:\/\/www.pm.pb.gov.br\/portal\/","logo":{"@type":"ImageObject","inLanguage":"pt-BR","@id":"https:\/\/www.pm.pb.gov.br\/portal\/#\/schema\/logo\/image\/","url":"https:\/\/www.pm.pb.gov.br\/portal\/wp-content\/uploads\/2025\/03\/cropped-logo-site-mag2-1.png","contentUrl":"https:\/\/www.pm.pb.gov.br\/portal\/wp-content\/uploads\/2025\/03\/cropped-logo-site-mag2-1.png","width":320,"height":90,"caption":"Pol\u00edcia Militar da Para\u00edba"},"image":{"@id":"https:\/\/www.pm.pb.gov.br\/portal\/#\/schema\/logo\/image\/"}},{"@type":"Person","@id":"https:\/\/www.pm.pb.gov.br\/portal\/#\/schema\/person\/f84f56dcc78ce4357054da888b8247fd","name":"Tarcisio Oliveira","image":{"@type":"ImageObject","inLanguage":"pt-BR","@id":"https:\/\/www.pm.pb.gov.br\/portal\/#\/schema\/person\/image\/","url":"https:\/\/secure.gravatar.com\/avatar\/72917b630b69d31cd0297507f34bac97?s=96&d=mm&r=g","contentUrl":"https:\/\/secure.gravatar.com\/avatar\/72917b630b69d31cd0297507f34bac97?s=96&d=mm&r=g","caption":"Tarcisio Oliveira"},"url":"https:\/\/www.pm.pb.gov.br\/portal\/author\/tarcisio\/"}]}},"_links":{"self":[{"href":"https:\/\/www.pm.pb.gov.br\/portal\/wp-json\/wp\/v2\/posts\/897207"}],"collection":[{"href":"https:\/\/www.pm.pb.gov.br\/portal\/wp-json\/wp\/v2\/posts"}],"about":[{"href":"https:\/\/www.pm.pb.gov.br\/portal\/wp-json\/wp\/v2\/types\/post"}],"author":[{"embeddable":true,"href":"https:\/\/www.pm.pb.gov.br\/portal\/wp-json\/wp\/v2\/users\/12"}],"replies":[{"embeddable":true,"href":"https:\/\/www.pm.pb.gov.br\/portal\/wp-json\/wp\/v2\/comments?post=897207"}],"version-history":[{"count":4,"href":"https:\/\/www.pm.pb.gov.br\/portal\/wp-json\/wp\/v2\/posts\/897207\/revisions"}],"predecessor-version":[{"id":897220,"href":"https:\/\/www.pm.pb.gov.br\/portal\/wp-json\/wp\/v2\/posts\/897207\/revisions\/897220"}],"wp:featuredmedia":[{"embeddable":true,"href":"https:\/\/www.pm.pb.gov.br\/portal\/wp-json\/wp\/v2\/media\/897214"}],"wp:attachment":[{"href":"https:\/\/www.pm.pb.gov.br\/portal\/wp-json\/wp\/v2\/media?parent=897207"}],"wp:term":[{"taxonomy":"category","embeddable":true,"href":"https:\/\/www.pm.pb.gov.br\/portal\/wp-json\/wp\/v2\/categories?post=897207"},{"taxonomy":"post_tag","embeddable":true,"href":"https:\/\/www.pm.pb.gov.br\/portal\/wp-json\/wp\/v2\/tags?post=897207"}],"curies":[{"name":"wp","href":"https:\/\/api.w.org\/{rel}","templated":true}]}}