{"id":897185,"date":"2018-03-08T12:40:06","date_gmt":"2018-03-08T15:40:06","guid":{"rendered":"http:\/\/www.pm.pb.gov.br\/portal\/?p=897185"},"modified":"2018-03-08T12:40:06","modified_gmt":"2018-03-08T15:40:06","slug":"%e2%80%8bpolicia-militar-enfrenta-e-prende-dez-suspeitos-de-quadrilha-que-realizava-ataques-a-bancos-no-nordeste","status":"publish","type":"post","link":"https:\/\/www.pm.pb.gov.br\/portal\/2018\/03\/08\/%e2%80%8bpolicia-militar-enfrenta-e-prende-dez-suspeitos-de-quadrilha-que-realizava-ataques-a-bancos-no-nordeste\/","title":{"rendered":"\u200bPol\u00edcia Militar enfrenta e prende dez suspeitos de quadrilha que realizava ataques a bancos no Nordeste"},"content":{"rendered":"<p style=\"text-align: justify;\">Uma quadrilha interestadual, que tinha como base a cidade de Campina Grande, foi presa em flagrante, no come\u00e7o da manh\u00e3 desta quinta-feira (8), ap\u00f3s confronto com policiais militares do Grupamento Especializado de Opera\u00e7\u00f5es em \u00c1rea de Caatinga (GEOsAC), na zona rural de Campina Grande. O grupo, que estava em dois carros, tinha explodido a ag\u00eancia dos Correios do munic\u00edpio de Boa Vista, durante a madrugada.<\/p>\n<p style=\"text-align: justify;\">A quadrilha agia na Para\u00edba, Pernambuco e Rio Grande do Norte, sendo composta por integrantes dos tr\u00eas Estados. Com eles, foram apreendidas nove armas de fogo (1 fuzil, 1 espingarda, 5 pistolas e 2 rev\u00f3lveres), seis coletes bal\u00edsticos, muni\u00e7\u00f5es de v\u00e1rios calibres, material explosivo, roupas camufladas, luvas, toucas e os dois carros usados na a\u00e7\u00e3o da madrugada.<\/p>\n<p style=\"text-align: justify;\">No confronto, quatro suspeitos sa\u00edram feridos e foram socorridos para o Hospital de Trauma de Campina Grande: o paraibano Jos\u00e9 Adriano Silva Sabino, de 38 anos; os pernambucanos Jos\u00e9 Maria Flor\u00eancio da Anuncia\u00e7\u00e2o, 43, e C\u00edcero Bruno da Silva, 37 anos; e o norteriograndense Francisco Charlisson Alves da Silva, de 29 anos, que \u00e9 foragido do pres\u00eddio de Alca\u00e7uz \u2013 RN, tinha mandado de pris\u00e3o em aberto por tr\u00e1fico de drogas e chegou a passar um nome falso quando chegou no Trauma de Campina Grande.<\/p>\n<p style=\"text-align: justify;\">Os outros seis presos s\u00e3o St\u00eanio Silva de Castro (PE), de 36 anos; Felipe Beny da Silva de Souto (PB), 23 anos; Josenildo Augusto da Silva (RN), 48; Enderson Sousa Gomes (CG), 22 anos; Wamberkson Costa Macedo (PB), 29 anos; e Adriano Pereira da Silva (PE), de 37 anos.<\/p>\n<p style=\"text-align: justify;\">O comandante do Grupamento Especializado de Opera\u00e7\u00f5es em \u00c1rea de Caatinga (GEOsAC), Wherick Fel\u00edcio, que coordenou a a\u00e7\u00e3o, disse que esse \u00e9 mais uma resposta da Pol\u00edcia Militar da Para\u00edba contra as quadrilhas que atuam neste tipo de crime. \u201cSe vier de outro Estado, a resposta \u00e9 essa. A pris\u00e3o dessa quadrilha refor\u00e7a o poder de resposta de nossa corpora\u00e7\u00e3o e neste caso espec\u00edfico de hoje, com esses dez presos, desarticulamos uma quadrilha que vinha agindo em pelo menos tr\u00eas Estados do Nordeste\u201d, disse.<\/p>\n<p style=\"text-align: justify;\">Seis presos j\u00e1 foram apresentados no Departamento de Pol\u00edcia Federal (DPF), em Campina Grande.\u00a0 Os outros quatro que sa\u00edram feridos est\u00e3o sob cust\u00f3dia policial no Hospital de Emerg\u00eancia e Trauma.<\/p>\n","protected":false},"excerpt":{"rendered":"<p>Uma quadrilha interestadual, que tinha como base a cidade de Campina Grande, foi presa em flagrante, no come\u00e7o da manh\u00e3<\/p>\n","protected":false},"author":12,"featured_media":897186,"comment_status":"closed","ping_status":"closed","sticky":false,"template":"","format":"standard","meta":{"_exactmetrics_skip_tracking":false,"_exactmetrics_sitenote_active":false,"_exactmetrics_sitenote_note":"","_exactmetrics_sitenote_category":0,"footnotes":""},"categories":[4],"tags":[],"yoast_head":"<!-- This site is optimized with the Yoast SEO plugin v22.0 - https:\/\/yoast.com\/wordpress\/plugins\/seo\/ -->\n<title>\u200bPol\u00edcia Militar enfrenta e prende dez suspeitos de quadrilha que realizava ataques a bancos no Nordeste - Pol\u00edcia Militar da Para\u00edba<\/title>\n<meta name=\"robots\" content=\"index, follow, max-snippet:-1, max-image-preview:large, max-video-preview:-1\" \/>\n<link rel=\"canonical\" href=\"https:\/\/www.pm.pb.gov.br\/portal\/2018\/03\/08\/\u200bpolicia-militar-enfrenta-e-prende-dez-suspeitos-de-quadrilha-que-realizava-ataques-a-bancos-no-nordeste\/\" \/>\n<meta property=\"og:locale\" content=\"pt_BR\" \/>\n<meta property=\"og:type\" content=\"article\" \/>\n<meta property=\"og:title\" content=\"\u200bPol\u00edcia Militar enfrenta e prende dez suspeitos de quadrilha que realizava ataques a bancos no Nordeste - Pol\u00edcia Militar da Para\u00edba\" \/>\n<meta property=\"og:description\" content=\"Uma quadrilha interestadual, que tinha como base a cidade de Campina Grande, foi presa em flagrante, no come\u00e7o da manh\u00e3\" \/>\n<meta property=\"og:url\" content=\"https:\/\/www.pm.pb.gov.br\/portal\/2018\/03\/08\/\u200bpolicia-militar-enfrenta-e-prende-dez-suspeitos-de-quadrilha-que-realizava-ataques-a-bancos-no-nordeste\/\" \/>\n<meta property=\"og:site_name\" content=\"Pol\u00edcia Militar da Para\u00edba\" \/>\n<meta property=\"article:published_time\" content=\"2018-03-08T15:40:06+00:00\" \/>\n<meta property=\"og:image\" content=\"https:\/\/www.pm.pb.gov.br\/portal\/wp-content\/uploads\/2018\/03\/apreensao.jpeg\" \/>\n\t<meta property=\"og:image:width\" content=\"800\" \/>\n\t<meta property=\"og:image:height\" content=\"445\" \/>\n\t<meta property=\"og:image:type\" content=\"image\/jpeg\" \/>\n<meta name=\"author\" content=\"Tarcisio Oliveira\" \/>\n<meta name=\"twitter:card\" content=\"summary_large_image\" \/>\n<meta name=\"twitter:label1\" content=\"Escrito por\" \/>\n\t<meta name=\"twitter:data1\" content=\"Tarcisio Oliveira\" \/>\n\t<meta name=\"twitter:label2\" content=\"Est. tempo de leitura\" \/>\n\t<meta name=\"twitter:data2\" content=\"2 minutos\" \/>\n<script type=\"application\/ld+json\" class=\"yoast-schema-graph\">{\"@context\":\"https:\/\/schema.org\",\"@graph\":[{\"@type\":\"Article\",\"@id\":\"https:\/\/www.pm.pb.gov.br\/portal\/2018\/03\/08\/%e2%80%8bpolicia-militar-enfrenta-e-prende-dez-suspeitos-de-quadrilha-que-realizava-ataques-a-bancos-no-nordeste\/#article\",\"isPartOf\":{\"@id\":\"https:\/\/www.pm.pb.gov.br\/portal\/2018\/03\/08\/%e2%80%8bpolicia-militar-enfrenta-e-prende-dez-suspeitos-de-quadrilha-que-realizava-ataques-a-bancos-no-nordeste\/\"},\"author\":{\"name\":\"Tarcisio Oliveira\",\"@id\":\"https:\/\/www.pm.pb.gov.br\/portal\/#\/schema\/person\/f84f56dcc78ce4357054da888b8247fd\"},\"headline\":\"\u200bPol\u00edcia Militar enfrenta e prende dez suspeitos de quadrilha que realizava ataques a bancos no Nordeste\",\"datePublished\":\"2018-03-08T15:40:06+00:00\",\"dateModified\":\"2018-03-08T15:40:06+00:00\",\"mainEntityOfPage\":{\"@id\":\"https:\/\/www.pm.pb.gov.br\/portal\/2018\/03\/08\/%e2%80%8bpolicia-militar-enfrenta-e-prende-dez-suspeitos-de-quadrilha-que-realizava-ataques-a-bancos-no-nordeste\/\"},\"wordCount\":405,\"publisher\":{\"@id\":\"https:\/\/www.pm.pb.gov.br\/portal\/#organization\"},\"articleSection\":[\"A\u00e7\u00f5es Policiais\"],\"inLanguage\":\"pt-BR\"},{\"@type\":\"WebPage\",\"@id\":\"https:\/\/www.pm.pb.gov.br\/portal\/2018\/03\/08\/%e2%80%8bpolicia-militar-enfrenta-e-prende-dez-suspeitos-de-quadrilha-que-realizava-ataques-a-bancos-no-nordeste\/\",\"url\":\"https:\/\/www.pm.pb.gov.br\/portal\/2018\/03\/08\/%e2%80%8bpolicia-militar-enfrenta-e-prende-dez-suspeitos-de-quadrilha-que-realizava-ataques-a-bancos-no-nordeste\/\",\"name\":\"\u200bPol\u00edcia Militar enfrenta e prende dez suspeitos de quadrilha que realizava ataques a bancos no Nordeste - Pol\u00edcia Militar da Para\u00edba\",\"isPartOf\":{\"@id\":\"https:\/\/www.pm.pb.gov.br\/portal\/#website\"},\"datePublished\":\"2018-03-08T15:40:06+00:00\",\"dateModified\":\"2018-03-08T15:40:06+00:00\",\"breadcrumb\":{\"@id\":\"https:\/\/www.pm.pb.gov.br\/portal\/2018\/03\/08\/%e2%80%8bpolicia-militar-enfrenta-e-prende-dez-suspeitos-de-quadrilha-que-realizava-ataques-a-bancos-no-nordeste\/#breadcrumb\"},\"inLanguage\":\"pt-BR\",\"potentialAction\":[{\"@type\":\"ReadAction\",\"target\":[\"https:\/\/www.pm.pb.gov.br\/portal\/2018\/03\/08\/%e2%80%8bpolicia-militar-enfrenta-e-prende-dez-suspeitos-de-quadrilha-que-realizava-ataques-a-bancos-no-nordeste\/\"]}]},{\"@type\":\"BreadcrumbList\",\"@id\":\"https:\/\/www.pm.pb.gov.br\/portal\/2018\/03\/08\/%e2%80%8bpolicia-militar-enfrenta-e-prende-dez-suspeitos-de-quadrilha-que-realizava-ataques-a-bancos-no-nordeste\/#breadcrumb\",\"itemListElement\":[{\"@type\":\"ListItem\",\"position\":1,\"name\":\"In\u00edcio\",\"item\":\"https:\/\/www.pm.pb.gov.br\/portal\/\"},{\"@type\":\"ListItem\",\"position\":2,\"name\":\"\u200bPol\u00edcia Militar enfrenta e prende dez suspeitos de quadrilha que realizava ataques a bancos no Nordeste\"}]},{\"@type\":\"WebSite\",\"@id\":\"https:\/\/www.pm.pb.gov.br\/portal\/#website\",\"url\":\"https:\/\/www.pm.pb.gov.br\/portal\/\",\"name\":\"Pol\u00edcia Militar da Para\u00edba\",\"description\":\"\",\"publisher\":{\"@id\":\"https:\/\/www.pm.pb.gov.br\/portal\/#organization\"},\"potentialAction\":[{\"@type\":\"SearchAction\",\"target\":{\"@type\":\"EntryPoint\",\"urlTemplate\":\"https:\/\/www.pm.pb.gov.br\/portal\/?s={search_term_string}\"},\"query-input\":\"required name=search_term_string\"}],\"inLanguage\":\"pt-BR\"},{\"@type\":\"Organization\",\"@id\":\"https:\/\/www.pm.pb.gov.br\/portal\/#organization\",\"name\":\"Pol\u00edcia Militar da Para\u00edba\",\"url\":\"https:\/\/www.pm.pb.gov.br\/portal\/\",\"logo\":{\"@type\":\"ImageObject\",\"inLanguage\":\"pt-BR\",\"@id\":\"https:\/\/www.pm.pb.gov.br\/portal\/#\/schema\/logo\/image\/\",\"url\":\"https:\/\/www.pm.pb.gov.br\/portal\/wp-content\/uploads\/2025\/03\/cropped-logo-site-mag2-1.png\",\"contentUrl\":\"https:\/\/www.pm.pb.gov.br\/portal\/wp-content\/uploads\/2025\/03\/cropped-logo-site-mag2-1.png\",\"width\":320,\"height\":90,\"caption\":\"Pol\u00edcia Militar da Para\u00edba\"},\"image\":{\"@id\":\"https:\/\/www.pm.pb.gov.br\/portal\/#\/schema\/logo\/image\/\"}},{\"@type\":\"Person\",\"@id\":\"https:\/\/www.pm.pb.gov.br\/portal\/#\/schema\/person\/f84f56dcc78ce4357054da888b8247fd\",\"name\":\"Tarcisio Oliveira\",\"image\":{\"@type\":\"ImageObject\",\"inLanguage\":\"pt-BR\",\"@id\":\"https:\/\/www.pm.pb.gov.br\/portal\/#\/schema\/person\/image\/\",\"url\":\"https:\/\/secure.gravatar.com\/avatar\/72917b630b69d31cd0297507f34bac97?s=96&d=mm&r=g\",\"contentUrl\":\"https:\/\/secure.gravatar.com\/avatar\/72917b630b69d31cd0297507f34bac97?s=96&d=mm&r=g\",\"caption\":\"Tarcisio Oliveira\"},\"url\":\"https:\/\/www.pm.pb.gov.br\/portal\/author\/tarcisio\/\"}]}<\/script>\n<!-- \/ Yoast SEO plugin. -->","yoast_head_json":{"title":"\u200bPol\u00edcia Militar enfrenta e prende dez suspeitos de quadrilha que realizava ataques a bancos no Nordeste - Pol\u00edcia Militar da Para\u00edba","robots":{"index":"index","follow":"follow","max-snippet":"max-snippet:-1","max-image-preview":"max-image-preview:large","max-video-preview":"max-video-preview:-1"},"canonical":"https:\/\/www.pm.pb.gov.br\/portal\/2018\/03\/08\/\u200bpolicia-militar-enfrenta-e-prende-dez-suspeitos-de-quadrilha-que-realizava-ataques-a-bancos-no-nordeste\/","og_locale":"pt_BR","og_type":"article","og_title":"\u200bPol\u00edcia Militar enfrenta e prende dez suspeitos de quadrilha que realizava ataques a bancos no Nordeste - Pol\u00edcia Militar da Para\u00edba","og_description":"Uma quadrilha interestadual, que tinha como base a cidade de Campina Grande, foi presa em flagrante, no come\u00e7o da manh\u00e3","og_url":"https:\/\/www.pm.pb.gov.br\/portal\/2018\/03\/08\/\u200bpolicia-militar-enfrenta-e-prende-dez-suspeitos-de-quadrilha-que-realizava-ataques-a-bancos-no-nordeste\/","og_site_name":"Pol\u00edcia Militar da Para\u00edba","article_published_time":"2018-03-08T15:40:06+00:00","og_image":[{"width":800,"height":445,"url":"https:\/\/www.pm.pb.gov.br\/portal\/wp-content\/uploads\/2018\/03\/apreensao.jpeg","type":"image\/jpeg"}],"author":"Tarcisio Oliveira","twitter_card":"summary_large_image","twitter_misc":{"Escrito por":"Tarcisio Oliveira","Est. tempo de leitura":"2 minutos"},"schema":{"@context":"https:\/\/schema.org","@graph":[{"@type":"Article","@id":"https:\/\/www.pm.pb.gov.br\/portal\/2018\/03\/08\/%e2%80%8bpolicia-militar-enfrenta-e-prende-dez-suspeitos-de-quadrilha-que-realizava-ataques-a-bancos-no-nordeste\/#article","isPartOf":{"@id":"https:\/\/www.pm.pb.gov.br\/portal\/2018\/03\/08\/%e2%80%8bpolicia-militar-enfrenta-e-prende-dez-suspeitos-de-quadrilha-que-realizava-ataques-a-bancos-no-nordeste\/"},"author":{"name":"Tarcisio Oliveira","@id":"https:\/\/www.pm.pb.gov.br\/portal\/#\/schema\/person\/f84f56dcc78ce4357054da888b8247fd"},"headline":"\u200bPol\u00edcia Militar enfrenta e prende dez suspeitos de quadrilha que realizava ataques a bancos no Nordeste","datePublished":"2018-03-08T15:40:06+00:00","dateModified":"2018-03-08T15:40:06+00:00","mainEntityOfPage":{"@id":"https:\/\/www.pm.pb.gov.br\/portal\/2018\/03\/08\/%e2%80%8bpolicia-militar-enfrenta-e-prende-dez-suspeitos-de-quadrilha-que-realizava-ataques-a-bancos-no-nordeste\/"},"wordCount":405,"publisher":{"@id":"https:\/\/www.pm.pb.gov.br\/portal\/#organization"},"articleSection":["A\u00e7\u00f5es Policiais"],"inLanguage":"pt-BR"},{"@type":"WebPage","@id":"https:\/\/www.pm.pb.gov.br\/portal\/2018\/03\/08\/%e2%80%8bpolicia-militar-enfrenta-e-prende-dez-suspeitos-de-quadrilha-que-realizava-ataques-a-bancos-no-nordeste\/","url":"https:\/\/www.pm.pb.gov.br\/portal\/2018\/03\/08\/%e2%80%8bpolicia-militar-enfrenta-e-prende-dez-suspeitos-de-quadrilha-que-realizava-ataques-a-bancos-no-nordeste\/","name":"\u200bPol\u00edcia Militar enfrenta e prende dez suspeitos de quadrilha que realizava ataques a bancos no Nordeste - Pol\u00edcia Militar da Para\u00edba","isPartOf":{"@id":"https:\/\/www.pm.pb.gov.br\/portal\/#website"},"datePublished":"2018-03-08T15:40:06+00:00","dateModified":"2018-03-08T15:40:06+00:00","breadcrumb":{"@id":"https:\/\/www.pm.pb.gov.br\/portal\/2018\/03\/08\/%e2%80%8bpolicia-militar-enfrenta-e-prende-dez-suspeitos-de-quadrilha-que-realizava-ataques-a-bancos-no-nordeste\/#breadcrumb"},"inLanguage":"pt-BR","potentialAction":[{"@type":"ReadAction","target":["https:\/\/www.pm.pb.gov.br\/portal\/2018\/03\/08\/%e2%80%8bpolicia-militar-enfrenta-e-prende-dez-suspeitos-de-quadrilha-que-realizava-ataques-a-bancos-no-nordeste\/"]}]},{"@type":"BreadcrumbList","@id":"https:\/\/www.pm.pb.gov.br\/portal\/2018\/03\/08\/%e2%80%8bpolicia-militar-enfrenta-e-prende-dez-suspeitos-de-quadrilha-que-realizava-ataques-a-bancos-no-nordeste\/#breadcrumb","itemListElement":[{"@type":"ListItem","position":1,"name":"In\u00edcio","item":"https:\/\/www.pm.pb.gov.br\/portal\/"},{"@type":"ListItem","position":2,"name":"\u200bPol\u00edcia Militar enfrenta e prende dez suspeitos de quadrilha que realizava ataques a bancos no Nordeste"}]},{"@type":"WebSite","@id":"https:\/\/www.pm.pb.gov.br\/portal\/#website","url":"https:\/\/www.pm.pb.gov.br\/portal\/","name":"Pol\u00edcia Militar da Para\u00edba","description":"","publisher":{"@id":"https:\/\/www.pm.pb.gov.br\/portal\/#organization"},"potentialAction":[{"@type":"SearchAction","target":{"@type":"EntryPoint","urlTemplate":"https:\/\/www.pm.pb.gov.br\/portal\/?s={search_term_string}"},"query-input":"required name=search_term_string"}],"inLanguage":"pt-BR"},{"@type":"Organization","@id":"https:\/\/www.pm.pb.gov.br\/portal\/#organization","name":"Pol\u00edcia Militar da Para\u00edba","url":"https:\/\/www.pm.pb.gov.br\/portal\/","logo":{"@type":"ImageObject","inLanguage":"pt-BR","@id":"https:\/\/www.pm.pb.gov.br\/portal\/#\/schema\/logo\/image\/","url":"https:\/\/www.pm.pb.gov.br\/portal\/wp-content\/uploads\/2025\/03\/cropped-logo-site-mag2-1.png","contentUrl":"https:\/\/www.pm.pb.gov.br\/portal\/wp-content\/uploads\/2025\/03\/cropped-logo-site-mag2-1.png","width":320,"height":90,"caption":"Pol\u00edcia Militar da Para\u00edba"},"image":{"@id":"https:\/\/www.pm.pb.gov.br\/portal\/#\/schema\/logo\/image\/"}},{"@type":"Person","@id":"https:\/\/www.pm.pb.gov.br\/portal\/#\/schema\/person\/f84f56dcc78ce4357054da888b8247fd","name":"Tarcisio Oliveira","image":{"@type":"ImageObject","inLanguage":"pt-BR","@id":"https:\/\/www.pm.pb.gov.br\/portal\/#\/schema\/person\/image\/","url":"https:\/\/secure.gravatar.com\/avatar\/72917b630b69d31cd0297507f34bac97?s=96&d=mm&r=g","contentUrl":"https:\/\/secure.gravatar.com\/avatar\/72917b630b69d31cd0297507f34bac97?s=96&d=mm&r=g","caption":"Tarcisio Oliveira"},"url":"https:\/\/www.pm.pb.gov.br\/portal\/author\/tarcisio\/"}]}},"_links":{"self":[{"href":"https:\/\/www.pm.pb.gov.br\/portal\/wp-json\/wp\/v2\/posts\/897185"}],"collection":[{"href":"https:\/\/www.pm.pb.gov.br\/portal\/wp-json\/wp\/v2\/posts"}],"about":[{"href":"https:\/\/www.pm.pb.gov.br\/portal\/wp-json\/wp\/v2\/types\/post"}],"author":[{"embeddable":true,"href":"https:\/\/www.pm.pb.gov.br\/portal\/wp-json\/wp\/v2\/users\/12"}],"replies":[{"embeddable":true,"href":"https:\/\/www.pm.pb.gov.br\/portal\/wp-json\/wp\/v2\/comments?post=897185"}],"version-history":[{"count":1,"href":"https:\/\/www.pm.pb.gov.br\/portal\/wp-json\/wp\/v2\/posts\/897185\/revisions"}],"predecessor-version":[{"id":897187,"href":"https:\/\/www.pm.pb.gov.br\/portal\/wp-json\/wp\/v2\/posts\/897185\/revisions\/897187"}],"wp:featuredmedia":[{"embeddable":true,"href":"https:\/\/www.pm.pb.gov.br\/portal\/wp-json\/wp\/v2\/media\/897186"}],"wp:attachment":[{"href":"https:\/\/www.pm.pb.gov.br\/portal\/wp-json\/wp\/v2\/media?parent=897185"}],"wp:term":[{"taxonomy":"category","embeddable":true,"href":"https:\/\/www.pm.pb.gov.br\/portal\/wp-json\/wp\/v2\/categories?post=897185"},{"taxonomy":"post_tag","embeddable":true,"href":"https:\/\/www.pm.pb.gov.br\/portal\/wp-json\/wp\/v2\/tags?post=897185"}],"curies":[{"name":"wp","href":"https:\/\/api.w.org\/{rel}","templated":true}]}}