{"id":897179,"date":"2018-03-07T14:56:50","date_gmt":"2018-03-07T17:56:50","guid":{"rendered":"http:\/\/www.pm.pb.gov.br\/portal\/?p=897179"},"modified":"2018-03-07T14:56:50","modified_gmt":"2018-03-07T17:56:50","slug":"paraiba-e-o-5o-estado-que-mais-aumentou-investimentos-na-seguranca-publica-segundo-dados-do-tesouro-nacional","status":"publish","type":"post","link":"https:\/\/www.pm.pb.gov.br\/portal\/2018\/03\/07\/paraiba-e-o-5o-estado-que-mais-aumentou-investimentos-na-seguranca-publica-segundo-dados-do-tesouro-nacional\/","title":{"rendered":"Para\u00edba \u00e9 o 5\u00ba Estado que mais aumentou investimentos na seguran\u00e7a p\u00fablica, segundo dados do Tesouro Nacional"},"content":{"rendered":"<p style=\"text-align: justify;\">A Para\u00edba \u00e9 o quinto Estado do Brasil que mais aumentou investimentos na \u00e1rea de Seguran\u00e7a P\u00fablica no per\u00edodo de 2015 a 2017. Os dados constam nos relat\u00f3rios do Sistema de Informa\u00e7\u00f5es Cont\u00e1beis e Fiscais do Setor P\u00fablico da Secretaria do Tesouro Nacional, que foram destacados em reportagem da edi\u00e7\u00e3o impressa desta segunda-feira (5) da Folha de S\u00e3o Paulo, que pode ser conferida no link <a href=\"https:\/\/www1.folha.uol.com.br\/cotidiano\/2018\/03\/rio-lidera-reducao-de-gastos-em-seguranca-e-perde-r-888-milhoes.shtml\">https:\/\/www1.folha.uol.com.br\/cotidiano\/2018\/03\/rio-lidera-reducao-de-gastos-em-seguranca-e-perde-r-888-milhoes.shtml<\/a><\/p>\n<p style=\"text-align: justify;\">De acordo com a reportagem, de 2015 a 2017, os investimentos da Para\u00edba na \u00e1rea da Seguran\u00e7a P\u00fablica cresceram 16%, enquanto Estados como Rio de Janeiro e S\u00e3o Paulo fizeram cortes em seu or\u00e7amento. O Rio de Janeiro, inclusive, lidera a lista dos 11 Estados que mais cortaram investimentos em n\u00fameros absolutos, sendo o segundo em termos percentuais, conforme a mat\u00e9ria da Folha.<\/p>\n<p style=\"text-align: justify;\">Os dados divulgados pela Folha de S\u00e3o Paulo indicam ainda que a Para\u00edba foi o terceiro Estado do Nordeste que mais aumentou investimentos na \u00e1rea da Seguran\u00e7a P\u00fablica em termos percentuais.<\/p>\n<p style=\"text-align: justify;\">Entre os investimentos realizados no ano passado pela Para\u00edba destaca-se a primeira etapa da implanta\u00e7\u00e3o do novo sistema de r\u00e1dio comunica\u00e7\u00e3o digital adquirido para uso das for\u00e7as de seguran\u00e7a p\u00fablica, que representa um investimento total de R$ 33 milh\u00f5es, em parceria com o Governo federal, proporcionando uma comunica\u00e7\u00e3o segura e de qualidade.<\/p>\n<p style=\"text-align: justify;\">Os dados revelados na reportagem da Folha est\u00e3o refletidos nas estat\u00edsticas exibidas pelo Estado nos \u00faltimos anos, principalmente nos \u00edndices de criminalidade: A Para\u00edba \u00e9 o \u00fanico estado da Federa\u00e7\u00e3o a registrar seis anos consecutivos de redu\u00e7\u00e3o de Crimes Violentos Letais Intencionais (CVLI) (2012 a 2017), o processo continuado mais duradouro do Pa\u00eds. A redu\u00e7\u00e3o acumulada nessa taxa de CVLIs alcan\u00e7ou 28%, sendo a maior redu\u00e7\u00e3o percentual do Nordeste.<\/p>\n<p style=\"text-align: justify;\">Tamb\u00e9m pode-se lembrar de que no per\u00edodo de 2003 a 2010, a taxa de CVLIs aumentou de 17% para 42%. Em 2011, a Para\u00edba tinha a 3\u00aa pior taxa de homic\u00eddios do Pa\u00eds, com 44,3 homic\u00eddios por 100 mil habitantes. Em 2016, houve um grande salto de redu\u00e7\u00e3o e o Estado chegou a 13\u00aa posi\u00e7\u00e3o, com 33,5. E, em 2017, chegou a 31,9.<\/p>\n<p style=\"text-align: justify;\">Ainda nesse per\u00edodo, a Para\u00edba registrou a menor taxa de latroc\u00ednios do Nordeste (0,94); a 4\u00aa menor taxa do Brasil de mortes por confronto policial; a 4\u00aa menor taxa do Brasil de CVLI\u2019s contra mulheres, com uma redu\u00e7\u00e3o acumulada de 51%; a 3\u00aa maior taxa do Pa\u00eds de apreens\u00f5es de armas (21 mil armas de fogo apreendidas, uma m\u00e9dia de 9,5 armas tiradas de circula\u00e7\u00e3o por dia).<\/p>\n<p>&nbsp;<\/p>\n","protected":false},"excerpt":{"rendered":"<p>A Para\u00edba \u00e9 o quinto Estado do Brasil que mais aumentou investimentos na \u00e1rea de Seguran\u00e7a P\u00fablica no per\u00edodo de<\/p>\n","protected":false},"author":15,"featured_media":895708,"comment_status":"closed","ping_status":"closed","sticky":false,"template":"","format":"standard","meta":{"_exactmetrics_skip_tracking":false,"_exactmetrics_sitenote_active":false,"_exactmetrics_sitenote_note":"","_exactmetrics_sitenote_category":0,"footnotes":""},"categories":[4],"tags":[],"yoast_head":"<!-- This site is optimized with the Yoast SEO plugin v22.0 - https:\/\/yoast.com\/wordpress\/plugins\/seo\/ -->\n<title>Para\u00edba \u00e9 o 5\u00ba Estado que mais aumentou investimentos na seguran\u00e7a p\u00fablica, segundo dados do Tesouro Nacional - Pol\u00edcia Militar da Para\u00edba<\/title>\n<meta name=\"robots\" content=\"index, follow, max-snippet:-1, max-image-preview:large, max-video-preview:-1\" \/>\n<link rel=\"canonical\" href=\"https:\/\/www.pm.pb.gov.br\/portal\/2018\/03\/07\/paraiba-e-o-5o-estado-que-mais-aumentou-investimentos-na-seguranca-publica-segundo-dados-do-tesouro-nacional\/\" \/>\n<meta property=\"og:locale\" content=\"pt_BR\" \/>\n<meta property=\"og:type\" content=\"article\" \/>\n<meta property=\"og:title\" content=\"Para\u00edba \u00e9 o 5\u00ba Estado que mais aumentou investimentos na seguran\u00e7a p\u00fablica, segundo dados do Tesouro Nacional - Pol\u00edcia Militar da Para\u00edba\" \/>\n<meta property=\"og:description\" content=\"A Para\u00edba \u00e9 o quinto Estado do Brasil que mais aumentou investimentos na \u00e1rea de Seguran\u00e7a P\u00fablica no per\u00edodo de\" \/>\n<meta property=\"og:url\" content=\"https:\/\/www.pm.pb.gov.br\/portal\/2018\/03\/07\/paraiba-e-o-5o-estado-que-mais-aumentou-investimentos-na-seguranca-publica-segundo-dados-do-tesouro-nacional\/\" \/>\n<meta property=\"og:site_name\" content=\"Pol\u00edcia Militar da Para\u00edba\" \/>\n<meta property=\"article:published_time\" content=\"2018-03-07T17:56:50+00:00\" \/>\n<meta property=\"og:image\" content=\"https:\/\/www.pm.pb.gov.br\/portal\/wp-content\/uploads\/2017\/10\/Imagems-Ilustrativa-Site-Novo.jpg\" \/>\n\t<meta property=\"og:image:width\" content=\"800\" \/>\n\t<meta property=\"og:image:height\" content=\"445\" \/>\n\t<meta property=\"og:image:type\" content=\"image\/jpeg\" \/>\n<meta name=\"author\" content=\"Marcio Gomes dos Santos\" \/>\n<meta name=\"twitter:card\" content=\"summary_large_image\" \/>\n<meta name=\"twitter:label1\" content=\"Escrito por\" \/>\n\t<meta name=\"twitter:data1\" content=\"Marcio Gomes dos Santos\" \/>\n\t<meta name=\"twitter:label2\" content=\"Est. tempo de leitura\" \/>\n\t<meta name=\"twitter:data2\" content=\"2 minutos\" \/>\n<script type=\"application\/ld+json\" class=\"yoast-schema-graph\">{\"@context\":\"https:\/\/schema.org\",\"@graph\":[{\"@type\":\"Article\",\"@id\":\"https:\/\/www.pm.pb.gov.br\/portal\/2018\/03\/07\/paraiba-e-o-5o-estado-que-mais-aumentou-investimentos-na-seguranca-publica-segundo-dados-do-tesouro-nacional\/#article\",\"isPartOf\":{\"@id\":\"https:\/\/www.pm.pb.gov.br\/portal\/2018\/03\/07\/paraiba-e-o-5o-estado-que-mais-aumentou-investimentos-na-seguranca-publica-segundo-dados-do-tesouro-nacional\/\"},\"author\":{\"name\":\"Marcio Gomes dos Santos\",\"@id\":\"https:\/\/www.pm.pb.gov.br\/portal\/#\/schema\/person\/30d571652b38533c2211e4e89bf5a502\"},\"headline\":\"Para\u00edba \u00e9 o 5\u00ba Estado que mais aumentou investimentos na seguran\u00e7a p\u00fablica, segundo dados do Tesouro Nacional\",\"datePublished\":\"2018-03-07T17:56:50+00:00\",\"dateModified\":\"2018-03-07T17:56:50+00:00\",\"mainEntityOfPage\":{\"@id\":\"https:\/\/www.pm.pb.gov.br\/portal\/2018\/03\/07\/paraiba-e-o-5o-estado-que-mais-aumentou-investimentos-na-seguranca-publica-segundo-dados-do-tesouro-nacional\/\"},\"wordCount\":462,\"publisher\":{\"@id\":\"https:\/\/www.pm.pb.gov.br\/portal\/#organization\"},\"articleSection\":[\"A\u00e7\u00f5es Policiais\"],\"inLanguage\":\"pt-BR\"},{\"@type\":\"WebPage\",\"@id\":\"https:\/\/www.pm.pb.gov.br\/portal\/2018\/03\/07\/paraiba-e-o-5o-estado-que-mais-aumentou-investimentos-na-seguranca-publica-segundo-dados-do-tesouro-nacional\/\",\"url\":\"https:\/\/www.pm.pb.gov.br\/portal\/2018\/03\/07\/paraiba-e-o-5o-estado-que-mais-aumentou-investimentos-na-seguranca-publica-segundo-dados-do-tesouro-nacional\/\",\"name\":\"Para\u00edba \u00e9 o 5\u00ba Estado que mais aumentou investimentos na seguran\u00e7a p\u00fablica, segundo dados do Tesouro Nacional - Pol\u00edcia Militar da Para\u00edba\",\"isPartOf\":{\"@id\":\"https:\/\/www.pm.pb.gov.br\/portal\/#website\"},\"datePublished\":\"2018-03-07T17:56:50+00:00\",\"dateModified\":\"2018-03-07T17:56:50+00:00\",\"breadcrumb\":{\"@id\":\"https:\/\/www.pm.pb.gov.br\/portal\/2018\/03\/07\/paraiba-e-o-5o-estado-que-mais-aumentou-investimentos-na-seguranca-publica-segundo-dados-do-tesouro-nacional\/#breadcrumb\"},\"inLanguage\":\"pt-BR\",\"potentialAction\":[{\"@type\":\"ReadAction\",\"target\":[\"https:\/\/www.pm.pb.gov.br\/portal\/2018\/03\/07\/paraiba-e-o-5o-estado-que-mais-aumentou-investimentos-na-seguranca-publica-segundo-dados-do-tesouro-nacional\/\"]}]},{\"@type\":\"BreadcrumbList\",\"@id\":\"https:\/\/www.pm.pb.gov.br\/portal\/2018\/03\/07\/paraiba-e-o-5o-estado-que-mais-aumentou-investimentos-na-seguranca-publica-segundo-dados-do-tesouro-nacional\/#breadcrumb\",\"itemListElement\":[{\"@type\":\"ListItem\",\"position\":1,\"name\":\"In\u00edcio\",\"item\":\"https:\/\/www.pm.pb.gov.br\/portal\/\"},{\"@type\":\"ListItem\",\"position\":2,\"name\":\"Para\u00edba \u00e9 o 5\u00ba Estado que mais aumentou investimentos na seguran\u00e7a p\u00fablica, segundo dados do Tesouro Nacional\"}]},{\"@type\":\"WebSite\",\"@id\":\"https:\/\/www.pm.pb.gov.br\/portal\/#website\",\"url\":\"https:\/\/www.pm.pb.gov.br\/portal\/\",\"name\":\"Pol\u00edcia Militar da Para\u00edba\",\"description\":\"\",\"publisher\":{\"@id\":\"https:\/\/www.pm.pb.gov.br\/portal\/#organization\"},\"potentialAction\":[{\"@type\":\"SearchAction\",\"target\":{\"@type\":\"EntryPoint\",\"urlTemplate\":\"https:\/\/www.pm.pb.gov.br\/portal\/?s={search_term_string}\"},\"query-input\":\"required name=search_term_string\"}],\"inLanguage\":\"pt-BR\"},{\"@type\":\"Organization\",\"@id\":\"https:\/\/www.pm.pb.gov.br\/portal\/#organization\",\"name\":\"Pol\u00edcia Militar da Para\u00edba\",\"url\":\"https:\/\/www.pm.pb.gov.br\/portal\/\",\"logo\":{\"@type\":\"ImageObject\",\"inLanguage\":\"pt-BR\",\"@id\":\"https:\/\/www.pm.pb.gov.br\/portal\/#\/schema\/logo\/image\/\",\"url\":\"https:\/\/www.pm.pb.gov.br\/portal\/wp-content\/uploads\/2025\/03\/cropped-logo-site-mag2-1.png\",\"contentUrl\":\"https:\/\/www.pm.pb.gov.br\/portal\/wp-content\/uploads\/2025\/03\/cropped-logo-site-mag2-1.png\",\"width\":320,\"height\":90,\"caption\":\"Pol\u00edcia Militar da Para\u00edba\"},\"image\":{\"@id\":\"https:\/\/www.pm.pb.gov.br\/portal\/#\/schema\/logo\/image\/\"}},{\"@type\":\"Person\",\"@id\":\"https:\/\/www.pm.pb.gov.br\/portal\/#\/schema\/person\/30d571652b38533c2211e4e89bf5a502\",\"name\":\"Marcio Gomes dos Santos\",\"image\":{\"@type\":\"ImageObject\",\"inLanguage\":\"pt-BR\",\"@id\":\"https:\/\/www.pm.pb.gov.br\/portal\/#\/schema\/person\/image\/\",\"url\":\"https:\/\/secure.gravatar.com\/avatar\/cf4ec2cb690101e1581c7773aa350c19?s=96&d=mm&r=g\",\"contentUrl\":\"https:\/\/secure.gravatar.com\/avatar\/cf4ec2cb690101e1581c7773aa350c19?s=96&d=mm&r=g\",\"caption\":\"Marcio Gomes dos Santos\"},\"url\":\"https:\/\/www.pm.pb.gov.br\/portal\/author\/mgomes\/\"}]}<\/script>\n<!-- \/ Yoast SEO plugin. -->","yoast_head_json":{"title":"Para\u00edba \u00e9 o 5\u00ba Estado que mais aumentou investimentos na seguran\u00e7a p\u00fablica, segundo dados do Tesouro Nacional - Pol\u00edcia Militar da Para\u00edba","robots":{"index":"index","follow":"follow","max-snippet":"max-snippet:-1","max-image-preview":"max-image-preview:large","max-video-preview":"max-video-preview:-1"},"canonical":"https:\/\/www.pm.pb.gov.br\/portal\/2018\/03\/07\/paraiba-e-o-5o-estado-que-mais-aumentou-investimentos-na-seguranca-publica-segundo-dados-do-tesouro-nacional\/","og_locale":"pt_BR","og_type":"article","og_title":"Para\u00edba \u00e9 o 5\u00ba Estado que mais aumentou investimentos na seguran\u00e7a p\u00fablica, segundo dados do Tesouro Nacional - Pol\u00edcia Militar da Para\u00edba","og_description":"A Para\u00edba \u00e9 o quinto Estado do Brasil que mais aumentou investimentos na \u00e1rea de Seguran\u00e7a P\u00fablica no per\u00edodo de","og_url":"https:\/\/www.pm.pb.gov.br\/portal\/2018\/03\/07\/paraiba-e-o-5o-estado-que-mais-aumentou-investimentos-na-seguranca-publica-segundo-dados-do-tesouro-nacional\/","og_site_name":"Pol\u00edcia Militar da Para\u00edba","article_published_time":"2018-03-07T17:56:50+00:00","og_image":[{"width":800,"height":445,"url":"https:\/\/www.pm.pb.gov.br\/portal\/wp-content\/uploads\/2017\/10\/Imagems-Ilustrativa-Site-Novo.jpg","type":"image\/jpeg"}],"author":"Marcio Gomes dos Santos","twitter_card":"summary_large_image","twitter_misc":{"Escrito por":"Marcio Gomes dos Santos","Est. tempo de leitura":"2 minutos"},"schema":{"@context":"https:\/\/schema.org","@graph":[{"@type":"Article","@id":"https:\/\/www.pm.pb.gov.br\/portal\/2018\/03\/07\/paraiba-e-o-5o-estado-que-mais-aumentou-investimentos-na-seguranca-publica-segundo-dados-do-tesouro-nacional\/#article","isPartOf":{"@id":"https:\/\/www.pm.pb.gov.br\/portal\/2018\/03\/07\/paraiba-e-o-5o-estado-que-mais-aumentou-investimentos-na-seguranca-publica-segundo-dados-do-tesouro-nacional\/"},"author":{"name":"Marcio Gomes dos Santos","@id":"https:\/\/www.pm.pb.gov.br\/portal\/#\/schema\/person\/30d571652b38533c2211e4e89bf5a502"},"headline":"Para\u00edba \u00e9 o 5\u00ba Estado que mais aumentou investimentos na seguran\u00e7a p\u00fablica, segundo dados do Tesouro Nacional","datePublished":"2018-03-07T17:56:50+00:00","dateModified":"2018-03-07T17:56:50+00:00","mainEntityOfPage":{"@id":"https:\/\/www.pm.pb.gov.br\/portal\/2018\/03\/07\/paraiba-e-o-5o-estado-que-mais-aumentou-investimentos-na-seguranca-publica-segundo-dados-do-tesouro-nacional\/"},"wordCount":462,"publisher":{"@id":"https:\/\/www.pm.pb.gov.br\/portal\/#organization"},"articleSection":["A\u00e7\u00f5es Policiais"],"inLanguage":"pt-BR"},{"@type":"WebPage","@id":"https:\/\/www.pm.pb.gov.br\/portal\/2018\/03\/07\/paraiba-e-o-5o-estado-que-mais-aumentou-investimentos-na-seguranca-publica-segundo-dados-do-tesouro-nacional\/","url":"https:\/\/www.pm.pb.gov.br\/portal\/2018\/03\/07\/paraiba-e-o-5o-estado-que-mais-aumentou-investimentos-na-seguranca-publica-segundo-dados-do-tesouro-nacional\/","name":"Para\u00edba \u00e9 o 5\u00ba Estado que mais aumentou investimentos na seguran\u00e7a p\u00fablica, segundo dados do Tesouro Nacional - Pol\u00edcia Militar da Para\u00edba","isPartOf":{"@id":"https:\/\/www.pm.pb.gov.br\/portal\/#website"},"datePublished":"2018-03-07T17:56:50+00:00","dateModified":"2018-03-07T17:56:50+00:00","breadcrumb":{"@id":"https:\/\/www.pm.pb.gov.br\/portal\/2018\/03\/07\/paraiba-e-o-5o-estado-que-mais-aumentou-investimentos-na-seguranca-publica-segundo-dados-do-tesouro-nacional\/#breadcrumb"},"inLanguage":"pt-BR","potentialAction":[{"@type":"ReadAction","target":["https:\/\/www.pm.pb.gov.br\/portal\/2018\/03\/07\/paraiba-e-o-5o-estado-que-mais-aumentou-investimentos-na-seguranca-publica-segundo-dados-do-tesouro-nacional\/"]}]},{"@type":"BreadcrumbList","@id":"https:\/\/www.pm.pb.gov.br\/portal\/2018\/03\/07\/paraiba-e-o-5o-estado-que-mais-aumentou-investimentos-na-seguranca-publica-segundo-dados-do-tesouro-nacional\/#breadcrumb","itemListElement":[{"@type":"ListItem","position":1,"name":"In\u00edcio","item":"https:\/\/www.pm.pb.gov.br\/portal\/"},{"@type":"ListItem","position":2,"name":"Para\u00edba \u00e9 o 5\u00ba Estado que mais aumentou investimentos na seguran\u00e7a p\u00fablica, segundo dados do Tesouro Nacional"}]},{"@type":"WebSite","@id":"https:\/\/www.pm.pb.gov.br\/portal\/#website","url":"https:\/\/www.pm.pb.gov.br\/portal\/","name":"Pol\u00edcia Militar da Para\u00edba","description":"","publisher":{"@id":"https:\/\/www.pm.pb.gov.br\/portal\/#organization"},"potentialAction":[{"@type":"SearchAction","target":{"@type":"EntryPoint","urlTemplate":"https:\/\/www.pm.pb.gov.br\/portal\/?s={search_term_string}"},"query-input":"required name=search_term_string"}],"inLanguage":"pt-BR"},{"@type":"Organization","@id":"https:\/\/www.pm.pb.gov.br\/portal\/#organization","name":"Pol\u00edcia Militar da Para\u00edba","url":"https:\/\/www.pm.pb.gov.br\/portal\/","logo":{"@type":"ImageObject","inLanguage":"pt-BR","@id":"https:\/\/www.pm.pb.gov.br\/portal\/#\/schema\/logo\/image\/","url":"https:\/\/www.pm.pb.gov.br\/portal\/wp-content\/uploads\/2025\/03\/cropped-logo-site-mag2-1.png","contentUrl":"https:\/\/www.pm.pb.gov.br\/portal\/wp-content\/uploads\/2025\/03\/cropped-logo-site-mag2-1.png","width":320,"height":90,"caption":"Pol\u00edcia Militar da Para\u00edba"},"image":{"@id":"https:\/\/www.pm.pb.gov.br\/portal\/#\/schema\/logo\/image\/"}},{"@type":"Person","@id":"https:\/\/www.pm.pb.gov.br\/portal\/#\/schema\/person\/30d571652b38533c2211e4e89bf5a502","name":"Marcio Gomes dos Santos","image":{"@type":"ImageObject","inLanguage":"pt-BR","@id":"https:\/\/www.pm.pb.gov.br\/portal\/#\/schema\/person\/image\/","url":"https:\/\/secure.gravatar.com\/avatar\/cf4ec2cb690101e1581c7773aa350c19?s=96&d=mm&r=g","contentUrl":"https:\/\/secure.gravatar.com\/avatar\/cf4ec2cb690101e1581c7773aa350c19?s=96&d=mm&r=g","caption":"Marcio Gomes dos Santos"},"url":"https:\/\/www.pm.pb.gov.br\/portal\/author\/mgomes\/"}]}},"_links":{"self":[{"href":"https:\/\/www.pm.pb.gov.br\/portal\/wp-json\/wp\/v2\/posts\/897179"}],"collection":[{"href":"https:\/\/www.pm.pb.gov.br\/portal\/wp-json\/wp\/v2\/posts"}],"about":[{"href":"https:\/\/www.pm.pb.gov.br\/portal\/wp-json\/wp\/v2\/types\/post"}],"author":[{"embeddable":true,"href":"https:\/\/www.pm.pb.gov.br\/portal\/wp-json\/wp\/v2\/users\/15"}],"replies":[{"embeddable":true,"href":"https:\/\/www.pm.pb.gov.br\/portal\/wp-json\/wp\/v2\/comments?post=897179"}],"version-history":[{"count":1,"href":"https:\/\/www.pm.pb.gov.br\/portal\/wp-json\/wp\/v2\/posts\/897179\/revisions"}],"predecessor-version":[{"id":897180,"href":"https:\/\/www.pm.pb.gov.br\/portal\/wp-json\/wp\/v2\/posts\/897179\/revisions\/897180"}],"wp:featuredmedia":[{"embeddable":true,"href":"https:\/\/www.pm.pb.gov.br\/portal\/wp-json\/wp\/v2\/media\/895708"}],"wp:attachment":[{"href":"https:\/\/www.pm.pb.gov.br\/portal\/wp-json\/wp\/v2\/media?parent=897179"}],"wp:term":[{"taxonomy":"category","embeddable":true,"href":"https:\/\/www.pm.pb.gov.br\/portal\/wp-json\/wp\/v2\/categories?post=897179"},{"taxonomy":"post_tag","embeddable":true,"href":"https:\/\/www.pm.pb.gov.br\/portal\/wp-json\/wp\/v2\/tags?post=897179"}],"curies":[{"name":"wp","href":"https:\/\/api.w.org\/{rel}","templated":true}]}}