{"id":897176,"date":"2018-03-06T16:26:02","date_gmt":"2018-03-06T19:26:02","guid":{"rendered":"http:\/\/www.pm.pb.gov.br\/portal\/?p=897176"},"modified":"2018-03-06T16:26:02","modified_gmt":"2018-03-06T19:26:02","slug":"policia-militar-prende-suspeito-de-trafico-na-capital-apreende-arma-de-fogo-e-drogas","status":"publish","type":"post","link":"https:\/\/www.pm.pb.gov.br\/portal\/2018\/03\/06\/policia-militar-prende-suspeito-de-trafico-na-capital-apreende-arma-de-fogo-e-drogas\/","title":{"rendered":"Pol\u00edcia Militar prende suspeito de tr\u00e1fico na capital, apreende arma de fogo e drogas"},"content":{"rendered":"<p style=\"text-align: justify;\">A Pol\u00edcia Militar prendeu, na noite dessa segunda-feira (5), dois homens\u00a0 no munic\u00edpio de Lucena, um deles suspeito de chefiar o tr\u00e1fico de drogas na regi\u00e3o do centro de Jo\u00e3o Pessoa. Este mesmo suspeito j\u00e1 tinha tr\u00eas mandados de pris\u00e3o em aberto, sendo um deles expedido pela Pol\u00edcia Federal. Uma arma de fogo, dinheiro e drogas tamb\u00e9m foram apreendidos na a\u00e7\u00e3o.<\/p>\n<p style=\"text-align: justify;\">Policiais militares da Coordenadoria de Intelig\u00eancia da PM (COInt) receberam informa\u00e7\u00f5es de que um dos suspeitos, de 26 anos, que teria mandados de pris\u00e3o em aberto, sendo dois por tr\u00e1fico, estaria em uma casa na praia de Fagundes.\u00a0 A partir da\u00ed, um plano de a\u00e7\u00e3o foi montado para prend\u00ea-lo. O suspeito foi preso, junto com outro homem de 35 anos que estava no local.<\/p>\n<p style=\"text-align: justify;\">Durante buscas no lugar, a PM encontrou ainda uma pistola calibre 380, cerca de 300 gramas de subst\u00e2ncia semelhante \u00e0 maconha, seis celulares e dinheiro. Os suspeitos e o material apreendido foram conduzidos para sede da Pol\u00edcia Federal, no munic\u00edpio de Cabedelo.<\/p>\n<p style=\"text-align: justify;\">Preso com droga &#8211; Em Santa Rita, por volta das 21h30, um homem de 40 anos foi abordado no bairro de Marcos Moura por policiais do 7\u00ba Batalh\u00e3o, e com ele os policiais encontraram 16 embalagens de subst\u00e2ncia semelhante \u00e0 maconha. O suspeito foi conduzido para a 6\u00aa Delegacia Distrital.<\/p>\n","protected":false},"excerpt":{"rendered":"<p>A Pol\u00edcia Militar prendeu, na noite dessa segunda-feira (5), dois homens\u00a0 no munic\u00edpio de Lucena, um deles suspeito de chefiar<\/p>\n","protected":false},"author":15,"featured_media":895708,"comment_status":"closed","ping_status":"closed","sticky":false,"template":"","format":"standard","meta":{"_exactmetrics_skip_tracking":false,"_exactmetrics_sitenote_active":false,"_exactmetrics_sitenote_note":"","_exactmetrics_sitenote_category":0,"footnotes":""},"categories":[4],"tags":[],"yoast_head":"<!-- This site is optimized with the Yoast SEO plugin v22.0 - https:\/\/yoast.com\/wordpress\/plugins\/seo\/ -->\n<title>Pol\u00edcia Militar prende suspeito de tr\u00e1fico na capital, apreende arma de fogo e drogas - Pol\u00edcia Militar da Para\u00edba<\/title>\n<meta name=\"robots\" content=\"index, follow, max-snippet:-1, max-image-preview:large, max-video-preview:-1\" \/>\n<link rel=\"canonical\" href=\"https:\/\/www.pm.pb.gov.br\/portal\/2018\/03\/06\/policia-militar-prende-suspeito-de-trafico-na-capital-apreende-arma-de-fogo-e-drogas\/\" \/>\n<meta property=\"og:locale\" content=\"pt_BR\" \/>\n<meta property=\"og:type\" content=\"article\" \/>\n<meta property=\"og:title\" content=\"Pol\u00edcia Militar prende suspeito de tr\u00e1fico na capital, apreende arma de fogo e drogas - Pol\u00edcia Militar da Para\u00edba\" \/>\n<meta property=\"og:description\" content=\"A Pol\u00edcia Militar prendeu, na noite dessa segunda-feira (5), dois homens\u00a0 no munic\u00edpio de Lucena, um deles suspeito de chefiar\" \/>\n<meta property=\"og:url\" content=\"https:\/\/www.pm.pb.gov.br\/portal\/2018\/03\/06\/policia-militar-prende-suspeito-de-trafico-na-capital-apreende-arma-de-fogo-e-drogas\/\" \/>\n<meta property=\"og:site_name\" content=\"Pol\u00edcia Militar da Para\u00edba\" \/>\n<meta property=\"article:published_time\" content=\"2018-03-06T19:26:02+00:00\" \/>\n<meta property=\"og:image\" content=\"https:\/\/www.pm.pb.gov.br\/portal\/wp-content\/uploads\/2017\/10\/Imagems-Ilustrativa-Site-Novo.jpg\" \/>\n\t<meta property=\"og:image:width\" content=\"800\" \/>\n\t<meta property=\"og:image:height\" content=\"445\" \/>\n\t<meta property=\"og:image:type\" content=\"image\/jpeg\" \/>\n<meta name=\"author\" content=\"Marcio Gomes dos Santos\" \/>\n<meta name=\"twitter:card\" content=\"summary_large_image\" \/>\n<meta name=\"twitter:label1\" content=\"Escrito por\" \/>\n\t<meta name=\"twitter:data1\" content=\"Marcio Gomes dos Santos\" \/>\n\t<meta name=\"twitter:label2\" content=\"Est. tempo de leitura\" \/>\n\t<meta name=\"twitter:data2\" content=\"1 minuto\" \/>\n<script type=\"application\/ld+json\" class=\"yoast-schema-graph\">{\"@context\":\"https:\/\/schema.org\",\"@graph\":[{\"@type\":\"Article\",\"@id\":\"https:\/\/www.pm.pb.gov.br\/portal\/2018\/03\/06\/policia-militar-prende-suspeito-de-trafico-na-capital-apreende-arma-de-fogo-e-drogas\/#article\",\"isPartOf\":{\"@id\":\"https:\/\/www.pm.pb.gov.br\/portal\/2018\/03\/06\/policia-militar-prende-suspeito-de-trafico-na-capital-apreende-arma-de-fogo-e-drogas\/\"},\"author\":{\"name\":\"Marcio Gomes dos Santos\",\"@id\":\"https:\/\/www.pm.pb.gov.br\/portal\/#\/schema\/person\/30d571652b38533c2211e4e89bf5a502\"},\"headline\":\"Pol\u00edcia Militar prende suspeito de tr\u00e1fico na capital, apreende arma de fogo e drogas\",\"datePublished\":\"2018-03-06T19:26:02+00:00\",\"dateModified\":\"2018-03-06T19:26:02+00:00\",\"mainEntityOfPage\":{\"@id\":\"https:\/\/www.pm.pb.gov.br\/portal\/2018\/03\/06\/policia-militar-prende-suspeito-de-trafico-na-capital-apreende-arma-de-fogo-e-drogas\/\"},\"wordCount\":243,\"publisher\":{\"@id\":\"https:\/\/www.pm.pb.gov.br\/portal\/#organization\"},\"articleSection\":[\"A\u00e7\u00f5es Policiais\"],\"inLanguage\":\"pt-BR\"},{\"@type\":\"WebPage\",\"@id\":\"https:\/\/www.pm.pb.gov.br\/portal\/2018\/03\/06\/policia-militar-prende-suspeito-de-trafico-na-capital-apreende-arma-de-fogo-e-drogas\/\",\"url\":\"https:\/\/www.pm.pb.gov.br\/portal\/2018\/03\/06\/policia-militar-prende-suspeito-de-trafico-na-capital-apreende-arma-de-fogo-e-drogas\/\",\"name\":\"Pol\u00edcia Militar prende suspeito de tr\u00e1fico na capital, apreende arma de fogo e drogas - Pol\u00edcia Militar da Para\u00edba\",\"isPartOf\":{\"@id\":\"https:\/\/www.pm.pb.gov.br\/portal\/#website\"},\"datePublished\":\"2018-03-06T19:26:02+00:00\",\"dateModified\":\"2018-03-06T19:26:02+00:00\",\"breadcrumb\":{\"@id\":\"https:\/\/www.pm.pb.gov.br\/portal\/2018\/03\/06\/policia-militar-prende-suspeito-de-trafico-na-capital-apreende-arma-de-fogo-e-drogas\/#breadcrumb\"},\"inLanguage\":\"pt-BR\",\"potentialAction\":[{\"@type\":\"ReadAction\",\"target\":[\"https:\/\/www.pm.pb.gov.br\/portal\/2018\/03\/06\/policia-militar-prende-suspeito-de-trafico-na-capital-apreende-arma-de-fogo-e-drogas\/\"]}]},{\"@type\":\"BreadcrumbList\",\"@id\":\"https:\/\/www.pm.pb.gov.br\/portal\/2018\/03\/06\/policia-militar-prende-suspeito-de-trafico-na-capital-apreende-arma-de-fogo-e-drogas\/#breadcrumb\",\"itemListElement\":[{\"@type\":\"ListItem\",\"position\":1,\"name\":\"In\u00edcio\",\"item\":\"https:\/\/www.pm.pb.gov.br\/portal\/\"},{\"@type\":\"ListItem\",\"position\":2,\"name\":\"Pol\u00edcia Militar prende suspeito de tr\u00e1fico na capital, apreende arma de fogo e drogas\"}]},{\"@type\":\"WebSite\",\"@id\":\"https:\/\/www.pm.pb.gov.br\/portal\/#website\",\"url\":\"https:\/\/www.pm.pb.gov.br\/portal\/\",\"name\":\"Pol\u00edcia Militar da Para\u00edba\",\"description\":\"\",\"publisher\":{\"@id\":\"https:\/\/www.pm.pb.gov.br\/portal\/#organization\"},\"potentialAction\":[{\"@type\":\"SearchAction\",\"target\":{\"@type\":\"EntryPoint\",\"urlTemplate\":\"https:\/\/www.pm.pb.gov.br\/portal\/?s={search_term_string}\"},\"query-input\":\"required name=search_term_string\"}],\"inLanguage\":\"pt-BR\"},{\"@type\":\"Organization\",\"@id\":\"https:\/\/www.pm.pb.gov.br\/portal\/#organization\",\"name\":\"Pol\u00edcia Militar da Para\u00edba\",\"url\":\"https:\/\/www.pm.pb.gov.br\/portal\/\",\"logo\":{\"@type\":\"ImageObject\",\"inLanguage\":\"pt-BR\",\"@id\":\"https:\/\/www.pm.pb.gov.br\/portal\/#\/schema\/logo\/image\/\",\"url\":\"https:\/\/www.pm.pb.gov.br\/portal\/wp-content\/uploads\/2025\/03\/cropped-logo-site-mag2-1.png\",\"contentUrl\":\"https:\/\/www.pm.pb.gov.br\/portal\/wp-content\/uploads\/2025\/03\/cropped-logo-site-mag2-1.png\",\"width\":320,\"height\":90,\"caption\":\"Pol\u00edcia Militar da Para\u00edba\"},\"image\":{\"@id\":\"https:\/\/www.pm.pb.gov.br\/portal\/#\/schema\/logo\/image\/\"}},{\"@type\":\"Person\",\"@id\":\"https:\/\/www.pm.pb.gov.br\/portal\/#\/schema\/person\/30d571652b38533c2211e4e89bf5a502\",\"name\":\"Marcio Gomes dos Santos\",\"image\":{\"@type\":\"ImageObject\",\"inLanguage\":\"pt-BR\",\"@id\":\"https:\/\/www.pm.pb.gov.br\/portal\/#\/schema\/person\/image\/\",\"url\":\"https:\/\/secure.gravatar.com\/avatar\/cf4ec2cb690101e1581c7773aa350c19?s=96&d=mm&r=g\",\"contentUrl\":\"https:\/\/secure.gravatar.com\/avatar\/cf4ec2cb690101e1581c7773aa350c19?s=96&d=mm&r=g\",\"caption\":\"Marcio Gomes dos Santos\"},\"url\":\"https:\/\/www.pm.pb.gov.br\/portal\/author\/mgomes\/\"}]}<\/script>\n<!-- \/ Yoast SEO plugin. -->","yoast_head_json":{"title":"Pol\u00edcia Militar prende suspeito de tr\u00e1fico na capital, apreende arma de fogo e drogas - Pol\u00edcia Militar da Para\u00edba","robots":{"index":"index","follow":"follow","max-snippet":"max-snippet:-1","max-image-preview":"max-image-preview:large","max-video-preview":"max-video-preview:-1"},"canonical":"https:\/\/www.pm.pb.gov.br\/portal\/2018\/03\/06\/policia-militar-prende-suspeito-de-trafico-na-capital-apreende-arma-de-fogo-e-drogas\/","og_locale":"pt_BR","og_type":"article","og_title":"Pol\u00edcia Militar prende suspeito de tr\u00e1fico na capital, apreende arma de fogo e drogas - Pol\u00edcia Militar da Para\u00edba","og_description":"A Pol\u00edcia Militar prendeu, na noite dessa segunda-feira (5), dois homens\u00a0 no munic\u00edpio de Lucena, um deles suspeito de chefiar","og_url":"https:\/\/www.pm.pb.gov.br\/portal\/2018\/03\/06\/policia-militar-prende-suspeito-de-trafico-na-capital-apreende-arma-de-fogo-e-drogas\/","og_site_name":"Pol\u00edcia Militar da Para\u00edba","article_published_time":"2018-03-06T19:26:02+00:00","og_image":[{"width":800,"height":445,"url":"https:\/\/www.pm.pb.gov.br\/portal\/wp-content\/uploads\/2017\/10\/Imagems-Ilustrativa-Site-Novo.jpg","type":"image\/jpeg"}],"author":"Marcio Gomes dos Santos","twitter_card":"summary_large_image","twitter_misc":{"Escrito por":"Marcio Gomes dos Santos","Est. tempo de leitura":"1 minuto"},"schema":{"@context":"https:\/\/schema.org","@graph":[{"@type":"Article","@id":"https:\/\/www.pm.pb.gov.br\/portal\/2018\/03\/06\/policia-militar-prende-suspeito-de-trafico-na-capital-apreende-arma-de-fogo-e-drogas\/#article","isPartOf":{"@id":"https:\/\/www.pm.pb.gov.br\/portal\/2018\/03\/06\/policia-militar-prende-suspeito-de-trafico-na-capital-apreende-arma-de-fogo-e-drogas\/"},"author":{"name":"Marcio Gomes dos Santos","@id":"https:\/\/www.pm.pb.gov.br\/portal\/#\/schema\/person\/30d571652b38533c2211e4e89bf5a502"},"headline":"Pol\u00edcia Militar prende suspeito de tr\u00e1fico na capital, apreende arma de fogo e drogas","datePublished":"2018-03-06T19:26:02+00:00","dateModified":"2018-03-06T19:26:02+00:00","mainEntityOfPage":{"@id":"https:\/\/www.pm.pb.gov.br\/portal\/2018\/03\/06\/policia-militar-prende-suspeito-de-trafico-na-capital-apreende-arma-de-fogo-e-drogas\/"},"wordCount":243,"publisher":{"@id":"https:\/\/www.pm.pb.gov.br\/portal\/#organization"},"articleSection":["A\u00e7\u00f5es Policiais"],"inLanguage":"pt-BR"},{"@type":"WebPage","@id":"https:\/\/www.pm.pb.gov.br\/portal\/2018\/03\/06\/policia-militar-prende-suspeito-de-trafico-na-capital-apreende-arma-de-fogo-e-drogas\/","url":"https:\/\/www.pm.pb.gov.br\/portal\/2018\/03\/06\/policia-militar-prende-suspeito-de-trafico-na-capital-apreende-arma-de-fogo-e-drogas\/","name":"Pol\u00edcia Militar prende suspeito de tr\u00e1fico na capital, apreende arma de fogo e drogas - Pol\u00edcia Militar da Para\u00edba","isPartOf":{"@id":"https:\/\/www.pm.pb.gov.br\/portal\/#website"},"datePublished":"2018-03-06T19:26:02+00:00","dateModified":"2018-03-06T19:26:02+00:00","breadcrumb":{"@id":"https:\/\/www.pm.pb.gov.br\/portal\/2018\/03\/06\/policia-militar-prende-suspeito-de-trafico-na-capital-apreende-arma-de-fogo-e-drogas\/#breadcrumb"},"inLanguage":"pt-BR","potentialAction":[{"@type":"ReadAction","target":["https:\/\/www.pm.pb.gov.br\/portal\/2018\/03\/06\/policia-militar-prende-suspeito-de-trafico-na-capital-apreende-arma-de-fogo-e-drogas\/"]}]},{"@type":"BreadcrumbList","@id":"https:\/\/www.pm.pb.gov.br\/portal\/2018\/03\/06\/policia-militar-prende-suspeito-de-trafico-na-capital-apreende-arma-de-fogo-e-drogas\/#breadcrumb","itemListElement":[{"@type":"ListItem","position":1,"name":"In\u00edcio","item":"https:\/\/www.pm.pb.gov.br\/portal\/"},{"@type":"ListItem","position":2,"name":"Pol\u00edcia Militar prende suspeito de tr\u00e1fico na capital, apreende arma de fogo e drogas"}]},{"@type":"WebSite","@id":"https:\/\/www.pm.pb.gov.br\/portal\/#website","url":"https:\/\/www.pm.pb.gov.br\/portal\/","name":"Pol\u00edcia Militar da Para\u00edba","description":"","publisher":{"@id":"https:\/\/www.pm.pb.gov.br\/portal\/#organization"},"potentialAction":[{"@type":"SearchAction","target":{"@type":"EntryPoint","urlTemplate":"https:\/\/www.pm.pb.gov.br\/portal\/?s={search_term_string}"},"query-input":"required name=search_term_string"}],"inLanguage":"pt-BR"},{"@type":"Organization","@id":"https:\/\/www.pm.pb.gov.br\/portal\/#organization","name":"Pol\u00edcia Militar da Para\u00edba","url":"https:\/\/www.pm.pb.gov.br\/portal\/","logo":{"@type":"ImageObject","inLanguage":"pt-BR","@id":"https:\/\/www.pm.pb.gov.br\/portal\/#\/schema\/logo\/image\/","url":"https:\/\/www.pm.pb.gov.br\/portal\/wp-content\/uploads\/2025\/03\/cropped-logo-site-mag2-1.png","contentUrl":"https:\/\/www.pm.pb.gov.br\/portal\/wp-content\/uploads\/2025\/03\/cropped-logo-site-mag2-1.png","width":320,"height":90,"caption":"Pol\u00edcia Militar da Para\u00edba"},"image":{"@id":"https:\/\/www.pm.pb.gov.br\/portal\/#\/schema\/logo\/image\/"}},{"@type":"Person","@id":"https:\/\/www.pm.pb.gov.br\/portal\/#\/schema\/person\/30d571652b38533c2211e4e89bf5a502","name":"Marcio Gomes dos Santos","image":{"@type":"ImageObject","inLanguage":"pt-BR","@id":"https:\/\/www.pm.pb.gov.br\/portal\/#\/schema\/person\/image\/","url":"https:\/\/secure.gravatar.com\/avatar\/cf4ec2cb690101e1581c7773aa350c19?s=96&d=mm&r=g","contentUrl":"https:\/\/secure.gravatar.com\/avatar\/cf4ec2cb690101e1581c7773aa350c19?s=96&d=mm&r=g","caption":"Marcio Gomes dos Santos"},"url":"https:\/\/www.pm.pb.gov.br\/portal\/author\/mgomes\/"}]}},"_links":{"self":[{"href":"https:\/\/www.pm.pb.gov.br\/portal\/wp-json\/wp\/v2\/posts\/897176"}],"collection":[{"href":"https:\/\/www.pm.pb.gov.br\/portal\/wp-json\/wp\/v2\/posts"}],"about":[{"href":"https:\/\/www.pm.pb.gov.br\/portal\/wp-json\/wp\/v2\/types\/post"}],"author":[{"embeddable":true,"href":"https:\/\/www.pm.pb.gov.br\/portal\/wp-json\/wp\/v2\/users\/15"}],"replies":[{"embeddable":true,"href":"https:\/\/www.pm.pb.gov.br\/portal\/wp-json\/wp\/v2\/comments?post=897176"}],"version-history":[{"count":1,"href":"https:\/\/www.pm.pb.gov.br\/portal\/wp-json\/wp\/v2\/posts\/897176\/revisions"}],"predecessor-version":[{"id":897177,"href":"https:\/\/www.pm.pb.gov.br\/portal\/wp-json\/wp\/v2\/posts\/897176\/revisions\/897177"}],"wp:featuredmedia":[{"embeddable":true,"href":"https:\/\/www.pm.pb.gov.br\/portal\/wp-json\/wp\/v2\/media\/895708"}],"wp:attachment":[{"href":"https:\/\/www.pm.pb.gov.br\/portal\/wp-json\/wp\/v2\/media?parent=897176"}],"wp:term":[{"taxonomy":"category","embeddable":true,"href":"https:\/\/www.pm.pb.gov.br\/portal\/wp-json\/wp\/v2\/categories?post=897176"},{"taxonomy":"post_tag","embeddable":true,"href":"https:\/\/www.pm.pb.gov.br\/portal\/wp-json\/wp\/v2\/tags?post=897176"}],"curies":[{"name":"wp","href":"https:\/\/api.w.org\/{rel}","templated":true}]}}