{"id":897167,"date":"2018-03-06T07:37:57","date_gmt":"2018-03-06T10:37:57","guid":{"rendered":"http:\/\/www.pm.pb.gov.br\/portal\/?p=897167"},"modified":"2018-03-06T08:08:21","modified_gmt":"2018-03-06T11:08:21","slug":"comeca-o-xii-curso-de-formacao-de-instrutores-proerd-na-pmpb","status":"publish","type":"post","link":"https:\/\/www.pm.pb.gov.br\/portal\/2018\/03\/06\/comeca-o-xii-curso-de-formacao-de-instrutores-proerd-na-pmpb\/","title":{"rendered":"Come\u00e7a o XII Curso de Forma\u00e7\u00e3o de Instrutores Proerd na PMPB"},"content":{"rendered":"<p style=\"text-align: justify;\">Foi aberto o XII Curso de Forma\u00e7\u00e3o de Instrutores do Programa Educacional de Resist\u00eancia \u00e0s Drogas e a Viol\u00eancia (Proerd), da Pol\u00edcia Militar. O curso ter\u00e1 duas semanas de dura\u00e7\u00e3o, com a participa\u00e7\u00e3o de 36 policiais militares de 15 cidades paraibanas, al\u00e9m de policiais militares do estado do Rio Grande do Norte (foto acima). A abertura aconteceu na manh\u00e3 dessa \u00faltima segunda-feira (5) no Centro de Educa\u00e7\u00e3o da PMPB.<\/p>\n<p style=\"text-align: justify;\">O XII Curso de Forma\u00e7\u00e3o de Instrutores Proerd visa ampliar as a\u00e7\u00f5es do Programa em todo o estado da Para\u00edba, bem com as Rondas Proerd, principalmente nas cidades de Jo\u00e3o Pessoa e Campina Grande. \u00a0O Proerd \u00e9 um programa de preven\u00e7\u00e3o ao uso indevido de drogas, aplicado por policiais militares, que ministram aulas para crian\u00e7as desde a educa\u00e7\u00e3o infantil at\u00e9 o 7\u00ba ano do Ensino Fundamental, visando, enquanto atividade preventiva, ensin\u00e1-las a resistir ao uso de entorpecentes e a inser\u00e7\u00e3o em ambiente violento.<\/p>\n<p style=\"text-align: justify;\"><strong>Atua\u00e7\u00e3o na pr\u00e1tica &#8211;<\/strong> Como resultado deste curso que inicia nesta segunda, mais policiais ser\u00e3o levados \u00e0s salas de aula das escolas. Os conhecimentos sobre atitudes respons\u00e1veis, seguran\u00e7a, drogas e as formas de evit\u00e1-las, s\u00e3o transmitidos aos estudantes atrav\u00e9s de um modelo de tomada de decis\u00e3o, sendo aplicada uma aula por semana com a utiliza\u00e7\u00e3o de recursos did\u00e1ticos como v\u00eddeos, dramatiza\u00e7\u00f5es, can\u00e7\u00f5es, brincadeiras e outros. Ao final do curr\u00edculo, s\u00e3o realizadas formaturas com a participa\u00e7\u00e3o da fam\u00edlia dos estudantes e da comunidade, concluindo com a entrega de um certificado, habilitando o aluno a ser um vetor de difus\u00e3o dos conhecimentos adquiridos.<\/p>\n<p style=\"text-align: justify;\">Com o Proerd, a Pol\u00edcia Militar amplia a proximidade com a comunidade, dando maior efetividade \u00e0 filosofia do Policiamento Comunit\u00e1rio. Em 2017, foram cerca de 40 instrutores formados e atualizados, alcan\u00e7ando quase 56 mil alunos.<\/p>\n<p style=\"text-align: justify;\"><strong>Participa\u00e7\u00e3o da PMRN &#8211;<\/strong> O curso tamb\u00e9m contar\u00e1 com a participa\u00e7\u00e3o de policiais militares da coirm\u00e3 do Rio Grande do Norte. O curso ser\u00e1 chancelado pelo Centro de Treinamento do Proerd da PMRN, que recentemente teve sua recertifica\u00e7\u00e3o pelo D.A.R.E. Am\u00e9rica, institui\u00e7\u00e3o respons\u00e1vel pela manuten\u00e7\u00e3o da padroniza\u00e7\u00e3o da qualidade internacional do Proerd em mais de 60 pa\u00edses no mundo.<\/p>\n","protected":false},"excerpt":{"rendered":"<p>Foi aberto o XII Curso de Forma\u00e7\u00e3o de Instrutores do Programa Educacional de Resist\u00eancia \u00e0s Drogas e a Viol\u00eancia (Proerd),<\/p>\n","protected":false},"author":12,"featured_media":897166,"comment_status":"closed","ping_status":"closed","sticky":false,"template":"","format":"standard","meta":{"_exactmetrics_skip_tracking":false,"_exactmetrics_sitenote_active":false,"_exactmetrics_sitenote_note":"","_exactmetrics_sitenote_category":0,"footnotes":""},"categories":[6],"tags":[],"yoast_head":"<!-- This site is optimized with the Yoast SEO plugin v22.0 - https:\/\/yoast.com\/wordpress\/plugins\/seo\/ -->\n<title>Come\u00e7a o XII Curso de Forma\u00e7\u00e3o de Instrutores Proerd na PMPB - Pol\u00edcia Militar da Para\u00edba<\/title>\n<meta name=\"robots\" content=\"index, follow, max-snippet:-1, max-image-preview:large, max-video-preview:-1\" \/>\n<link rel=\"canonical\" href=\"https:\/\/www.pm.pb.gov.br\/portal\/2018\/03\/06\/comeca-o-xii-curso-de-formacao-de-instrutores-proerd-na-pmpb\/\" \/>\n<meta property=\"og:locale\" content=\"pt_BR\" \/>\n<meta property=\"og:type\" content=\"article\" \/>\n<meta property=\"og:title\" content=\"Come\u00e7a o XII Curso de Forma\u00e7\u00e3o de Instrutores Proerd na PMPB - Pol\u00edcia Militar da Para\u00edba\" \/>\n<meta property=\"og:description\" content=\"Foi aberto o XII Curso de Forma\u00e7\u00e3o de Instrutores do Programa Educacional de Resist\u00eancia \u00e0s Drogas e a Viol\u00eancia (Proerd),\" \/>\n<meta property=\"og:url\" content=\"https:\/\/www.pm.pb.gov.br\/portal\/2018\/03\/06\/comeca-o-xii-curso-de-formacao-de-instrutores-proerd-na-pmpb\/\" \/>\n<meta property=\"og:site_name\" content=\"Pol\u00edcia Militar da Para\u00edba\" \/>\n<meta property=\"article:published_time\" content=\"2018-03-06T10:37:57+00:00\" \/>\n<meta property=\"article:modified_time\" content=\"2018-03-06T11:08:21+00:00\" \/>\n<meta property=\"og:image\" content=\"https:\/\/www.pm.pb.gov.br\/portal\/wp-content\/uploads\/2018\/03\/proerd.jpg\" \/>\n\t<meta property=\"og:image:width\" content=\"800\" \/>\n\t<meta property=\"og:image:height\" content=\"445\" \/>\n\t<meta property=\"og:image:type\" content=\"image\/jpeg\" \/>\n<meta name=\"author\" content=\"Tarcisio Oliveira\" \/>\n<meta name=\"twitter:card\" content=\"summary_large_image\" \/>\n<meta name=\"twitter:label1\" content=\"Escrito por\" \/>\n\t<meta name=\"twitter:data1\" content=\"Tarcisio Oliveira\" \/>\n\t<meta name=\"twitter:label2\" content=\"Est. tempo de leitura\" \/>\n\t<meta name=\"twitter:data2\" content=\"2 minutos\" \/>\n<script type=\"application\/ld+json\" class=\"yoast-schema-graph\">{\"@context\":\"https:\/\/schema.org\",\"@graph\":[{\"@type\":\"Article\",\"@id\":\"https:\/\/www.pm.pb.gov.br\/portal\/2018\/03\/06\/comeca-o-xii-curso-de-formacao-de-instrutores-proerd-na-pmpb\/#article\",\"isPartOf\":{\"@id\":\"https:\/\/www.pm.pb.gov.br\/portal\/2018\/03\/06\/comeca-o-xii-curso-de-formacao-de-instrutores-proerd-na-pmpb\/\"},\"author\":{\"name\":\"Tarcisio Oliveira\",\"@id\":\"https:\/\/www.pm.pb.gov.br\/portal\/#\/schema\/person\/f84f56dcc78ce4357054da888b8247fd\"},\"headline\":\"Come\u00e7a o XII Curso de Forma\u00e7\u00e3o de Instrutores Proerd na PMPB\",\"datePublished\":\"2018-03-06T10:37:57+00:00\",\"dateModified\":\"2018-03-06T11:08:21+00:00\",\"mainEntityOfPage\":{\"@id\":\"https:\/\/www.pm.pb.gov.br\/portal\/2018\/03\/06\/comeca-o-xii-curso-de-formacao-de-instrutores-proerd-na-pmpb\/\"},\"wordCount\":402,\"publisher\":{\"@id\":\"https:\/\/www.pm.pb.gov.br\/portal\/#organization\"},\"articleSection\":[\"Cursos\"],\"inLanguage\":\"pt-BR\"},{\"@type\":\"WebPage\",\"@id\":\"https:\/\/www.pm.pb.gov.br\/portal\/2018\/03\/06\/comeca-o-xii-curso-de-formacao-de-instrutores-proerd-na-pmpb\/\",\"url\":\"https:\/\/www.pm.pb.gov.br\/portal\/2018\/03\/06\/comeca-o-xii-curso-de-formacao-de-instrutores-proerd-na-pmpb\/\",\"name\":\"Come\u00e7a o XII Curso de Forma\u00e7\u00e3o de Instrutores Proerd na PMPB - Pol\u00edcia Militar da Para\u00edba\",\"isPartOf\":{\"@id\":\"https:\/\/www.pm.pb.gov.br\/portal\/#website\"},\"datePublished\":\"2018-03-06T10:37:57+00:00\",\"dateModified\":\"2018-03-06T11:08:21+00:00\",\"breadcrumb\":{\"@id\":\"https:\/\/www.pm.pb.gov.br\/portal\/2018\/03\/06\/comeca-o-xii-curso-de-formacao-de-instrutores-proerd-na-pmpb\/#breadcrumb\"},\"inLanguage\":\"pt-BR\",\"potentialAction\":[{\"@type\":\"ReadAction\",\"target\":[\"https:\/\/www.pm.pb.gov.br\/portal\/2018\/03\/06\/comeca-o-xii-curso-de-formacao-de-instrutores-proerd-na-pmpb\/\"]}]},{\"@type\":\"BreadcrumbList\",\"@id\":\"https:\/\/www.pm.pb.gov.br\/portal\/2018\/03\/06\/comeca-o-xii-curso-de-formacao-de-instrutores-proerd-na-pmpb\/#breadcrumb\",\"itemListElement\":[{\"@type\":\"ListItem\",\"position\":1,\"name\":\"In\u00edcio\",\"item\":\"https:\/\/www.pm.pb.gov.br\/portal\/\"},{\"@type\":\"ListItem\",\"position\":2,\"name\":\"Come\u00e7a o XII Curso de Forma\u00e7\u00e3o de Instrutores Proerd na PMPB\"}]},{\"@type\":\"WebSite\",\"@id\":\"https:\/\/www.pm.pb.gov.br\/portal\/#website\",\"url\":\"https:\/\/www.pm.pb.gov.br\/portal\/\",\"name\":\"Pol\u00edcia Militar da Para\u00edba\",\"description\":\"\",\"publisher\":{\"@id\":\"https:\/\/www.pm.pb.gov.br\/portal\/#organization\"},\"potentialAction\":[{\"@type\":\"SearchAction\",\"target\":{\"@type\":\"EntryPoint\",\"urlTemplate\":\"https:\/\/www.pm.pb.gov.br\/portal\/?s={search_term_string}\"},\"query-input\":\"required name=search_term_string\"}],\"inLanguage\":\"pt-BR\"},{\"@type\":\"Organization\",\"@id\":\"https:\/\/www.pm.pb.gov.br\/portal\/#organization\",\"name\":\"Pol\u00edcia Militar da Para\u00edba\",\"url\":\"https:\/\/www.pm.pb.gov.br\/portal\/\",\"logo\":{\"@type\":\"ImageObject\",\"inLanguage\":\"pt-BR\",\"@id\":\"https:\/\/www.pm.pb.gov.br\/portal\/#\/schema\/logo\/image\/\",\"url\":\"https:\/\/www.pm.pb.gov.br\/portal\/wp-content\/uploads\/2025\/03\/cropped-logo-site-mag2-1.png\",\"contentUrl\":\"https:\/\/www.pm.pb.gov.br\/portal\/wp-content\/uploads\/2025\/03\/cropped-logo-site-mag2-1.png\",\"width\":320,\"height\":90,\"caption\":\"Pol\u00edcia Militar da Para\u00edba\"},\"image\":{\"@id\":\"https:\/\/www.pm.pb.gov.br\/portal\/#\/schema\/logo\/image\/\"}},{\"@type\":\"Person\",\"@id\":\"https:\/\/www.pm.pb.gov.br\/portal\/#\/schema\/person\/f84f56dcc78ce4357054da888b8247fd\",\"name\":\"Tarcisio Oliveira\",\"image\":{\"@type\":\"ImageObject\",\"inLanguage\":\"pt-BR\",\"@id\":\"https:\/\/www.pm.pb.gov.br\/portal\/#\/schema\/person\/image\/\",\"url\":\"https:\/\/secure.gravatar.com\/avatar\/72917b630b69d31cd0297507f34bac97?s=96&d=mm&r=g\",\"contentUrl\":\"https:\/\/secure.gravatar.com\/avatar\/72917b630b69d31cd0297507f34bac97?s=96&d=mm&r=g\",\"caption\":\"Tarcisio Oliveira\"},\"url\":\"https:\/\/www.pm.pb.gov.br\/portal\/author\/tarcisio\/\"}]}<\/script>\n<!-- \/ Yoast SEO plugin. -->","yoast_head_json":{"title":"Come\u00e7a o XII Curso de Forma\u00e7\u00e3o de Instrutores Proerd na PMPB - Pol\u00edcia Militar da Para\u00edba","robots":{"index":"index","follow":"follow","max-snippet":"max-snippet:-1","max-image-preview":"max-image-preview:large","max-video-preview":"max-video-preview:-1"},"canonical":"https:\/\/www.pm.pb.gov.br\/portal\/2018\/03\/06\/comeca-o-xii-curso-de-formacao-de-instrutores-proerd-na-pmpb\/","og_locale":"pt_BR","og_type":"article","og_title":"Come\u00e7a o XII Curso de Forma\u00e7\u00e3o de Instrutores Proerd na PMPB - Pol\u00edcia Militar da Para\u00edba","og_description":"Foi aberto o XII Curso de Forma\u00e7\u00e3o de Instrutores do Programa Educacional de Resist\u00eancia \u00e0s Drogas e a Viol\u00eancia (Proerd),","og_url":"https:\/\/www.pm.pb.gov.br\/portal\/2018\/03\/06\/comeca-o-xii-curso-de-formacao-de-instrutores-proerd-na-pmpb\/","og_site_name":"Pol\u00edcia Militar da Para\u00edba","article_published_time":"2018-03-06T10:37:57+00:00","article_modified_time":"2018-03-06T11:08:21+00:00","og_image":[{"width":800,"height":445,"url":"https:\/\/www.pm.pb.gov.br\/portal\/wp-content\/uploads\/2018\/03\/proerd.jpg","type":"image\/jpeg"}],"author":"Tarcisio Oliveira","twitter_card":"summary_large_image","twitter_misc":{"Escrito por":"Tarcisio Oliveira","Est. tempo de leitura":"2 minutos"},"schema":{"@context":"https:\/\/schema.org","@graph":[{"@type":"Article","@id":"https:\/\/www.pm.pb.gov.br\/portal\/2018\/03\/06\/comeca-o-xii-curso-de-formacao-de-instrutores-proerd-na-pmpb\/#article","isPartOf":{"@id":"https:\/\/www.pm.pb.gov.br\/portal\/2018\/03\/06\/comeca-o-xii-curso-de-formacao-de-instrutores-proerd-na-pmpb\/"},"author":{"name":"Tarcisio Oliveira","@id":"https:\/\/www.pm.pb.gov.br\/portal\/#\/schema\/person\/f84f56dcc78ce4357054da888b8247fd"},"headline":"Come\u00e7a o XII Curso de Forma\u00e7\u00e3o de Instrutores Proerd na PMPB","datePublished":"2018-03-06T10:37:57+00:00","dateModified":"2018-03-06T11:08:21+00:00","mainEntityOfPage":{"@id":"https:\/\/www.pm.pb.gov.br\/portal\/2018\/03\/06\/comeca-o-xii-curso-de-formacao-de-instrutores-proerd-na-pmpb\/"},"wordCount":402,"publisher":{"@id":"https:\/\/www.pm.pb.gov.br\/portal\/#organization"},"articleSection":["Cursos"],"inLanguage":"pt-BR"},{"@type":"WebPage","@id":"https:\/\/www.pm.pb.gov.br\/portal\/2018\/03\/06\/comeca-o-xii-curso-de-formacao-de-instrutores-proerd-na-pmpb\/","url":"https:\/\/www.pm.pb.gov.br\/portal\/2018\/03\/06\/comeca-o-xii-curso-de-formacao-de-instrutores-proerd-na-pmpb\/","name":"Come\u00e7a o XII Curso de Forma\u00e7\u00e3o de Instrutores Proerd na PMPB - Pol\u00edcia Militar da Para\u00edba","isPartOf":{"@id":"https:\/\/www.pm.pb.gov.br\/portal\/#website"},"datePublished":"2018-03-06T10:37:57+00:00","dateModified":"2018-03-06T11:08:21+00:00","breadcrumb":{"@id":"https:\/\/www.pm.pb.gov.br\/portal\/2018\/03\/06\/comeca-o-xii-curso-de-formacao-de-instrutores-proerd-na-pmpb\/#breadcrumb"},"inLanguage":"pt-BR","potentialAction":[{"@type":"ReadAction","target":["https:\/\/www.pm.pb.gov.br\/portal\/2018\/03\/06\/comeca-o-xii-curso-de-formacao-de-instrutores-proerd-na-pmpb\/"]}]},{"@type":"BreadcrumbList","@id":"https:\/\/www.pm.pb.gov.br\/portal\/2018\/03\/06\/comeca-o-xii-curso-de-formacao-de-instrutores-proerd-na-pmpb\/#breadcrumb","itemListElement":[{"@type":"ListItem","position":1,"name":"In\u00edcio","item":"https:\/\/www.pm.pb.gov.br\/portal\/"},{"@type":"ListItem","position":2,"name":"Come\u00e7a o XII Curso de Forma\u00e7\u00e3o de Instrutores Proerd na PMPB"}]},{"@type":"WebSite","@id":"https:\/\/www.pm.pb.gov.br\/portal\/#website","url":"https:\/\/www.pm.pb.gov.br\/portal\/","name":"Pol\u00edcia Militar da Para\u00edba","description":"","publisher":{"@id":"https:\/\/www.pm.pb.gov.br\/portal\/#organization"},"potentialAction":[{"@type":"SearchAction","target":{"@type":"EntryPoint","urlTemplate":"https:\/\/www.pm.pb.gov.br\/portal\/?s={search_term_string}"},"query-input":"required name=search_term_string"}],"inLanguage":"pt-BR"},{"@type":"Organization","@id":"https:\/\/www.pm.pb.gov.br\/portal\/#organization","name":"Pol\u00edcia Militar da Para\u00edba","url":"https:\/\/www.pm.pb.gov.br\/portal\/","logo":{"@type":"ImageObject","inLanguage":"pt-BR","@id":"https:\/\/www.pm.pb.gov.br\/portal\/#\/schema\/logo\/image\/","url":"https:\/\/www.pm.pb.gov.br\/portal\/wp-content\/uploads\/2025\/03\/cropped-logo-site-mag2-1.png","contentUrl":"https:\/\/www.pm.pb.gov.br\/portal\/wp-content\/uploads\/2025\/03\/cropped-logo-site-mag2-1.png","width":320,"height":90,"caption":"Pol\u00edcia Militar da Para\u00edba"},"image":{"@id":"https:\/\/www.pm.pb.gov.br\/portal\/#\/schema\/logo\/image\/"}},{"@type":"Person","@id":"https:\/\/www.pm.pb.gov.br\/portal\/#\/schema\/person\/f84f56dcc78ce4357054da888b8247fd","name":"Tarcisio Oliveira","image":{"@type":"ImageObject","inLanguage":"pt-BR","@id":"https:\/\/www.pm.pb.gov.br\/portal\/#\/schema\/person\/image\/","url":"https:\/\/secure.gravatar.com\/avatar\/72917b630b69d31cd0297507f34bac97?s=96&d=mm&r=g","contentUrl":"https:\/\/secure.gravatar.com\/avatar\/72917b630b69d31cd0297507f34bac97?s=96&d=mm&r=g","caption":"Tarcisio Oliveira"},"url":"https:\/\/www.pm.pb.gov.br\/portal\/author\/tarcisio\/"}]}},"_links":{"self":[{"href":"https:\/\/www.pm.pb.gov.br\/portal\/wp-json\/wp\/v2\/posts\/897167"}],"collection":[{"href":"https:\/\/www.pm.pb.gov.br\/portal\/wp-json\/wp\/v2\/posts"}],"about":[{"href":"https:\/\/www.pm.pb.gov.br\/portal\/wp-json\/wp\/v2\/types\/post"}],"author":[{"embeddable":true,"href":"https:\/\/www.pm.pb.gov.br\/portal\/wp-json\/wp\/v2\/users\/12"}],"replies":[{"embeddable":true,"href":"https:\/\/www.pm.pb.gov.br\/portal\/wp-json\/wp\/v2\/comments?post=897167"}],"version-history":[{"count":3,"href":"https:\/\/www.pm.pb.gov.br\/portal\/wp-json\/wp\/v2\/posts\/897167\/revisions"}],"predecessor-version":[{"id":897170,"href":"https:\/\/www.pm.pb.gov.br\/portal\/wp-json\/wp\/v2\/posts\/897167\/revisions\/897170"}],"wp:featuredmedia":[{"embeddable":true,"href":"https:\/\/www.pm.pb.gov.br\/portal\/wp-json\/wp\/v2\/media\/897166"}],"wp:attachment":[{"href":"https:\/\/www.pm.pb.gov.br\/portal\/wp-json\/wp\/v2\/media?parent=897167"}],"wp:term":[{"taxonomy":"category","embeddable":true,"href":"https:\/\/www.pm.pb.gov.br\/portal\/wp-json\/wp\/v2\/categories?post=897167"},{"taxonomy":"post_tag","embeddable":true,"href":"https:\/\/www.pm.pb.gov.br\/portal\/wp-json\/wp\/v2\/tags?post=897167"}],"curies":[{"name":"wp","href":"https:\/\/api.w.org\/{rel}","templated":true}]}}