{"id":897163,"date":"2018-03-05T14:32:35","date_gmt":"2018-03-05T17:32:35","guid":{"rendered":"http:\/\/www.pm.pb.gov.br\/portal\/?p=897163"},"modified":"2018-03-05T14:32:35","modified_gmt":"2018-03-05T17:32:35","slug":"governo-anuncia-concurso-com-mil-vagas-para-a-area-da-seguranca-publica","status":"publish","type":"post","link":"https:\/\/www.pm.pb.gov.br\/portal\/2018\/03\/05\/governo-anuncia-concurso-com-mil-vagas-para-a-area-da-seguranca-publica\/","title":{"rendered":"Governo anuncia concurso com mil vagas para a \u00e1rea da Seguran\u00e7a P\u00fablica"},"content":{"rendered":"<p style=\"text-align: justify;\">O governador Ricardo Coutinho anunciou, nesta segunda-feira (5), a realiza\u00e7\u00e3o de mais um concurso p\u00fablico para a \u00e1rea da seguran\u00e7a. Ser\u00e3o oferecidas mil vagas para a Pol\u00edcia Militar. O edital do concurso, trazendo todos os detalhes, deve ser publicado no pr\u00f3ximo dia 23 de mar\u00e7o, no Di\u00e1rio Oficial do Estado. O an\u00fancio foi feito durante o programa Fala Governador, transmitido em cadeia estadual pela R\u00e1dio Tabajara.<\/p>\n<p style=\"text-align: justify;\">O governador garantiu que, entre os candidatos aprovados no concurso, 500 ser\u00e3o contratados ainda em 2018 e a outra parte ser\u00e1 contratada no pr\u00f3ximo ano. Ele ainda recordou que, nesta gest\u00e3o, somente na \u00e1rea da seguran\u00e7a, 5.761 profissionais foram contratados atrav\u00e9s de concurso p\u00fablico. Somando todas as \u00e1reas, o n\u00famero de concursados nomeados chega a mais de 14 mil.<\/p>\n<p style=\"text-align: justify;\">&#8220;Esse \u00e9 o Governo que mais investiu na profissionaliza\u00e7\u00e3o do servi\u00e7o p\u00fablico e que mais contratou servidores concursados, na verdade ultrapassamos os 14 mil nomeados em diversas \u00e1reas. Especificamente na \u00e1rea da seguran\u00e7a foram 2.241 nomeados para a Pol\u00edcia Militar, 256 para o Corpo de Bombeiros, 980 para a Pol\u00edcia Civil e 2.284 agentes penitenci\u00e1rios&#8221;, afirmou Ricardo Coutinho.<\/p>\n<p style=\"text-align: justify;\">O governador acrescentou que a a\u00e7\u00e3o faz parte de um grande planejamento dentro da pol\u00edtica p\u00fablica de seguran\u00e7a que tem trazido para o Estado e para a popula\u00e7\u00e3o indicadores positivos, \u201cpor isso \u00e9 com muita honra que anuncio a realiza\u00e7\u00e3o de mais um concurso p\u00fablico. A seguran\u00e7a na Para\u00edba tamb\u00e9m \u00e9 prioridade\u201d, pontuou.<\/p>\n<p style=\"text-align: justify;\">O concurso mais recente realizado pelo Governo do Estado ofertou mil vagas para o magist\u00e9rio e contou com mais de 28 mil inscritos. Todos os aprovados foram empossados pelo governador Ricardo Coutinho no dia 5 de fevereiro, em solenidade realizada no Espa\u00e7o Cultural, em Jo\u00e3o Pessoa, e j\u00e1 est\u00e3o nas salas de aula da rede estadual de ensino.<\/p>\n","protected":false},"excerpt":{"rendered":"<p>O governador Ricardo Coutinho anunciou, nesta segunda-feira (5), a realiza\u00e7\u00e3o de mais um concurso p\u00fablico para a \u00e1rea da seguran\u00e7a.<\/p>\n","protected":false},"author":15,"featured_media":897164,"comment_status":"closed","ping_status":"closed","sticky":false,"template":"","format":"standard","meta":{"_exactmetrics_skip_tracking":false,"_exactmetrics_sitenote_active":false,"_exactmetrics_sitenote_note":"","_exactmetrics_sitenote_category":0,"footnotes":""},"categories":[6],"tags":[],"yoast_head":"<!-- This site is optimized with the Yoast SEO plugin v22.0 - https:\/\/yoast.com\/wordpress\/plugins\/seo\/ -->\n<title>Governo anuncia concurso com mil vagas para a \u00e1rea da Seguran\u00e7a P\u00fablica - Pol\u00edcia Militar da Para\u00edba<\/title>\n<meta name=\"robots\" content=\"index, follow, max-snippet:-1, max-image-preview:large, max-video-preview:-1\" \/>\n<link rel=\"canonical\" href=\"https:\/\/www.pm.pb.gov.br\/portal\/2018\/03\/05\/governo-anuncia-concurso-com-mil-vagas-para-a-area-da-seguranca-publica\/\" \/>\n<meta property=\"og:locale\" content=\"pt_BR\" \/>\n<meta property=\"og:type\" content=\"article\" \/>\n<meta property=\"og:title\" content=\"Governo anuncia concurso com mil vagas para a \u00e1rea da Seguran\u00e7a P\u00fablica - Pol\u00edcia Militar da Para\u00edba\" \/>\n<meta property=\"og:description\" content=\"O governador Ricardo Coutinho anunciou, nesta segunda-feira (5), a realiza\u00e7\u00e3o de mais um concurso p\u00fablico para a \u00e1rea da seguran\u00e7a.\" \/>\n<meta property=\"og:url\" content=\"https:\/\/www.pm.pb.gov.br\/portal\/2018\/03\/05\/governo-anuncia-concurso-com-mil-vagas-para-a-area-da-seguranca-publica\/\" \/>\n<meta property=\"og:site_name\" content=\"Pol\u00edcia Militar da Para\u00edba\" \/>\n<meta property=\"article:published_time\" content=\"2018-03-05T17:32:35+00:00\" \/>\n<meta property=\"og:image\" content=\"https:\/\/www.pm.pb.gov.br\/portal\/wp-content\/uploads\/2018\/03\/CFSD.jpg\" \/>\n\t<meta property=\"og:image:width\" content=\"800\" \/>\n\t<meta property=\"og:image:height\" content=\"450\" \/>\n\t<meta property=\"og:image:type\" content=\"image\/jpeg\" \/>\n<meta name=\"author\" content=\"Marcio Gomes dos Santos\" \/>\n<meta name=\"twitter:card\" content=\"summary_large_image\" \/>\n<meta name=\"twitter:label1\" content=\"Escrito por\" \/>\n\t<meta name=\"twitter:data1\" content=\"Marcio Gomes dos Santos\" \/>\n\t<meta name=\"twitter:label2\" content=\"Est. tempo de leitura\" \/>\n\t<meta name=\"twitter:data2\" content=\"2 minutos\" \/>\n<script type=\"application\/ld+json\" class=\"yoast-schema-graph\">{\"@context\":\"https:\/\/schema.org\",\"@graph\":[{\"@type\":\"Article\",\"@id\":\"https:\/\/www.pm.pb.gov.br\/portal\/2018\/03\/05\/governo-anuncia-concurso-com-mil-vagas-para-a-area-da-seguranca-publica\/#article\",\"isPartOf\":{\"@id\":\"https:\/\/www.pm.pb.gov.br\/portal\/2018\/03\/05\/governo-anuncia-concurso-com-mil-vagas-para-a-area-da-seguranca-publica\/\"},\"author\":{\"name\":\"Marcio Gomes dos Santos\",\"@id\":\"https:\/\/www.pm.pb.gov.br\/portal\/#\/schema\/person\/30d571652b38533c2211e4e89bf5a502\"},\"headline\":\"Governo anuncia concurso com mil vagas para a \u00e1rea da Seguran\u00e7a P\u00fablica\",\"datePublished\":\"2018-03-05T17:32:35+00:00\",\"dateModified\":\"2018-03-05T17:32:35+00:00\",\"mainEntityOfPage\":{\"@id\":\"https:\/\/www.pm.pb.gov.br\/portal\/2018\/03\/05\/governo-anuncia-concurso-com-mil-vagas-para-a-area-da-seguranca-publica\/\"},\"wordCount\":330,\"publisher\":{\"@id\":\"https:\/\/www.pm.pb.gov.br\/portal\/#organization\"},\"articleSection\":[\"Cursos\"],\"inLanguage\":\"pt-BR\"},{\"@type\":\"WebPage\",\"@id\":\"https:\/\/www.pm.pb.gov.br\/portal\/2018\/03\/05\/governo-anuncia-concurso-com-mil-vagas-para-a-area-da-seguranca-publica\/\",\"url\":\"https:\/\/www.pm.pb.gov.br\/portal\/2018\/03\/05\/governo-anuncia-concurso-com-mil-vagas-para-a-area-da-seguranca-publica\/\",\"name\":\"Governo anuncia concurso com mil vagas para a \u00e1rea da Seguran\u00e7a P\u00fablica - Pol\u00edcia Militar da Para\u00edba\",\"isPartOf\":{\"@id\":\"https:\/\/www.pm.pb.gov.br\/portal\/#website\"},\"datePublished\":\"2018-03-05T17:32:35+00:00\",\"dateModified\":\"2018-03-05T17:32:35+00:00\",\"breadcrumb\":{\"@id\":\"https:\/\/www.pm.pb.gov.br\/portal\/2018\/03\/05\/governo-anuncia-concurso-com-mil-vagas-para-a-area-da-seguranca-publica\/#breadcrumb\"},\"inLanguage\":\"pt-BR\",\"potentialAction\":[{\"@type\":\"ReadAction\",\"target\":[\"https:\/\/www.pm.pb.gov.br\/portal\/2018\/03\/05\/governo-anuncia-concurso-com-mil-vagas-para-a-area-da-seguranca-publica\/\"]}]},{\"@type\":\"BreadcrumbList\",\"@id\":\"https:\/\/www.pm.pb.gov.br\/portal\/2018\/03\/05\/governo-anuncia-concurso-com-mil-vagas-para-a-area-da-seguranca-publica\/#breadcrumb\",\"itemListElement\":[{\"@type\":\"ListItem\",\"position\":1,\"name\":\"In\u00edcio\",\"item\":\"https:\/\/www.pm.pb.gov.br\/portal\/\"},{\"@type\":\"ListItem\",\"position\":2,\"name\":\"Governo anuncia concurso com mil vagas para a \u00e1rea da Seguran\u00e7a P\u00fablica\"}]},{\"@type\":\"WebSite\",\"@id\":\"https:\/\/www.pm.pb.gov.br\/portal\/#website\",\"url\":\"https:\/\/www.pm.pb.gov.br\/portal\/\",\"name\":\"Pol\u00edcia Militar da Para\u00edba\",\"description\":\"\",\"publisher\":{\"@id\":\"https:\/\/www.pm.pb.gov.br\/portal\/#organization\"},\"potentialAction\":[{\"@type\":\"SearchAction\",\"target\":{\"@type\":\"EntryPoint\",\"urlTemplate\":\"https:\/\/www.pm.pb.gov.br\/portal\/?s={search_term_string}\"},\"query-input\":\"required name=search_term_string\"}],\"inLanguage\":\"pt-BR\"},{\"@type\":\"Organization\",\"@id\":\"https:\/\/www.pm.pb.gov.br\/portal\/#organization\",\"name\":\"Pol\u00edcia Militar da Para\u00edba\",\"url\":\"https:\/\/www.pm.pb.gov.br\/portal\/\",\"logo\":{\"@type\":\"ImageObject\",\"inLanguage\":\"pt-BR\",\"@id\":\"https:\/\/www.pm.pb.gov.br\/portal\/#\/schema\/logo\/image\/\",\"url\":\"https:\/\/www.pm.pb.gov.br\/portal\/wp-content\/uploads\/2025\/03\/cropped-logo-site-mag2-1.png\",\"contentUrl\":\"https:\/\/www.pm.pb.gov.br\/portal\/wp-content\/uploads\/2025\/03\/cropped-logo-site-mag2-1.png\",\"width\":320,\"height\":90,\"caption\":\"Pol\u00edcia Militar da Para\u00edba\"},\"image\":{\"@id\":\"https:\/\/www.pm.pb.gov.br\/portal\/#\/schema\/logo\/image\/\"}},{\"@type\":\"Person\",\"@id\":\"https:\/\/www.pm.pb.gov.br\/portal\/#\/schema\/person\/30d571652b38533c2211e4e89bf5a502\",\"name\":\"Marcio Gomes dos Santos\",\"image\":{\"@type\":\"ImageObject\",\"inLanguage\":\"pt-BR\",\"@id\":\"https:\/\/www.pm.pb.gov.br\/portal\/#\/schema\/person\/image\/\",\"url\":\"https:\/\/secure.gravatar.com\/avatar\/cf4ec2cb690101e1581c7773aa350c19?s=96&d=mm&r=g\",\"contentUrl\":\"https:\/\/secure.gravatar.com\/avatar\/cf4ec2cb690101e1581c7773aa350c19?s=96&d=mm&r=g\",\"caption\":\"Marcio Gomes dos Santos\"},\"url\":\"https:\/\/www.pm.pb.gov.br\/portal\/author\/mgomes\/\"}]}<\/script>\n<!-- \/ Yoast SEO plugin. -->","yoast_head_json":{"title":"Governo anuncia concurso com mil vagas para a \u00e1rea da Seguran\u00e7a P\u00fablica - Pol\u00edcia Militar da Para\u00edba","robots":{"index":"index","follow":"follow","max-snippet":"max-snippet:-1","max-image-preview":"max-image-preview:large","max-video-preview":"max-video-preview:-1"},"canonical":"https:\/\/www.pm.pb.gov.br\/portal\/2018\/03\/05\/governo-anuncia-concurso-com-mil-vagas-para-a-area-da-seguranca-publica\/","og_locale":"pt_BR","og_type":"article","og_title":"Governo anuncia concurso com mil vagas para a \u00e1rea da Seguran\u00e7a P\u00fablica - Pol\u00edcia Militar da Para\u00edba","og_description":"O governador Ricardo Coutinho anunciou, nesta segunda-feira (5), a realiza\u00e7\u00e3o de mais um concurso p\u00fablico para a \u00e1rea da seguran\u00e7a.","og_url":"https:\/\/www.pm.pb.gov.br\/portal\/2018\/03\/05\/governo-anuncia-concurso-com-mil-vagas-para-a-area-da-seguranca-publica\/","og_site_name":"Pol\u00edcia Militar da Para\u00edba","article_published_time":"2018-03-05T17:32:35+00:00","og_image":[{"width":800,"height":450,"url":"https:\/\/www.pm.pb.gov.br\/portal\/wp-content\/uploads\/2018\/03\/CFSD.jpg","type":"image\/jpeg"}],"author":"Marcio Gomes dos Santos","twitter_card":"summary_large_image","twitter_misc":{"Escrito por":"Marcio Gomes dos Santos","Est. tempo de leitura":"2 minutos"},"schema":{"@context":"https:\/\/schema.org","@graph":[{"@type":"Article","@id":"https:\/\/www.pm.pb.gov.br\/portal\/2018\/03\/05\/governo-anuncia-concurso-com-mil-vagas-para-a-area-da-seguranca-publica\/#article","isPartOf":{"@id":"https:\/\/www.pm.pb.gov.br\/portal\/2018\/03\/05\/governo-anuncia-concurso-com-mil-vagas-para-a-area-da-seguranca-publica\/"},"author":{"name":"Marcio Gomes dos Santos","@id":"https:\/\/www.pm.pb.gov.br\/portal\/#\/schema\/person\/30d571652b38533c2211e4e89bf5a502"},"headline":"Governo anuncia concurso com mil vagas para a \u00e1rea da Seguran\u00e7a P\u00fablica","datePublished":"2018-03-05T17:32:35+00:00","dateModified":"2018-03-05T17:32:35+00:00","mainEntityOfPage":{"@id":"https:\/\/www.pm.pb.gov.br\/portal\/2018\/03\/05\/governo-anuncia-concurso-com-mil-vagas-para-a-area-da-seguranca-publica\/"},"wordCount":330,"publisher":{"@id":"https:\/\/www.pm.pb.gov.br\/portal\/#organization"},"articleSection":["Cursos"],"inLanguage":"pt-BR"},{"@type":"WebPage","@id":"https:\/\/www.pm.pb.gov.br\/portal\/2018\/03\/05\/governo-anuncia-concurso-com-mil-vagas-para-a-area-da-seguranca-publica\/","url":"https:\/\/www.pm.pb.gov.br\/portal\/2018\/03\/05\/governo-anuncia-concurso-com-mil-vagas-para-a-area-da-seguranca-publica\/","name":"Governo anuncia concurso com mil vagas para a \u00e1rea da Seguran\u00e7a P\u00fablica - Pol\u00edcia Militar da Para\u00edba","isPartOf":{"@id":"https:\/\/www.pm.pb.gov.br\/portal\/#website"},"datePublished":"2018-03-05T17:32:35+00:00","dateModified":"2018-03-05T17:32:35+00:00","breadcrumb":{"@id":"https:\/\/www.pm.pb.gov.br\/portal\/2018\/03\/05\/governo-anuncia-concurso-com-mil-vagas-para-a-area-da-seguranca-publica\/#breadcrumb"},"inLanguage":"pt-BR","potentialAction":[{"@type":"ReadAction","target":["https:\/\/www.pm.pb.gov.br\/portal\/2018\/03\/05\/governo-anuncia-concurso-com-mil-vagas-para-a-area-da-seguranca-publica\/"]}]},{"@type":"BreadcrumbList","@id":"https:\/\/www.pm.pb.gov.br\/portal\/2018\/03\/05\/governo-anuncia-concurso-com-mil-vagas-para-a-area-da-seguranca-publica\/#breadcrumb","itemListElement":[{"@type":"ListItem","position":1,"name":"In\u00edcio","item":"https:\/\/www.pm.pb.gov.br\/portal\/"},{"@type":"ListItem","position":2,"name":"Governo anuncia concurso com mil vagas para a \u00e1rea da Seguran\u00e7a P\u00fablica"}]},{"@type":"WebSite","@id":"https:\/\/www.pm.pb.gov.br\/portal\/#website","url":"https:\/\/www.pm.pb.gov.br\/portal\/","name":"Pol\u00edcia Militar da Para\u00edba","description":"","publisher":{"@id":"https:\/\/www.pm.pb.gov.br\/portal\/#organization"},"potentialAction":[{"@type":"SearchAction","target":{"@type":"EntryPoint","urlTemplate":"https:\/\/www.pm.pb.gov.br\/portal\/?s={search_term_string}"},"query-input":"required name=search_term_string"}],"inLanguage":"pt-BR"},{"@type":"Organization","@id":"https:\/\/www.pm.pb.gov.br\/portal\/#organization","name":"Pol\u00edcia Militar da Para\u00edba","url":"https:\/\/www.pm.pb.gov.br\/portal\/","logo":{"@type":"ImageObject","inLanguage":"pt-BR","@id":"https:\/\/www.pm.pb.gov.br\/portal\/#\/schema\/logo\/image\/","url":"https:\/\/www.pm.pb.gov.br\/portal\/wp-content\/uploads\/2025\/03\/cropped-logo-site-mag2-1.png","contentUrl":"https:\/\/www.pm.pb.gov.br\/portal\/wp-content\/uploads\/2025\/03\/cropped-logo-site-mag2-1.png","width":320,"height":90,"caption":"Pol\u00edcia Militar da Para\u00edba"},"image":{"@id":"https:\/\/www.pm.pb.gov.br\/portal\/#\/schema\/logo\/image\/"}},{"@type":"Person","@id":"https:\/\/www.pm.pb.gov.br\/portal\/#\/schema\/person\/30d571652b38533c2211e4e89bf5a502","name":"Marcio Gomes dos Santos","image":{"@type":"ImageObject","inLanguage":"pt-BR","@id":"https:\/\/www.pm.pb.gov.br\/portal\/#\/schema\/person\/image\/","url":"https:\/\/secure.gravatar.com\/avatar\/cf4ec2cb690101e1581c7773aa350c19?s=96&d=mm&r=g","contentUrl":"https:\/\/secure.gravatar.com\/avatar\/cf4ec2cb690101e1581c7773aa350c19?s=96&d=mm&r=g","caption":"Marcio Gomes dos Santos"},"url":"https:\/\/www.pm.pb.gov.br\/portal\/author\/mgomes\/"}]}},"_links":{"self":[{"href":"https:\/\/www.pm.pb.gov.br\/portal\/wp-json\/wp\/v2\/posts\/897163"}],"collection":[{"href":"https:\/\/www.pm.pb.gov.br\/portal\/wp-json\/wp\/v2\/posts"}],"about":[{"href":"https:\/\/www.pm.pb.gov.br\/portal\/wp-json\/wp\/v2\/types\/post"}],"author":[{"embeddable":true,"href":"https:\/\/www.pm.pb.gov.br\/portal\/wp-json\/wp\/v2\/users\/15"}],"replies":[{"embeddable":true,"href":"https:\/\/www.pm.pb.gov.br\/portal\/wp-json\/wp\/v2\/comments?post=897163"}],"version-history":[{"count":1,"href":"https:\/\/www.pm.pb.gov.br\/portal\/wp-json\/wp\/v2\/posts\/897163\/revisions"}],"predecessor-version":[{"id":897165,"href":"https:\/\/www.pm.pb.gov.br\/portal\/wp-json\/wp\/v2\/posts\/897163\/revisions\/897165"}],"wp:featuredmedia":[{"embeddable":true,"href":"https:\/\/www.pm.pb.gov.br\/portal\/wp-json\/wp\/v2\/media\/897164"}],"wp:attachment":[{"href":"https:\/\/www.pm.pb.gov.br\/portal\/wp-json\/wp\/v2\/media?parent=897163"}],"wp:term":[{"taxonomy":"category","embeddable":true,"href":"https:\/\/www.pm.pb.gov.br\/portal\/wp-json\/wp\/v2\/categories?post=897163"},{"taxonomy":"post_tag","embeddable":true,"href":"https:\/\/www.pm.pb.gov.br\/portal\/wp-json\/wp\/v2\/tags?post=897163"}],"curies":[{"name":"wp","href":"https:\/\/api.w.org\/{rel}","templated":true}]}}