{"id":897114,"date":"2018-02-28T16:43:36","date_gmt":"2018-02-28T19:43:36","guid":{"rendered":"http:\/\/www.pm.pb.gov.br\/portal\/?p=897114"},"modified":"2018-02-28T16:43:36","modified_gmt":"2018-02-28T19:43:36","slug":"em-4-horas-policia-militar-apreende-seis-armas-de-fogo-durante-acoes-nesta-quarta-feira","status":"publish","type":"post","link":"https:\/\/www.pm.pb.gov.br\/portal\/2018\/02\/28\/em-4-horas-policia-militar-apreende-seis-armas-de-fogo-durante-acoes-nesta-quarta-feira\/","title":{"rendered":"Em 4 horas, Pol\u00edcia Militar apreende seis armas de fogo durante a\u00e7\u00f5es nesta quarta-feira"},"content":{"rendered":"<p style=\"text-align: justify;\">Duas armas apreendidas em Jo\u00e3o Pessoa, duas em Ing\u00e1, uma em Bayeux e uma em Santa Rita. Esse \u00e9 resultado das a\u00e7\u00f5es da Pol\u00edcia Militar em um intervalo de apenas quatro horas, nesta quarta-feira (28). No total, 10 suspeitos foram conduzidos at\u00e9 as delegacias.<\/p>\n<p style=\"text-align: justify;\">A primeira arma apreendida, um rev\u00f3lver calibre 32, estava em poder de um suspeito de 21 anos, que foi abordado pela For\u00e7a T\u00e1tica da 4\u00aa Companhia Independente, \u00e0s 11h30, no bairro do Sesi, em Bayeux. O acusado tamb\u00e9m estava com v\u00e1rios papelotes de maconha.<\/p>\n<p style=\"text-align: justify;\">No come\u00e7o da tarde, no bairro de Cruz das Armas, em Jo\u00e3o Pessoa, dois suspeitos, de 43 e 25 anos, foram abordados pela For\u00e7a Regional em um carro e flagrados com um rev\u00f3lver calibre 38. A pol\u00edcia investiga se eles estariam planejando \u2018saidinhas de banco\u2019 no local, que ficava entre as principais ag\u00eancias do bairro.<\/p>\n<p style=\"text-align: justify;\"><img loading=\"lazy\" decoding=\"async\" class=\" wp-image-897116 alignright\" src=\"http:\/\/www.pm.pb.gov.br\/portal\/wp-content\/uploads\/2018\/02\/policia-apreende-armas-de-fogo-1-334x445.jpg\" alt=\"\" width=\"182\" height=\"242\" srcset=\"https:\/\/www.pm.pb.gov.br\/portal\/wp-content\/uploads\/2018\/02\/policia-apreende-armas-de-fogo-1-334x445.jpg 334w, https:\/\/www.pm.pb.gov.br\/portal\/wp-content\/uploads\/2018\/02\/policia-apreende-armas-de-fogo-1-768x1024.jpg 768w, https:\/\/www.pm.pb.gov.br\/portal\/wp-content\/uploads\/2018\/02\/policia-apreende-armas-de-fogo-1-428x570.jpg 428w, https:\/\/www.pm.pb.gov.br\/portal\/wp-content\/uploads\/2018\/02\/policia-apreende-armas-de-fogo-1.jpg 864w\" sizes=\"(max-width: 182px) 100vw, 182px\" \/>Simultaneamente, na avenida Diogo Velho, no centro da capital, policiais da For\u00e7a T\u00e1tica do 1\u00ba Batalh\u00e3o interceptaram um carro com cinco homens e encontraram um deles, de 19 anos, com um rev\u00f3lver calibre 38. H\u00e1 suspeitas de que o grupo estaria se preparando para assaltar a casa lot\u00e9rica que fica na mesma avenida, mas o crime foi frustrado pela PM. Todos cinco foram levados para a Central de Pol\u00edcia Civil.<\/p>\n<p style=\"text-align: justify;\">Na cidade de Ing\u00e1, que fica a 100 km da capital, policiais da 3\u00aa Companhia do 8\u00ba Batalh\u00e3o apreenderam um rev\u00f3lver e uma espingarda com um suspeito de 31 anos, por volta das 15h.<\/p>\n<p style=\"text-align: justify;\">Meia hora depois, a For\u00e7a T\u00e1tica do 7\u00ba Batalh\u00e3o apreendeu um adolescente, de 14 anos, com um rev\u00f3lver calibre 38, dentro de um beco do bairro V\u00e1rzea Nova, em Santa Rita. A arma estava com muni\u00e7\u00f5es intactas, mas a PM recebeu den\u00fancias de que o jovem costumava atirar para o alto para intimidar moradores do bairro.<\/p>\n<p style=\"text-align: justify;\"><strong>Trabalho, produ\u00e7\u00e3o e resultado<\/strong> \u2013 As a\u00e7\u00f5es da Pol\u00edcia Militar desta quarta-feira come\u00e7aram com a apreens\u00e3o de 17 kg de maconha, no bairro do Renascer I, em Jo\u00e3o Pessoa. A droga foi encontrada por policiais da For\u00e7a T\u00e1tica do 1\u00ba Batalh\u00e3o em uma mata, que servia como ponto de distribui\u00e7\u00e3o de entorpecentes. Os suspeitos de atuar no local conseguiram fugir, mas j\u00e1 foram todos identificados.<\/p>\n<p style=\"text-align: justify;\">As a\u00e7\u00f5es da Pol\u00edcia Militar continuar\u00e3o nas pr\u00f3ximas horas, quando dever\u00e3o ocorrer mais pris\u00f5es.<\/p>\n","protected":false},"excerpt":{"rendered":"<p>Duas armas apreendidas em Jo\u00e3o Pessoa, duas em Ing\u00e1, uma em Bayeux e uma em Santa Rita. Esse \u00e9 resultado<\/p>\n","protected":false},"author":15,"featured_media":897115,"comment_status":"closed","ping_status":"closed","sticky":false,"template":"","format":"standard","meta":{"_exactmetrics_skip_tracking":false,"_exactmetrics_sitenote_active":false,"_exactmetrics_sitenote_note":"","_exactmetrics_sitenote_category":0,"footnotes":""},"categories":[4],"tags":[],"yoast_head":"<!-- This site is optimized with the Yoast SEO plugin v22.0 - https:\/\/yoast.com\/wordpress\/plugins\/seo\/ -->\n<title>Em 4 horas, Pol\u00edcia Militar apreende seis armas de fogo durante a\u00e7\u00f5es nesta quarta-feira - Pol\u00edcia Militar da Para\u00edba<\/title>\n<meta name=\"robots\" content=\"index, follow, max-snippet:-1, max-image-preview:large, max-video-preview:-1\" \/>\n<link rel=\"canonical\" href=\"https:\/\/www.pm.pb.gov.br\/portal\/2018\/02\/28\/em-4-horas-policia-militar-apreende-seis-armas-de-fogo-durante-acoes-nesta-quarta-feira\/\" \/>\n<meta property=\"og:locale\" content=\"pt_BR\" \/>\n<meta property=\"og:type\" content=\"article\" \/>\n<meta property=\"og:title\" content=\"Em 4 horas, Pol\u00edcia Militar apreende seis armas de fogo durante a\u00e7\u00f5es nesta quarta-feira - Pol\u00edcia Militar da Para\u00edba\" \/>\n<meta property=\"og:description\" content=\"Duas armas apreendidas em Jo\u00e3o Pessoa, duas em Ing\u00e1, uma em Bayeux e uma em Santa Rita. Esse \u00e9 resultado\" \/>\n<meta property=\"og:url\" content=\"https:\/\/www.pm.pb.gov.br\/portal\/2018\/02\/28\/em-4-horas-policia-militar-apreende-seis-armas-de-fogo-durante-acoes-nesta-quarta-feira\/\" \/>\n<meta property=\"og:site_name\" content=\"Pol\u00edcia Militar da Para\u00edba\" \/>\n<meta property=\"article:published_time\" content=\"2018-02-28T19:43:36+00:00\" \/>\n<meta property=\"og:image\" content=\"https:\/\/www.pm.pb.gov.br\/portal\/wp-content\/uploads\/2018\/02\/policia-apreende-armas-de-fogo.28.02.18.jpg\" \/>\n\t<meta property=\"og:image:width\" content=\"800\" \/>\n\t<meta property=\"og:image:height\" content=\"445\" \/>\n\t<meta property=\"og:image:type\" content=\"image\/jpeg\" \/>\n<meta name=\"author\" content=\"Marcio Gomes dos Santos\" \/>\n<meta name=\"twitter:card\" content=\"summary_large_image\" \/>\n<meta name=\"twitter:label1\" content=\"Escrito por\" \/>\n\t<meta name=\"twitter:data1\" content=\"Marcio Gomes dos Santos\" \/>\n\t<meta name=\"twitter:label2\" content=\"Est. tempo de leitura\" \/>\n\t<meta name=\"twitter:data2\" content=\"2 minutos\" \/>\n<script type=\"application\/ld+json\" class=\"yoast-schema-graph\">{\"@context\":\"https:\/\/schema.org\",\"@graph\":[{\"@type\":\"Article\",\"@id\":\"https:\/\/www.pm.pb.gov.br\/portal\/2018\/02\/28\/em-4-horas-policia-militar-apreende-seis-armas-de-fogo-durante-acoes-nesta-quarta-feira\/#article\",\"isPartOf\":{\"@id\":\"https:\/\/www.pm.pb.gov.br\/portal\/2018\/02\/28\/em-4-horas-policia-militar-apreende-seis-armas-de-fogo-durante-acoes-nesta-quarta-feira\/\"},\"author\":{\"name\":\"Marcio Gomes dos Santos\",\"@id\":\"https:\/\/www.pm.pb.gov.br\/portal\/#\/schema\/person\/30d571652b38533c2211e4e89bf5a502\"},\"headline\":\"Em 4 horas, Pol\u00edcia Militar apreende seis armas de fogo durante a\u00e7\u00f5es nesta quarta-feira\",\"datePublished\":\"2018-02-28T19:43:36+00:00\",\"dateModified\":\"2018-02-28T19:43:36+00:00\",\"mainEntityOfPage\":{\"@id\":\"https:\/\/www.pm.pb.gov.br\/portal\/2018\/02\/28\/em-4-horas-policia-militar-apreende-seis-armas-de-fogo-durante-acoes-nesta-quarta-feira\/\"},\"wordCount\":420,\"publisher\":{\"@id\":\"https:\/\/www.pm.pb.gov.br\/portal\/#organization\"},\"articleSection\":[\"A\u00e7\u00f5es Policiais\"],\"inLanguage\":\"pt-BR\"},{\"@type\":\"WebPage\",\"@id\":\"https:\/\/www.pm.pb.gov.br\/portal\/2018\/02\/28\/em-4-horas-policia-militar-apreende-seis-armas-de-fogo-durante-acoes-nesta-quarta-feira\/\",\"url\":\"https:\/\/www.pm.pb.gov.br\/portal\/2018\/02\/28\/em-4-horas-policia-militar-apreende-seis-armas-de-fogo-durante-acoes-nesta-quarta-feira\/\",\"name\":\"Em 4 horas, Pol\u00edcia Militar apreende seis armas de fogo durante a\u00e7\u00f5es nesta quarta-feira - Pol\u00edcia Militar da Para\u00edba\",\"isPartOf\":{\"@id\":\"https:\/\/www.pm.pb.gov.br\/portal\/#website\"},\"datePublished\":\"2018-02-28T19:43:36+00:00\",\"dateModified\":\"2018-02-28T19:43:36+00:00\",\"breadcrumb\":{\"@id\":\"https:\/\/www.pm.pb.gov.br\/portal\/2018\/02\/28\/em-4-horas-policia-militar-apreende-seis-armas-de-fogo-durante-acoes-nesta-quarta-feira\/#breadcrumb\"},\"inLanguage\":\"pt-BR\",\"potentialAction\":[{\"@type\":\"ReadAction\",\"target\":[\"https:\/\/www.pm.pb.gov.br\/portal\/2018\/02\/28\/em-4-horas-policia-militar-apreende-seis-armas-de-fogo-durante-acoes-nesta-quarta-feira\/\"]}]},{\"@type\":\"BreadcrumbList\",\"@id\":\"https:\/\/www.pm.pb.gov.br\/portal\/2018\/02\/28\/em-4-horas-policia-militar-apreende-seis-armas-de-fogo-durante-acoes-nesta-quarta-feira\/#breadcrumb\",\"itemListElement\":[{\"@type\":\"ListItem\",\"position\":1,\"name\":\"In\u00edcio\",\"item\":\"https:\/\/www.pm.pb.gov.br\/portal\/\"},{\"@type\":\"ListItem\",\"position\":2,\"name\":\"Em 4 horas, Pol\u00edcia Militar apreende seis armas de fogo durante a\u00e7\u00f5es nesta quarta-feira\"}]},{\"@type\":\"WebSite\",\"@id\":\"https:\/\/www.pm.pb.gov.br\/portal\/#website\",\"url\":\"https:\/\/www.pm.pb.gov.br\/portal\/\",\"name\":\"Pol\u00edcia Militar da Para\u00edba\",\"description\":\"\",\"publisher\":{\"@id\":\"https:\/\/www.pm.pb.gov.br\/portal\/#organization\"},\"potentialAction\":[{\"@type\":\"SearchAction\",\"target\":{\"@type\":\"EntryPoint\",\"urlTemplate\":\"https:\/\/www.pm.pb.gov.br\/portal\/?s={search_term_string}\"},\"query-input\":\"required name=search_term_string\"}],\"inLanguage\":\"pt-BR\"},{\"@type\":\"Organization\",\"@id\":\"https:\/\/www.pm.pb.gov.br\/portal\/#organization\",\"name\":\"Pol\u00edcia Militar da Para\u00edba\",\"url\":\"https:\/\/www.pm.pb.gov.br\/portal\/\",\"logo\":{\"@type\":\"ImageObject\",\"inLanguage\":\"pt-BR\",\"@id\":\"https:\/\/www.pm.pb.gov.br\/portal\/#\/schema\/logo\/image\/\",\"url\":\"https:\/\/www.pm.pb.gov.br\/portal\/wp-content\/uploads\/2025\/03\/cropped-logo-site-mag2-1.png\",\"contentUrl\":\"https:\/\/www.pm.pb.gov.br\/portal\/wp-content\/uploads\/2025\/03\/cropped-logo-site-mag2-1.png\",\"width\":320,\"height\":90,\"caption\":\"Pol\u00edcia Militar da Para\u00edba\"},\"image\":{\"@id\":\"https:\/\/www.pm.pb.gov.br\/portal\/#\/schema\/logo\/image\/\"}},{\"@type\":\"Person\",\"@id\":\"https:\/\/www.pm.pb.gov.br\/portal\/#\/schema\/person\/30d571652b38533c2211e4e89bf5a502\",\"name\":\"Marcio Gomes dos Santos\",\"image\":{\"@type\":\"ImageObject\",\"inLanguage\":\"pt-BR\",\"@id\":\"https:\/\/www.pm.pb.gov.br\/portal\/#\/schema\/person\/image\/\",\"url\":\"https:\/\/secure.gravatar.com\/avatar\/cf4ec2cb690101e1581c7773aa350c19?s=96&d=mm&r=g\",\"contentUrl\":\"https:\/\/secure.gravatar.com\/avatar\/cf4ec2cb690101e1581c7773aa350c19?s=96&d=mm&r=g\",\"caption\":\"Marcio Gomes dos Santos\"},\"url\":\"https:\/\/www.pm.pb.gov.br\/portal\/author\/mgomes\/\"}]}<\/script>\n<!-- \/ Yoast SEO plugin. -->","yoast_head_json":{"title":"Em 4 horas, Pol\u00edcia Militar apreende seis armas de fogo durante a\u00e7\u00f5es nesta quarta-feira - Pol\u00edcia Militar da Para\u00edba","robots":{"index":"index","follow":"follow","max-snippet":"max-snippet:-1","max-image-preview":"max-image-preview:large","max-video-preview":"max-video-preview:-1"},"canonical":"https:\/\/www.pm.pb.gov.br\/portal\/2018\/02\/28\/em-4-horas-policia-militar-apreende-seis-armas-de-fogo-durante-acoes-nesta-quarta-feira\/","og_locale":"pt_BR","og_type":"article","og_title":"Em 4 horas, Pol\u00edcia Militar apreende seis armas de fogo durante a\u00e7\u00f5es nesta quarta-feira - Pol\u00edcia Militar da Para\u00edba","og_description":"Duas armas apreendidas em Jo\u00e3o Pessoa, duas em Ing\u00e1, uma em Bayeux e uma em Santa Rita. Esse \u00e9 resultado","og_url":"https:\/\/www.pm.pb.gov.br\/portal\/2018\/02\/28\/em-4-horas-policia-militar-apreende-seis-armas-de-fogo-durante-acoes-nesta-quarta-feira\/","og_site_name":"Pol\u00edcia Militar da Para\u00edba","article_published_time":"2018-02-28T19:43:36+00:00","og_image":[{"width":800,"height":445,"url":"https:\/\/www.pm.pb.gov.br\/portal\/wp-content\/uploads\/2018\/02\/policia-apreende-armas-de-fogo.28.02.18.jpg","type":"image\/jpeg"}],"author":"Marcio Gomes dos Santos","twitter_card":"summary_large_image","twitter_misc":{"Escrito por":"Marcio Gomes dos Santos","Est. tempo de leitura":"2 minutos"},"schema":{"@context":"https:\/\/schema.org","@graph":[{"@type":"Article","@id":"https:\/\/www.pm.pb.gov.br\/portal\/2018\/02\/28\/em-4-horas-policia-militar-apreende-seis-armas-de-fogo-durante-acoes-nesta-quarta-feira\/#article","isPartOf":{"@id":"https:\/\/www.pm.pb.gov.br\/portal\/2018\/02\/28\/em-4-horas-policia-militar-apreende-seis-armas-de-fogo-durante-acoes-nesta-quarta-feira\/"},"author":{"name":"Marcio Gomes dos Santos","@id":"https:\/\/www.pm.pb.gov.br\/portal\/#\/schema\/person\/30d571652b38533c2211e4e89bf5a502"},"headline":"Em 4 horas, Pol\u00edcia Militar apreende seis armas de fogo durante a\u00e7\u00f5es nesta quarta-feira","datePublished":"2018-02-28T19:43:36+00:00","dateModified":"2018-02-28T19:43:36+00:00","mainEntityOfPage":{"@id":"https:\/\/www.pm.pb.gov.br\/portal\/2018\/02\/28\/em-4-horas-policia-militar-apreende-seis-armas-de-fogo-durante-acoes-nesta-quarta-feira\/"},"wordCount":420,"publisher":{"@id":"https:\/\/www.pm.pb.gov.br\/portal\/#organization"},"articleSection":["A\u00e7\u00f5es Policiais"],"inLanguage":"pt-BR"},{"@type":"WebPage","@id":"https:\/\/www.pm.pb.gov.br\/portal\/2018\/02\/28\/em-4-horas-policia-militar-apreende-seis-armas-de-fogo-durante-acoes-nesta-quarta-feira\/","url":"https:\/\/www.pm.pb.gov.br\/portal\/2018\/02\/28\/em-4-horas-policia-militar-apreende-seis-armas-de-fogo-durante-acoes-nesta-quarta-feira\/","name":"Em 4 horas, Pol\u00edcia Militar apreende seis armas de fogo durante a\u00e7\u00f5es nesta quarta-feira - Pol\u00edcia Militar da Para\u00edba","isPartOf":{"@id":"https:\/\/www.pm.pb.gov.br\/portal\/#website"},"datePublished":"2018-02-28T19:43:36+00:00","dateModified":"2018-02-28T19:43:36+00:00","breadcrumb":{"@id":"https:\/\/www.pm.pb.gov.br\/portal\/2018\/02\/28\/em-4-horas-policia-militar-apreende-seis-armas-de-fogo-durante-acoes-nesta-quarta-feira\/#breadcrumb"},"inLanguage":"pt-BR","potentialAction":[{"@type":"ReadAction","target":["https:\/\/www.pm.pb.gov.br\/portal\/2018\/02\/28\/em-4-horas-policia-militar-apreende-seis-armas-de-fogo-durante-acoes-nesta-quarta-feira\/"]}]},{"@type":"BreadcrumbList","@id":"https:\/\/www.pm.pb.gov.br\/portal\/2018\/02\/28\/em-4-horas-policia-militar-apreende-seis-armas-de-fogo-durante-acoes-nesta-quarta-feira\/#breadcrumb","itemListElement":[{"@type":"ListItem","position":1,"name":"In\u00edcio","item":"https:\/\/www.pm.pb.gov.br\/portal\/"},{"@type":"ListItem","position":2,"name":"Em 4 horas, Pol\u00edcia Militar apreende seis armas de fogo durante a\u00e7\u00f5es nesta quarta-feira"}]},{"@type":"WebSite","@id":"https:\/\/www.pm.pb.gov.br\/portal\/#website","url":"https:\/\/www.pm.pb.gov.br\/portal\/","name":"Pol\u00edcia Militar da Para\u00edba","description":"","publisher":{"@id":"https:\/\/www.pm.pb.gov.br\/portal\/#organization"},"potentialAction":[{"@type":"SearchAction","target":{"@type":"EntryPoint","urlTemplate":"https:\/\/www.pm.pb.gov.br\/portal\/?s={search_term_string}"},"query-input":"required name=search_term_string"}],"inLanguage":"pt-BR"},{"@type":"Organization","@id":"https:\/\/www.pm.pb.gov.br\/portal\/#organization","name":"Pol\u00edcia Militar da Para\u00edba","url":"https:\/\/www.pm.pb.gov.br\/portal\/","logo":{"@type":"ImageObject","inLanguage":"pt-BR","@id":"https:\/\/www.pm.pb.gov.br\/portal\/#\/schema\/logo\/image\/","url":"https:\/\/www.pm.pb.gov.br\/portal\/wp-content\/uploads\/2025\/03\/cropped-logo-site-mag2-1.png","contentUrl":"https:\/\/www.pm.pb.gov.br\/portal\/wp-content\/uploads\/2025\/03\/cropped-logo-site-mag2-1.png","width":320,"height":90,"caption":"Pol\u00edcia Militar da Para\u00edba"},"image":{"@id":"https:\/\/www.pm.pb.gov.br\/portal\/#\/schema\/logo\/image\/"}},{"@type":"Person","@id":"https:\/\/www.pm.pb.gov.br\/portal\/#\/schema\/person\/30d571652b38533c2211e4e89bf5a502","name":"Marcio Gomes dos Santos","image":{"@type":"ImageObject","inLanguage":"pt-BR","@id":"https:\/\/www.pm.pb.gov.br\/portal\/#\/schema\/person\/image\/","url":"https:\/\/secure.gravatar.com\/avatar\/cf4ec2cb690101e1581c7773aa350c19?s=96&d=mm&r=g","contentUrl":"https:\/\/secure.gravatar.com\/avatar\/cf4ec2cb690101e1581c7773aa350c19?s=96&d=mm&r=g","caption":"Marcio Gomes dos Santos"},"url":"https:\/\/www.pm.pb.gov.br\/portal\/author\/mgomes\/"}]}},"_links":{"self":[{"href":"https:\/\/www.pm.pb.gov.br\/portal\/wp-json\/wp\/v2\/posts\/897114"}],"collection":[{"href":"https:\/\/www.pm.pb.gov.br\/portal\/wp-json\/wp\/v2\/posts"}],"about":[{"href":"https:\/\/www.pm.pb.gov.br\/portal\/wp-json\/wp\/v2\/types\/post"}],"author":[{"embeddable":true,"href":"https:\/\/www.pm.pb.gov.br\/portal\/wp-json\/wp\/v2\/users\/15"}],"replies":[{"embeddable":true,"href":"https:\/\/www.pm.pb.gov.br\/portal\/wp-json\/wp\/v2\/comments?post=897114"}],"version-history":[{"count":1,"href":"https:\/\/www.pm.pb.gov.br\/portal\/wp-json\/wp\/v2\/posts\/897114\/revisions"}],"predecessor-version":[{"id":897117,"href":"https:\/\/www.pm.pb.gov.br\/portal\/wp-json\/wp\/v2\/posts\/897114\/revisions\/897117"}],"wp:featuredmedia":[{"embeddable":true,"href":"https:\/\/www.pm.pb.gov.br\/portal\/wp-json\/wp\/v2\/media\/897115"}],"wp:attachment":[{"href":"https:\/\/www.pm.pb.gov.br\/portal\/wp-json\/wp\/v2\/media?parent=897114"}],"wp:term":[{"taxonomy":"category","embeddable":true,"href":"https:\/\/www.pm.pb.gov.br\/portal\/wp-json\/wp\/v2\/categories?post=897114"},{"taxonomy":"post_tag","embeddable":true,"href":"https:\/\/www.pm.pb.gov.br\/portal\/wp-json\/wp\/v2\/tags?post=897114"}],"curies":[{"name":"wp","href":"https:\/\/api.w.org\/{rel}","templated":true}]}}