{"id":897064,"date":"2018-02-24T12:11:16","date_gmt":"2018-02-24T15:11:16","guid":{"rendered":"http:\/\/www.pm.pb.gov.br\/portal\/?p=897064"},"modified":"2018-02-24T12:11:16","modified_gmt":"2018-02-24T15:11:16","slug":"policia-militar-prende-suspeito-com-mais-de-60-porcoes-e-meio-quilo-de-droga-em-campina-grande","status":"publish","type":"post","link":"https:\/\/www.pm.pb.gov.br\/portal\/2018\/02\/24\/policia-militar-prende-suspeito-com-mais-de-60-porcoes-e-meio-quilo-de-droga-em-campina-grande\/","title":{"rendered":"Pol\u00edcia Militar prende suspeito com mais de 60 por\u00e7\u00f5es e meio quilo de droga em Campina Grande"},"content":{"rendered":"<p style=\"text-align: justify;\">A Pol\u00edcia Militar prendeu um suspeito com drogas, no fim da tarde desta sexta-feira (23), em Campina Grande. Com ele, os policiais apreenderam 36 papelotes de uma subst\u00e2ncia an\u00e1loga \u00e0 maconha, e 28 papelotes de uma subst\u00e2ncia similar \u00e0 coca\u00edna. Tamb\u00e9m foram apreendidos um tablete de coca\u00edna pesando quase meio quilo, al\u00e9m de uma pedra, da mesma subst\u00e2ncia, pesando 28 gramas.<\/p>\n<p style=\"text-align: justify;\">Policiais da For\u00e7a T\u00e1tica do 2\u00ba Batalh\u00e3o realizavam rondas por volta das 16h30, na Ramadinha, em Campina, quando observaram que um homem fugiu ao perceber a chegada dos policiais. O suspeito, que tinha 22 anos, jogou uma sacola preta em cima de sua casa, mas foi detido e abordado pelos policiais. Na averigua\u00e7\u00e3o, foram localizadas as drogas no saco e na casa do suspeito, al\u00e9m de dinheiro trocado.<\/p>\n<p style=\"text-align: justify;\">O homem foi conduzido para o Distrito Integrado de Seguran\u00e7a P\u00fablica, no Parque do Povo.<\/p>\n","protected":false},"excerpt":{"rendered":"<p>A Pol\u00edcia Militar prendeu um suspeito com drogas, no fim da tarde desta sexta-feira (23), em Campina Grande. Com ele,<\/p>\n","protected":false},"author":12,"featured_media":896862,"comment_status":"closed","ping_status":"closed","sticky":false,"template":"","format":"standard","meta":{"_exactmetrics_skip_tracking":false,"_exactmetrics_sitenote_active":false,"_exactmetrics_sitenote_note":"","_exactmetrics_sitenote_category":0,"footnotes":""},"categories":[4],"tags":[],"yoast_head":"<!-- This site is optimized with the Yoast SEO plugin v22.0 - https:\/\/yoast.com\/wordpress\/plugins\/seo\/ -->\n<title>Pol\u00edcia Militar prende suspeito com mais de 60 por\u00e7\u00f5es e meio quilo de droga em Campina Grande - Pol\u00edcia Militar da Para\u00edba<\/title>\n<meta name=\"robots\" content=\"index, follow, max-snippet:-1, max-image-preview:large, max-video-preview:-1\" \/>\n<link rel=\"canonical\" href=\"https:\/\/www.pm.pb.gov.br\/portal\/2018\/02\/24\/policia-militar-prende-suspeito-com-mais-de-60-porcoes-e-meio-quilo-de-droga-em-campina-grande\/\" \/>\n<meta property=\"og:locale\" content=\"pt_BR\" \/>\n<meta property=\"og:type\" content=\"article\" \/>\n<meta property=\"og:title\" content=\"Pol\u00edcia Militar prende suspeito com mais de 60 por\u00e7\u00f5es e meio quilo de droga em Campina Grande - Pol\u00edcia Militar da Para\u00edba\" \/>\n<meta property=\"og:description\" content=\"A Pol\u00edcia Militar prendeu um suspeito com drogas, no fim da tarde desta sexta-feira (23), em Campina Grande. Com ele,\" \/>\n<meta property=\"og:url\" content=\"https:\/\/www.pm.pb.gov.br\/portal\/2018\/02\/24\/policia-militar-prende-suspeito-com-mais-de-60-porcoes-e-meio-quilo-de-droga-em-campina-grande\/\" \/>\n<meta property=\"og:site_name\" content=\"Pol\u00edcia Militar da Para\u00edba\" \/>\n<meta property=\"article:published_time\" content=\"2018-02-24T15:11:16+00:00\" \/>\n<meta property=\"og:image\" content=\"https:\/\/www.pm.pb.gov.br\/portal\/wp-content\/uploads\/2018\/01\/campina2bpm.jpg\" \/>\n\t<meta property=\"og:image:width\" content=\"800\" \/>\n\t<meta property=\"og:image:height\" content=\"445\" \/>\n\t<meta property=\"og:image:type\" content=\"image\/jpeg\" \/>\n<meta name=\"author\" content=\"Tarcisio Oliveira\" \/>\n<meta name=\"twitter:card\" content=\"summary_large_image\" \/>\n<meta name=\"twitter:label1\" content=\"Escrito por\" \/>\n\t<meta name=\"twitter:data1\" content=\"Tarcisio Oliveira\" \/>\n\t<meta name=\"twitter:label2\" content=\"Est. tempo de leitura\" \/>\n\t<meta name=\"twitter:data2\" content=\"1 minuto\" \/>\n<script type=\"application\/ld+json\" class=\"yoast-schema-graph\">{\"@context\":\"https:\/\/schema.org\",\"@graph\":[{\"@type\":\"Article\",\"@id\":\"https:\/\/www.pm.pb.gov.br\/portal\/2018\/02\/24\/policia-militar-prende-suspeito-com-mais-de-60-porcoes-e-meio-quilo-de-droga-em-campina-grande\/#article\",\"isPartOf\":{\"@id\":\"https:\/\/www.pm.pb.gov.br\/portal\/2018\/02\/24\/policia-militar-prende-suspeito-com-mais-de-60-porcoes-e-meio-quilo-de-droga-em-campina-grande\/\"},\"author\":{\"name\":\"Tarcisio Oliveira\",\"@id\":\"https:\/\/www.pm.pb.gov.br\/portal\/#\/schema\/person\/f84f56dcc78ce4357054da888b8247fd\"},\"headline\":\"Pol\u00edcia Militar prende suspeito com mais de 60 por\u00e7\u00f5es e meio quilo de droga em Campina Grande\",\"datePublished\":\"2018-02-24T15:11:16+00:00\",\"dateModified\":\"2018-02-24T15:11:16+00:00\",\"mainEntityOfPage\":{\"@id\":\"https:\/\/www.pm.pb.gov.br\/portal\/2018\/02\/24\/policia-militar-prende-suspeito-com-mais-de-60-porcoes-e-meio-quilo-de-droga-em-campina-grande\/\"},\"wordCount\":170,\"publisher\":{\"@id\":\"https:\/\/www.pm.pb.gov.br\/portal\/#organization\"},\"articleSection\":[\"A\u00e7\u00f5es Policiais\"],\"inLanguage\":\"pt-BR\"},{\"@type\":\"WebPage\",\"@id\":\"https:\/\/www.pm.pb.gov.br\/portal\/2018\/02\/24\/policia-militar-prende-suspeito-com-mais-de-60-porcoes-e-meio-quilo-de-droga-em-campina-grande\/\",\"url\":\"https:\/\/www.pm.pb.gov.br\/portal\/2018\/02\/24\/policia-militar-prende-suspeito-com-mais-de-60-porcoes-e-meio-quilo-de-droga-em-campina-grande\/\",\"name\":\"Pol\u00edcia Militar prende suspeito com mais de 60 por\u00e7\u00f5es e meio quilo de droga em Campina Grande - Pol\u00edcia Militar da Para\u00edba\",\"isPartOf\":{\"@id\":\"https:\/\/www.pm.pb.gov.br\/portal\/#website\"},\"datePublished\":\"2018-02-24T15:11:16+00:00\",\"dateModified\":\"2018-02-24T15:11:16+00:00\",\"breadcrumb\":{\"@id\":\"https:\/\/www.pm.pb.gov.br\/portal\/2018\/02\/24\/policia-militar-prende-suspeito-com-mais-de-60-porcoes-e-meio-quilo-de-droga-em-campina-grande\/#breadcrumb\"},\"inLanguage\":\"pt-BR\",\"potentialAction\":[{\"@type\":\"ReadAction\",\"target\":[\"https:\/\/www.pm.pb.gov.br\/portal\/2018\/02\/24\/policia-militar-prende-suspeito-com-mais-de-60-porcoes-e-meio-quilo-de-droga-em-campina-grande\/\"]}]},{\"@type\":\"BreadcrumbList\",\"@id\":\"https:\/\/www.pm.pb.gov.br\/portal\/2018\/02\/24\/policia-militar-prende-suspeito-com-mais-de-60-porcoes-e-meio-quilo-de-droga-em-campina-grande\/#breadcrumb\",\"itemListElement\":[{\"@type\":\"ListItem\",\"position\":1,\"name\":\"In\u00edcio\",\"item\":\"https:\/\/www.pm.pb.gov.br\/portal\/\"},{\"@type\":\"ListItem\",\"position\":2,\"name\":\"Pol\u00edcia Militar prende suspeito com mais de 60 por\u00e7\u00f5es e meio quilo de droga em Campina Grande\"}]},{\"@type\":\"WebSite\",\"@id\":\"https:\/\/www.pm.pb.gov.br\/portal\/#website\",\"url\":\"https:\/\/www.pm.pb.gov.br\/portal\/\",\"name\":\"Pol\u00edcia Militar da Para\u00edba\",\"description\":\"\",\"publisher\":{\"@id\":\"https:\/\/www.pm.pb.gov.br\/portal\/#organization\"},\"potentialAction\":[{\"@type\":\"SearchAction\",\"target\":{\"@type\":\"EntryPoint\",\"urlTemplate\":\"https:\/\/www.pm.pb.gov.br\/portal\/?s={search_term_string}\"},\"query-input\":\"required name=search_term_string\"}],\"inLanguage\":\"pt-BR\"},{\"@type\":\"Organization\",\"@id\":\"https:\/\/www.pm.pb.gov.br\/portal\/#organization\",\"name\":\"Pol\u00edcia Militar da Para\u00edba\",\"url\":\"https:\/\/www.pm.pb.gov.br\/portal\/\",\"logo\":{\"@type\":\"ImageObject\",\"inLanguage\":\"pt-BR\",\"@id\":\"https:\/\/www.pm.pb.gov.br\/portal\/#\/schema\/logo\/image\/\",\"url\":\"https:\/\/www.pm.pb.gov.br\/portal\/wp-content\/uploads\/2025\/03\/cropped-logo-site-mag2-1.png\",\"contentUrl\":\"https:\/\/www.pm.pb.gov.br\/portal\/wp-content\/uploads\/2025\/03\/cropped-logo-site-mag2-1.png\",\"width\":320,\"height\":90,\"caption\":\"Pol\u00edcia Militar da Para\u00edba\"},\"image\":{\"@id\":\"https:\/\/www.pm.pb.gov.br\/portal\/#\/schema\/logo\/image\/\"}},{\"@type\":\"Person\",\"@id\":\"https:\/\/www.pm.pb.gov.br\/portal\/#\/schema\/person\/f84f56dcc78ce4357054da888b8247fd\",\"name\":\"Tarcisio Oliveira\",\"image\":{\"@type\":\"ImageObject\",\"inLanguage\":\"pt-BR\",\"@id\":\"https:\/\/www.pm.pb.gov.br\/portal\/#\/schema\/person\/image\/\",\"url\":\"https:\/\/secure.gravatar.com\/avatar\/72917b630b69d31cd0297507f34bac97?s=96&d=mm&r=g\",\"contentUrl\":\"https:\/\/secure.gravatar.com\/avatar\/72917b630b69d31cd0297507f34bac97?s=96&d=mm&r=g\",\"caption\":\"Tarcisio Oliveira\"},\"url\":\"https:\/\/www.pm.pb.gov.br\/portal\/author\/tarcisio\/\"}]}<\/script>\n<!-- \/ Yoast SEO plugin. -->","yoast_head_json":{"title":"Pol\u00edcia Militar prende suspeito com mais de 60 por\u00e7\u00f5es e meio quilo de droga em Campina Grande - Pol\u00edcia Militar da Para\u00edba","robots":{"index":"index","follow":"follow","max-snippet":"max-snippet:-1","max-image-preview":"max-image-preview:large","max-video-preview":"max-video-preview:-1"},"canonical":"https:\/\/www.pm.pb.gov.br\/portal\/2018\/02\/24\/policia-militar-prende-suspeito-com-mais-de-60-porcoes-e-meio-quilo-de-droga-em-campina-grande\/","og_locale":"pt_BR","og_type":"article","og_title":"Pol\u00edcia Militar prende suspeito com mais de 60 por\u00e7\u00f5es e meio quilo de droga em Campina Grande - Pol\u00edcia Militar da Para\u00edba","og_description":"A Pol\u00edcia Militar prendeu um suspeito com drogas, no fim da tarde desta sexta-feira (23), em Campina Grande. Com ele,","og_url":"https:\/\/www.pm.pb.gov.br\/portal\/2018\/02\/24\/policia-militar-prende-suspeito-com-mais-de-60-porcoes-e-meio-quilo-de-droga-em-campina-grande\/","og_site_name":"Pol\u00edcia Militar da Para\u00edba","article_published_time":"2018-02-24T15:11:16+00:00","og_image":[{"width":800,"height":445,"url":"https:\/\/www.pm.pb.gov.br\/portal\/wp-content\/uploads\/2018\/01\/campina2bpm.jpg","type":"image\/jpeg"}],"author":"Tarcisio Oliveira","twitter_card":"summary_large_image","twitter_misc":{"Escrito por":"Tarcisio Oliveira","Est. tempo de leitura":"1 minuto"},"schema":{"@context":"https:\/\/schema.org","@graph":[{"@type":"Article","@id":"https:\/\/www.pm.pb.gov.br\/portal\/2018\/02\/24\/policia-militar-prende-suspeito-com-mais-de-60-porcoes-e-meio-quilo-de-droga-em-campina-grande\/#article","isPartOf":{"@id":"https:\/\/www.pm.pb.gov.br\/portal\/2018\/02\/24\/policia-militar-prende-suspeito-com-mais-de-60-porcoes-e-meio-quilo-de-droga-em-campina-grande\/"},"author":{"name":"Tarcisio Oliveira","@id":"https:\/\/www.pm.pb.gov.br\/portal\/#\/schema\/person\/f84f56dcc78ce4357054da888b8247fd"},"headline":"Pol\u00edcia Militar prende suspeito com mais de 60 por\u00e7\u00f5es e meio quilo de droga em Campina Grande","datePublished":"2018-02-24T15:11:16+00:00","dateModified":"2018-02-24T15:11:16+00:00","mainEntityOfPage":{"@id":"https:\/\/www.pm.pb.gov.br\/portal\/2018\/02\/24\/policia-militar-prende-suspeito-com-mais-de-60-porcoes-e-meio-quilo-de-droga-em-campina-grande\/"},"wordCount":170,"publisher":{"@id":"https:\/\/www.pm.pb.gov.br\/portal\/#organization"},"articleSection":["A\u00e7\u00f5es Policiais"],"inLanguage":"pt-BR"},{"@type":"WebPage","@id":"https:\/\/www.pm.pb.gov.br\/portal\/2018\/02\/24\/policia-militar-prende-suspeito-com-mais-de-60-porcoes-e-meio-quilo-de-droga-em-campina-grande\/","url":"https:\/\/www.pm.pb.gov.br\/portal\/2018\/02\/24\/policia-militar-prende-suspeito-com-mais-de-60-porcoes-e-meio-quilo-de-droga-em-campina-grande\/","name":"Pol\u00edcia Militar prende suspeito com mais de 60 por\u00e7\u00f5es e meio quilo de droga em Campina Grande - Pol\u00edcia Militar da Para\u00edba","isPartOf":{"@id":"https:\/\/www.pm.pb.gov.br\/portal\/#website"},"datePublished":"2018-02-24T15:11:16+00:00","dateModified":"2018-02-24T15:11:16+00:00","breadcrumb":{"@id":"https:\/\/www.pm.pb.gov.br\/portal\/2018\/02\/24\/policia-militar-prende-suspeito-com-mais-de-60-porcoes-e-meio-quilo-de-droga-em-campina-grande\/#breadcrumb"},"inLanguage":"pt-BR","potentialAction":[{"@type":"ReadAction","target":["https:\/\/www.pm.pb.gov.br\/portal\/2018\/02\/24\/policia-militar-prende-suspeito-com-mais-de-60-porcoes-e-meio-quilo-de-droga-em-campina-grande\/"]}]},{"@type":"BreadcrumbList","@id":"https:\/\/www.pm.pb.gov.br\/portal\/2018\/02\/24\/policia-militar-prende-suspeito-com-mais-de-60-porcoes-e-meio-quilo-de-droga-em-campina-grande\/#breadcrumb","itemListElement":[{"@type":"ListItem","position":1,"name":"In\u00edcio","item":"https:\/\/www.pm.pb.gov.br\/portal\/"},{"@type":"ListItem","position":2,"name":"Pol\u00edcia Militar prende suspeito com mais de 60 por\u00e7\u00f5es e meio quilo de droga em Campina Grande"}]},{"@type":"WebSite","@id":"https:\/\/www.pm.pb.gov.br\/portal\/#website","url":"https:\/\/www.pm.pb.gov.br\/portal\/","name":"Pol\u00edcia Militar da Para\u00edba","description":"","publisher":{"@id":"https:\/\/www.pm.pb.gov.br\/portal\/#organization"},"potentialAction":[{"@type":"SearchAction","target":{"@type":"EntryPoint","urlTemplate":"https:\/\/www.pm.pb.gov.br\/portal\/?s={search_term_string}"},"query-input":"required name=search_term_string"}],"inLanguage":"pt-BR"},{"@type":"Organization","@id":"https:\/\/www.pm.pb.gov.br\/portal\/#organization","name":"Pol\u00edcia Militar da Para\u00edba","url":"https:\/\/www.pm.pb.gov.br\/portal\/","logo":{"@type":"ImageObject","inLanguage":"pt-BR","@id":"https:\/\/www.pm.pb.gov.br\/portal\/#\/schema\/logo\/image\/","url":"https:\/\/www.pm.pb.gov.br\/portal\/wp-content\/uploads\/2025\/03\/cropped-logo-site-mag2-1.png","contentUrl":"https:\/\/www.pm.pb.gov.br\/portal\/wp-content\/uploads\/2025\/03\/cropped-logo-site-mag2-1.png","width":320,"height":90,"caption":"Pol\u00edcia Militar da Para\u00edba"},"image":{"@id":"https:\/\/www.pm.pb.gov.br\/portal\/#\/schema\/logo\/image\/"}},{"@type":"Person","@id":"https:\/\/www.pm.pb.gov.br\/portal\/#\/schema\/person\/f84f56dcc78ce4357054da888b8247fd","name":"Tarcisio Oliveira","image":{"@type":"ImageObject","inLanguage":"pt-BR","@id":"https:\/\/www.pm.pb.gov.br\/portal\/#\/schema\/person\/image\/","url":"https:\/\/secure.gravatar.com\/avatar\/72917b630b69d31cd0297507f34bac97?s=96&d=mm&r=g","contentUrl":"https:\/\/secure.gravatar.com\/avatar\/72917b630b69d31cd0297507f34bac97?s=96&d=mm&r=g","caption":"Tarcisio Oliveira"},"url":"https:\/\/www.pm.pb.gov.br\/portal\/author\/tarcisio\/"}]}},"_links":{"self":[{"href":"https:\/\/www.pm.pb.gov.br\/portal\/wp-json\/wp\/v2\/posts\/897064"}],"collection":[{"href":"https:\/\/www.pm.pb.gov.br\/portal\/wp-json\/wp\/v2\/posts"}],"about":[{"href":"https:\/\/www.pm.pb.gov.br\/portal\/wp-json\/wp\/v2\/types\/post"}],"author":[{"embeddable":true,"href":"https:\/\/www.pm.pb.gov.br\/portal\/wp-json\/wp\/v2\/users\/12"}],"replies":[{"embeddable":true,"href":"https:\/\/www.pm.pb.gov.br\/portal\/wp-json\/wp\/v2\/comments?post=897064"}],"version-history":[{"count":1,"href":"https:\/\/www.pm.pb.gov.br\/portal\/wp-json\/wp\/v2\/posts\/897064\/revisions"}],"predecessor-version":[{"id":897065,"href":"https:\/\/www.pm.pb.gov.br\/portal\/wp-json\/wp\/v2\/posts\/897064\/revisions\/897065"}],"wp:featuredmedia":[{"embeddable":true,"href":"https:\/\/www.pm.pb.gov.br\/portal\/wp-json\/wp\/v2\/media\/896862"}],"wp:attachment":[{"href":"https:\/\/www.pm.pb.gov.br\/portal\/wp-json\/wp\/v2\/media?parent=897064"}],"wp:term":[{"taxonomy":"category","embeddable":true,"href":"https:\/\/www.pm.pb.gov.br\/portal\/wp-json\/wp\/v2\/categories?post=897064"},{"taxonomy":"post_tag","embeddable":true,"href":"https:\/\/www.pm.pb.gov.br\/portal\/wp-json\/wp\/v2\/tags?post=897064"}],"curies":[{"name":"wp","href":"https:\/\/api.w.org\/{rel}","templated":true}]}}