{"id":897059,"date":"2018-02-23T16:21:43","date_gmt":"2018-02-23T19:21:43","guid":{"rendered":"http:\/\/www.pm.pb.gov.br\/portal\/?p=897059"},"modified":"2018-02-23T16:21:43","modified_gmt":"2018-02-23T19:21:43","slug":"policia-militar-prende-suspeita-de-trafico-com-145-papelotes-de-maconha-e-25-pedras-de-crack","status":"publish","type":"post","link":"https:\/\/www.pm.pb.gov.br\/portal\/2018\/02\/23\/policia-militar-prende-suspeita-de-trafico-com-145-papelotes-de-maconha-e-25-pedras-de-crack\/","title":{"rendered":"Pol\u00edcia Militar prende suspeita de tr\u00e1fico com 145 papelotes de maconha e 25 pedras de crack"},"content":{"rendered":"<p style=\"text-align: justify;\">A Pol\u00edcia Militar apreendeu 145 papelotes de subst\u00e2ncia semelhante \u00e0 maconha e 25 pedras de subst\u00e2ncia an\u00e1loga ao crack, em Santa Rita, no fim da manh\u00e3 desta sexta-feira (23). Os entorpecentes estavam com uma mulher de 44 anos, que foi presa como suspeita de tr\u00e1fico. Ela estava ainda com uma grande quantidade de dinheiro e uma muni\u00e7\u00e3o deflagrada.<\/p>\n<p style=\"text-align: justify;\">Policiais da Ronda Ostensiva T\u00e1tica com Apoio de Motocicletas (Rotam), do 7\u00ba Batalh\u00e3o, realizavam rondas quando observaram que uma mulher fugiu ao perceber a presen\u00e7a da PM em uma rua, no bairro de V\u00e1rzea Nova. \u201cEla estava com uma sacola, em frente a uma casa, e fugiu para dentro do local ao perceber nossa chegada, fato que levantou suspeita da guarni\u00e7\u00e3o\u201d, disse o sargento Adriano Tavares, que coordenou a a\u00e7\u00e3o.<\/p>\n<p style=\"text-align: justify;\">A suspeita foi abordada e na sacola que segurava os policiais encontraram 145 papelotes de maconha e 24 pedras de crack. \u201cTamb\u00e9m foi encontrado com ela dinheiro, e uma c\u00e1psula deflagrada de muni\u00e7\u00e3o calibre 12\u201d, disse o policial. A suspeita foi presa, levada \u00e0 6\u00aa Delegacia Distrital e autuada por tr\u00e1fico de drogas.<\/p>\n","protected":false},"excerpt":{"rendered":"<p>A Pol\u00edcia Militar apreendeu 145 papelotes de subst\u00e2ncia semelhante \u00e0 maconha e 25 pedras de subst\u00e2ncia an\u00e1loga ao crack, em<\/p>\n","protected":false},"author":15,"featured_media":897058,"comment_status":"closed","ping_status":"closed","sticky":false,"template":"","format":"standard","meta":{"_exactmetrics_skip_tracking":false,"_exactmetrics_sitenote_active":false,"_exactmetrics_sitenote_note":"","_exactmetrics_sitenote_category":0,"footnotes":""},"categories":[4],"tags":[],"yoast_head":"<!-- This site is optimized with the Yoast SEO plugin v22.0 - https:\/\/yoast.com\/wordpress\/plugins\/seo\/ -->\n<title>Pol\u00edcia Militar prende suspeita de tr\u00e1fico com 145 papelotes de maconha e 25 pedras de crack - Pol\u00edcia Militar da Para\u00edba<\/title>\n<meta name=\"robots\" content=\"index, follow, max-snippet:-1, max-image-preview:large, max-video-preview:-1\" \/>\n<link rel=\"canonical\" href=\"https:\/\/www.pm.pb.gov.br\/portal\/2018\/02\/23\/policia-militar-prende-suspeita-de-trafico-com-145-papelotes-de-maconha-e-25-pedras-de-crack\/\" \/>\n<meta property=\"og:locale\" content=\"pt_BR\" \/>\n<meta property=\"og:type\" content=\"article\" \/>\n<meta property=\"og:title\" content=\"Pol\u00edcia Militar prende suspeita de tr\u00e1fico com 145 papelotes de maconha e 25 pedras de crack - Pol\u00edcia Militar da Para\u00edba\" \/>\n<meta property=\"og:description\" content=\"A Pol\u00edcia Militar apreendeu 145 papelotes de subst\u00e2ncia semelhante \u00e0 maconha e 25 pedras de subst\u00e2ncia an\u00e1loga ao crack, em\" \/>\n<meta property=\"og:url\" content=\"https:\/\/www.pm.pb.gov.br\/portal\/2018\/02\/23\/policia-militar-prende-suspeita-de-trafico-com-145-papelotes-de-maconha-e-25-pedras-de-crack\/\" \/>\n<meta property=\"og:site_name\" content=\"Pol\u00edcia Militar da Para\u00edba\" \/>\n<meta property=\"article:published_time\" content=\"2018-02-23T19:21:43+00:00\" \/>\n<meta property=\"og:image\" content=\"https:\/\/www.pm.pb.gov.br\/portal\/wp-content\/uploads\/2018\/02\/drogas-23-02-2018.jpeg\" \/>\n\t<meta property=\"og:image:width\" content=\"800\" \/>\n\t<meta property=\"og:image:height\" content=\"445\" \/>\n\t<meta property=\"og:image:type\" content=\"image\/jpeg\" \/>\n<meta name=\"author\" content=\"Marcio Gomes dos Santos\" \/>\n<meta name=\"twitter:card\" content=\"summary_large_image\" \/>\n<meta name=\"twitter:label1\" content=\"Escrito por\" \/>\n\t<meta name=\"twitter:data1\" content=\"Marcio Gomes dos Santos\" \/>\n\t<meta name=\"twitter:label2\" content=\"Est. tempo de leitura\" \/>\n\t<meta name=\"twitter:data2\" content=\"1 minuto\" \/>\n<script type=\"application\/ld+json\" class=\"yoast-schema-graph\">{\"@context\":\"https:\/\/schema.org\",\"@graph\":[{\"@type\":\"Article\",\"@id\":\"https:\/\/www.pm.pb.gov.br\/portal\/2018\/02\/23\/policia-militar-prende-suspeita-de-trafico-com-145-papelotes-de-maconha-e-25-pedras-de-crack\/#article\",\"isPartOf\":{\"@id\":\"https:\/\/www.pm.pb.gov.br\/portal\/2018\/02\/23\/policia-militar-prende-suspeita-de-trafico-com-145-papelotes-de-maconha-e-25-pedras-de-crack\/\"},\"author\":{\"name\":\"Marcio Gomes dos Santos\",\"@id\":\"https:\/\/www.pm.pb.gov.br\/portal\/#\/schema\/person\/30d571652b38533c2211e4e89bf5a502\"},\"headline\":\"Pol\u00edcia Militar prende suspeita de tr\u00e1fico com 145 papelotes de maconha e 25 pedras de crack\",\"datePublished\":\"2018-02-23T19:21:43+00:00\",\"dateModified\":\"2018-02-23T19:21:43+00:00\",\"mainEntityOfPage\":{\"@id\":\"https:\/\/www.pm.pb.gov.br\/portal\/2018\/02\/23\/policia-militar-prende-suspeita-de-trafico-com-145-papelotes-de-maconha-e-25-pedras-de-crack\/\"},\"wordCount\":202,\"publisher\":{\"@id\":\"https:\/\/www.pm.pb.gov.br\/portal\/#organization\"},\"articleSection\":[\"A\u00e7\u00f5es Policiais\"],\"inLanguage\":\"pt-BR\"},{\"@type\":\"WebPage\",\"@id\":\"https:\/\/www.pm.pb.gov.br\/portal\/2018\/02\/23\/policia-militar-prende-suspeita-de-trafico-com-145-papelotes-de-maconha-e-25-pedras-de-crack\/\",\"url\":\"https:\/\/www.pm.pb.gov.br\/portal\/2018\/02\/23\/policia-militar-prende-suspeita-de-trafico-com-145-papelotes-de-maconha-e-25-pedras-de-crack\/\",\"name\":\"Pol\u00edcia Militar prende suspeita de tr\u00e1fico com 145 papelotes de maconha e 25 pedras de crack - Pol\u00edcia Militar da Para\u00edba\",\"isPartOf\":{\"@id\":\"https:\/\/www.pm.pb.gov.br\/portal\/#website\"},\"datePublished\":\"2018-02-23T19:21:43+00:00\",\"dateModified\":\"2018-02-23T19:21:43+00:00\",\"breadcrumb\":{\"@id\":\"https:\/\/www.pm.pb.gov.br\/portal\/2018\/02\/23\/policia-militar-prende-suspeita-de-trafico-com-145-papelotes-de-maconha-e-25-pedras-de-crack\/#breadcrumb\"},\"inLanguage\":\"pt-BR\",\"potentialAction\":[{\"@type\":\"ReadAction\",\"target\":[\"https:\/\/www.pm.pb.gov.br\/portal\/2018\/02\/23\/policia-militar-prende-suspeita-de-trafico-com-145-papelotes-de-maconha-e-25-pedras-de-crack\/\"]}]},{\"@type\":\"BreadcrumbList\",\"@id\":\"https:\/\/www.pm.pb.gov.br\/portal\/2018\/02\/23\/policia-militar-prende-suspeita-de-trafico-com-145-papelotes-de-maconha-e-25-pedras-de-crack\/#breadcrumb\",\"itemListElement\":[{\"@type\":\"ListItem\",\"position\":1,\"name\":\"In\u00edcio\",\"item\":\"https:\/\/www.pm.pb.gov.br\/portal\/\"},{\"@type\":\"ListItem\",\"position\":2,\"name\":\"Pol\u00edcia Militar prende suspeita de tr\u00e1fico com 145 papelotes de maconha e 25 pedras de crack\"}]},{\"@type\":\"WebSite\",\"@id\":\"https:\/\/www.pm.pb.gov.br\/portal\/#website\",\"url\":\"https:\/\/www.pm.pb.gov.br\/portal\/\",\"name\":\"Pol\u00edcia Militar da Para\u00edba\",\"description\":\"\",\"publisher\":{\"@id\":\"https:\/\/www.pm.pb.gov.br\/portal\/#organization\"},\"potentialAction\":[{\"@type\":\"SearchAction\",\"target\":{\"@type\":\"EntryPoint\",\"urlTemplate\":\"https:\/\/www.pm.pb.gov.br\/portal\/?s={search_term_string}\"},\"query-input\":\"required name=search_term_string\"}],\"inLanguage\":\"pt-BR\"},{\"@type\":\"Organization\",\"@id\":\"https:\/\/www.pm.pb.gov.br\/portal\/#organization\",\"name\":\"Pol\u00edcia Militar da Para\u00edba\",\"url\":\"https:\/\/www.pm.pb.gov.br\/portal\/\",\"logo\":{\"@type\":\"ImageObject\",\"inLanguage\":\"pt-BR\",\"@id\":\"https:\/\/www.pm.pb.gov.br\/portal\/#\/schema\/logo\/image\/\",\"url\":\"https:\/\/www.pm.pb.gov.br\/portal\/wp-content\/uploads\/2025\/03\/cropped-logo-site-mag2-1.png\",\"contentUrl\":\"https:\/\/www.pm.pb.gov.br\/portal\/wp-content\/uploads\/2025\/03\/cropped-logo-site-mag2-1.png\",\"width\":320,\"height\":90,\"caption\":\"Pol\u00edcia Militar da Para\u00edba\"},\"image\":{\"@id\":\"https:\/\/www.pm.pb.gov.br\/portal\/#\/schema\/logo\/image\/\"}},{\"@type\":\"Person\",\"@id\":\"https:\/\/www.pm.pb.gov.br\/portal\/#\/schema\/person\/30d571652b38533c2211e4e89bf5a502\",\"name\":\"Marcio Gomes dos Santos\",\"image\":{\"@type\":\"ImageObject\",\"inLanguage\":\"pt-BR\",\"@id\":\"https:\/\/www.pm.pb.gov.br\/portal\/#\/schema\/person\/image\/\",\"url\":\"https:\/\/secure.gravatar.com\/avatar\/cf4ec2cb690101e1581c7773aa350c19?s=96&d=mm&r=g\",\"contentUrl\":\"https:\/\/secure.gravatar.com\/avatar\/cf4ec2cb690101e1581c7773aa350c19?s=96&d=mm&r=g\",\"caption\":\"Marcio Gomes dos Santos\"},\"url\":\"https:\/\/www.pm.pb.gov.br\/portal\/author\/mgomes\/\"}]}<\/script>\n<!-- \/ Yoast SEO plugin. -->","yoast_head_json":{"title":"Pol\u00edcia Militar prende suspeita de tr\u00e1fico com 145 papelotes de maconha e 25 pedras de crack - Pol\u00edcia Militar da Para\u00edba","robots":{"index":"index","follow":"follow","max-snippet":"max-snippet:-1","max-image-preview":"max-image-preview:large","max-video-preview":"max-video-preview:-1"},"canonical":"https:\/\/www.pm.pb.gov.br\/portal\/2018\/02\/23\/policia-militar-prende-suspeita-de-trafico-com-145-papelotes-de-maconha-e-25-pedras-de-crack\/","og_locale":"pt_BR","og_type":"article","og_title":"Pol\u00edcia Militar prende suspeita de tr\u00e1fico com 145 papelotes de maconha e 25 pedras de crack - Pol\u00edcia Militar da Para\u00edba","og_description":"A Pol\u00edcia Militar apreendeu 145 papelotes de subst\u00e2ncia semelhante \u00e0 maconha e 25 pedras de subst\u00e2ncia an\u00e1loga ao crack, em","og_url":"https:\/\/www.pm.pb.gov.br\/portal\/2018\/02\/23\/policia-militar-prende-suspeita-de-trafico-com-145-papelotes-de-maconha-e-25-pedras-de-crack\/","og_site_name":"Pol\u00edcia Militar da Para\u00edba","article_published_time":"2018-02-23T19:21:43+00:00","og_image":[{"width":800,"height":445,"url":"https:\/\/www.pm.pb.gov.br\/portal\/wp-content\/uploads\/2018\/02\/drogas-23-02-2018.jpeg","type":"image\/jpeg"}],"author":"Marcio Gomes dos Santos","twitter_card":"summary_large_image","twitter_misc":{"Escrito por":"Marcio Gomes dos Santos","Est. tempo de leitura":"1 minuto"},"schema":{"@context":"https:\/\/schema.org","@graph":[{"@type":"Article","@id":"https:\/\/www.pm.pb.gov.br\/portal\/2018\/02\/23\/policia-militar-prende-suspeita-de-trafico-com-145-papelotes-de-maconha-e-25-pedras-de-crack\/#article","isPartOf":{"@id":"https:\/\/www.pm.pb.gov.br\/portal\/2018\/02\/23\/policia-militar-prende-suspeita-de-trafico-com-145-papelotes-de-maconha-e-25-pedras-de-crack\/"},"author":{"name":"Marcio Gomes dos Santos","@id":"https:\/\/www.pm.pb.gov.br\/portal\/#\/schema\/person\/30d571652b38533c2211e4e89bf5a502"},"headline":"Pol\u00edcia Militar prende suspeita de tr\u00e1fico com 145 papelotes de maconha e 25 pedras de crack","datePublished":"2018-02-23T19:21:43+00:00","dateModified":"2018-02-23T19:21:43+00:00","mainEntityOfPage":{"@id":"https:\/\/www.pm.pb.gov.br\/portal\/2018\/02\/23\/policia-militar-prende-suspeita-de-trafico-com-145-papelotes-de-maconha-e-25-pedras-de-crack\/"},"wordCount":202,"publisher":{"@id":"https:\/\/www.pm.pb.gov.br\/portal\/#organization"},"articleSection":["A\u00e7\u00f5es Policiais"],"inLanguage":"pt-BR"},{"@type":"WebPage","@id":"https:\/\/www.pm.pb.gov.br\/portal\/2018\/02\/23\/policia-militar-prende-suspeita-de-trafico-com-145-papelotes-de-maconha-e-25-pedras-de-crack\/","url":"https:\/\/www.pm.pb.gov.br\/portal\/2018\/02\/23\/policia-militar-prende-suspeita-de-trafico-com-145-papelotes-de-maconha-e-25-pedras-de-crack\/","name":"Pol\u00edcia Militar prende suspeita de tr\u00e1fico com 145 papelotes de maconha e 25 pedras de crack - Pol\u00edcia Militar da Para\u00edba","isPartOf":{"@id":"https:\/\/www.pm.pb.gov.br\/portal\/#website"},"datePublished":"2018-02-23T19:21:43+00:00","dateModified":"2018-02-23T19:21:43+00:00","breadcrumb":{"@id":"https:\/\/www.pm.pb.gov.br\/portal\/2018\/02\/23\/policia-militar-prende-suspeita-de-trafico-com-145-papelotes-de-maconha-e-25-pedras-de-crack\/#breadcrumb"},"inLanguage":"pt-BR","potentialAction":[{"@type":"ReadAction","target":["https:\/\/www.pm.pb.gov.br\/portal\/2018\/02\/23\/policia-militar-prende-suspeita-de-trafico-com-145-papelotes-de-maconha-e-25-pedras-de-crack\/"]}]},{"@type":"BreadcrumbList","@id":"https:\/\/www.pm.pb.gov.br\/portal\/2018\/02\/23\/policia-militar-prende-suspeita-de-trafico-com-145-papelotes-de-maconha-e-25-pedras-de-crack\/#breadcrumb","itemListElement":[{"@type":"ListItem","position":1,"name":"In\u00edcio","item":"https:\/\/www.pm.pb.gov.br\/portal\/"},{"@type":"ListItem","position":2,"name":"Pol\u00edcia Militar prende suspeita de tr\u00e1fico com 145 papelotes de maconha e 25 pedras de crack"}]},{"@type":"WebSite","@id":"https:\/\/www.pm.pb.gov.br\/portal\/#website","url":"https:\/\/www.pm.pb.gov.br\/portal\/","name":"Pol\u00edcia Militar da Para\u00edba","description":"","publisher":{"@id":"https:\/\/www.pm.pb.gov.br\/portal\/#organization"},"potentialAction":[{"@type":"SearchAction","target":{"@type":"EntryPoint","urlTemplate":"https:\/\/www.pm.pb.gov.br\/portal\/?s={search_term_string}"},"query-input":"required name=search_term_string"}],"inLanguage":"pt-BR"},{"@type":"Organization","@id":"https:\/\/www.pm.pb.gov.br\/portal\/#organization","name":"Pol\u00edcia Militar da Para\u00edba","url":"https:\/\/www.pm.pb.gov.br\/portal\/","logo":{"@type":"ImageObject","inLanguage":"pt-BR","@id":"https:\/\/www.pm.pb.gov.br\/portal\/#\/schema\/logo\/image\/","url":"https:\/\/www.pm.pb.gov.br\/portal\/wp-content\/uploads\/2025\/03\/cropped-logo-site-mag2-1.png","contentUrl":"https:\/\/www.pm.pb.gov.br\/portal\/wp-content\/uploads\/2025\/03\/cropped-logo-site-mag2-1.png","width":320,"height":90,"caption":"Pol\u00edcia Militar da Para\u00edba"},"image":{"@id":"https:\/\/www.pm.pb.gov.br\/portal\/#\/schema\/logo\/image\/"}},{"@type":"Person","@id":"https:\/\/www.pm.pb.gov.br\/portal\/#\/schema\/person\/30d571652b38533c2211e4e89bf5a502","name":"Marcio Gomes dos Santos","image":{"@type":"ImageObject","inLanguage":"pt-BR","@id":"https:\/\/www.pm.pb.gov.br\/portal\/#\/schema\/person\/image\/","url":"https:\/\/secure.gravatar.com\/avatar\/cf4ec2cb690101e1581c7773aa350c19?s=96&d=mm&r=g","contentUrl":"https:\/\/secure.gravatar.com\/avatar\/cf4ec2cb690101e1581c7773aa350c19?s=96&d=mm&r=g","caption":"Marcio Gomes dos Santos"},"url":"https:\/\/www.pm.pb.gov.br\/portal\/author\/mgomes\/"}]}},"_links":{"self":[{"href":"https:\/\/www.pm.pb.gov.br\/portal\/wp-json\/wp\/v2\/posts\/897059"}],"collection":[{"href":"https:\/\/www.pm.pb.gov.br\/portal\/wp-json\/wp\/v2\/posts"}],"about":[{"href":"https:\/\/www.pm.pb.gov.br\/portal\/wp-json\/wp\/v2\/types\/post"}],"author":[{"embeddable":true,"href":"https:\/\/www.pm.pb.gov.br\/portal\/wp-json\/wp\/v2\/users\/15"}],"replies":[{"embeddable":true,"href":"https:\/\/www.pm.pb.gov.br\/portal\/wp-json\/wp\/v2\/comments?post=897059"}],"version-history":[{"count":1,"href":"https:\/\/www.pm.pb.gov.br\/portal\/wp-json\/wp\/v2\/posts\/897059\/revisions"}],"predecessor-version":[{"id":897060,"href":"https:\/\/www.pm.pb.gov.br\/portal\/wp-json\/wp\/v2\/posts\/897059\/revisions\/897060"}],"wp:featuredmedia":[{"embeddable":true,"href":"https:\/\/www.pm.pb.gov.br\/portal\/wp-json\/wp\/v2\/media\/897058"}],"wp:attachment":[{"href":"https:\/\/www.pm.pb.gov.br\/portal\/wp-json\/wp\/v2\/media?parent=897059"}],"wp:term":[{"taxonomy":"category","embeddable":true,"href":"https:\/\/www.pm.pb.gov.br\/portal\/wp-json\/wp\/v2\/categories?post=897059"},{"taxonomy":"post_tag","embeddable":true,"href":"https:\/\/www.pm.pb.gov.br\/portal\/wp-json\/wp\/v2\/tags?post=897059"}],"curies":[{"name":"wp","href":"https:\/\/api.w.org\/{rel}","templated":true}]}}