{"id":897017,"date":"2018-02-16T17:58:51","date_gmt":"2018-02-16T20:58:51","guid":{"rendered":"http:\/\/www.pm.pb.gov.br\/portal\/?p=897017"},"modified":"2018-02-16T17:59:54","modified_gmt":"2018-02-16T20:59:54","slug":"policia-prende-suspeitos-de-furto-e-receptacao-e-apreende-armas-na-zona-sul-da-capital","status":"publish","type":"post","link":"https:\/\/www.pm.pb.gov.br\/portal\/2018\/02\/16\/policia-prende-suspeitos-de-furto-e-receptacao-e-apreende-armas-na-zona-sul-da-capital\/","title":{"rendered":"Pol\u00edcia Militar prende suspeitos de furto e recepta\u00e7\u00e3o e apreende armas na zona sul da Capital"},"content":{"rendered":"<p style=\"text-align: justify;\">A Pol\u00edcia Militar prendeu dois suspeitos de furto e recepta\u00e7\u00e3o, que estavam atuando na regi\u00e3o do bairro dos Funcion\u00e1rios e Costa e Silva, zona sul de Jo\u00e3o Pessoa. Um deles \u00e9 suspeito de ter furtado casas nestes \u00faltimos dias. Com a dupla, presa nesta sexta-feira (16) \u00e0 tarde, a PM apreendeu duas armas de fogo, recuperou produtos de furto, e celulares que podem ter sido roubados.<\/p>\n<p style=\"text-align: justify;\">Segundo os policiais da 5\u00aa Companhia do 5\u00ba Batalh\u00e3o, que fizeram a pris\u00e3o no in\u00edcio da tarde, o primeiro suspeito preso, de 40 anos, estava no bairro dos Funcion\u00e1rios, nas proximidades de uma casa abandonada, onde foi encontrado ap\u00f3s informa\u00e7\u00f5es recebidas pela PM. \u201cEle foi apontado por uma das v\u00edtimas como suspeito de um furto ocorrido em uma casa de recep\u00e7\u00e3o, onde foram levadas mesas e telhas\u201d, disse o sargento Tiago Duarte, que efetuou a pris\u00e3o. \u201cO suspeito confessou a pr\u00e1tica do furto e apontou um comparsa, que revendia os produtos resultados dos crimes\u201d, relatou o policial.<\/p>\n<p style=\"text-align: justify;\">Em dilig\u00eancias, os policiais localizaram o suspeito de recepta\u00e7\u00e3o, que tem 50 anos, e que vendia os produtos furtados no bairro de Costa e Silva, em um estabelecimento comercial. No local, a PM recuperou as telhas e mesas furtadas da v\u00edtima, apreendeu duas armas de fogo, sendo um rev\u00f3lver calibre 38 e uma espingarda soca-soca, al\u00e9m de 20 celulares que podem ter sido roubados. Tamb\u00e9m foram encontradas muni\u00e7\u00f5es de calibre restrito .40, de calibre 38, um tablet, um carregador port\u00e1til de celular, e facas.<\/p>\n<p style=\"text-align: justify;\">Os dois suspeitos foram conduzidos para a Central de Flagrantes para os procedimentos cab\u00edveis ao caso.<\/p>\n<p style=\"text-align: justify;\"><strong>Crime ambiental<\/strong> \u2013 O suspeito de recepta\u00e7\u00e3o tamb\u00e9m foi autuado e multado em R$ 11 mil pelo Batalh\u00e3o Ambiental (BPAmb). \u00a0Ele mantinha 22 aves em gaiolas, no lugar onde vendia os produtos furtados.<\/p>\n","protected":false},"excerpt":{"rendered":"<p>A Pol\u00edcia Militar prendeu dois suspeitos de furto e recepta\u00e7\u00e3o, que estavam atuando na regi\u00e3o do bairro dos Funcion\u00e1rios e<\/p>\n","protected":false},"author":12,"featured_media":897015,"comment_status":"closed","ping_status":"closed","sticky":false,"template":"","format":"standard","meta":{"_exactmetrics_skip_tracking":false,"_exactmetrics_sitenote_active":false,"_exactmetrics_sitenote_note":"","_exactmetrics_sitenote_category":0,"footnotes":""},"categories":[4],"tags":[],"yoast_head":"<!-- This site is optimized with the Yoast SEO plugin v22.0 - https:\/\/yoast.com\/wordpress\/plugins\/seo\/ -->\n<title>Pol\u00edcia Militar prende suspeitos de furto e recepta\u00e7\u00e3o e apreende armas na zona sul da Capital - Pol\u00edcia Militar da Para\u00edba<\/title>\n<meta name=\"robots\" content=\"index, follow, max-snippet:-1, max-image-preview:large, max-video-preview:-1\" \/>\n<link rel=\"canonical\" href=\"https:\/\/www.pm.pb.gov.br\/portal\/2018\/02\/16\/policia-prende-suspeitos-de-furto-e-receptacao-e-apreende-armas-na-zona-sul-da-capital\/\" \/>\n<meta property=\"og:locale\" content=\"pt_BR\" \/>\n<meta property=\"og:type\" content=\"article\" \/>\n<meta property=\"og:title\" content=\"Pol\u00edcia Militar prende suspeitos de furto e recepta\u00e7\u00e3o e apreende armas na zona sul da Capital - Pol\u00edcia Militar da Para\u00edba\" \/>\n<meta property=\"og:description\" content=\"A Pol\u00edcia Militar prendeu dois suspeitos de furto e recepta\u00e7\u00e3o, que estavam atuando na regi\u00e3o do bairro dos Funcion\u00e1rios e\" \/>\n<meta property=\"og:url\" content=\"https:\/\/www.pm.pb.gov.br\/portal\/2018\/02\/16\/policia-prende-suspeitos-de-furto-e-receptacao-e-apreende-armas-na-zona-sul-da-capital\/\" \/>\n<meta property=\"og:site_name\" content=\"Pol\u00edcia Militar da Para\u00edba\" \/>\n<meta property=\"article:published_time\" content=\"2018-02-16T20:58:51+00:00\" \/>\n<meta property=\"article:modified_time\" content=\"2018-02-16T20:59:54+00:00\" \/>\n<meta property=\"og:image\" content=\"https:\/\/www.pm.pb.gov.br\/portal\/wp-content\/uploads\/2018\/02\/materiaisapreendidos-1.jpg\" \/>\n\t<meta property=\"og:image:width\" content=\"800\" \/>\n\t<meta property=\"og:image:height\" content=\"445\" \/>\n\t<meta property=\"og:image:type\" content=\"image\/jpeg\" \/>\n<meta name=\"author\" content=\"Tarcisio Oliveira\" \/>\n<meta name=\"twitter:card\" content=\"summary_large_image\" \/>\n<meta name=\"twitter:label1\" content=\"Escrito por\" \/>\n\t<meta name=\"twitter:data1\" content=\"Tarcisio Oliveira\" \/>\n\t<meta name=\"twitter:label2\" content=\"Est. tempo de leitura\" \/>\n\t<meta name=\"twitter:data2\" content=\"2 minutos\" \/>\n<script type=\"application\/ld+json\" class=\"yoast-schema-graph\">{\"@context\":\"https:\/\/schema.org\",\"@graph\":[{\"@type\":\"Article\",\"@id\":\"https:\/\/www.pm.pb.gov.br\/portal\/2018\/02\/16\/policia-prende-suspeitos-de-furto-e-receptacao-e-apreende-armas-na-zona-sul-da-capital\/#article\",\"isPartOf\":{\"@id\":\"https:\/\/www.pm.pb.gov.br\/portal\/2018\/02\/16\/policia-prende-suspeitos-de-furto-e-receptacao-e-apreende-armas-na-zona-sul-da-capital\/\"},\"author\":{\"name\":\"Tarcisio Oliveira\",\"@id\":\"https:\/\/www.pm.pb.gov.br\/portal\/#\/schema\/person\/f84f56dcc78ce4357054da888b8247fd\"},\"headline\":\"Pol\u00edcia Militar prende suspeitos de furto e recepta\u00e7\u00e3o e apreende armas na zona sul da Capital\",\"datePublished\":\"2018-02-16T20:58:51+00:00\",\"dateModified\":\"2018-02-16T20:59:54+00:00\",\"mainEntityOfPage\":{\"@id\":\"https:\/\/www.pm.pb.gov.br\/portal\/2018\/02\/16\/policia-prende-suspeitos-de-furto-e-receptacao-e-apreende-armas-na-zona-sul-da-capital\/\"},\"wordCount\":327,\"publisher\":{\"@id\":\"https:\/\/www.pm.pb.gov.br\/portal\/#organization\"},\"articleSection\":[\"A\u00e7\u00f5es Policiais\"],\"inLanguage\":\"pt-BR\"},{\"@type\":\"WebPage\",\"@id\":\"https:\/\/www.pm.pb.gov.br\/portal\/2018\/02\/16\/policia-prende-suspeitos-de-furto-e-receptacao-e-apreende-armas-na-zona-sul-da-capital\/\",\"url\":\"https:\/\/www.pm.pb.gov.br\/portal\/2018\/02\/16\/policia-prende-suspeitos-de-furto-e-receptacao-e-apreende-armas-na-zona-sul-da-capital\/\",\"name\":\"Pol\u00edcia Militar prende suspeitos de furto e recepta\u00e7\u00e3o e apreende armas na zona sul da Capital - Pol\u00edcia Militar da Para\u00edba\",\"isPartOf\":{\"@id\":\"https:\/\/www.pm.pb.gov.br\/portal\/#website\"},\"datePublished\":\"2018-02-16T20:58:51+00:00\",\"dateModified\":\"2018-02-16T20:59:54+00:00\",\"breadcrumb\":{\"@id\":\"https:\/\/www.pm.pb.gov.br\/portal\/2018\/02\/16\/policia-prende-suspeitos-de-furto-e-receptacao-e-apreende-armas-na-zona-sul-da-capital\/#breadcrumb\"},\"inLanguage\":\"pt-BR\",\"potentialAction\":[{\"@type\":\"ReadAction\",\"target\":[\"https:\/\/www.pm.pb.gov.br\/portal\/2018\/02\/16\/policia-prende-suspeitos-de-furto-e-receptacao-e-apreende-armas-na-zona-sul-da-capital\/\"]}]},{\"@type\":\"BreadcrumbList\",\"@id\":\"https:\/\/www.pm.pb.gov.br\/portal\/2018\/02\/16\/policia-prende-suspeitos-de-furto-e-receptacao-e-apreende-armas-na-zona-sul-da-capital\/#breadcrumb\",\"itemListElement\":[{\"@type\":\"ListItem\",\"position\":1,\"name\":\"In\u00edcio\",\"item\":\"https:\/\/www.pm.pb.gov.br\/portal\/\"},{\"@type\":\"ListItem\",\"position\":2,\"name\":\"Pol\u00edcia Militar prende suspeitos de furto e recepta\u00e7\u00e3o e apreende armas na zona sul da Capital\"}]},{\"@type\":\"WebSite\",\"@id\":\"https:\/\/www.pm.pb.gov.br\/portal\/#website\",\"url\":\"https:\/\/www.pm.pb.gov.br\/portal\/\",\"name\":\"Pol\u00edcia Militar da Para\u00edba\",\"description\":\"\",\"publisher\":{\"@id\":\"https:\/\/www.pm.pb.gov.br\/portal\/#organization\"},\"potentialAction\":[{\"@type\":\"SearchAction\",\"target\":{\"@type\":\"EntryPoint\",\"urlTemplate\":\"https:\/\/www.pm.pb.gov.br\/portal\/?s={search_term_string}\"},\"query-input\":\"required name=search_term_string\"}],\"inLanguage\":\"pt-BR\"},{\"@type\":\"Organization\",\"@id\":\"https:\/\/www.pm.pb.gov.br\/portal\/#organization\",\"name\":\"Pol\u00edcia Militar da Para\u00edba\",\"url\":\"https:\/\/www.pm.pb.gov.br\/portal\/\",\"logo\":{\"@type\":\"ImageObject\",\"inLanguage\":\"pt-BR\",\"@id\":\"https:\/\/www.pm.pb.gov.br\/portal\/#\/schema\/logo\/image\/\",\"url\":\"https:\/\/www.pm.pb.gov.br\/portal\/wp-content\/uploads\/2025\/03\/cropped-logo-site-mag2-1.png\",\"contentUrl\":\"https:\/\/www.pm.pb.gov.br\/portal\/wp-content\/uploads\/2025\/03\/cropped-logo-site-mag2-1.png\",\"width\":320,\"height\":90,\"caption\":\"Pol\u00edcia Militar da Para\u00edba\"},\"image\":{\"@id\":\"https:\/\/www.pm.pb.gov.br\/portal\/#\/schema\/logo\/image\/\"}},{\"@type\":\"Person\",\"@id\":\"https:\/\/www.pm.pb.gov.br\/portal\/#\/schema\/person\/f84f56dcc78ce4357054da888b8247fd\",\"name\":\"Tarcisio Oliveira\",\"image\":{\"@type\":\"ImageObject\",\"inLanguage\":\"pt-BR\",\"@id\":\"https:\/\/www.pm.pb.gov.br\/portal\/#\/schema\/person\/image\/\",\"url\":\"https:\/\/secure.gravatar.com\/avatar\/72917b630b69d31cd0297507f34bac97?s=96&d=mm&r=g\",\"contentUrl\":\"https:\/\/secure.gravatar.com\/avatar\/72917b630b69d31cd0297507f34bac97?s=96&d=mm&r=g\",\"caption\":\"Tarcisio Oliveira\"},\"url\":\"https:\/\/www.pm.pb.gov.br\/portal\/author\/tarcisio\/\"}]}<\/script>\n<!-- \/ Yoast SEO plugin. -->","yoast_head_json":{"title":"Pol\u00edcia Militar prende suspeitos de furto e recepta\u00e7\u00e3o e apreende armas na zona sul da Capital - Pol\u00edcia Militar da Para\u00edba","robots":{"index":"index","follow":"follow","max-snippet":"max-snippet:-1","max-image-preview":"max-image-preview:large","max-video-preview":"max-video-preview:-1"},"canonical":"https:\/\/www.pm.pb.gov.br\/portal\/2018\/02\/16\/policia-prende-suspeitos-de-furto-e-receptacao-e-apreende-armas-na-zona-sul-da-capital\/","og_locale":"pt_BR","og_type":"article","og_title":"Pol\u00edcia Militar prende suspeitos de furto e recepta\u00e7\u00e3o e apreende armas na zona sul da Capital - Pol\u00edcia Militar da Para\u00edba","og_description":"A Pol\u00edcia Militar prendeu dois suspeitos de furto e recepta\u00e7\u00e3o, que estavam atuando na regi\u00e3o do bairro dos Funcion\u00e1rios e","og_url":"https:\/\/www.pm.pb.gov.br\/portal\/2018\/02\/16\/policia-prende-suspeitos-de-furto-e-receptacao-e-apreende-armas-na-zona-sul-da-capital\/","og_site_name":"Pol\u00edcia Militar da Para\u00edba","article_published_time":"2018-02-16T20:58:51+00:00","article_modified_time":"2018-02-16T20:59:54+00:00","og_image":[{"width":800,"height":445,"url":"https:\/\/www.pm.pb.gov.br\/portal\/wp-content\/uploads\/2018\/02\/materiaisapreendidos-1.jpg","type":"image\/jpeg"}],"author":"Tarcisio Oliveira","twitter_card":"summary_large_image","twitter_misc":{"Escrito por":"Tarcisio Oliveira","Est. tempo de leitura":"2 minutos"},"schema":{"@context":"https:\/\/schema.org","@graph":[{"@type":"Article","@id":"https:\/\/www.pm.pb.gov.br\/portal\/2018\/02\/16\/policia-prende-suspeitos-de-furto-e-receptacao-e-apreende-armas-na-zona-sul-da-capital\/#article","isPartOf":{"@id":"https:\/\/www.pm.pb.gov.br\/portal\/2018\/02\/16\/policia-prende-suspeitos-de-furto-e-receptacao-e-apreende-armas-na-zona-sul-da-capital\/"},"author":{"name":"Tarcisio Oliveira","@id":"https:\/\/www.pm.pb.gov.br\/portal\/#\/schema\/person\/f84f56dcc78ce4357054da888b8247fd"},"headline":"Pol\u00edcia Militar prende suspeitos de furto e recepta\u00e7\u00e3o e apreende armas na zona sul da Capital","datePublished":"2018-02-16T20:58:51+00:00","dateModified":"2018-02-16T20:59:54+00:00","mainEntityOfPage":{"@id":"https:\/\/www.pm.pb.gov.br\/portal\/2018\/02\/16\/policia-prende-suspeitos-de-furto-e-receptacao-e-apreende-armas-na-zona-sul-da-capital\/"},"wordCount":327,"publisher":{"@id":"https:\/\/www.pm.pb.gov.br\/portal\/#organization"},"articleSection":["A\u00e7\u00f5es Policiais"],"inLanguage":"pt-BR"},{"@type":"WebPage","@id":"https:\/\/www.pm.pb.gov.br\/portal\/2018\/02\/16\/policia-prende-suspeitos-de-furto-e-receptacao-e-apreende-armas-na-zona-sul-da-capital\/","url":"https:\/\/www.pm.pb.gov.br\/portal\/2018\/02\/16\/policia-prende-suspeitos-de-furto-e-receptacao-e-apreende-armas-na-zona-sul-da-capital\/","name":"Pol\u00edcia Militar prende suspeitos de furto e recepta\u00e7\u00e3o e apreende armas na zona sul da Capital - Pol\u00edcia Militar da Para\u00edba","isPartOf":{"@id":"https:\/\/www.pm.pb.gov.br\/portal\/#website"},"datePublished":"2018-02-16T20:58:51+00:00","dateModified":"2018-02-16T20:59:54+00:00","breadcrumb":{"@id":"https:\/\/www.pm.pb.gov.br\/portal\/2018\/02\/16\/policia-prende-suspeitos-de-furto-e-receptacao-e-apreende-armas-na-zona-sul-da-capital\/#breadcrumb"},"inLanguage":"pt-BR","potentialAction":[{"@type":"ReadAction","target":["https:\/\/www.pm.pb.gov.br\/portal\/2018\/02\/16\/policia-prende-suspeitos-de-furto-e-receptacao-e-apreende-armas-na-zona-sul-da-capital\/"]}]},{"@type":"BreadcrumbList","@id":"https:\/\/www.pm.pb.gov.br\/portal\/2018\/02\/16\/policia-prende-suspeitos-de-furto-e-receptacao-e-apreende-armas-na-zona-sul-da-capital\/#breadcrumb","itemListElement":[{"@type":"ListItem","position":1,"name":"In\u00edcio","item":"https:\/\/www.pm.pb.gov.br\/portal\/"},{"@type":"ListItem","position":2,"name":"Pol\u00edcia Militar prende suspeitos de furto e recepta\u00e7\u00e3o e apreende armas na zona sul da Capital"}]},{"@type":"WebSite","@id":"https:\/\/www.pm.pb.gov.br\/portal\/#website","url":"https:\/\/www.pm.pb.gov.br\/portal\/","name":"Pol\u00edcia Militar da Para\u00edba","description":"","publisher":{"@id":"https:\/\/www.pm.pb.gov.br\/portal\/#organization"},"potentialAction":[{"@type":"SearchAction","target":{"@type":"EntryPoint","urlTemplate":"https:\/\/www.pm.pb.gov.br\/portal\/?s={search_term_string}"},"query-input":"required name=search_term_string"}],"inLanguage":"pt-BR"},{"@type":"Organization","@id":"https:\/\/www.pm.pb.gov.br\/portal\/#organization","name":"Pol\u00edcia Militar da Para\u00edba","url":"https:\/\/www.pm.pb.gov.br\/portal\/","logo":{"@type":"ImageObject","inLanguage":"pt-BR","@id":"https:\/\/www.pm.pb.gov.br\/portal\/#\/schema\/logo\/image\/","url":"https:\/\/www.pm.pb.gov.br\/portal\/wp-content\/uploads\/2025\/03\/cropped-logo-site-mag2-1.png","contentUrl":"https:\/\/www.pm.pb.gov.br\/portal\/wp-content\/uploads\/2025\/03\/cropped-logo-site-mag2-1.png","width":320,"height":90,"caption":"Pol\u00edcia Militar da Para\u00edba"},"image":{"@id":"https:\/\/www.pm.pb.gov.br\/portal\/#\/schema\/logo\/image\/"}},{"@type":"Person","@id":"https:\/\/www.pm.pb.gov.br\/portal\/#\/schema\/person\/f84f56dcc78ce4357054da888b8247fd","name":"Tarcisio Oliveira","image":{"@type":"ImageObject","inLanguage":"pt-BR","@id":"https:\/\/www.pm.pb.gov.br\/portal\/#\/schema\/person\/image\/","url":"https:\/\/secure.gravatar.com\/avatar\/72917b630b69d31cd0297507f34bac97?s=96&d=mm&r=g","contentUrl":"https:\/\/secure.gravatar.com\/avatar\/72917b630b69d31cd0297507f34bac97?s=96&d=mm&r=g","caption":"Tarcisio Oliveira"},"url":"https:\/\/www.pm.pb.gov.br\/portal\/author\/tarcisio\/"}]}},"_links":{"self":[{"href":"https:\/\/www.pm.pb.gov.br\/portal\/wp-json\/wp\/v2\/posts\/897017"}],"collection":[{"href":"https:\/\/www.pm.pb.gov.br\/portal\/wp-json\/wp\/v2\/posts"}],"about":[{"href":"https:\/\/www.pm.pb.gov.br\/portal\/wp-json\/wp\/v2\/types\/post"}],"author":[{"embeddable":true,"href":"https:\/\/www.pm.pb.gov.br\/portal\/wp-json\/wp\/v2\/users\/12"}],"replies":[{"embeddable":true,"href":"https:\/\/www.pm.pb.gov.br\/portal\/wp-json\/wp\/v2\/comments?post=897017"}],"version-history":[{"count":2,"href":"https:\/\/www.pm.pb.gov.br\/portal\/wp-json\/wp\/v2\/posts\/897017\/revisions"}],"predecessor-version":[{"id":897019,"href":"https:\/\/www.pm.pb.gov.br\/portal\/wp-json\/wp\/v2\/posts\/897017\/revisions\/897019"}],"wp:featuredmedia":[{"embeddable":true,"href":"https:\/\/www.pm.pb.gov.br\/portal\/wp-json\/wp\/v2\/media\/897015"}],"wp:attachment":[{"href":"https:\/\/www.pm.pb.gov.br\/portal\/wp-json\/wp\/v2\/media?parent=897017"}],"wp:term":[{"taxonomy":"category","embeddable":true,"href":"https:\/\/www.pm.pb.gov.br\/portal\/wp-json\/wp\/v2\/categories?post=897017"},{"taxonomy":"post_tag","embeddable":true,"href":"https:\/\/www.pm.pb.gov.br\/portal\/wp-json\/wp\/v2\/tags?post=897017"}],"curies":[{"name":"wp","href":"https:\/\/api.w.org\/{rel}","templated":true}]}}