{"id":897004,"date":"2018-02-16T12:07:27","date_gmt":"2018-02-16T15:07:27","guid":{"rendered":"http:\/\/www.pm.pb.gov.br\/portal\/?p=897004"},"modified":"2018-02-16T12:08:23","modified_gmt":"2018-02-16T15:08:23","slug":"policia-militar-prende-homem-e-apreende-adolescente-suspeitos-de-praticar-homicidio-durante-o-carnaval-de-solanea","status":"publish","type":"post","link":"https:\/\/www.pm.pb.gov.br\/portal\/2018\/02\/16\/policia-militar-prende-homem-e-apreende-adolescente-suspeitos-de-praticar-homicidio-durante-o-carnaval-de-solanea\/","title":{"rendered":"A\u00e7\u00e3o integrada  prende homem e apreende adolescente suspeitos de praticar homic\u00eddio durante o Carnaval de Sol\u00e2nea"},"content":{"rendered":"<p style=\"text-align: justify;\">Uma a\u00e7\u00e3o integrada dos policiais civis da 21\u00aa Delegacia Seccional de Sol\u00e2nea e policiais militares da 7\u00aa Companhia Independente prendeu, na tarde desta quinta-feira (15), Jo\u00e3o Marcos Cardoso da Silva, 23 anos, e apreendeu um adolescente de 17 anos. Os dois s\u00e3o suspeitos de praticar um homic\u00eddio registrado na ter\u00e7a-feira (12), \u00faltimo dia de Carnaval.<\/p>\n<p style=\"text-align: justify;\">O crime aconteceu na Pra\u00e7a 26 de Novembro, no centro da cidade de Sol\u00e2nea, e, de acordo com informa\u00e7\u00f5es repassadas para pol\u00edcia por testemunhas, a v\u00edtima, Jo\u00e3o Barboza Franco, 39 anos, se envolveu em uma discuss\u00e3o banal com Jo\u00e3o Marcos e o jovem. Durante a confus\u00e3o, a v\u00edtima foi agredida com socos e depois ferida com v\u00e1rios golpes de faca desferidos pelo adolescente de 17 anos.<\/p>\n<p style=\"text-align: justify;\">Mesmo ferido, Jo\u00e3o Barboza ainda correu at\u00e9 a Delegacia de Sol\u00e2nea, mas quando chegou ao local morreu. Os suspeitos fugiram e, a partir das informa\u00e7\u00f5es repassadas, os policiais chegaram \u00e0 identifica\u00e7\u00e3o dos dois e iniciaram as buscas. Foram realizadas v\u00e1rias dilig\u00eancias e campanas nas localidades onde os dois investigados costumavam ser vistos e hoje quando este trabalho era feito eles foram encontrados.<\/p>\n<p style=\"text-align: justify;\">O adolescente foi apreendido no S\u00edtio Quatro Estacas, na cidade de Barra de Santa Rosa, distante 51,8 km de Sol\u00e2nea. J\u00e1 Jo\u00e3o Marcos foi preso pr\u00f3ximo ao Hospital Regional de Sol\u00e2nea. Ele foi ouvido e ser\u00e1 apresentado \u00e0 Justi\u00e7a. O adolescente foi apresentado ao Juiz da Inf\u00e2ncia e Juventude da cidade.<\/p>\n","protected":false},"excerpt":{"rendered":"<p>Uma a\u00e7\u00e3o integrada dos policiais civis da 21\u00aa Delegacia Seccional de Sol\u00e2nea e policiais militares da 7\u00aa Companhia Independente prendeu,<\/p>\n","protected":false},"author":15,"featured_media":895708,"comment_status":"closed","ping_status":"closed","sticky":false,"template":"","format":"standard","meta":{"_exactmetrics_skip_tracking":false,"_exactmetrics_sitenote_active":false,"_exactmetrics_sitenote_note":"","_exactmetrics_sitenote_category":0,"footnotes":""},"categories":[4],"tags":[],"yoast_head":"<!-- This site is optimized with the Yoast SEO plugin v22.0 - https:\/\/yoast.com\/wordpress\/plugins\/seo\/ -->\n<title>A\u00e7\u00e3o integrada prende homem e apreende adolescente suspeitos de praticar homic\u00eddio durante o Carnaval de Sol\u00e2nea - Pol\u00edcia Militar da Para\u00edba<\/title>\n<meta name=\"robots\" content=\"index, follow, max-snippet:-1, max-image-preview:large, max-video-preview:-1\" \/>\n<link rel=\"canonical\" href=\"https:\/\/www.pm.pb.gov.br\/portal\/2018\/02\/16\/policia-militar-prende-homem-e-apreende-adolescente-suspeitos-de-praticar-homicidio-durante-o-carnaval-de-solanea\/\" \/>\n<meta property=\"og:locale\" content=\"pt_BR\" \/>\n<meta property=\"og:type\" content=\"article\" \/>\n<meta property=\"og:title\" content=\"A\u00e7\u00e3o integrada prende homem e apreende adolescente suspeitos de praticar homic\u00eddio durante o Carnaval de Sol\u00e2nea - Pol\u00edcia Militar da Para\u00edba\" \/>\n<meta property=\"og:description\" content=\"Uma a\u00e7\u00e3o integrada dos policiais civis da 21\u00aa Delegacia Seccional de Sol\u00e2nea e policiais militares da 7\u00aa Companhia Independente prendeu,\" \/>\n<meta property=\"og:url\" content=\"https:\/\/www.pm.pb.gov.br\/portal\/2018\/02\/16\/policia-militar-prende-homem-e-apreende-adolescente-suspeitos-de-praticar-homicidio-durante-o-carnaval-de-solanea\/\" \/>\n<meta property=\"og:site_name\" content=\"Pol\u00edcia Militar da Para\u00edba\" \/>\n<meta property=\"article:published_time\" content=\"2018-02-16T15:07:27+00:00\" \/>\n<meta property=\"article:modified_time\" content=\"2018-02-16T15:08:23+00:00\" \/>\n<meta property=\"og:image\" content=\"https:\/\/www.pm.pb.gov.br\/portal\/wp-content\/uploads\/2017\/10\/Imagems-Ilustrativa-Site-Novo.jpg\" \/>\n\t<meta property=\"og:image:width\" content=\"800\" \/>\n\t<meta property=\"og:image:height\" content=\"445\" \/>\n\t<meta property=\"og:image:type\" content=\"image\/jpeg\" \/>\n<meta name=\"author\" content=\"Marcio Gomes dos Santos\" \/>\n<meta name=\"twitter:card\" content=\"summary_large_image\" \/>\n<meta name=\"twitter:label1\" content=\"Escrito por\" \/>\n\t<meta name=\"twitter:data1\" content=\"Marcio Gomes dos Santos\" \/>\n\t<meta name=\"twitter:label2\" content=\"Est. tempo de leitura\" \/>\n\t<meta name=\"twitter:data2\" content=\"1 minuto\" \/>\n<script type=\"application\/ld+json\" class=\"yoast-schema-graph\">{\"@context\":\"https:\/\/schema.org\",\"@graph\":[{\"@type\":\"Article\",\"@id\":\"https:\/\/www.pm.pb.gov.br\/portal\/2018\/02\/16\/policia-militar-prende-homem-e-apreende-adolescente-suspeitos-de-praticar-homicidio-durante-o-carnaval-de-solanea\/#article\",\"isPartOf\":{\"@id\":\"https:\/\/www.pm.pb.gov.br\/portal\/2018\/02\/16\/policia-militar-prende-homem-e-apreende-adolescente-suspeitos-de-praticar-homicidio-durante-o-carnaval-de-solanea\/\"},\"author\":{\"name\":\"Marcio Gomes dos Santos\",\"@id\":\"https:\/\/www.pm.pb.gov.br\/portal\/#\/schema\/person\/30d571652b38533c2211e4e89bf5a502\"},\"headline\":\"A\u00e7\u00e3o integrada prende homem e apreende adolescente suspeitos de praticar homic\u00eddio durante o Carnaval de Sol\u00e2nea\",\"datePublished\":\"2018-02-16T15:07:27+00:00\",\"dateModified\":\"2018-02-16T15:08:23+00:00\",\"mainEntityOfPage\":{\"@id\":\"https:\/\/www.pm.pb.gov.br\/portal\/2018\/02\/16\/policia-militar-prende-homem-e-apreende-adolescente-suspeitos-de-praticar-homicidio-durante-o-carnaval-de-solanea\/\"},\"wordCount\":271,\"publisher\":{\"@id\":\"https:\/\/www.pm.pb.gov.br\/portal\/#organization\"},\"articleSection\":[\"A\u00e7\u00f5es Policiais\"],\"inLanguage\":\"pt-BR\"},{\"@type\":\"WebPage\",\"@id\":\"https:\/\/www.pm.pb.gov.br\/portal\/2018\/02\/16\/policia-militar-prende-homem-e-apreende-adolescente-suspeitos-de-praticar-homicidio-durante-o-carnaval-de-solanea\/\",\"url\":\"https:\/\/www.pm.pb.gov.br\/portal\/2018\/02\/16\/policia-militar-prende-homem-e-apreende-adolescente-suspeitos-de-praticar-homicidio-durante-o-carnaval-de-solanea\/\",\"name\":\"A\u00e7\u00e3o integrada prende homem e apreende adolescente suspeitos de praticar homic\u00eddio durante o Carnaval de Sol\u00e2nea - Pol\u00edcia Militar da Para\u00edba\",\"isPartOf\":{\"@id\":\"https:\/\/www.pm.pb.gov.br\/portal\/#website\"},\"datePublished\":\"2018-02-16T15:07:27+00:00\",\"dateModified\":\"2018-02-16T15:08:23+00:00\",\"breadcrumb\":{\"@id\":\"https:\/\/www.pm.pb.gov.br\/portal\/2018\/02\/16\/policia-militar-prende-homem-e-apreende-adolescente-suspeitos-de-praticar-homicidio-durante-o-carnaval-de-solanea\/#breadcrumb\"},\"inLanguage\":\"pt-BR\",\"potentialAction\":[{\"@type\":\"ReadAction\",\"target\":[\"https:\/\/www.pm.pb.gov.br\/portal\/2018\/02\/16\/policia-militar-prende-homem-e-apreende-adolescente-suspeitos-de-praticar-homicidio-durante-o-carnaval-de-solanea\/\"]}]},{\"@type\":\"BreadcrumbList\",\"@id\":\"https:\/\/www.pm.pb.gov.br\/portal\/2018\/02\/16\/policia-militar-prende-homem-e-apreende-adolescente-suspeitos-de-praticar-homicidio-durante-o-carnaval-de-solanea\/#breadcrumb\",\"itemListElement\":[{\"@type\":\"ListItem\",\"position\":1,\"name\":\"In\u00edcio\",\"item\":\"https:\/\/www.pm.pb.gov.br\/portal\/\"},{\"@type\":\"ListItem\",\"position\":2,\"name\":\"A\u00e7\u00e3o integrada prende homem e apreende adolescente suspeitos de praticar homic\u00eddio durante o Carnaval de Sol\u00e2nea\"}]},{\"@type\":\"WebSite\",\"@id\":\"https:\/\/www.pm.pb.gov.br\/portal\/#website\",\"url\":\"https:\/\/www.pm.pb.gov.br\/portal\/\",\"name\":\"Pol\u00edcia Militar da Para\u00edba\",\"description\":\"\",\"publisher\":{\"@id\":\"https:\/\/www.pm.pb.gov.br\/portal\/#organization\"},\"potentialAction\":[{\"@type\":\"SearchAction\",\"target\":{\"@type\":\"EntryPoint\",\"urlTemplate\":\"https:\/\/www.pm.pb.gov.br\/portal\/?s={search_term_string}\"},\"query-input\":\"required name=search_term_string\"}],\"inLanguage\":\"pt-BR\"},{\"@type\":\"Organization\",\"@id\":\"https:\/\/www.pm.pb.gov.br\/portal\/#organization\",\"name\":\"Pol\u00edcia Militar da Para\u00edba\",\"url\":\"https:\/\/www.pm.pb.gov.br\/portal\/\",\"logo\":{\"@type\":\"ImageObject\",\"inLanguage\":\"pt-BR\",\"@id\":\"https:\/\/www.pm.pb.gov.br\/portal\/#\/schema\/logo\/image\/\",\"url\":\"https:\/\/www.pm.pb.gov.br\/portal\/wp-content\/uploads\/2025\/03\/cropped-logo-site-mag2-1.png\",\"contentUrl\":\"https:\/\/www.pm.pb.gov.br\/portal\/wp-content\/uploads\/2025\/03\/cropped-logo-site-mag2-1.png\",\"width\":320,\"height\":90,\"caption\":\"Pol\u00edcia Militar da Para\u00edba\"},\"image\":{\"@id\":\"https:\/\/www.pm.pb.gov.br\/portal\/#\/schema\/logo\/image\/\"}},{\"@type\":\"Person\",\"@id\":\"https:\/\/www.pm.pb.gov.br\/portal\/#\/schema\/person\/30d571652b38533c2211e4e89bf5a502\",\"name\":\"Marcio Gomes dos Santos\",\"image\":{\"@type\":\"ImageObject\",\"inLanguage\":\"pt-BR\",\"@id\":\"https:\/\/www.pm.pb.gov.br\/portal\/#\/schema\/person\/image\/\",\"url\":\"https:\/\/secure.gravatar.com\/avatar\/cf4ec2cb690101e1581c7773aa350c19?s=96&d=mm&r=g\",\"contentUrl\":\"https:\/\/secure.gravatar.com\/avatar\/cf4ec2cb690101e1581c7773aa350c19?s=96&d=mm&r=g\",\"caption\":\"Marcio Gomes dos Santos\"},\"url\":\"https:\/\/www.pm.pb.gov.br\/portal\/author\/mgomes\/\"}]}<\/script>\n<!-- \/ Yoast SEO plugin. -->","yoast_head_json":{"title":"A\u00e7\u00e3o integrada prende homem e apreende adolescente suspeitos de praticar homic\u00eddio durante o Carnaval de Sol\u00e2nea - Pol\u00edcia Militar da Para\u00edba","robots":{"index":"index","follow":"follow","max-snippet":"max-snippet:-1","max-image-preview":"max-image-preview:large","max-video-preview":"max-video-preview:-1"},"canonical":"https:\/\/www.pm.pb.gov.br\/portal\/2018\/02\/16\/policia-militar-prende-homem-e-apreende-adolescente-suspeitos-de-praticar-homicidio-durante-o-carnaval-de-solanea\/","og_locale":"pt_BR","og_type":"article","og_title":"A\u00e7\u00e3o integrada prende homem e apreende adolescente suspeitos de praticar homic\u00eddio durante o Carnaval de Sol\u00e2nea - Pol\u00edcia Militar da Para\u00edba","og_description":"Uma a\u00e7\u00e3o integrada dos policiais civis da 21\u00aa Delegacia Seccional de Sol\u00e2nea e policiais militares da 7\u00aa Companhia Independente prendeu,","og_url":"https:\/\/www.pm.pb.gov.br\/portal\/2018\/02\/16\/policia-militar-prende-homem-e-apreende-adolescente-suspeitos-de-praticar-homicidio-durante-o-carnaval-de-solanea\/","og_site_name":"Pol\u00edcia Militar da Para\u00edba","article_published_time":"2018-02-16T15:07:27+00:00","article_modified_time":"2018-02-16T15:08:23+00:00","og_image":[{"width":800,"height":445,"url":"https:\/\/www.pm.pb.gov.br\/portal\/wp-content\/uploads\/2017\/10\/Imagems-Ilustrativa-Site-Novo.jpg","type":"image\/jpeg"}],"author":"Marcio Gomes dos Santos","twitter_card":"summary_large_image","twitter_misc":{"Escrito por":"Marcio Gomes dos Santos","Est. tempo de leitura":"1 minuto"},"schema":{"@context":"https:\/\/schema.org","@graph":[{"@type":"Article","@id":"https:\/\/www.pm.pb.gov.br\/portal\/2018\/02\/16\/policia-militar-prende-homem-e-apreende-adolescente-suspeitos-de-praticar-homicidio-durante-o-carnaval-de-solanea\/#article","isPartOf":{"@id":"https:\/\/www.pm.pb.gov.br\/portal\/2018\/02\/16\/policia-militar-prende-homem-e-apreende-adolescente-suspeitos-de-praticar-homicidio-durante-o-carnaval-de-solanea\/"},"author":{"name":"Marcio Gomes dos Santos","@id":"https:\/\/www.pm.pb.gov.br\/portal\/#\/schema\/person\/30d571652b38533c2211e4e89bf5a502"},"headline":"A\u00e7\u00e3o integrada prende homem e apreende adolescente suspeitos de praticar homic\u00eddio durante o Carnaval de Sol\u00e2nea","datePublished":"2018-02-16T15:07:27+00:00","dateModified":"2018-02-16T15:08:23+00:00","mainEntityOfPage":{"@id":"https:\/\/www.pm.pb.gov.br\/portal\/2018\/02\/16\/policia-militar-prende-homem-e-apreende-adolescente-suspeitos-de-praticar-homicidio-durante-o-carnaval-de-solanea\/"},"wordCount":271,"publisher":{"@id":"https:\/\/www.pm.pb.gov.br\/portal\/#organization"},"articleSection":["A\u00e7\u00f5es Policiais"],"inLanguage":"pt-BR"},{"@type":"WebPage","@id":"https:\/\/www.pm.pb.gov.br\/portal\/2018\/02\/16\/policia-militar-prende-homem-e-apreende-adolescente-suspeitos-de-praticar-homicidio-durante-o-carnaval-de-solanea\/","url":"https:\/\/www.pm.pb.gov.br\/portal\/2018\/02\/16\/policia-militar-prende-homem-e-apreende-adolescente-suspeitos-de-praticar-homicidio-durante-o-carnaval-de-solanea\/","name":"A\u00e7\u00e3o integrada prende homem e apreende adolescente suspeitos de praticar homic\u00eddio durante o Carnaval de Sol\u00e2nea - Pol\u00edcia Militar da Para\u00edba","isPartOf":{"@id":"https:\/\/www.pm.pb.gov.br\/portal\/#website"},"datePublished":"2018-02-16T15:07:27+00:00","dateModified":"2018-02-16T15:08:23+00:00","breadcrumb":{"@id":"https:\/\/www.pm.pb.gov.br\/portal\/2018\/02\/16\/policia-militar-prende-homem-e-apreende-adolescente-suspeitos-de-praticar-homicidio-durante-o-carnaval-de-solanea\/#breadcrumb"},"inLanguage":"pt-BR","potentialAction":[{"@type":"ReadAction","target":["https:\/\/www.pm.pb.gov.br\/portal\/2018\/02\/16\/policia-militar-prende-homem-e-apreende-adolescente-suspeitos-de-praticar-homicidio-durante-o-carnaval-de-solanea\/"]}]},{"@type":"BreadcrumbList","@id":"https:\/\/www.pm.pb.gov.br\/portal\/2018\/02\/16\/policia-militar-prende-homem-e-apreende-adolescente-suspeitos-de-praticar-homicidio-durante-o-carnaval-de-solanea\/#breadcrumb","itemListElement":[{"@type":"ListItem","position":1,"name":"In\u00edcio","item":"https:\/\/www.pm.pb.gov.br\/portal\/"},{"@type":"ListItem","position":2,"name":"A\u00e7\u00e3o integrada prende homem e apreende adolescente suspeitos de praticar homic\u00eddio durante o Carnaval de Sol\u00e2nea"}]},{"@type":"WebSite","@id":"https:\/\/www.pm.pb.gov.br\/portal\/#website","url":"https:\/\/www.pm.pb.gov.br\/portal\/","name":"Pol\u00edcia Militar da Para\u00edba","description":"","publisher":{"@id":"https:\/\/www.pm.pb.gov.br\/portal\/#organization"},"potentialAction":[{"@type":"SearchAction","target":{"@type":"EntryPoint","urlTemplate":"https:\/\/www.pm.pb.gov.br\/portal\/?s={search_term_string}"},"query-input":"required name=search_term_string"}],"inLanguage":"pt-BR"},{"@type":"Organization","@id":"https:\/\/www.pm.pb.gov.br\/portal\/#organization","name":"Pol\u00edcia Militar da Para\u00edba","url":"https:\/\/www.pm.pb.gov.br\/portal\/","logo":{"@type":"ImageObject","inLanguage":"pt-BR","@id":"https:\/\/www.pm.pb.gov.br\/portal\/#\/schema\/logo\/image\/","url":"https:\/\/www.pm.pb.gov.br\/portal\/wp-content\/uploads\/2025\/03\/cropped-logo-site-mag2-1.png","contentUrl":"https:\/\/www.pm.pb.gov.br\/portal\/wp-content\/uploads\/2025\/03\/cropped-logo-site-mag2-1.png","width":320,"height":90,"caption":"Pol\u00edcia Militar da Para\u00edba"},"image":{"@id":"https:\/\/www.pm.pb.gov.br\/portal\/#\/schema\/logo\/image\/"}},{"@type":"Person","@id":"https:\/\/www.pm.pb.gov.br\/portal\/#\/schema\/person\/30d571652b38533c2211e4e89bf5a502","name":"Marcio Gomes dos Santos","image":{"@type":"ImageObject","inLanguage":"pt-BR","@id":"https:\/\/www.pm.pb.gov.br\/portal\/#\/schema\/person\/image\/","url":"https:\/\/secure.gravatar.com\/avatar\/cf4ec2cb690101e1581c7773aa350c19?s=96&d=mm&r=g","contentUrl":"https:\/\/secure.gravatar.com\/avatar\/cf4ec2cb690101e1581c7773aa350c19?s=96&d=mm&r=g","caption":"Marcio Gomes dos Santos"},"url":"https:\/\/www.pm.pb.gov.br\/portal\/author\/mgomes\/"}]}},"_links":{"self":[{"href":"https:\/\/www.pm.pb.gov.br\/portal\/wp-json\/wp\/v2\/posts\/897004"}],"collection":[{"href":"https:\/\/www.pm.pb.gov.br\/portal\/wp-json\/wp\/v2\/posts"}],"about":[{"href":"https:\/\/www.pm.pb.gov.br\/portal\/wp-json\/wp\/v2\/types\/post"}],"author":[{"embeddable":true,"href":"https:\/\/www.pm.pb.gov.br\/portal\/wp-json\/wp\/v2\/users\/15"}],"replies":[{"embeddable":true,"href":"https:\/\/www.pm.pb.gov.br\/portal\/wp-json\/wp\/v2\/comments?post=897004"}],"version-history":[{"count":2,"href":"https:\/\/www.pm.pb.gov.br\/portal\/wp-json\/wp\/v2\/posts\/897004\/revisions"}],"predecessor-version":[{"id":897006,"href":"https:\/\/www.pm.pb.gov.br\/portal\/wp-json\/wp\/v2\/posts\/897004\/revisions\/897006"}],"wp:featuredmedia":[{"embeddable":true,"href":"https:\/\/www.pm.pb.gov.br\/portal\/wp-json\/wp\/v2\/media\/895708"}],"wp:attachment":[{"href":"https:\/\/www.pm.pb.gov.br\/portal\/wp-json\/wp\/v2\/media?parent=897004"}],"wp:term":[{"taxonomy":"category","embeddable":true,"href":"https:\/\/www.pm.pb.gov.br\/portal\/wp-json\/wp\/v2\/categories?post=897004"},{"taxonomy":"post_tag","embeddable":true,"href":"https:\/\/www.pm.pb.gov.br\/portal\/wp-json\/wp\/v2\/tags?post=897004"}],"curies":[{"name":"wp","href":"https:\/\/api.w.org\/{rel}","templated":true}]}}