{"id":896946,"date":"2018-02-08T11:34:22","date_gmt":"2018-02-08T14:34:22","guid":{"rendered":"http:\/\/www.pm.pb.gov.br\/portal\/?p=896946"},"modified":"2018-02-08T11:34:22","modified_gmt":"2018-02-08T14:34:22","slug":"policia-militar-divulga-balanco-da-operacao-no-bloco-das-muricocas-do-miramar","status":"publish","type":"post","link":"https:\/\/www.pm.pb.gov.br\/portal\/2018\/02\/08\/policia-militar-divulga-balanco-da-operacao-no-bloco-das-muricocas-do-miramar\/","title":{"rendered":"Pol\u00edcia Militar divulga balan\u00e7o da opera\u00e7\u00e3o no bloco das Muri\u00e7ocas do Miramar"},"content":{"rendered":"<p style=\"text-align: justify;\">A Pol\u00edcia Militar da Para\u00edba divulgou o balan\u00e7o da a\u00e7\u00e3o no bloco Muri\u00e7ocas do Miramar, atra\u00e7\u00e3o da pr\u00e9via carnavalesca de Jo\u00e3o Pessoa. Na noite da quarta-feira (7), quarenta e uma pessoas foram conduzidas at\u00e9 o posto de comando e controle da PM, instalado no estacionamento de um supermercado, na Via Folia.<\/p>\n<p style=\"text-align: justify;\">A maioria das ocorr\u00eancias foi por brigas e outras quest\u00f5es relacionadas \u00e0 ingest\u00e3o de bebida. Os conduzidos passaram por uma triagem e tr\u00eas deles foram levados para a Central de Pol\u00edcia Civil: um homem preso com lol\u00f3, um adolescente apreendido com a maconha e uma jovem de 21 anos, presa ao tentar enganar ambulantes na festa, comprando bebidas com notas falsas.<\/p>\n<p style=\"text-align: justify;\"><img loading=\"lazy\" decoding=\"async\" class=\" wp-image-896947 alignright\" src=\"http:\/\/www.pm.pb.gov.br\/portal\/wp-content\/uploads\/2018\/02\/WhatsApp-Image-2018-02-08-at-06.36.03-1-668x445.jpeg\" alt=\"\" width=\"345\" height=\"230\" srcset=\"https:\/\/www.pm.pb.gov.br\/portal\/wp-content\/uploads\/2018\/02\/WhatsApp-Image-2018-02-08-at-06.36.03-1-668x445.jpeg 668w, https:\/\/www.pm.pb.gov.br\/portal\/wp-content\/uploads\/2018\/02\/WhatsApp-Image-2018-02-08-at-06.36.03-1-768x512.jpeg 768w, https:\/\/www.pm.pb.gov.br\/portal\/wp-content\/uploads\/2018\/02\/WhatsApp-Image-2018-02-08-at-06.36.03-1-855x570.jpeg 855w, https:\/\/www.pm.pb.gov.br\/portal\/wp-content\/uploads\/2018\/02\/WhatsApp-Image-2018-02-08-at-06.36.03-1-272x182.jpeg 272w, https:\/\/www.pm.pb.gov.br\/portal\/wp-content\/uploads\/2018\/02\/WhatsApp-Image-2018-02-08-at-06.36.03-1.jpeg 1280w\" sizes=\"(max-width: 345px) 100vw, 345px\" \/>O suspeito preso com lol\u00f3 chegou a utilizar dois adolescentes para auxiliar na comercializa\u00e7\u00e3o. Ele passou a ser monitorado pela PM desde o come\u00e7o da festa, ap\u00f3s den\u00fancia de que estaria agindo no evento. Ele vendia o produto aos foli\u00f5es, que geralmente chegavam com uma lata de cerveja vazia e ele colocava dentro a quantidade do entorpecente, de acordo com o valor pago. O rapaz foi preso em flagrante com v\u00e1rios frascos do produto.<\/p>\n<p style=\"text-align: justify;\">Ainda nas a\u00e7\u00f5es de combate ao tr\u00e1fico de entorpecentes na festa, a PM flagrou um suspeito de 17 anos com quase 100 trouxas de maconha prontas para a venda. A droga foi encontrada durante abordagem realizada pelos policiais, que desconfiaram da atitude do suspeito ao perceber a presen\u00e7a da PM.<\/p>\n<p style=\"text-align: justify;\">Para garantir a seguran\u00e7a na festa, a PM realizou um plano de seguran\u00e7a com 700 policiais, 100 viaturas ao longo da avenida e no entorno, bem como drones e c\u00e2meras de monitoramento para auxiliar nas atividades.<\/p>\n<p>&nbsp;<\/p>\n","protected":false},"excerpt":{"rendered":"<p>A Pol\u00edcia Militar da Para\u00edba divulgou o balan\u00e7o da a\u00e7\u00e3o no bloco Muri\u00e7ocas do Miramar, atra\u00e7\u00e3o da pr\u00e9via carnavalesca de<\/p>\n","protected":false},"author":15,"featured_media":896950,"comment_status":"closed","ping_status":"closed","sticky":false,"template":"","format":"standard","meta":{"_exactmetrics_skip_tracking":false,"_exactmetrics_sitenote_active":false,"_exactmetrics_sitenote_note":"","_exactmetrics_sitenote_category":0,"footnotes":""},"categories":[4],"tags":[],"yoast_head":"<!-- This site is optimized with the Yoast SEO plugin v22.0 - https:\/\/yoast.com\/wordpress\/plugins\/seo\/ -->\n<title>Pol\u00edcia Militar divulga balan\u00e7o da opera\u00e7\u00e3o no bloco das Muri\u00e7ocas do Miramar - Pol\u00edcia Militar da Para\u00edba<\/title>\n<meta name=\"robots\" content=\"index, follow, max-snippet:-1, max-image-preview:large, max-video-preview:-1\" \/>\n<link rel=\"canonical\" href=\"https:\/\/www.pm.pb.gov.br\/portal\/2018\/02\/08\/policia-militar-divulga-balanco-da-operacao-no-bloco-das-muricocas-do-miramar\/\" \/>\n<meta property=\"og:locale\" content=\"pt_BR\" \/>\n<meta property=\"og:type\" content=\"article\" \/>\n<meta property=\"og:title\" content=\"Pol\u00edcia Militar divulga balan\u00e7o da opera\u00e7\u00e3o no bloco das Muri\u00e7ocas do Miramar - Pol\u00edcia Militar da Para\u00edba\" \/>\n<meta property=\"og:description\" content=\"A Pol\u00edcia Militar da Para\u00edba divulgou o balan\u00e7o da a\u00e7\u00e3o no bloco Muri\u00e7ocas do Miramar, atra\u00e7\u00e3o da pr\u00e9via carnavalesca de\" \/>\n<meta property=\"og:url\" content=\"https:\/\/www.pm.pb.gov.br\/portal\/2018\/02\/08\/policia-militar-divulga-balanco-da-operacao-no-bloco-das-muricocas-do-miramar\/\" \/>\n<meta property=\"og:site_name\" content=\"Pol\u00edcia Militar da Para\u00edba\" \/>\n<meta property=\"article:published_time\" content=\"2018-02-08T14:34:22+00:00\" \/>\n<meta property=\"og:image\" content=\"https:\/\/www.pm.pb.gov.br\/portal\/wp-content\/uploads\/2018\/02\/WhatsApp-Image-2018-02-08-at-06.36.06-1.jpeg\" \/>\n\t<meta property=\"og:image:width\" content=\"800\" \/>\n\t<meta property=\"og:image:height\" content=\"491\" \/>\n\t<meta property=\"og:image:type\" content=\"image\/jpeg\" \/>\n<meta name=\"author\" content=\"Marcio Gomes dos Santos\" \/>\n<meta name=\"twitter:card\" content=\"summary_large_image\" \/>\n<meta name=\"twitter:label1\" content=\"Escrito por\" \/>\n\t<meta name=\"twitter:data1\" content=\"Marcio Gomes dos Santos\" \/>\n\t<meta name=\"twitter:label2\" content=\"Est. tempo de leitura\" \/>\n\t<meta name=\"twitter:data2\" content=\"1 minuto\" \/>\n<script type=\"application\/ld+json\" class=\"yoast-schema-graph\">{\"@context\":\"https:\/\/schema.org\",\"@graph\":[{\"@type\":\"Article\",\"@id\":\"https:\/\/www.pm.pb.gov.br\/portal\/2018\/02\/08\/policia-militar-divulga-balanco-da-operacao-no-bloco-das-muricocas-do-miramar\/#article\",\"isPartOf\":{\"@id\":\"https:\/\/www.pm.pb.gov.br\/portal\/2018\/02\/08\/policia-militar-divulga-balanco-da-operacao-no-bloco-das-muricocas-do-miramar\/\"},\"author\":{\"name\":\"Marcio Gomes dos Santos\",\"@id\":\"https:\/\/www.pm.pb.gov.br\/portal\/#\/schema\/person\/30d571652b38533c2211e4e89bf5a502\"},\"headline\":\"Pol\u00edcia Militar divulga balan\u00e7o da opera\u00e7\u00e3o no bloco das Muri\u00e7ocas do Miramar\",\"datePublished\":\"2018-02-08T14:34:22+00:00\",\"dateModified\":\"2018-02-08T14:34:22+00:00\",\"mainEntityOfPage\":{\"@id\":\"https:\/\/www.pm.pb.gov.br\/portal\/2018\/02\/08\/policia-militar-divulga-balanco-da-operacao-no-bloco-das-muricocas-do-miramar\/\"},\"wordCount\":307,\"publisher\":{\"@id\":\"https:\/\/www.pm.pb.gov.br\/portal\/#organization\"},\"articleSection\":[\"A\u00e7\u00f5es Policiais\"],\"inLanguage\":\"pt-BR\"},{\"@type\":\"WebPage\",\"@id\":\"https:\/\/www.pm.pb.gov.br\/portal\/2018\/02\/08\/policia-militar-divulga-balanco-da-operacao-no-bloco-das-muricocas-do-miramar\/\",\"url\":\"https:\/\/www.pm.pb.gov.br\/portal\/2018\/02\/08\/policia-militar-divulga-balanco-da-operacao-no-bloco-das-muricocas-do-miramar\/\",\"name\":\"Pol\u00edcia Militar divulga balan\u00e7o da opera\u00e7\u00e3o no bloco das Muri\u00e7ocas do Miramar - Pol\u00edcia Militar da Para\u00edba\",\"isPartOf\":{\"@id\":\"https:\/\/www.pm.pb.gov.br\/portal\/#website\"},\"datePublished\":\"2018-02-08T14:34:22+00:00\",\"dateModified\":\"2018-02-08T14:34:22+00:00\",\"breadcrumb\":{\"@id\":\"https:\/\/www.pm.pb.gov.br\/portal\/2018\/02\/08\/policia-militar-divulga-balanco-da-operacao-no-bloco-das-muricocas-do-miramar\/#breadcrumb\"},\"inLanguage\":\"pt-BR\",\"potentialAction\":[{\"@type\":\"ReadAction\",\"target\":[\"https:\/\/www.pm.pb.gov.br\/portal\/2018\/02\/08\/policia-militar-divulga-balanco-da-operacao-no-bloco-das-muricocas-do-miramar\/\"]}]},{\"@type\":\"BreadcrumbList\",\"@id\":\"https:\/\/www.pm.pb.gov.br\/portal\/2018\/02\/08\/policia-militar-divulga-balanco-da-operacao-no-bloco-das-muricocas-do-miramar\/#breadcrumb\",\"itemListElement\":[{\"@type\":\"ListItem\",\"position\":1,\"name\":\"In\u00edcio\",\"item\":\"https:\/\/www.pm.pb.gov.br\/portal\/\"},{\"@type\":\"ListItem\",\"position\":2,\"name\":\"Pol\u00edcia Militar divulga balan\u00e7o da opera\u00e7\u00e3o no bloco das Muri\u00e7ocas do Miramar\"}]},{\"@type\":\"WebSite\",\"@id\":\"https:\/\/www.pm.pb.gov.br\/portal\/#website\",\"url\":\"https:\/\/www.pm.pb.gov.br\/portal\/\",\"name\":\"Pol\u00edcia Militar da Para\u00edba\",\"description\":\"\",\"publisher\":{\"@id\":\"https:\/\/www.pm.pb.gov.br\/portal\/#organization\"},\"potentialAction\":[{\"@type\":\"SearchAction\",\"target\":{\"@type\":\"EntryPoint\",\"urlTemplate\":\"https:\/\/www.pm.pb.gov.br\/portal\/?s={search_term_string}\"},\"query-input\":\"required name=search_term_string\"}],\"inLanguage\":\"pt-BR\"},{\"@type\":\"Organization\",\"@id\":\"https:\/\/www.pm.pb.gov.br\/portal\/#organization\",\"name\":\"Pol\u00edcia Militar da Para\u00edba\",\"url\":\"https:\/\/www.pm.pb.gov.br\/portal\/\",\"logo\":{\"@type\":\"ImageObject\",\"inLanguage\":\"pt-BR\",\"@id\":\"https:\/\/www.pm.pb.gov.br\/portal\/#\/schema\/logo\/image\/\",\"url\":\"https:\/\/www.pm.pb.gov.br\/portal\/wp-content\/uploads\/2025\/03\/cropped-logo-site-mag2-1.png\",\"contentUrl\":\"https:\/\/www.pm.pb.gov.br\/portal\/wp-content\/uploads\/2025\/03\/cropped-logo-site-mag2-1.png\",\"width\":320,\"height\":90,\"caption\":\"Pol\u00edcia Militar da Para\u00edba\"},\"image\":{\"@id\":\"https:\/\/www.pm.pb.gov.br\/portal\/#\/schema\/logo\/image\/\"}},{\"@type\":\"Person\",\"@id\":\"https:\/\/www.pm.pb.gov.br\/portal\/#\/schema\/person\/30d571652b38533c2211e4e89bf5a502\",\"name\":\"Marcio Gomes dos Santos\",\"image\":{\"@type\":\"ImageObject\",\"inLanguage\":\"pt-BR\",\"@id\":\"https:\/\/www.pm.pb.gov.br\/portal\/#\/schema\/person\/image\/\",\"url\":\"https:\/\/secure.gravatar.com\/avatar\/cf4ec2cb690101e1581c7773aa350c19?s=96&d=mm&r=g\",\"contentUrl\":\"https:\/\/secure.gravatar.com\/avatar\/cf4ec2cb690101e1581c7773aa350c19?s=96&d=mm&r=g\",\"caption\":\"Marcio Gomes dos Santos\"},\"url\":\"https:\/\/www.pm.pb.gov.br\/portal\/author\/mgomes\/\"}]}<\/script>\n<!-- \/ Yoast SEO plugin. -->","yoast_head_json":{"title":"Pol\u00edcia Militar divulga balan\u00e7o da opera\u00e7\u00e3o no bloco das Muri\u00e7ocas do Miramar - Pol\u00edcia Militar da Para\u00edba","robots":{"index":"index","follow":"follow","max-snippet":"max-snippet:-1","max-image-preview":"max-image-preview:large","max-video-preview":"max-video-preview:-1"},"canonical":"https:\/\/www.pm.pb.gov.br\/portal\/2018\/02\/08\/policia-militar-divulga-balanco-da-operacao-no-bloco-das-muricocas-do-miramar\/","og_locale":"pt_BR","og_type":"article","og_title":"Pol\u00edcia Militar divulga balan\u00e7o da opera\u00e7\u00e3o no bloco das Muri\u00e7ocas do Miramar - Pol\u00edcia Militar da Para\u00edba","og_description":"A Pol\u00edcia Militar da Para\u00edba divulgou o balan\u00e7o da a\u00e7\u00e3o no bloco Muri\u00e7ocas do Miramar, atra\u00e7\u00e3o da pr\u00e9via carnavalesca de","og_url":"https:\/\/www.pm.pb.gov.br\/portal\/2018\/02\/08\/policia-militar-divulga-balanco-da-operacao-no-bloco-das-muricocas-do-miramar\/","og_site_name":"Pol\u00edcia Militar da Para\u00edba","article_published_time":"2018-02-08T14:34:22+00:00","og_image":[{"width":800,"height":491,"url":"https:\/\/www.pm.pb.gov.br\/portal\/wp-content\/uploads\/2018\/02\/WhatsApp-Image-2018-02-08-at-06.36.06-1.jpeg","type":"image\/jpeg"}],"author":"Marcio Gomes dos Santos","twitter_card":"summary_large_image","twitter_misc":{"Escrito por":"Marcio Gomes dos Santos","Est. tempo de leitura":"1 minuto"},"schema":{"@context":"https:\/\/schema.org","@graph":[{"@type":"Article","@id":"https:\/\/www.pm.pb.gov.br\/portal\/2018\/02\/08\/policia-militar-divulga-balanco-da-operacao-no-bloco-das-muricocas-do-miramar\/#article","isPartOf":{"@id":"https:\/\/www.pm.pb.gov.br\/portal\/2018\/02\/08\/policia-militar-divulga-balanco-da-operacao-no-bloco-das-muricocas-do-miramar\/"},"author":{"name":"Marcio Gomes dos Santos","@id":"https:\/\/www.pm.pb.gov.br\/portal\/#\/schema\/person\/30d571652b38533c2211e4e89bf5a502"},"headline":"Pol\u00edcia Militar divulga balan\u00e7o da opera\u00e7\u00e3o no bloco das Muri\u00e7ocas do Miramar","datePublished":"2018-02-08T14:34:22+00:00","dateModified":"2018-02-08T14:34:22+00:00","mainEntityOfPage":{"@id":"https:\/\/www.pm.pb.gov.br\/portal\/2018\/02\/08\/policia-militar-divulga-balanco-da-operacao-no-bloco-das-muricocas-do-miramar\/"},"wordCount":307,"publisher":{"@id":"https:\/\/www.pm.pb.gov.br\/portal\/#organization"},"articleSection":["A\u00e7\u00f5es Policiais"],"inLanguage":"pt-BR"},{"@type":"WebPage","@id":"https:\/\/www.pm.pb.gov.br\/portal\/2018\/02\/08\/policia-militar-divulga-balanco-da-operacao-no-bloco-das-muricocas-do-miramar\/","url":"https:\/\/www.pm.pb.gov.br\/portal\/2018\/02\/08\/policia-militar-divulga-balanco-da-operacao-no-bloco-das-muricocas-do-miramar\/","name":"Pol\u00edcia Militar divulga balan\u00e7o da opera\u00e7\u00e3o no bloco das Muri\u00e7ocas do Miramar - Pol\u00edcia Militar da Para\u00edba","isPartOf":{"@id":"https:\/\/www.pm.pb.gov.br\/portal\/#website"},"datePublished":"2018-02-08T14:34:22+00:00","dateModified":"2018-02-08T14:34:22+00:00","breadcrumb":{"@id":"https:\/\/www.pm.pb.gov.br\/portal\/2018\/02\/08\/policia-militar-divulga-balanco-da-operacao-no-bloco-das-muricocas-do-miramar\/#breadcrumb"},"inLanguage":"pt-BR","potentialAction":[{"@type":"ReadAction","target":["https:\/\/www.pm.pb.gov.br\/portal\/2018\/02\/08\/policia-militar-divulga-balanco-da-operacao-no-bloco-das-muricocas-do-miramar\/"]}]},{"@type":"BreadcrumbList","@id":"https:\/\/www.pm.pb.gov.br\/portal\/2018\/02\/08\/policia-militar-divulga-balanco-da-operacao-no-bloco-das-muricocas-do-miramar\/#breadcrumb","itemListElement":[{"@type":"ListItem","position":1,"name":"In\u00edcio","item":"https:\/\/www.pm.pb.gov.br\/portal\/"},{"@type":"ListItem","position":2,"name":"Pol\u00edcia Militar divulga balan\u00e7o da opera\u00e7\u00e3o no bloco das Muri\u00e7ocas do Miramar"}]},{"@type":"WebSite","@id":"https:\/\/www.pm.pb.gov.br\/portal\/#website","url":"https:\/\/www.pm.pb.gov.br\/portal\/","name":"Pol\u00edcia Militar da Para\u00edba","description":"","publisher":{"@id":"https:\/\/www.pm.pb.gov.br\/portal\/#organization"},"potentialAction":[{"@type":"SearchAction","target":{"@type":"EntryPoint","urlTemplate":"https:\/\/www.pm.pb.gov.br\/portal\/?s={search_term_string}"},"query-input":"required name=search_term_string"}],"inLanguage":"pt-BR"},{"@type":"Organization","@id":"https:\/\/www.pm.pb.gov.br\/portal\/#organization","name":"Pol\u00edcia Militar da Para\u00edba","url":"https:\/\/www.pm.pb.gov.br\/portal\/","logo":{"@type":"ImageObject","inLanguage":"pt-BR","@id":"https:\/\/www.pm.pb.gov.br\/portal\/#\/schema\/logo\/image\/","url":"https:\/\/www.pm.pb.gov.br\/portal\/wp-content\/uploads\/2025\/03\/cropped-logo-site-mag2-1.png","contentUrl":"https:\/\/www.pm.pb.gov.br\/portal\/wp-content\/uploads\/2025\/03\/cropped-logo-site-mag2-1.png","width":320,"height":90,"caption":"Pol\u00edcia Militar da Para\u00edba"},"image":{"@id":"https:\/\/www.pm.pb.gov.br\/portal\/#\/schema\/logo\/image\/"}},{"@type":"Person","@id":"https:\/\/www.pm.pb.gov.br\/portal\/#\/schema\/person\/30d571652b38533c2211e4e89bf5a502","name":"Marcio Gomes dos Santos","image":{"@type":"ImageObject","inLanguage":"pt-BR","@id":"https:\/\/www.pm.pb.gov.br\/portal\/#\/schema\/person\/image\/","url":"https:\/\/secure.gravatar.com\/avatar\/cf4ec2cb690101e1581c7773aa350c19?s=96&d=mm&r=g","contentUrl":"https:\/\/secure.gravatar.com\/avatar\/cf4ec2cb690101e1581c7773aa350c19?s=96&d=mm&r=g","caption":"Marcio Gomes dos Santos"},"url":"https:\/\/www.pm.pb.gov.br\/portal\/author\/mgomes\/"}]}},"_links":{"self":[{"href":"https:\/\/www.pm.pb.gov.br\/portal\/wp-json\/wp\/v2\/posts\/896946"}],"collection":[{"href":"https:\/\/www.pm.pb.gov.br\/portal\/wp-json\/wp\/v2\/posts"}],"about":[{"href":"https:\/\/www.pm.pb.gov.br\/portal\/wp-json\/wp\/v2\/types\/post"}],"author":[{"embeddable":true,"href":"https:\/\/www.pm.pb.gov.br\/portal\/wp-json\/wp\/v2\/users\/15"}],"replies":[{"embeddable":true,"href":"https:\/\/www.pm.pb.gov.br\/portal\/wp-json\/wp\/v2\/comments?post=896946"}],"version-history":[{"count":1,"href":"https:\/\/www.pm.pb.gov.br\/portal\/wp-json\/wp\/v2\/posts\/896946\/revisions"}],"predecessor-version":[{"id":896948,"href":"https:\/\/www.pm.pb.gov.br\/portal\/wp-json\/wp\/v2\/posts\/896946\/revisions\/896948"}],"wp:featuredmedia":[{"embeddable":true,"href":"https:\/\/www.pm.pb.gov.br\/portal\/wp-json\/wp\/v2\/media\/896950"}],"wp:attachment":[{"href":"https:\/\/www.pm.pb.gov.br\/portal\/wp-json\/wp\/v2\/media?parent=896946"}],"wp:term":[{"taxonomy":"category","embeddable":true,"href":"https:\/\/www.pm.pb.gov.br\/portal\/wp-json\/wp\/v2\/categories?post=896946"},{"taxonomy":"post_tag","embeddable":true,"href":"https:\/\/www.pm.pb.gov.br\/portal\/wp-json\/wp\/v2\/tags?post=896946"}],"curies":[{"name":"wp","href":"https:\/\/api.w.org\/{rel}","templated":true}]}}