{"id":896940,"date":"2018-02-05T19:45:32","date_gmt":"2018-02-05T22:45:32","guid":{"rendered":"http:\/\/www.pm.pb.gov.br\/portal\/?p=896940"},"modified":"2018-02-05T19:45:32","modified_gmt":"2018-02-05T22:45:32","slug":"policia-militar-apreende-arma-de-fogo-recupera-veiculo-roubado-e-prende-nove-suspeitos-durante-virgens-de-tambau-na-capital","status":"publish","type":"post","link":"https:\/\/www.pm.pb.gov.br\/portal\/2018\/02\/05\/policia-militar-apreende-arma-de-fogo-recupera-veiculo-roubado-e-prende-nove-suspeitos-durante-virgens-de-tambau-na-capital\/","title":{"rendered":"Pol\u00edcia Militar apreende arma de fogo, recupera ve\u00edculo roubado e prende nove suspeitos durante \u2018Virgens de Tamba\u00fa\u2019, na Capital"},"content":{"rendered":"<p style=\"text-align: justify;\">A Pol\u00edcia Militar apreendeu uma arma de fogo, recuperou um carro com queixa de roubo e furto, e conduziu nove pessoas \u00e0s delegacias durante o tradicional bloco de pr\u00e9-carnaval, \u2018Virgens de Tamba\u00fa\u2019, que aconteceu neste \u00faltimo domingo (04), em Jo\u00e3o Pessoa. Mais de 400 policiais em diversas modalidades de policiamento foram empregados no evento.<\/p>\n<p style=\"text-align: justify;\">A maioria das pris\u00f5es aconteceu devido a vias de fato e agress\u00f5es (brigas): seis pessoas foram presas por estes delitos. Uma pessoa foi presa suspeita de ter arremessado pedras em \u00f4nibus, na avenida Epit\u00e1cio Pessoa, logo ap\u00f3s a bifurca\u00e7\u00e3o com a Ruy Carneiro. Outra pessoa foi conduzida a delegacia por estar dirigindo uma pick-up com restri\u00e7\u00e3o de roubo e furto, na avenida Ruy Carneiro. Um homem tamb\u00e9m foi preso por porte ilegal de arma de fogo, ap\u00f3s ser abordado enquanto dirigia seu ve\u00edculo, em Tamba\u00fa. Ele estava com uma pistola calibre 380.<\/p>\n<figure id=\"attachment_896939\" aria-describedby=\"caption-attachment-896939\" style=\"width: 343px\" class=\"wp-caption alignleft\"><img loading=\"lazy\" decoding=\"async\" class=\"wp-image-896939\" src=\"http:\/\/www.pm.pb.gov.br\/portal\/wp-content\/uploads\/2018\/02\/arma_apreendida_05-02-18-593x445.jpeg\" alt=\"\" width=\"343\" height=\"258\" srcset=\"https:\/\/www.pm.pb.gov.br\/portal\/wp-content\/uploads\/2018\/02\/arma_apreendida_05-02-18-593x445.jpeg 593w, https:\/\/www.pm.pb.gov.br\/portal\/wp-content\/uploads\/2018\/02\/arma_apreendida_05-02-18-768x576.jpeg 768w, https:\/\/www.pm.pb.gov.br\/portal\/wp-content\/uploads\/2018\/02\/arma_apreendida_05-02-18-760x570.jpeg 760w, https:\/\/www.pm.pb.gov.br\/portal\/wp-content\/uploads\/2018\/02\/arma_apreendida_05-02-18.jpeg 1280w\" sizes=\"(max-width: 343px) 100vw, 343px\" \/><figcaption id=\"caption-attachment-896939\" class=\"wp-caption-text\"><span style=\"font-size: 10pt;\">Pistola apreendida em Tamba\u00fa<\/span><\/figcaption><\/figure>\n<p style=\"text-align: justify;\"><strong>Pr\u00e9vias &#8211;<\/strong> Um efetivo de mais de 1700 policiais vem sendo empenhado no per\u00edodo das pr\u00e9vias na regi\u00e3o metropolitana e distribu\u00eddo de acordo com o porte e abrang\u00eancia de cada um dos mais de 140 eventos previstos. Para dar mais seguran\u00e7a aos foli\u00f5es, a Pol\u00edcia Militar tamb\u00e9m utiliza uma van de monitoramento no corredor da folia, e ainda conta com o uso de drones durante os eventos.<\/p>\n<p style=\"text-align: justify;\">Todos os tipos de policiamento ser\u00e3o empregados durante a opera\u00e7\u00e3o, e os batalh\u00f5es especializados, como Bope (Batalh\u00e3o de Opera\u00e7\u00f5es Especiais), Batalh\u00e3o Ambiental, Regimento de Pol\u00edcia Montada, Batalh\u00e3o de Tr\u00e2nsito e ainda a Companhia Especializada em Atendimento ao Turista.<\/p>\n","protected":false},"excerpt":{"rendered":"<p>A Pol\u00edcia Militar apreendeu uma arma de fogo, recuperou um carro com queixa de roubo e furto, e conduziu nove<\/p>\n","protected":false},"author":12,"featured_media":896937,"comment_status":"closed","ping_status":"closed","sticky":false,"template":"","format":"standard","meta":{"_exactmetrics_skip_tracking":false,"_exactmetrics_sitenote_active":false,"_exactmetrics_sitenote_note":"","_exactmetrics_sitenote_category":0,"footnotes":""},"categories":[4],"tags":[],"yoast_head":"<!-- This site is optimized with the Yoast SEO plugin v22.0 - https:\/\/yoast.com\/wordpress\/plugins\/seo\/ -->\n<title>Pol\u00edcia Militar apreende arma de fogo, recupera ve\u00edculo roubado e prende nove suspeitos durante \u2018Virgens de Tamba\u00fa\u2019, na Capital - Pol\u00edcia Militar da Para\u00edba<\/title>\n<meta name=\"robots\" content=\"index, follow, max-snippet:-1, max-image-preview:large, max-video-preview:-1\" \/>\n<link rel=\"canonical\" href=\"https:\/\/www.pm.pb.gov.br\/portal\/2018\/02\/05\/policia-militar-apreende-arma-de-fogo-recupera-veiculo-roubado-e-prende-nove-suspeitos-durante-virgens-de-tambau-na-capital\/\" \/>\n<meta property=\"og:locale\" content=\"pt_BR\" \/>\n<meta property=\"og:type\" content=\"article\" \/>\n<meta property=\"og:title\" content=\"Pol\u00edcia Militar apreende arma de fogo, recupera ve\u00edculo roubado e prende nove suspeitos durante \u2018Virgens de Tamba\u00fa\u2019, na Capital - Pol\u00edcia Militar da Para\u00edba\" \/>\n<meta property=\"og:description\" content=\"A Pol\u00edcia Militar apreendeu uma arma de fogo, recuperou um carro com queixa de roubo e furto, e conduziu nove\" \/>\n<meta property=\"og:url\" content=\"https:\/\/www.pm.pb.gov.br\/portal\/2018\/02\/05\/policia-militar-apreende-arma-de-fogo-recupera-veiculo-roubado-e-prende-nove-suspeitos-durante-virgens-de-tambau-na-capital\/\" \/>\n<meta property=\"og:site_name\" content=\"Pol\u00edcia Militar da Para\u00edba\" \/>\n<meta property=\"article:published_time\" content=\"2018-02-05T22:45:32+00:00\" \/>\n<meta property=\"og:image\" content=\"https:\/\/www.pm.pb.gov.br\/portal\/wp-content\/uploads\/2018\/02\/policiamentoprecarnaval.jpg\" \/>\n\t<meta property=\"og:image:width\" content=\"800\" \/>\n\t<meta property=\"og:image:height\" content=\"445\" \/>\n\t<meta property=\"og:image:type\" content=\"image\/jpeg\" \/>\n<meta name=\"author\" content=\"Tarcisio Oliveira\" \/>\n<meta name=\"twitter:card\" content=\"summary_large_image\" \/>\n<meta name=\"twitter:label1\" content=\"Escrito por\" \/>\n\t<meta name=\"twitter:data1\" content=\"Tarcisio Oliveira\" \/>\n\t<meta name=\"twitter:label2\" content=\"Est. tempo de leitura\" \/>\n\t<meta name=\"twitter:data2\" content=\"1 minuto\" \/>\n<script type=\"application\/ld+json\" class=\"yoast-schema-graph\">{\"@context\":\"https:\/\/schema.org\",\"@graph\":[{\"@type\":\"Article\",\"@id\":\"https:\/\/www.pm.pb.gov.br\/portal\/2018\/02\/05\/policia-militar-apreende-arma-de-fogo-recupera-veiculo-roubado-e-prende-nove-suspeitos-durante-virgens-de-tambau-na-capital\/#article\",\"isPartOf\":{\"@id\":\"https:\/\/www.pm.pb.gov.br\/portal\/2018\/02\/05\/policia-militar-apreende-arma-de-fogo-recupera-veiculo-roubado-e-prende-nove-suspeitos-durante-virgens-de-tambau-na-capital\/\"},\"author\":{\"name\":\"Tarcisio Oliveira\",\"@id\":\"https:\/\/www.pm.pb.gov.br\/portal\/#\/schema\/person\/f84f56dcc78ce4357054da888b8247fd\"},\"headline\":\"Pol\u00edcia Militar apreende arma de fogo, recupera ve\u00edculo roubado e prende nove suspeitos durante \u2018Virgens de Tamba\u00fa\u2019, na Capital\",\"datePublished\":\"2018-02-05T22:45:32+00:00\",\"dateModified\":\"2018-02-05T22:45:32+00:00\",\"mainEntityOfPage\":{\"@id\":\"https:\/\/www.pm.pb.gov.br\/portal\/2018\/02\/05\/policia-militar-apreende-arma-de-fogo-recupera-veiculo-roubado-e-prende-nove-suspeitos-durante-virgens-de-tambau-na-capital\/\"},\"wordCount\":309,\"publisher\":{\"@id\":\"https:\/\/www.pm.pb.gov.br\/portal\/#organization\"},\"articleSection\":[\"A\u00e7\u00f5es Policiais\"],\"inLanguage\":\"pt-BR\"},{\"@type\":\"WebPage\",\"@id\":\"https:\/\/www.pm.pb.gov.br\/portal\/2018\/02\/05\/policia-militar-apreende-arma-de-fogo-recupera-veiculo-roubado-e-prende-nove-suspeitos-durante-virgens-de-tambau-na-capital\/\",\"url\":\"https:\/\/www.pm.pb.gov.br\/portal\/2018\/02\/05\/policia-militar-apreende-arma-de-fogo-recupera-veiculo-roubado-e-prende-nove-suspeitos-durante-virgens-de-tambau-na-capital\/\",\"name\":\"Pol\u00edcia Militar apreende arma de fogo, recupera ve\u00edculo roubado e prende nove suspeitos durante \u2018Virgens de Tamba\u00fa\u2019, na Capital - Pol\u00edcia Militar da Para\u00edba\",\"isPartOf\":{\"@id\":\"https:\/\/www.pm.pb.gov.br\/portal\/#website\"},\"datePublished\":\"2018-02-05T22:45:32+00:00\",\"dateModified\":\"2018-02-05T22:45:32+00:00\",\"breadcrumb\":{\"@id\":\"https:\/\/www.pm.pb.gov.br\/portal\/2018\/02\/05\/policia-militar-apreende-arma-de-fogo-recupera-veiculo-roubado-e-prende-nove-suspeitos-durante-virgens-de-tambau-na-capital\/#breadcrumb\"},\"inLanguage\":\"pt-BR\",\"potentialAction\":[{\"@type\":\"ReadAction\",\"target\":[\"https:\/\/www.pm.pb.gov.br\/portal\/2018\/02\/05\/policia-militar-apreende-arma-de-fogo-recupera-veiculo-roubado-e-prende-nove-suspeitos-durante-virgens-de-tambau-na-capital\/\"]}]},{\"@type\":\"BreadcrumbList\",\"@id\":\"https:\/\/www.pm.pb.gov.br\/portal\/2018\/02\/05\/policia-militar-apreende-arma-de-fogo-recupera-veiculo-roubado-e-prende-nove-suspeitos-durante-virgens-de-tambau-na-capital\/#breadcrumb\",\"itemListElement\":[{\"@type\":\"ListItem\",\"position\":1,\"name\":\"In\u00edcio\",\"item\":\"https:\/\/www.pm.pb.gov.br\/portal\/\"},{\"@type\":\"ListItem\",\"position\":2,\"name\":\"Pol\u00edcia Militar apreende arma de fogo, recupera ve\u00edculo roubado e prende nove suspeitos durante \u2018Virgens de Tamba\u00fa\u2019, na Capital\"}]},{\"@type\":\"WebSite\",\"@id\":\"https:\/\/www.pm.pb.gov.br\/portal\/#website\",\"url\":\"https:\/\/www.pm.pb.gov.br\/portal\/\",\"name\":\"Pol\u00edcia Militar da Para\u00edba\",\"description\":\"\",\"publisher\":{\"@id\":\"https:\/\/www.pm.pb.gov.br\/portal\/#organization\"},\"potentialAction\":[{\"@type\":\"SearchAction\",\"target\":{\"@type\":\"EntryPoint\",\"urlTemplate\":\"https:\/\/www.pm.pb.gov.br\/portal\/?s={search_term_string}\"},\"query-input\":\"required name=search_term_string\"}],\"inLanguage\":\"pt-BR\"},{\"@type\":\"Organization\",\"@id\":\"https:\/\/www.pm.pb.gov.br\/portal\/#organization\",\"name\":\"Pol\u00edcia Militar da Para\u00edba\",\"url\":\"https:\/\/www.pm.pb.gov.br\/portal\/\",\"logo\":{\"@type\":\"ImageObject\",\"inLanguage\":\"pt-BR\",\"@id\":\"https:\/\/www.pm.pb.gov.br\/portal\/#\/schema\/logo\/image\/\",\"url\":\"https:\/\/www.pm.pb.gov.br\/portal\/wp-content\/uploads\/2025\/03\/cropped-logo-site-mag2-1.png\",\"contentUrl\":\"https:\/\/www.pm.pb.gov.br\/portal\/wp-content\/uploads\/2025\/03\/cropped-logo-site-mag2-1.png\",\"width\":320,\"height\":90,\"caption\":\"Pol\u00edcia Militar da Para\u00edba\"},\"image\":{\"@id\":\"https:\/\/www.pm.pb.gov.br\/portal\/#\/schema\/logo\/image\/\"}},{\"@type\":\"Person\",\"@id\":\"https:\/\/www.pm.pb.gov.br\/portal\/#\/schema\/person\/f84f56dcc78ce4357054da888b8247fd\",\"name\":\"Tarcisio Oliveira\",\"image\":{\"@type\":\"ImageObject\",\"inLanguage\":\"pt-BR\",\"@id\":\"https:\/\/www.pm.pb.gov.br\/portal\/#\/schema\/person\/image\/\",\"url\":\"https:\/\/secure.gravatar.com\/avatar\/72917b630b69d31cd0297507f34bac97?s=96&d=mm&r=g\",\"contentUrl\":\"https:\/\/secure.gravatar.com\/avatar\/72917b630b69d31cd0297507f34bac97?s=96&d=mm&r=g\",\"caption\":\"Tarcisio Oliveira\"},\"url\":\"https:\/\/www.pm.pb.gov.br\/portal\/author\/tarcisio\/\"}]}<\/script>\n<!-- \/ Yoast SEO plugin. -->","yoast_head_json":{"title":"Pol\u00edcia Militar apreende arma de fogo, recupera ve\u00edculo roubado e prende nove suspeitos durante \u2018Virgens de Tamba\u00fa\u2019, na Capital - Pol\u00edcia Militar da Para\u00edba","robots":{"index":"index","follow":"follow","max-snippet":"max-snippet:-1","max-image-preview":"max-image-preview:large","max-video-preview":"max-video-preview:-1"},"canonical":"https:\/\/www.pm.pb.gov.br\/portal\/2018\/02\/05\/policia-militar-apreende-arma-de-fogo-recupera-veiculo-roubado-e-prende-nove-suspeitos-durante-virgens-de-tambau-na-capital\/","og_locale":"pt_BR","og_type":"article","og_title":"Pol\u00edcia Militar apreende arma de fogo, recupera ve\u00edculo roubado e prende nove suspeitos durante \u2018Virgens de Tamba\u00fa\u2019, na Capital - Pol\u00edcia Militar da Para\u00edba","og_description":"A Pol\u00edcia Militar apreendeu uma arma de fogo, recuperou um carro com queixa de roubo e furto, e conduziu nove","og_url":"https:\/\/www.pm.pb.gov.br\/portal\/2018\/02\/05\/policia-militar-apreende-arma-de-fogo-recupera-veiculo-roubado-e-prende-nove-suspeitos-durante-virgens-de-tambau-na-capital\/","og_site_name":"Pol\u00edcia Militar da Para\u00edba","article_published_time":"2018-02-05T22:45:32+00:00","og_image":[{"width":800,"height":445,"url":"https:\/\/www.pm.pb.gov.br\/portal\/wp-content\/uploads\/2018\/02\/policiamentoprecarnaval.jpg","type":"image\/jpeg"}],"author":"Tarcisio Oliveira","twitter_card":"summary_large_image","twitter_misc":{"Escrito por":"Tarcisio Oliveira","Est. tempo de leitura":"1 minuto"},"schema":{"@context":"https:\/\/schema.org","@graph":[{"@type":"Article","@id":"https:\/\/www.pm.pb.gov.br\/portal\/2018\/02\/05\/policia-militar-apreende-arma-de-fogo-recupera-veiculo-roubado-e-prende-nove-suspeitos-durante-virgens-de-tambau-na-capital\/#article","isPartOf":{"@id":"https:\/\/www.pm.pb.gov.br\/portal\/2018\/02\/05\/policia-militar-apreende-arma-de-fogo-recupera-veiculo-roubado-e-prende-nove-suspeitos-durante-virgens-de-tambau-na-capital\/"},"author":{"name":"Tarcisio Oliveira","@id":"https:\/\/www.pm.pb.gov.br\/portal\/#\/schema\/person\/f84f56dcc78ce4357054da888b8247fd"},"headline":"Pol\u00edcia Militar apreende arma de fogo, recupera ve\u00edculo roubado e prende nove suspeitos durante \u2018Virgens de Tamba\u00fa\u2019, na Capital","datePublished":"2018-02-05T22:45:32+00:00","dateModified":"2018-02-05T22:45:32+00:00","mainEntityOfPage":{"@id":"https:\/\/www.pm.pb.gov.br\/portal\/2018\/02\/05\/policia-militar-apreende-arma-de-fogo-recupera-veiculo-roubado-e-prende-nove-suspeitos-durante-virgens-de-tambau-na-capital\/"},"wordCount":309,"publisher":{"@id":"https:\/\/www.pm.pb.gov.br\/portal\/#organization"},"articleSection":["A\u00e7\u00f5es Policiais"],"inLanguage":"pt-BR"},{"@type":"WebPage","@id":"https:\/\/www.pm.pb.gov.br\/portal\/2018\/02\/05\/policia-militar-apreende-arma-de-fogo-recupera-veiculo-roubado-e-prende-nove-suspeitos-durante-virgens-de-tambau-na-capital\/","url":"https:\/\/www.pm.pb.gov.br\/portal\/2018\/02\/05\/policia-militar-apreende-arma-de-fogo-recupera-veiculo-roubado-e-prende-nove-suspeitos-durante-virgens-de-tambau-na-capital\/","name":"Pol\u00edcia Militar apreende arma de fogo, recupera ve\u00edculo roubado e prende nove suspeitos durante \u2018Virgens de Tamba\u00fa\u2019, na Capital - Pol\u00edcia Militar da Para\u00edba","isPartOf":{"@id":"https:\/\/www.pm.pb.gov.br\/portal\/#website"},"datePublished":"2018-02-05T22:45:32+00:00","dateModified":"2018-02-05T22:45:32+00:00","breadcrumb":{"@id":"https:\/\/www.pm.pb.gov.br\/portal\/2018\/02\/05\/policia-militar-apreende-arma-de-fogo-recupera-veiculo-roubado-e-prende-nove-suspeitos-durante-virgens-de-tambau-na-capital\/#breadcrumb"},"inLanguage":"pt-BR","potentialAction":[{"@type":"ReadAction","target":["https:\/\/www.pm.pb.gov.br\/portal\/2018\/02\/05\/policia-militar-apreende-arma-de-fogo-recupera-veiculo-roubado-e-prende-nove-suspeitos-durante-virgens-de-tambau-na-capital\/"]}]},{"@type":"BreadcrumbList","@id":"https:\/\/www.pm.pb.gov.br\/portal\/2018\/02\/05\/policia-militar-apreende-arma-de-fogo-recupera-veiculo-roubado-e-prende-nove-suspeitos-durante-virgens-de-tambau-na-capital\/#breadcrumb","itemListElement":[{"@type":"ListItem","position":1,"name":"In\u00edcio","item":"https:\/\/www.pm.pb.gov.br\/portal\/"},{"@type":"ListItem","position":2,"name":"Pol\u00edcia Militar apreende arma de fogo, recupera ve\u00edculo roubado e prende nove suspeitos durante \u2018Virgens de Tamba\u00fa\u2019, na Capital"}]},{"@type":"WebSite","@id":"https:\/\/www.pm.pb.gov.br\/portal\/#website","url":"https:\/\/www.pm.pb.gov.br\/portal\/","name":"Pol\u00edcia Militar da Para\u00edba","description":"","publisher":{"@id":"https:\/\/www.pm.pb.gov.br\/portal\/#organization"},"potentialAction":[{"@type":"SearchAction","target":{"@type":"EntryPoint","urlTemplate":"https:\/\/www.pm.pb.gov.br\/portal\/?s={search_term_string}"},"query-input":"required name=search_term_string"}],"inLanguage":"pt-BR"},{"@type":"Organization","@id":"https:\/\/www.pm.pb.gov.br\/portal\/#organization","name":"Pol\u00edcia Militar da Para\u00edba","url":"https:\/\/www.pm.pb.gov.br\/portal\/","logo":{"@type":"ImageObject","inLanguage":"pt-BR","@id":"https:\/\/www.pm.pb.gov.br\/portal\/#\/schema\/logo\/image\/","url":"https:\/\/www.pm.pb.gov.br\/portal\/wp-content\/uploads\/2025\/03\/cropped-logo-site-mag2-1.png","contentUrl":"https:\/\/www.pm.pb.gov.br\/portal\/wp-content\/uploads\/2025\/03\/cropped-logo-site-mag2-1.png","width":320,"height":90,"caption":"Pol\u00edcia Militar da Para\u00edba"},"image":{"@id":"https:\/\/www.pm.pb.gov.br\/portal\/#\/schema\/logo\/image\/"}},{"@type":"Person","@id":"https:\/\/www.pm.pb.gov.br\/portal\/#\/schema\/person\/f84f56dcc78ce4357054da888b8247fd","name":"Tarcisio Oliveira","image":{"@type":"ImageObject","inLanguage":"pt-BR","@id":"https:\/\/www.pm.pb.gov.br\/portal\/#\/schema\/person\/image\/","url":"https:\/\/secure.gravatar.com\/avatar\/72917b630b69d31cd0297507f34bac97?s=96&d=mm&r=g","contentUrl":"https:\/\/secure.gravatar.com\/avatar\/72917b630b69d31cd0297507f34bac97?s=96&d=mm&r=g","caption":"Tarcisio Oliveira"},"url":"https:\/\/www.pm.pb.gov.br\/portal\/author\/tarcisio\/"}]}},"_links":{"self":[{"href":"https:\/\/www.pm.pb.gov.br\/portal\/wp-json\/wp\/v2\/posts\/896940"}],"collection":[{"href":"https:\/\/www.pm.pb.gov.br\/portal\/wp-json\/wp\/v2\/posts"}],"about":[{"href":"https:\/\/www.pm.pb.gov.br\/portal\/wp-json\/wp\/v2\/types\/post"}],"author":[{"embeddable":true,"href":"https:\/\/www.pm.pb.gov.br\/portal\/wp-json\/wp\/v2\/users\/12"}],"replies":[{"embeddable":true,"href":"https:\/\/www.pm.pb.gov.br\/portal\/wp-json\/wp\/v2\/comments?post=896940"}],"version-history":[{"count":2,"href":"https:\/\/www.pm.pb.gov.br\/portal\/wp-json\/wp\/v2\/posts\/896940\/revisions"}],"predecessor-version":[{"id":896942,"href":"https:\/\/www.pm.pb.gov.br\/portal\/wp-json\/wp\/v2\/posts\/896940\/revisions\/896942"}],"wp:featuredmedia":[{"embeddable":true,"href":"https:\/\/www.pm.pb.gov.br\/portal\/wp-json\/wp\/v2\/media\/896937"}],"wp:attachment":[{"href":"https:\/\/www.pm.pb.gov.br\/portal\/wp-json\/wp\/v2\/media?parent=896940"}],"wp:term":[{"taxonomy":"category","embeddable":true,"href":"https:\/\/www.pm.pb.gov.br\/portal\/wp-json\/wp\/v2\/categories?post=896940"},{"taxonomy":"post_tag","embeddable":true,"href":"https:\/\/www.pm.pb.gov.br\/portal\/wp-json\/wp\/v2\/tags?post=896940"}],"curies":[{"name":"wp","href":"https:\/\/api.w.org\/{rel}","templated":true}]}}