{"id":896931,"date":"2018-02-03T16:46:41","date_gmt":"2018-02-03T19:46:41","guid":{"rendered":"http:\/\/www.pm.pb.gov.br\/portal\/?p=896931"},"modified":"2018-02-03T16:49:25","modified_gmt":"2018-02-03T19:49:25","slug":"policia-militar-da-paraiba-completa-186-anos-de-historia","status":"publish","type":"post","link":"https:\/\/www.pm.pb.gov.br\/portal\/2018\/02\/03\/policia-militar-da-paraiba-completa-186-anos-de-historia\/","title":{"rendered":"Pol\u00edcia Militar da Para\u00edba completa 186 anos de hist\u00f3ria"},"content":{"rendered":"<p style=\"text-align: justify;\">Institui\u00e7\u00e3o p\u00fablica mais antiga do estado, a Pol\u00edcia Militar completa, neste s\u00e1bado (3), 186 anos de hist\u00f3ria. Com a miss\u00e3o constitucional de realizar o policiamento ostensivo e preventivo, e de manter a ordem p\u00fablica, a PM se firma como um dos principais \u00f3rg\u00e3os de seguran\u00e7a p\u00fablica da Para\u00edba.<\/p>\n<p style=\"text-align: justify;\">Atuando hoje em todos os munic\u00edpios, a hist\u00f3ria da PM come\u00e7a oficialmente em 3 de fevereiro de 1832, quando a corpora\u00e7\u00e3o era denominada de Corpo de Guardas Municipais Permanentes da Para\u00edba, atuando na ent\u00e3o cidade da Parahyba (atual Jo\u00e3o Pessoa), e tinha um efetivo aproximado de 50 homens. Ao longo da sua hist\u00f3ria, a PM esteve presente nos mais importantes momentos hist\u00f3ricos do Brasil e da Para\u00edba, a exemplo do combate \u00e0 Revolu\u00e7\u00e3o Praieira, \u00e0 Guerra do Paraguai, \u00e0 Revolta do Quebra-quilos e \u00e0 Coluna Prestes.<\/p>\n<p style=\"text-align: justify;\">Hoje, mais de nove mil homens e mulheres est\u00e3o empregados nas atividades de seguran\u00e7a p\u00fablica, no combate aos crimes contra a vida, e aos crimes patrimoniais. S\u00e3o 15 Batalh\u00f5es de \u00e1rea, quatro Batalh\u00f5es especializados, oito Companhias Independentes e Especializada, e um Grupamento Especializado, al\u00e9m de unidades administrativas.<\/p>\n<p style=\"text-align: justify;\">O emprego das diversas modalidades de policiamento, a qualifica\u00e7\u00e3o dos recursos humanos, treinamentos e investimentos em equipamentos, permitiu que neste \u00faltimo ano fossem apreendidas mais de 3 mil armas de fogo, e mais de 13 mil pessoas conduzidas a delegacia, colaborando diretamente na redu\u00e7\u00e3o de crimes e contraven\u00e7\u00f5es.<\/p>\n<p style=\"text-align: justify;\">A Pol\u00edcia Militar acompanha as diversas mudan\u00e7as sociais e desde 1986 emprega mulheres em atividades de policiamento e administrativa. As 26 Unidades de Pol\u00edcia Solid\u00e1ria, instaladas em toda a Para\u00edba permitiu a proximidade com a popula\u00e7\u00e3o, colaborando com a resolu\u00e7\u00e3o de problemas e pacifica\u00e7\u00e3o de conflitos nas mais diversas comunidades.<\/p>\n<p style=\"text-align: justify;\">A comemora\u00e7\u00e3o dos 186 anos da Pol\u00edcia Militar dever\u00e1 ocorrer ap\u00f3s o per\u00edodo momesco, j\u00e1 que nesta \u00e9poca a corpora\u00e7\u00e3o emprega cerca de 4.800 policiais para garantir a tranquilidade dos foli\u00f5es e da popula\u00e7\u00e3o durante as festas em toda a Para\u00edba.<\/p>\n","protected":false},"excerpt":{"rendered":"<p>Institui\u00e7\u00e3o p\u00fablica mais antiga do estado, a Pol\u00edcia Militar completa, neste s\u00e1bado (3), 186 anos de hist\u00f3ria. Com a miss\u00e3o<\/p>\n","protected":false},"author":15,"featured_media":895192,"comment_status":"closed","ping_status":"closed","sticky":false,"template":"","format":"standard","meta":{"_exactmetrics_skip_tracking":false,"_exactmetrics_sitenote_active":false,"_exactmetrics_sitenote_note":"","_exactmetrics_sitenote_category":0,"footnotes":""},"categories":[5],"tags":[],"yoast_head":"<!-- This site is optimized with the Yoast SEO plugin v22.0 - https:\/\/yoast.com\/wordpress\/plugins\/seo\/ -->\n<title>Pol\u00edcia Militar da Para\u00edba completa 186 anos de hist\u00f3ria - Pol\u00edcia Militar da Para\u00edba<\/title>\n<meta name=\"robots\" content=\"index, follow, max-snippet:-1, max-image-preview:large, max-video-preview:-1\" \/>\n<link rel=\"canonical\" href=\"https:\/\/www.pm.pb.gov.br\/portal\/2018\/02\/03\/policia-militar-da-paraiba-completa-186-anos-de-historia\/\" \/>\n<meta property=\"og:locale\" content=\"pt_BR\" \/>\n<meta property=\"og:type\" content=\"article\" \/>\n<meta property=\"og:title\" content=\"Pol\u00edcia Militar da Para\u00edba completa 186 anos de hist\u00f3ria - Pol\u00edcia Militar da Para\u00edba\" \/>\n<meta property=\"og:description\" content=\"Institui\u00e7\u00e3o p\u00fablica mais antiga do estado, a Pol\u00edcia Militar completa, neste s\u00e1bado (3), 186 anos de hist\u00f3ria. Com a miss\u00e3o\" \/>\n<meta property=\"og:url\" content=\"https:\/\/www.pm.pb.gov.br\/portal\/2018\/02\/03\/policia-militar-da-paraiba-completa-186-anos-de-historia\/\" \/>\n<meta property=\"og:site_name\" content=\"Pol\u00edcia Militar da Para\u00edba\" \/>\n<meta property=\"article:published_time\" content=\"2018-02-03T19:46:41+00:00\" \/>\n<meta property=\"article:modified_time\" content=\"2018-02-03T19:49:25+00:00\" \/>\n<meta property=\"og:image\" content=\"https:\/\/www.pm.pb.gov.br\/portal\/wp-content\/uploads\/2017\/09\/pmpb_logo_materia-1.jpg\" \/>\n\t<meta property=\"og:image:width\" content=\"800\" \/>\n\t<meta property=\"og:image:height\" content=\"445\" \/>\n\t<meta property=\"og:image:type\" content=\"image\/jpeg\" \/>\n<meta name=\"author\" content=\"Marcio Gomes dos Santos\" \/>\n<meta name=\"twitter:card\" content=\"summary_large_image\" \/>\n<meta name=\"twitter:label1\" content=\"Escrito por\" \/>\n\t<meta name=\"twitter:data1\" content=\"Marcio Gomes dos Santos\" \/>\n\t<meta name=\"twitter:label2\" content=\"Est. tempo de leitura\" \/>\n\t<meta name=\"twitter:data2\" content=\"2 minutos\" \/>\n<script type=\"application\/ld+json\" class=\"yoast-schema-graph\">{\"@context\":\"https:\/\/schema.org\",\"@graph\":[{\"@type\":\"Article\",\"@id\":\"https:\/\/www.pm.pb.gov.br\/portal\/2018\/02\/03\/policia-militar-da-paraiba-completa-186-anos-de-historia\/#article\",\"isPartOf\":{\"@id\":\"https:\/\/www.pm.pb.gov.br\/portal\/2018\/02\/03\/policia-militar-da-paraiba-completa-186-anos-de-historia\/\"},\"author\":{\"name\":\"Marcio Gomes dos Santos\",\"@id\":\"https:\/\/www.pm.pb.gov.br\/portal\/#\/schema\/person\/30d571652b38533c2211e4e89bf5a502\"},\"headline\":\"Pol\u00edcia Militar da Para\u00edba completa 186 anos de hist\u00f3ria\",\"datePublished\":\"2018-02-03T19:46:41+00:00\",\"dateModified\":\"2018-02-03T19:49:25+00:00\",\"mainEntityOfPage\":{\"@id\":\"https:\/\/www.pm.pb.gov.br\/portal\/2018\/02\/03\/policia-militar-da-paraiba-completa-186-anos-de-historia\/\"},\"wordCount\":363,\"publisher\":{\"@id\":\"https:\/\/www.pm.pb.gov.br\/portal\/#organization\"},\"articleSection\":[\"Homenagens\"],\"inLanguage\":\"pt-BR\"},{\"@type\":\"WebPage\",\"@id\":\"https:\/\/www.pm.pb.gov.br\/portal\/2018\/02\/03\/policia-militar-da-paraiba-completa-186-anos-de-historia\/\",\"url\":\"https:\/\/www.pm.pb.gov.br\/portal\/2018\/02\/03\/policia-militar-da-paraiba-completa-186-anos-de-historia\/\",\"name\":\"Pol\u00edcia Militar da Para\u00edba completa 186 anos de hist\u00f3ria - Pol\u00edcia Militar da Para\u00edba\",\"isPartOf\":{\"@id\":\"https:\/\/www.pm.pb.gov.br\/portal\/#website\"},\"datePublished\":\"2018-02-03T19:46:41+00:00\",\"dateModified\":\"2018-02-03T19:49:25+00:00\",\"breadcrumb\":{\"@id\":\"https:\/\/www.pm.pb.gov.br\/portal\/2018\/02\/03\/policia-militar-da-paraiba-completa-186-anos-de-historia\/#breadcrumb\"},\"inLanguage\":\"pt-BR\",\"potentialAction\":[{\"@type\":\"ReadAction\",\"target\":[\"https:\/\/www.pm.pb.gov.br\/portal\/2018\/02\/03\/policia-militar-da-paraiba-completa-186-anos-de-historia\/\"]}]},{\"@type\":\"BreadcrumbList\",\"@id\":\"https:\/\/www.pm.pb.gov.br\/portal\/2018\/02\/03\/policia-militar-da-paraiba-completa-186-anos-de-historia\/#breadcrumb\",\"itemListElement\":[{\"@type\":\"ListItem\",\"position\":1,\"name\":\"In\u00edcio\",\"item\":\"https:\/\/www.pm.pb.gov.br\/portal\/\"},{\"@type\":\"ListItem\",\"position\":2,\"name\":\"Pol\u00edcia Militar da Para\u00edba completa 186 anos de hist\u00f3ria\"}]},{\"@type\":\"WebSite\",\"@id\":\"https:\/\/www.pm.pb.gov.br\/portal\/#website\",\"url\":\"https:\/\/www.pm.pb.gov.br\/portal\/\",\"name\":\"Pol\u00edcia Militar da Para\u00edba\",\"description\":\"\",\"publisher\":{\"@id\":\"https:\/\/www.pm.pb.gov.br\/portal\/#organization\"},\"potentialAction\":[{\"@type\":\"SearchAction\",\"target\":{\"@type\":\"EntryPoint\",\"urlTemplate\":\"https:\/\/www.pm.pb.gov.br\/portal\/?s={search_term_string}\"},\"query-input\":\"required name=search_term_string\"}],\"inLanguage\":\"pt-BR\"},{\"@type\":\"Organization\",\"@id\":\"https:\/\/www.pm.pb.gov.br\/portal\/#organization\",\"name\":\"Pol\u00edcia Militar da Para\u00edba\",\"url\":\"https:\/\/www.pm.pb.gov.br\/portal\/\",\"logo\":{\"@type\":\"ImageObject\",\"inLanguage\":\"pt-BR\",\"@id\":\"https:\/\/www.pm.pb.gov.br\/portal\/#\/schema\/logo\/image\/\",\"url\":\"https:\/\/www.pm.pb.gov.br\/portal\/wp-content\/uploads\/2025\/03\/cropped-logo-site-mag2-1.png\",\"contentUrl\":\"https:\/\/www.pm.pb.gov.br\/portal\/wp-content\/uploads\/2025\/03\/cropped-logo-site-mag2-1.png\",\"width\":320,\"height\":90,\"caption\":\"Pol\u00edcia Militar da Para\u00edba\"},\"image\":{\"@id\":\"https:\/\/www.pm.pb.gov.br\/portal\/#\/schema\/logo\/image\/\"}},{\"@type\":\"Person\",\"@id\":\"https:\/\/www.pm.pb.gov.br\/portal\/#\/schema\/person\/30d571652b38533c2211e4e89bf5a502\",\"name\":\"Marcio Gomes dos Santos\",\"image\":{\"@type\":\"ImageObject\",\"inLanguage\":\"pt-BR\",\"@id\":\"https:\/\/www.pm.pb.gov.br\/portal\/#\/schema\/person\/image\/\",\"url\":\"https:\/\/secure.gravatar.com\/avatar\/cf4ec2cb690101e1581c7773aa350c19?s=96&d=mm&r=g\",\"contentUrl\":\"https:\/\/secure.gravatar.com\/avatar\/cf4ec2cb690101e1581c7773aa350c19?s=96&d=mm&r=g\",\"caption\":\"Marcio Gomes dos Santos\"},\"url\":\"https:\/\/www.pm.pb.gov.br\/portal\/author\/mgomes\/\"}]}<\/script>\n<!-- \/ Yoast SEO plugin. -->","yoast_head_json":{"title":"Pol\u00edcia Militar da Para\u00edba completa 186 anos de hist\u00f3ria - Pol\u00edcia Militar da Para\u00edba","robots":{"index":"index","follow":"follow","max-snippet":"max-snippet:-1","max-image-preview":"max-image-preview:large","max-video-preview":"max-video-preview:-1"},"canonical":"https:\/\/www.pm.pb.gov.br\/portal\/2018\/02\/03\/policia-militar-da-paraiba-completa-186-anos-de-historia\/","og_locale":"pt_BR","og_type":"article","og_title":"Pol\u00edcia Militar da Para\u00edba completa 186 anos de hist\u00f3ria - Pol\u00edcia Militar da Para\u00edba","og_description":"Institui\u00e7\u00e3o p\u00fablica mais antiga do estado, a Pol\u00edcia Militar completa, neste s\u00e1bado (3), 186 anos de hist\u00f3ria. Com a miss\u00e3o","og_url":"https:\/\/www.pm.pb.gov.br\/portal\/2018\/02\/03\/policia-militar-da-paraiba-completa-186-anos-de-historia\/","og_site_name":"Pol\u00edcia Militar da Para\u00edba","article_published_time":"2018-02-03T19:46:41+00:00","article_modified_time":"2018-02-03T19:49:25+00:00","og_image":[{"width":800,"height":445,"url":"https:\/\/www.pm.pb.gov.br\/portal\/wp-content\/uploads\/2017\/09\/pmpb_logo_materia-1.jpg","type":"image\/jpeg"}],"author":"Marcio Gomes dos Santos","twitter_card":"summary_large_image","twitter_misc":{"Escrito por":"Marcio Gomes dos Santos","Est. tempo de leitura":"2 minutos"},"schema":{"@context":"https:\/\/schema.org","@graph":[{"@type":"Article","@id":"https:\/\/www.pm.pb.gov.br\/portal\/2018\/02\/03\/policia-militar-da-paraiba-completa-186-anos-de-historia\/#article","isPartOf":{"@id":"https:\/\/www.pm.pb.gov.br\/portal\/2018\/02\/03\/policia-militar-da-paraiba-completa-186-anos-de-historia\/"},"author":{"name":"Marcio Gomes dos Santos","@id":"https:\/\/www.pm.pb.gov.br\/portal\/#\/schema\/person\/30d571652b38533c2211e4e89bf5a502"},"headline":"Pol\u00edcia Militar da Para\u00edba completa 186 anos de hist\u00f3ria","datePublished":"2018-02-03T19:46:41+00:00","dateModified":"2018-02-03T19:49:25+00:00","mainEntityOfPage":{"@id":"https:\/\/www.pm.pb.gov.br\/portal\/2018\/02\/03\/policia-militar-da-paraiba-completa-186-anos-de-historia\/"},"wordCount":363,"publisher":{"@id":"https:\/\/www.pm.pb.gov.br\/portal\/#organization"},"articleSection":["Homenagens"],"inLanguage":"pt-BR"},{"@type":"WebPage","@id":"https:\/\/www.pm.pb.gov.br\/portal\/2018\/02\/03\/policia-militar-da-paraiba-completa-186-anos-de-historia\/","url":"https:\/\/www.pm.pb.gov.br\/portal\/2018\/02\/03\/policia-militar-da-paraiba-completa-186-anos-de-historia\/","name":"Pol\u00edcia Militar da Para\u00edba completa 186 anos de hist\u00f3ria - Pol\u00edcia Militar da Para\u00edba","isPartOf":{"@id":"https:\/\/www.pm.pb.gov.br\/portal\/#website"},"datePublished":"2018-02-03T19:46:41+00:00","dateModified":"2018-02-03T19:49:25+00:00","breadcrumb":{"@id":"https:\/\/www.pm.pb.gov.br\/portal\/2018\/02\/03\/policia-militar-da-paraiba-completa-186-anos-de-historia\/#breadcrumb"},"inLanguage":"pt-BR","potentialAction":[{"@type":"ReadAction","target":["https:\/\/www.pm.pb.gov.br\/portal\/2018\/02\/03\/policia-militar-da-paraiba-completa-186-anos-de-historia\/"]}]},{"@type":"BreadcrumbList","@id":"https:\/\/www.pm.pb.gov.br\/portal\/2018\/02\/03\/policia-militar-da-paraiba-completa-186-anos-de-historia\/#breadcrumb","itemListElement":[{"@type":"ListItem","position":1,"name":"In\u00edcio","item":"https:\/\/www.pm.pb.gov.br\/portal\/"},{"@type":"ListItem","position":2,"name":"Pol\u00edcia Militar da Para\u00edba completa 186 anos de hist\u00f3ria"}]},{"@type":"WebSite","@id":"https:\/\/www.pm.pb.gov.br\/portal\/#website","url":"https:\/\/www.pm.pb.gov.br\/portal\/","name":"Pol\u00edcia Militar da Para\u00edba","description":"","publisher":{"@id":"https:\/\/www.pm.pb.gov.br\/portal\/#organization"},"potentialAction":[{"@type":"SearchAction","target":{"@type":"EntryPoint","urlTemplate":"https:\/\/www.pm.pb.gov.br\/portal\/?s={search_term_string}"},"query-input":"required name=search_term_string"}],"inLanguage":"pt-BR"},{"@type":"Organization","@id":"https:\/\/www.pm.pb.gov.br\/portal\/#organization","name":"Pol\u00edcia Militar da Para\u00edba","url":"https:\/\/www.pm.pb.gov.br\/portal\/","logo":{"@type":"ImageObject","inLanguage":"pt-BR","@id":"https:\/\/www.pm.pb.gov.br\/portal\/#\/schema\/logo\/image\/","url":"https:\/\/www.pm.pb.gov.br\/portal\/wp-content\/uploads\/2025\/03\/cropped-logo-site-mag2-1.png","contentUrl":"https:\/\/www.pm.pb.gov.br\/portal\/wp-content\/uploads\/2025\/03\/cropped-logo-site-mag2-1.png","width":320,"height":90,"caption":"Pol\u00edcia Militar da Para\u00edba"},"image":{"@id":"https:\/\/www.pm.pb.gov.br\/portal\/#\/schema\/logo\/image\/"}},{"@type":"Person","@id":"https:\/\/www.pm.pb.gov.br\/portal\/#\/schema\/person\/30d571652b38533c2211e4e89bf5a502","name":"Marcio Gomes dos Santos","image":{"@type":"ImageObject","inLanguage":"pt-BR","@id":"https:\/\/www.pm.pb.gov.br\/portal\/#\/schema\/person\/image\/","url":"https:\/\/secure.gravatar.com\/avatar\/cf4ec2cb690101e1581c7773aa350c19?s=96&d=mm&r=g","contentUrl":"https:\/\/secure.gravatar.com\/avatar\/cf4ec2cb690101e1581c7773aa350c19?s=96&d=mm&r=g","caption":"Marcio Gomes dos Santos"},"url":"https:\/\/www.pm.pb.gov.br\/portal\/author\/mgomes\/"}]}},"_links":{"self":[{"href":"https:\/\/www.pm.pb.gov.br\/portal\/wp-json\/wp\/v2\/posts\/896931"}],"collection":[{"href":"https:\/\/www.pm.pb.gov.br\/portal\/wp-json\/wp\/v2\/posts"}],"about":[{"href":"https:\/\/www.pm.pb.gov.br\/portal\/wp-json\/wp\/v2\/types\/post"}],"author":[{"embeddable":true,"href":"https:\/\/www.pm.pb.gov.br\/portal\/wp-json\/wp\/v2\/users\/15"}],"replies":[{"embeddable":true,"href":"https:\/\/www.pm.pb.gov.br\/portal\/wp-json\/wp\/v2\/comments?post=896931"}],"version-history":[{"count":1,"href":"https:\/\/www.pm.pb.gov.br\/portal\/wp-json\/wp\/v2\/posts\/896931\/revisions"}],"predecessor-version":[{"id":896933,"href":"https:\/\/www.pm.pb.gov.br\/portal\/wp-json\/wp\/v2\/posts\/896931\/revisions\/896933"}],"wp:featuredmedia":[{"embeddable":true,"href":"https:\/\/www.pm.pb.gov.br\/portal\/wp-json\/wp\/v2\/media\/895192"}],"wp:attachment":[{"href":"https:\/\/www.pm.pb.gov.br\/portal\/wp-json\/wp\/v2\/media?parent=896931"}],"wp:term":[{"taxonomy":"category","embeddable":true,"href":"https:\/\/www.pm.pb.gov.br\/portal\/wp-json\/wp\/v2\/categories?post=896931"},{"taxonomy":"post_tag","embeddable":true,"href":"https:\/\/www.pm.pb.gov.br\/portal\/wp-json\/wp\/v2\/tags?post=896931"}],"curies":[{"name":"wp","href":"https:\/\/api.w.org\/{rel}","templated":true}]}}