{"id":896898,"date":"2018-02-01T09:43:02","date_gmt":"2018-02-01T12:43:02","guid":{"rendered":"http:\/\/www.pm.pb.gov.br\/portal\/?p=896898"},"modified":"2018-02-01T09:43:11","modified_gmt":"2018-02-01T12:43:11","slug":"policia-militar-prende-suspeitos-de-homicidio-ocorrido-no-bairro-do-castelo-branco-na-capital","status":"publish","type":"post","link":"https:\/\/www.pm.pb.gov.br\/portal\/2018\/02\/01\/policia-militar-prende-suspeitos-de-homicidio-ocorrido-no-bairro-do-castelo-branco-na-capital\/","title":{"rendered":"Pol\u00edcia Militar det\u00e9m suspeitos de homic\u00eddio ocorrido no bairro do Castelo Branco, na Capital"},"content":{"rendered":"<p style=\"text-align: justify;\">A Policia Militar prendeu os tr\u00eas principais suspeitos de terem participado do homic\u00eddio que vitimou uma mulher, na comunidade Santa Clara, na semana passada, no bairro do Castelo Branco, em Jo\u00e3o Pessoa. Duas suspeitas foram detidas no in\u00edcio da tarde desta quarta-feira (31), e um terceiro suspeito havia sido preso no in\u00edcio da noite de ontem (30).<\/p>\n<p style=\"text-align: justify;\">No crime, que aconteceu no \u00faltimo dia 25, uma mulher de 27 anos foi morta ap\u00f3s ser atingida por uma arma branca no t\u00f3rax. Policias do Batalh\u00e3o Ambiental (BPAmb), que vinham realizando dilig\u00eancias desde a \u00e9poca do fato e levantando informa\u00e7\u00f5es sobre a autoria do crime, realizaram a deten\u00e7\u00e3o da dupla nesta quarta-feira.<\/p>\n<p style=\"text-align: justify;\">\u201cRecebemos den\u00fancias que as poss\u00edveis autoras eram praticamente vizinhas da v\u00edtima, e que estariam na casa de parentes, em um s\u00edtio, em Cuit\u00e9 de Mamanguape\u201d, revelou o tenente-coronel Jobson Cunha, comandante do Batalh\u00e3o. \u201cCom estas informa\u00e7\u00f5es, conseguimos localizar a menor e sua genitora e traz\u00ea-las at\u00e9 a Central de Pol\u00edcia\u201d, disse. Ainda segundo o comandante do BPAmb, a motiva\u00e7\u00e3o do crime teria sido um desentendimento entre a adolescente e a v\u00edtima.<\/p>\n<p style=\"text-align: justify;\">O outro suspeito preso pela PM foi um homem localizado ainda na tarde desta ter\u00e7a na pr\u00f3pria comunidade Santa Clara, tamb\u00e9m apontado como co-autor, e conduzido para a delegacia. Segundo o tenente-coronel Jobson, o suspeito j\u00e1 cumpre pena no regime semiaberto, na Penitenci\u00e1ria M\u00e9dia, em Jo\u00e3o Pessoa. A adolescente e a m\u00e3e dela foram conduzidas \u00e0 Central de Pol\u00edcia para os procedimentos cab\u00edveis.<\/p>\n","protected":false},"excerpt":{"rendered":"<p>A Policia Militar prendeu os tr\u00eas principais suspeitos de terem participado do homic\u00eddio que vitimou uma mulher, na comunidade Santa<\/p>\n","protected":false},"author":12,"featured_media":895708,"comment_status":"closed","ping_status":"closed","sticky":false,"template":"","format":"standard","meta":{"_exactmetrics_skip_tracking":false,"_exactmetrics_sitenote_active":false,"_exactmetrics_sitenote_note":"","_exactmetrics_sitenote_category":0,"footnotes":""},"categories":[4],"tags":[],"yoast_head":"<!-- This site is optimized with the Yoast SEO plugin v22.0 - https:\/\/yoast.com\/wordpress\/plugins\/seo\/ -->\n<title>Pol\u00edcia Militar det\u00e9m suspeitos de homic\u00eddio ocorrido no bairro do Castelo Branco, na Capital - Pol\u00edcia Militar da Para\u00edba<\/title>\n<meta name=\"robots\" content=\"index, follow, max-snippet:-1, max-image-preview:large, max-video-preview:-1\" \/>\n<link rel=\"canonical\" href=\"https:\/\/www.pm.pb.gov.br\/portal\/2018\/02\/01\/policia-militar-prende-suspeitos-de-homicidio-ocorrido-no-bairro-do-castelo-branco-na-capital\/\" \/>\n<meta property=\"og:locale\" content=\"pt_BR\" \/>\n<meta property=\"og:type\" content=\"article\" \/>\n<meta property=\"og:title\" content=\"Pol\u00edcia Militar det\u00e9m suspeitos de homic\u00eddio ocorrido no bairro do Castelo Branco, na Capital - Pol\u00edcia Militar da Para\u00edba\" \/>\n<meta property=\"og:description\" content=\"A Policia Militar prendeu os tr\u00eas principais suspeitos de terem participado do homic\u00eddio que vitimou uma mulher, na comunidade Santa\" \/>\n<meta property=\"og:url\" content=\"https:\/\/www.pm.pb.gov.br\/portal\/2018\/02\/01\/policia-militar-prende-suspeitos-de-homicidio-ocorrido-no-bairro-do-castelo-branco-na-capital\/\" \/>\n<meta property=\"og:site_name\" content=\"Pol\u00edcia Militar da Para\u00edba\" \/>\n<meta property=\"article:published_time\" content=\"2018-02-01T12:43:02+00:00\" \/>\n<meta property=\"article:modified_time\" content=\"2018-02-01T12:43:11+00:00\" \/>\n<meta property=\"og:image\" content=\"https:\/\/www.pm.pb.gov.br\/portal\/wp-content\/uploads\/2017\/10\/Imagems-Ilustrativa-Site-Novo.jpg\" \/>\n\t<meta property=\"og:image:width\" content=\"800\" \/>\n\t<meta property=\"og:image:height\" content=\"445\" \/>\n\t<meta property=\"og:image:type\" content=\"image\/jpeg\" \/>\n<meta name=\"author\" content=\"Tarcisio Oliveira\" \/>\n<meta name=\"twitter:card\" content=\"summary_large_image\" \/>\n<meta name=\"twitter:label1\" content=\"Escrito por\" \/>\n\t<meta name=\"twitter:data1\" content=\"Tarcisio Oliveira\" \/>\n\t<meta name=\"twitter:label2\" content=\"Est. tempo de leitura\" \/>\n\t<meta name=\"twitter:data2\" content=\"1 minuto\" \/>\n<script type=\"application\/ld+json\" class=\"yoast-schema-graph\">{\"@context\":\"https:\/\/schema.org\",\"@graph\":[{\"@type\":\"Article\",\"@id\":\"https:\/\/www.pm.pb.gov.br\/portal\/2018\/02\/01\/policia-militar-prende-suspeitos-de-homicidio-ocorrido-no-bairro-do-castelo-branco-na-capital\/#article\",\"isPartOf\":{\"@id\":\"https:\/\/www.pm.pb.gov.br\/portal\/2018\/02\/01\/policia-militar-prende-suspeitos-de-homicidio-ocorrido-no-bairro-do-castelo-branco-na-capital\/\"},\"author\":{\"name\":\"Tarcisio Oliveira\",\"@id\":\"https:\/\/www.pm.pb.gov.br\/portal\/#\/schema\/person\/f84f56dcc78ce4357054da888b8247fd\"},\"headline\":\"Pol\u00edcia Militar det\u00e9m suspeitos de homic\u00eddio ocorrido no bairro do Castelo Branco, na Capital\",\"datePublished\":\"2018-02-01T12:43:02+00:00\",\"dateModified\":\"2018-02-01T12:43:11+00:00\",\"mainEntityOfPage\":{\"@id\":\"https:\/\/www.pm.pb.gov.br\/portal\/2018\/02\/01\/policia-militar-prende-suspeitos-de-homicidio-ocorrido-no-bairro-do-castelo-branco-na-capital\/\"},\"wordCount\":286,\"publisher\":{\"@id\":\"https:\/\/www.pm.pb.gov.br\/portal\/#organization\"},\"articleSection\":[\"A\u00e7\u00f5es Policiais\"],\"inLanguage\":\"pt-BR\"},{\"@type\":\"WebPage\",\"@id\":\"https:\/\/www.pm.pb.gov.br\/portal\/2018\/02\/01\/policia-militar-prende-suspeitos-de-homicidio-ocorrido-no-bairro-do-castelo-branco-na-capital\/\",\"url\":\"https:\/\/www.pm.pb.gov.br\/portal\/2018\/02\/01\/policia-militar-prende-suspeitos-de-homicidio-ocorrido-no-bairro-do-castelo-branco-na-capital\/\",\"name\":\"Pol\u00edcia Militar det\u00e9m suspeitos de homic\u00eddio ocorrido no bairro do Castelo Branco, na Capital - Pol\u00edcia Militar da Para\u00edba\",\"isPartOf\":{\"@id\":\"https:\/\/www.pm.pb.gov.br\/portal\/#website\"},\"datePublished\":\"2018-02-01T12:43:02+00:00\",\"dateModified\":\"2018-02-01T12:43:11+00:00\",\"breadcrumb\":{\"@id\":\"https:\/\/www.pm.pb.gov.br\/portal\/2018\/02\/01\/policia-militar-prende-suspeitos-de-homicidio-ocorrido-no-bairro-do-castelo-branco-na-capital\/#breadcrumb\"},\"inLanguage\":\"pt-BR\",\"potentialAction\":[{\"@type\":\"ReadAction\",\"target\":[\"https:\/\/www.pm.pb.gov.br\/portal\/2018\/02\/01\/policia-militar-prende-suspeitos-de-homicidio-ocorrido-no-bairro-do-castelo-branco-na-capital\/\"]}]},{\"@type\":\"BreadcrumbList\",\"@id\":\"https:\/\/www.pm.pb.gov.br\/portal\/2018\/02\/01\/policia-militar-prende-suspeitos-de-homicidio-ocorrido-no-bairro-do-castelo-branco-na-capital\/#breadcrumb\",\"itemListElement\":[{\"@type\":\"ListItem\",\"position\":1,\"name\":\"In\u00edcio\",\"item\":\"https:\/\/www.pm.pb.gov.br\/portal\/\"},{\"@type\":\"ListItem\",\"position\":2,\"name\":\"Pol\u00edcia Militar det\u00e9m suspeitos de homic\u00eddio ocorrido no bairro do Castelo Branco, na Capital\"}]},{\"@type\":\"WebSite\",\"@id\":\"https:\/\/www.pm.pb.gov.br\/portal\/#website\",\"url\":\"https:\/\/www.pm.pb.gov.br\/portal\/\",\"name\":\"Pol\u00edcia Militar da Para\u00edba\",\"description\":\"\",\"publisher\":{\"@id\":\"https:\/\/www.pm.pb.gov.br\/portal\/#organization\"},\"potentialAction\":[{\"@type\":\"SearchAction\",\"target\":{\"@type\":\"EntryPoint\",\"urlTemplate\":\"https:\/\/www.pm.pb.gov.br\/portal\/?s={search_term_string}\"},\"query-input\":\"required name=search_term_string\"}],\"inLanguage\":\"pt-BR\"},{\"@type\":\"Organization\",\"@id\":\"https:\/\/www.pm.pb.gov.br\/portal\/#organization\",\"name\":\"Pol\u00edcia Militar da Para\u00edba\",\"url\":\"https:\/\/www.pm.pb.gov.br\/portal\/\",\"logo\":{\"@type\":\"ImageObject\",\"inLanguage\":\"pt-BR\",\"@id\":\"https:\/\/www.pm.pb.gov.br\/portal\/#\/schema\/logo\/image\/\",\"url\":\"https:\/\/www.pm.pb.gov.br\/portal\/wp-content\/uploads\/2025\/03\/cropped-logo-site-mag2-1.png\",\"contentUrl\":\"https:\/\/www.pm.pb.gov.br\/portal\/wp-content\/uploads\/2025\/03\/cropped-logo-site-mag2-1.png\",\"width\":320,\"height\":90,\"caption\":\"Pol\u00edcia Militar da Para\u00edba\"},\"image\":{\"@id\":\"https:\/\/www.pm.pb.gov.br\/portal\/#\/schema\/logo\/image\/\"}},{\"@type\":\"Person\",\"@id\":\"https:\/\/www.pm.pb.gov.br\/portal\/#\/schema\/person\/f84f56dcc78ce4357054da888b8247fd\",\"name\":\"Tarcisio Oliveira\",\"image\":{\"@type\":\"ImageObject\",\"inLanguage\":\"pt-BR\",\"@id\":\"https:\/\/www.pm.pb.gov.br\/portal\/#\/schema\/person\/image\/\",\"url\":\"https:\/\/secure.gravatar.com\/avatar\/72917b630b69d31cd0297507f34bac97?s=96&d=mm&r=g\",\"contentUrl\":\"https:\/\/secure.gravatar.com\/avatar\/72917b630b69d31cd0297507f34bac97?s=96&d=mm&r=g\",\"caption\":\"Tarcisio Oliveira\"},\"url\":\"https:\/\/www.pm.pb.gov.br\/portal\/author\/tarcisio\/\"}]}<\/script>\n<!-- \/ Yoast SEO plugin. -->","yoast_head_json":{"title":"Pol\u00edcia Militar det\u00e9m suspeitos de homic\u00eddio ocorrido no bairro do Castelo Branco, na Capital - Pol\u00edcia Militar da Para\u00edba","robots":{"index":"index","follow":"follow","max-snippet":"max-snippet:-1","max-image-preview":"max-image-preview:large","max-video-preview":"max-video-preview:-1"},"canonical":"https:\/\/www.pm.pb.gov.br\/portal\/2018\/02\/01\/policia-militar-prende-suspeitos-de-homicidio-ocorrido-no-bairro-do-castelo-branco-na-capital\/","og_locale":"pt_BR","og_type":"article","og_title":"Pol\u00edcia Militar det\u00e9m suspeitos de homic\u00eddio ocorrido no bairro do Castelo Branco, na Capital - Pol\u00edcia Militar da Para\u00edba","og_description":"A Policia Militar prendeu os tr\u00eas principais suspeitos de terem participado do homic\u00eddio que vitimou uma mulher, na comunidade Santa","og_url":"https:\/\/www.pm.pb.gov.br\/portal\/2018\/02\/01\/policia-militar-prende-suspeitos-de-homicidio-ocorrido-no-bairro-do-castelo-branco-na-capital\/","og_site_name":"Pol\u00edcia Militar da Para\u00edba","article_published_time":"2018-02-01T12:43:02+00:00","article_modified_time":"2018-02-01T12:43:11+00:00","og_image":[{"width":800,"height":445,"url":"https:\/\/www.pm.pb.gov.br\/portal\/wp-content\/uploads\/2017\/10\/Imagems-Ilustrativa-Site-Novo.jpg","type":"image\/jpeg"}],"author":"Tarcisio Oliveira","twitter_card":"summary_large_image","twitter_misc":{"Escrito por":"Tarcisio Oliveira","Est. tempo de leitura":"1 minuto"},"schema":{"@context":"https:\/\/schema.org","@graph":[{"@type":"Article","@id":"https:\/\/www.pm.pb.gov.br\/portal\/2018\/02\/01\/policia-militar-prende-suspeitos-de-homicidio-ocorrido-no-bairro-do-castelo-branco-na-capital\/#article","isPartOf":{"@id":"https:\/\/www.pm.pb.gov.br\/portal\/2018\/02\/01\/policia-militar-prende-suspeitos-de-homicidio-ocorrido-no-bairro-do-castelo-branco-na-capital\/"},"author":{"name":"Tarcisio Oliveira","@id":"https:\/\/www.pm.pb.gov.br\/portal\/#\/schema\/person\/f84f56dcc78ce4357054da888b8247fd"},"headline":"Pol\u00edcia Militar det\u00e9m suspeitos de homic\u00eddio ocorrido no bairro do Castelo Branco, na Capital","datePublished":"2018-02-01T12:43:02+00:00","dateModified":"2018-02-01T12:43:11+00:00","mainEntityOfPage":{"@id":"https:\/\/www.pm.pb.gov.br\/portal\/2018\/02\/01\/policia-militar-prende-suspeitos-de-homicidio-ocorrido-no-bairro-do-castelo-branco-na-capital\/"},"wordCount":286,"publisher":{"@id":"https:\/\/www.pm.pb.gov.br\/portal\/#organization"},"articleSection":["A\u00e7\u00f5es Policiais"],"inLanguage":"pt-BR"},{"@type":"WebPage","@id":"https:\/\/www.pm.pb.gov.br\/portal\/2018\/02\/01\/policia-militar-prende-suspeitos-de-homicidio-ocorrido-no-bairro-do-castelo-branco-na-capital\/","url":"https:\/\/www.pm.pb.gov.br\/portal\/2018\/02\/01\/policia-militar-prende-suspeitos-de-homicidio-ocorrido-no-bairro-do-castelo-branco-na-capital\/","name":"Pol\u00edcia Militar det\u00e9m suspeitos de homic\u00eddio ocorrido no bairro do Castelo Branco, na Capital - Pol\u00edcia Militar da Para\u00edba","isPartOf":{"@id":"https:\/\/www.pm.pb.gov.br\/portal\/#website"},"datePublished":"2018-02-01T12:43:02+00:00","dateModified":"2018-02-01T12:43:11+00:00","breadcrumb":{"@id":"https:\/\/www.pm.pb.gov.br\/portal\/2018\/02\/01\/policia-militar-prende-suspeitos-de-homicidio-ocorrido-no-bairro-do-castelo-branco-na-capital\/#breadcrumb"},"inLanguage":"pt-BR","potentialAction":[{"@type":"ReadAction","target":["https:\/\/www.pm.pb.gov.br\/portal\/2018\/02\/01\/policia-militar-prende-suspeitos-de-homicidio-ocorrido-no-bairro-do-castelo-branco-na-capital\/"]}]},{"@type":"BreadcrumbList","@id":"https:\/\/www.pm.pb.gov.br\/portal\/2018\/02\/01\/policia-militar-prende-suspeitos-de-homicidio-ocorrido-no-bairro-do-castelo-branco-na-capital\/#breadcrumb","itemListElement":[{"@type":"ListItem","position":1,"name":"In\u00edcio","item":"https:\/\/www.pm.pb.gov.br\/portal\/"},{"@type":"ListItem","position":2,"name":"Pol\u00edcia Militar det\u00e9m suspeitos de homic\u00eddio ocorrido no bairro do Castelo Branco, na Capital"}]},{"@type":"WebSite","@id":"https:\/\/www.pm.pb.gov.br\/portal\/#website","url":"https:\/\/www.pm.pb.gov.br\/portal\/","name":"Pol\u00edcia Militar da Para\u00edba","description":"","publisher":{"@id":"https:\/\/www.pm.pb.gov.br\/portal\/#organization"},"potentialAction":[{"@type":"SearchAction","target":{"@type":"EntryPoint","urlTemplate":"https:\/\/www.pm.pb.gov.br\/portal\/?s={search_term_string}"},"query-input":"required name=search_term_string"}],"inLanguage":"pt-BR"},{"@type":"Organization","@id":"https:\/\/www.pm.pb.gov.br\/portal\/#organization","name":"Pol\u00edcia Militar da Para\u00edba","url":"https:\/\/www.pm.pb.gov.br\/portal\/","logo":{"@type":"ImageObject","inLanguage":"pt-BR","@id":"https:\/\/www.pm.pb.gov.br\/portal\/#\/schema\/logo\/image\/","url":"https:\/\/www.pm.pb.gov.br\/portal\/wp-content\/uploads\/2025\/03\/cropped-logo-site-mag2-1.png","contentUrl":"https:\/\/www.pm.pb.gov.br\/portal\/wp-content\/uploads\/2025\/03\/cropped-logo-site-mag2-1.png","width":320,"height":90,"caption":"Pol\u00edcia Militar da Para\u00edba"},"image":{"@id":"https:\/\/www.pm.pb.gov.br\/portal\/#\/schema\/logo\/image\/"}},{"@type":"Person","@id":"https:\/\/www.pm.pb.gov.br\/portal\/#\/schema\/person\/f84f56dcc78ce4357054da888b8247fd","name":"Tarcisio Oliveira","image":{"@type":"ImageObject","inLanguage":"pt-BR","@id":"https:\/\/www.pm.pb.gov.br\/portal\/#\/schema\/person\/image\/","url":"https:\/\/secure.gravatar.com\/avatar\/72917b630b69d31cd0297507f34bac97?s=96&d=mm&r=g","contentUrl":"https:\/\/secure.gravatar.com\/avatar\/72917b630b69d31cd0297507f34bac97?s=96&d=mm&r=g","caption":"Tarcisio Oliveira"},"url":"https:\/\/www.pm.pb.gov.br\/portal\/author\/tarcisio\/"}]}},"_links":{"self":[{"href":"https:\/\/www.pm.pb.gov.br\/portal\/wp-json\/wp\/v2\/posts\/896898"}],"collection":[{"href":"https:\/\/www.pm.pb.gov.br\/portal\/wp-json\/wp\/v2\/posts"}],"about":[{"href":"https:\/\/www.pm.pb.gov.br\/portal\/wp-json\/wp\/v2\/types\/post"}],"author":[{"embeddable":true,"href":"https:\/\/www.pm.pb.gov.br\/portal\/wp-json\/wp\/v2\/users\/12"}],"replies":[{"embeddable":true,"href":"https:\/\/www.pm.pb.gov.br\/portal\/wp-json\/wp\/v2\/comments?post=896898"}],"version-history":[{"count":2,"href":"https:\/\/www.pm.pb.gov.br\/portal\/wp-json\/wp\/v2\/posts\/896898\/revisions"}],"predecessor-version":[{"id":896900,"href":"https:\/\/www.pm.pb.gov.br\/portal\/wp-json\/wp\/v2\/posts\/896898\/revisions\/896900"}],"wp:featuredmedia":[{"embeddable":true,"href":"https:\/\/www.pm.pb.gov.br\/portal\/wp-json\/wp\/v2\/media\/895708"}],"wp:attachment":[{"href":"https:\/\/www.pm.pb.gov.br\/portal\/wp-json\/wp\/v2\/media?parent=896898"}],"wp:term":[{"taxonomy":"category","embeddable":true,"href":"https:\/\/www.pm.pb.gov.br\/portal\/wp-json\/wp\/v2\/categories?post=896898"},{"taxonomy":"post_tag","embeddable":true,"href":"https:\/\/www.pm.pb.gov.br\/portal\/wp-json\/wp\/v2\/tags?post=896898"}],"curies":[{"name":"wp","href":"https:\/\/api.w.org\/{rel}","templated":true}]}}