{"id":896892,"date":"2018-01-30T20:54:29","date_gmt":"2018-01-30T23:54:29","guid":{"rendered":"http:\/\/www.pm.pb.gov.br\/portal\/?p=896892"},"modified":"2018-01-30T20:54:29","modified_gmt":"2018-01-30T23:54:29","slug":"policia-militar-prende-suspeito-de-roubo-apreende-arma-de-fogo-e-recupera-moto-em-campina-grande","status":"publish","type":"post","link":"https:\/\/www.pm.pb.gov.br\/portal\/2018\/01\/30\/policia-militar-prende-suspeito-de-roubo-apreende-arma-de-fogo-e-recupera-moto-em-campina-grande\/","title":{"rendered":"Pol\u00edcia Militar prende suspeito de roubo, apreende arma de fogo e recupera moto em Campina Grande"},"content":{"rendered":"<p style=\"text-align: justify;\">A Pol\u00edcia Militar prendeu um suspeito de roubo com uma arma de fogo, ap\u00f3s um assalto a uma pessoa que estava de motocicleta, em Campina Grande. O suspeito, de 28 anos, j\u00e1 respondia por crimes como les\u00e3o corporal, amea\u00e7a e dano qualificado. A pris\u00e3o foi realizada no in\u00edcio da tarde desta quinta-feira (30) e uma moto roubada foi recuperada.<\/p>\n<p style=\"text-align: justify;\">Policiais da For\u00e7a T\u00e1tica do 2\u00ba Batalh\u00e3o faziam rondas e abordagens quando perceberam que dois homens, ao visualizarem as viaturas, correram e tentaram se esconder em um beco no bairro do Alto Branco. \u201cA dupla, que vinha caminhando a p\u00e9, tentou se esconder e fugir da presen\u00e7a da PM, entrando neste beco e chegando em duas casas na localidade\u201d, disse o cabo Bartolomeu Edwin, que coordenou a a\u00e7\u00e3o.<\/p>\n<p style=\"text-align: justify;\">\u201cEm um desses locais, com um dos suspeitos, encontramos um rev\u00f3lver calibre 38, seis trouxas de maconha, um fa\u00e7\u00e3o, tr\u00eas carregadores de celular, dinheiro trocado, um rel\u00f3gio e uma balan\u00e7a de precis\u00e3o\u201d, disse. O outro suspeito n\u00e3o foi localizado pela PM.<\/p>\n<figure id=\"attachment_896889\" aria-describedby=\"caption-attachment-896889\" style=\"width: 313px\" class=\"wp-caption alignright\"><img loading=\"lazy\" decoding=\"async\" class=\"wp-image-896889\" style=\"text-align: justify;\" src=\"http:\/\/www.pm.pb.gov.br\/portal\/wp-content\/uploads\/2018\/01\/motorecuperada-454x445.jpg\" alt=\"\" width=\"313\" height=\"307\" srcset=\"https:\/\/www.pm.pb.gov.br\/portal\/wp-content\/uploads\/2018\/01\/motorecuperada-454x445.jpg 454w, https:\/\/www.pm.pb.gov.br\/portal\/wp-content\/uploads\/2018\/01\/motorecuperada.jpg 458w\" sizes=\"(max-width: 313px) 100vw, 313px\" \/><figcaption id=\"caption-attachment-896889\" class=\"wp-caption-text\"><span style=\"font-size: 10pt;\">Moto recuperada em a\u00e7\u00e3o da PM, e devolvida ao propriet\u00e1rio<\/span><\/figcaption><\/figure>\n<p style=\"text-align: justify;\">O homem detido foi conduzido para o Distrito Integrado de Seguran\u00e7a P\u00fablica (Disp), no Parque do Povo. Ao chegarem no Disp, os policiais foram informados que uma equipe de motopatrulhamento havia acabado de localizar uma motocicleta roubada, que estava abandonada, e que a v\u00edtima j\u00e1 estava indo ao Distrito para recuperar o ve\u00edculo.<\/p>\n<p style=\"text-align: justify;\">\u201cAproveitamos a chegada da v\u00edtima do roubo, que havia ocorrido h\u00e1 pouco tempo e na mesma localidade de nossa pris\u00e3o, para reconhecer o suspeito\u201d, explicou o cabo. O homem foi reconhecido, autuado pelo crime e, ainda segundo os policiais, ele confessou que realizava tr\u00e1fico de drogas.<\/p>\n<p style=\"text-align: justify;\">Outro suspeito relatado pela v\u00edtima, e que era comparsa deste primeiro, continua sendo procurado e pode ser o mesmo que havia fugido da PM mais cedo.<\/p>\n","protected":false},"excerpt":{"rendered":"<p>A Pol\u00edcia Militar prendeu um suspeito de roubo com uma arma de fogo, ap\u00f3s um assalto a uma pessoa que<\/p>\n","protected":false},"author":12,"featured_media":896888,"comment_status":"closed","ping_status":"closed","sticky":false,"template":"","format":"standard","meta":{"_exactmetrics_skip_tracking":false,"_exactmetrics_sitenote_active":false,"_exactmetrics_sitenote_note":"","_exactmetrics_sitenote_category":0,"footnotes":""},"categories":[4],"tags":[],"yoast_head":"<!-- This site is optimized with the Yoast SEO plugin v22.0 - https:\/\/yoast.com\/wordpress\/plugins\/seo\/ -->\n<title>Pol\u00edcia Militar prende suspeito de roubo, apreende arma de fogo e recupera moto em Campina Grande - Pol\u00edcia Militar da Para\u00edba<\/title>\n<meta name=\"robots\" content=\"index, follow, max-snippet:-1, max-image-preview:large, max-video-preview:-1\" \/>\n<link rel=\"canonical\" href=\"https:\/\/www.pm.pb.gov.br\/portal\/2018\/01\/30\/policia-militar-prende-suspeito-de-roubo-apreende-arma-de-fogo-e-recupera-moto-em-campina-grande\/\" \/>\n<meta property=\"og:locale\" content=\"pt_BR\" \/>\n<meta property=\"og:type\" content=\"article\" \/>\n<meta property=\"og:title\" content=\"Pol\u00edcia Militar prende suspeito de roubo, apreende arma de fogo e recupera moto em Campina Grande - Pol\u00edcia Militar da Para\u00edba\" \/>\n<meta property=\"og:description\" content=\"A Pol\u00edcia Militar prendeu um suspeito de roubo com uma arma de fogo, ap\u00f3s um assalto a uma pessoa que\" \/>\n<meta property=\"og:url\" content=\"https:\/\/www.pm.pb.gov.br\/portal\/2018\/01\/30\/policia-militar-prende-suspeito-de-roubo-apreende-arma-de-fogo-e-recupera-moto-em-campina-grande\/\" \/>\n<meta property=\"og:site_name\" content=\"Pol\u00edcia Militar da Para\u00edba\" \/>\n<meta property=\"article:published_time\" content=\"2018-01-30T23:54:29+00:00\" \/>\n<meta property=\"og:image\" content=\"https:\/\/www.pm.pb.gov.br\/portal\/wp-content\/uploads\/2018\/01\/materialapreendidocg.jpg\" \/>\n\t<meta property=\"og:image:width\" content=\"800\" \/>\n\t<meta property=\"og:image:height\" content=\"445\" \/>\n\t<meta property=\"og:image:type\" content=\"image\/jpeg\" \/>\n<meta name=\"author\" content=\"Tarcisio Oliveira\" \/>\n<meta name=\"twitter:card\" content=\"summary_large_image\" \/>\n<meta name=\"twitter:label1\" content=\"Escrito por\" \/>\n\t<meta name=\"twitter:data1\" content=\"Tarcisio Oliveira\" \/>\n\t<meta name=\"twitter:label2\" content=\"Est. tempo de leitura\" \/>\n\t<meta name=\"twitter:data2\" content=\"2 minutos\" \/>\n<script type=\"application\/ld+json\" class=\"yoast-schema-graph\">{\"@context\":\"https:\/\/schema.org\",\"@graph\":[{\"@type\":\"Article\",\"@id\":\"https:\/\/www.pm.pb.gov.br\/portal\/2018\/01\/30\/policia-militar-prende-suspeito-de-roubo-apreende-arma-de-fogo-e-recupera-moto-em-campina-grande\/#article\",\"isPartOf\":{\"@id\":\"https:\/\/www.pm.pb.gov.br\/portal\/2018\/01\/30\/policia-militar-prende-suspeito-de-roubo-apreende-arma-de-fogo-e-recupera-moto-em-campina-grande\/\"},\"author\":{\"name\":\"Tarcisio Oliveira\",\"@id\":\"https:\/\/www.pm.pb.gov.br\/portal\/#\/schema\/person\/f84f56dcc78ce4357054da888b8247fd\"},\"headline\":\"Pol\u00edcia Militar prende suspeito de roubo, apreende arma de fogo e recupera moto em Campina Grande\",\"datePublished\":\"2018-01-30T23:54:29+00:00\",\"dateModified\":\"2018-01-30T23:54:29+00:00\",\"mainEntityOfPage\":{\"@id\":\"https:\/\/www.pm.pb.gov.br\/portal\/2018\/01\/30\/policia-militar-prende-suspeito-de-roubo-apreende-arma-de-fogo-e-recupera-moto-em-campina-grande\/\"},\"wordCount\":351,\"publisher\":{\"@id\":\"https:\/\/www.pm.pb.gov.br\/portal\/#organization\"},\"articleSection\":[\"A\u00e7\u00f5es Policiais\"],\"inLanguage\":\"pt-BR\"},{\"@type\":\"WebPage\",\"@id\":\"https:\/\/www.pm.pb.gov.br\/portal\/2018\/01\/30\/policia-militar-prende-suspeito-de-roubo-apreende-arma-de-fogo-e-recupera-moto-em-campina-grande\/\",\"url\":\"https:\/\/www.pm.pb.gov.br\/portal\/2018\/01\/30\/policia-militar-prende-suspeito-de-roubo-apreende-arma-de-fogo-e-recupera-moto-em-campina-grande\/\",\"name\":\"Pol\u00edcia Militar prende suspeito de roubo, apreende arma de fogo e recupera moto em Campina Grande - Pol\u00edcia Militar da Para\u00edba\",\"isPartOf\":{\"@id\":\"https:\/\/www.pm.pb.gov.br\/portal\/#website\"},\"datePublished\":\"2018-01-30T23:54:29+00:00\",\"dateModified\":\"2018-01-30T23:54:29+00:00\",\"breadcrumb\":{\"@id\":\"https:\/\/www.pm.pb.gov.br\/portal\/2018\/01\/30\/policia-militar-prende-suspeito-de-roubo-apreende-arma-de-fogo-e-recupera-moto-em-campina-grande\/#breadcrumb\"},\"inLanguage\":\"pt-BR\",\"potentialAction\":[{\"@type\":\"ReadAction\",\"target\":[\"https:\/\/www.pm.pb.gov.br\/portal\/2018\/01\/30\/policia-militar-prende-suspeito-de-roubo-apreende-arma-de-fogo-e-recupera-moto-em-campina-grande\/\"]}]},{\"@type\":\"BreadcrumbList\",\"@id\":\"https:\/\/www.pm.pb.gov.br\/portal\/2018\/01\/30\/policia-militar-prende-suspeito-de-roubo-apreende-arma-de-fogo-e-recupera-moto-em-campina-grande\/#breadcrumb\",\"itemListElement\":[{\"@type\":\"ListItem\",\"position\":1,\"name\":\"In\u00edcio\",\"item\":\"https:\/\/www.pm.pb.gov.br\/portal\/\"},{\"@type\":\"ListItem\",\"position\":2,\"name\":\"Pol\u00edcia Militar prende suspeito de roubo, apreende arma de fogo e recupera moto em Campina Grande\"}]},{\"@type\":\"WebSite\",\"@id\":\"https:\/\/www.pm.pb.gov.br\/portal\/#website\",\"url\":\"https:\/\/www.pm.pb.gov.br\/portal\/\",\"name\":\"Pol\u00edcia Militar da Para\u00edba\",\"description\":\"\",\"publisher\":{\"@id\":\"https:\/\/www.pm.pb.gov.br\/portal\/#organization\"},\"potentialAction\":[{\"@type\":\"SearchAction\",\"target\":{\"@type\":\"EntryPoint\",\"urlTemplate\":\"https:\/\/www.pm.pb.gov.br\/portal\/?s={search_term_string}\"},\"query-input\":\"required name=search_term_string\"}],\"inLanguage\":\"pt-BR\"},{\"@type\":\"Organization\",\"@id\":\"https:\/\/www.pm.pb.gov.br\/portal\/#organization\",\"name\":\"Pol\u00edcia Militar da Para\u00edba\",\"url\":\"https:\/\/www.pm.pb.gov.br\/portal\/\",\"logo\":{\"@type\":\"ImageObject\",\"inLanguage\":\"pt-BR\",\"@id\":\"https:\/\/www.pm.pb.gov.br\/portal\/#\/schema\/logo\/image\/\",\"url\":\"https:\/\/www.pm.pb.gov.br\/portal\/wp-content\/uploads\/2025\/03\/cropped-logo-site-mag2-1.png\",\"contentUrl\":\"https:\/\/www.pm.pb.gov.br\/portal\/wp-content\/uploads\/2025\/03\/cropped-logo-site-mag2-1.png\",\"width\":320,\"height\":90,\"caption\":\"Pol\u00edcia Militar da Para\u00edba\"},\"image\":{\"@id\":\"https:\/\/www.pm.pb.gov.br\/portal\/#\/schema\/logo\/image\/\"}},{\"@type\":\"Person\",\"@id\":\"https:\/\/www.pm.pb.gov.br\/portal\/#\/schema\/person\/f84f56dcc78ce4357054da888b8247fd\",\"name\":\"Tarcisio Oliveira\",\"image\":{\"@type\":\"ImageObject\",\"inLanguage\":\"pt-BR\",\"@id\":\"https:\/\/www.pm.pb.gov.br\/portal\/#\/schema\/person\/image\/\",\"url\":\"https:\/\/secure.gravatar.com\/avatar\/72917b630b69d31cd0297507f34bac97?s=96&d=mm&r=g\",\"contentUrl\":\"https:\/\/secure.gravatar.com\/avatar\/72917b630b69d31cd0297507f34bac97?s=96&d=mm&r=g\",\"caption\":\"Tarcisio Oliveira\"},\"url\":\"https:\/\/www.pm.pb.gov.br\/portal\/author\/tarcisio\/\"}]}<\/script>\n<!-- \/ Yoast SEO plugin. -->","yoast_head_json":{"title":"Pol\u00edcia Militar prende suspeito de roubo, apreende arma de fogo e recupera moto em Campina Grande - Pol\u00edcia Militar da Para\u00edba","robots":{"index":"index","follow":"follow","max-snippet":"max-snippet:-1","max-image-preview":"max-image-preview:large","max-video-preview":"max-video-preview:-1"},"canonical":"https:\/\/www.pm.pb.gov.br\/portal\/2018\/01\/30\/policia-militar-prende-suspeito-de-roubo-apreende-arma-de-fogo-e-recupera-moto-em-campina-grande\/","og_locale":"pt_BR","og_type":"article","og_title":"Pol\u00edcia Militar prende suspeito de roubo, apreende arma de fogo e recupera moto em Campina Grande - Pol\u00edcia Militar da Para\u00edba","og_description":"A Pol\u00edcia Militar prendeu um suspeito de roubo com uma arma de fogo, ap\u00f3s um assalto a uma pessoa que","og_url":"https:\/\/www.pm.pb.gov.br\/portal\/2018\/01\/30\/policia-militar-prende-suspeito-de-roubo-apreende-arma-de-fogo-e-recupera-moto-em-campina-grande\/","og_site_name":"Pol\u00edcia Militar da Para\u00edba","article_published_time":"2018-01-30T23:54:29+00:00","og_image":[{"width":800,"height":445,"url":"https:\/\/www.pm.pb.gov.br\/portal\/wp-content\/uploads\/2018\/01\/materialapreendidocg.jpg","type":"image\/jpeg"}],"author":"Tarcisio Oliveira","twitter_card":"summary_large_image","twitter_misc":{"Escrito por":"Tarcisio Oliveira","Est. tempo de leitura":"2 minutos"},"schema":{"@context":"https:\/\/schema.org","@graph":[{"@type":"Article","@id":"https:\/\/www.pm.pb.gov.br\/portal\/2018\/01\/30\/policia-militar-prende-suspeito-de-roubo-apreende-arma-de-fogo-e-recupera-moto-em-campina-grande\/#article","isPartOf":{"@id":"https:\/\/www.pm.pb.gov.br\/portal\/2018\/01\/30\/policia-militar-prende-suspeito-de-roubo-apreende-arma-de-fogo-e-recupera-moto-em-campina-grande\/"},"author":{"name":"Tarcisio Oliveira","@id":"https:\/\/www.pm.pb.gov.br\/portal\/#\/schema\/person\/f84f56dcc78ce4357054da888b8247fd"},"headline":"Pol\u00edcia Militar prende suspeito de roubo, apreende arma de fogo e recupera moto em Campina Grande","datePublished":"2018-01-30T23:54:29+00:00","dateModified":"2018-01-30T23:54:29+00:00","mainEntityOfPage":{"@id":"https:\/\/www.pm.pb.gov.br\/portal\/2018\/01\/30\/policia-militar-prende-suspeito-de-roubo-apreende-arma-de-fogo-e-recupera-moto-em-campina-grande\/"},"wordCount":351,"publisher":{"@id":"https:\/\/www.pm.pb.gov.br\/portal\/#organization"},"articleSection":["A\u00e7\u00f5es Policiais"],"inLanguage":"pt-BR"},{"@type":"WebPage","@id":"https:\/\/www.pm.pb.gov.br\/portal\/2018\/01\/30\/policia-militar-prende-suspeito-de-roubo-apreende-arma-de-fogo-e-recupera-moto-em-campina-grande\/","url":"https:\/\/www.pm.pb.gov.br\/portal\/2018\/01\/30\/policia-militar-prende-suspeito-de-roubo-apreende-arma-de-fogo-e-recupera-moto-em-campina-grande\/","name":"Pol\u00edcia Militar prende suspeito de roubo, apreende arma de fogo e recupera moto em Campina Grande - Pol\u00edcia Militar da Para\u00edba","isPartOf":{"@id":"https:\/\/www.pm.pb.gov.br\/portal\/#website"},"datePublished":"2018-01-30T23:54:29+00:00","dateModified":"2018-01-30T23:54:29+00:00","breadcrumb":{"@id":"https:\/\/www.pm.pb.gov.br\/portal\/2018\/01\/30\/policia-militar-prende-suspeito-de-roubo-apreende-arma-de-fogo-e-recupera-moto-em-campina-grande\/#breadcrumb"},"inLanguage":"pt-BR","potentialAction":[{"@type":"ReadAction","target":["https:\/\/www.pm.pb.gov.br\/portal\/2018\/01\/30\/policia-militar-prende-suspeito-de-roubo-apreende-arma-de-fogo-e-recupera-moto-em-campina-grande\/"]}]},{"@type":"BreadcrumbList","@id":"https:\/\/www.pm.pb.gov.br\/portal\/2018\/01\/30\/policia-militar-prende-suspeito-de-roubo-apreende-arma-de-fogo-e-recupera-moto-em-campina-grande\/#breadcrumb","itemListElement":[{"@type":"ListItem","position":1,"name":"In\u00edcio","item":"https:\/\/www.pm.pb.gov.br\/portal\/"},{"@type":"ListItem","position":2,"name":"Pol\u00edcia Militar prende suspeito de roubo, apreende arma de fogo e recupera moto em Campina Grande"}]},{"@type":"WebSite","@id":"https:\/\/www.pm.pb.gov.br\/portal\/#website","url":"https:\/\/www.pm.pb.gov.br\/portal\/","name":"Pol\u00edcia Militar da Para\u00edba","description":"","publisher":{"@id":"https:\/\/www.pm.pb.gov.br\/portal\/#organization"},"potentialAction":[{"@type":"SearchAction","target":{"@type":"EntryPoint","urlTemplate":"https:\/\/www.pm.pb.gov.br\/portal\/?s={search_term_string}"},"query-input":"required name=search_term_string"}],"inLanguage":"pt-BR"},{"@type":"Organization","@id":"https:\/\/www.pm.pb.gov.br\/portal\/#organization","name":"Pol\u00edcia Militar da Para\u00edba","url":"https:\/\/www.pm.pb.gov.br\/portal\/","logo":{"@type":"ImageObject","inLanguage":"pt-BR","@id":"https:\/\/www.pm.pb.gov.br\/portal\/#\/schema\/logo\/image\/","url":"https:\/\/www.pm.pb.gov.br\/portal\/wp-content\/uploads\/2025\/03\/cropped-logo-site-mag2-1.png","contentUrl":"https:\/\/www.pm.pb.gov.br\/portal\/wp-content\/uploads\/2025\/03\/cropped-logo-site-mag2-1.png","width":320,"height":90,"caption":"Pol\u00edcia Militar da Para\u00edba"},"image":{"@id":"https:\/\/www.pm.pb.gov.br\/portal\/#\/schema\/logo\/image\/"}},{"@type":"Person","@id":"https:\/\/www.pm.pb.gov.br\/portal\/#\/schema\/person\/f84f56dcc78ce4357054da888b8247fd","name":"Tarcisio Oliveira","image":{"@type":"ImageObject","inLanguage":"pt-BR","@id":"https:\/\/www.pm.pb.gov.br\/portal\/#\/schema\/person\/image\/","url":"https:\/\/secure.gravatar.com\/avatar\/72917b630b69d31cd0297507f34bac97?s=96&d=mm&r=g","contentUrl":"https:\/\/secure.gravatar.com\/avatar\/72917b630b69d31cd0297507f34bac97?s=96&d=mm&r=g","caption":"Tarcisio Oliveira"},"url":"https:\/\/www.pm.pb.gov.br\/portal\/author\/tarcisio\/"}]}},"_links":{"self":[{"href":"https:\/\/www.pm.pb.gov.br\/portal\/wp-json\/wp\/v2\/posts\/896892"}],"collection":[{"href":"https:\/\/www.pm.pb.gov.br\/portal\/wp-json\/wp\/v2\/posts"}],"about":[{"href":"https:\/\/www.pm.pb.gov.br\/portal\/wp-json\/wp\/v2\/types\/post"}],"author":[{"embeddable":true,"href":"https:\/\/www.pm.pb.gov.br\/portal\/wp-json\/wp\/v2\/users\/12"}],"replies":[{"embeddable":true,"href":"https:\/\/www.pm.pb.gov.br\/portal\/wp-json\/wp\/v2\/comments?post=896892"}],"version-history":[{"count":2,"href":"https:\/\/www.pm.pb.gov.br\/portal\/wp-json\/wp\/v2\/posts\/896892\/revisions"}],"predecessor-version":[{"id":896894,"href":"https:\/\/www.pm.pb.gov.br\/portal\/wp-json\/wp\/v2\/posts\/896892\/revisions\/896894"}],"wp:featuredmedia":[{"embeddable":true,"href":"https:\/\/www.pm.pb.gov.br\/portal\/wp-json\/wp\/v2\/media\/896888"}],"wp:attachment":[{"href":"https:\/\/www.pm.pb.gov.br\/portal\/wp-json\/wp\/v2\/media?parent=896892"}],"wp:term":[{"taxonomy":"category","embeddable":true,"href":"https:\/\/www.pm.pb.gov.br\/portal\/wp-json\/wp\/v2\/categories?post=896892"},{"taxonomy":"post_tag","embeddable":true,"href":"https:\/\/www.pm.pb.gov.br\/portal\/wp-json\/wp\/v2\/tags?post=896892"}],"curies":[{"name":"wp","href":"https:\/\/api.w.org\/{rel}","templated":true}]}}