{"id":896609,"date":"2018-01-05T11:24:04","date_gmt":"2018-01-05T14:24:04","guid":{"rendered":"http:\/\/www.pm.pb.gov.br\/portal\/?p=896609"},"modified":"2018-01-05T11:24:04","modified_gmt":"2018-01-05T14:24:04","slug":"policia-militar-frustra-assalto-a-padaria-prende-dois-suspeitos-em-flagrante-e-recupera-moto-e-relogio-roubados","status":"publish","type":"post","link":"https:\/\/www.pm.pb.gov.br\/portal\/2018\/01\/05\/policia-militar-frustra-assalto-a-padaria-prende-dois-suspeitos-em-flagrante-e-recupera-moto-e-relogio-roubados\/","title":{"rendered":"Pol\u00edcia Militar frustra assalto \u00e0 padaria, prende dois suspeitos em flagrante e recupera moto e rel\u00f3gio roubados"},"content":{"rendered":"<p style=\"font-weight: 400; text-align: justify;\">Policiais militares frustraram um roubo que iria ser realizado em uma padaria no bairro dos Funcion\u00e1rios I, na manh\u00e3 desta sexta-feira (5). A a\u00e7\u00e3o da PM resultou na pris\u00e3o de dois suspeitos em flagrante, na apreens\u00e3o de um simulacro de arma de fogo, e na recupera\u00e7\u00e3o de uma motocicleta e um rel\u00f3gio roubados.<\/p>\n<p style=\"font-weight: 400; text-align: justify;\">Os policiais do 1\u00ba Batalh\u00e3o realizavam rondas nas proximidades de com\u00e9rcios e paradas de \u00f4nibus quando foram informados de uma dupla em atitude suspeita nas proximidades de uma padaria. \u201cChegamos r\u00e1pido e vimos dois homens em uma moto, nas proximidades desta padaria, mas que fugiram ao ver nossa viatura\u201d, disse o sargento Severino Santiago, da 6\u00aa Companhia do 1\u00ba Batalh\u00e3o.<\/p>\n<p style=\"font-weight: 400; text-align: justify;\">A PM realizou o acompanhamento da dupla at\u00e9 a rua do Rio, em uma comunidade do bairro Cruz das Armas, onde foi dada ordem de parada, mas os suspeitos desobedeceram e sacaram a r\u00e9plica de uma arma de fogo para intimidar os policiais, que reagiram. Um dos suspeitos foi atingido e socorrido pelo Samu.<\/p>\n<p style=\"font-weight: 400; text-align: justify;\">Com a dupla, a PM encontrou um rel\u00f3gio roubado, apreendeu a r\u00e9plica de pistola utilizada para intimidar v\u00edtimas, e recuperou a motocicleta, que havia sido roubada no \u00faltimo dia 27 de dezembro. \u201cEles tamb\u00e9m nos relataram que iriam assaltar a padaria, pois tinham informa\u00e7\u00f5es da quantidade de dinheiro que havia no estabelecimento, que era o que a padaria tinha apurado nos \u00faltimos dias\u201d, disse o sargento que efetuou a pris\u00e3o.<\/p>\n<p style=\"font-weight: 400; text-align: justify;\">Segundo os pr\u00f3prios policiais, o suspeito atingido \u00e9 ex-presidi\u00e1rio e o outro foi encaminhado para a Central de Pol\u00edcia.<\/p>\n","protected":false},"excerpt":{"rendered":"<p>Policiais militares frustraram um roubo que iria ser realizado em uma padaria no bairro dos Funcion\u00e1rios I, na manh\u00e3 desta<\/p>\n","protected":false},"author":12,"featured_media":895708,"comment_status":"closed","ping_status":"closed","sticky":false,"template":"","format":"standard","meta":{"_exactmetrics_skip_tracking":false,"_exactmetrics_sitenote_active":false,"_exactmetrics_sitenote_note":"","_exactmetrics_sitenote_category":0,"footnotes":""},"categories":[4],"tags":[],"yoast_head":"<!-- This site is optimized with the Yoast SEO plugin v22.0 - https:\/\/yoast.com\/wordpress\/plugins\/seo\/ -->\n<title>Pol\u00edcia Militar frustra assalto \u00e0 padaria, prende dois suspeitos em flagrante e recupera moto e rel\u00f3gio roubados - Pol\u00edcia Militar da Para\u00edba<\/title>\n<meta name=\"robots\" content=\"index, follow, max-snippet:-1, max-image-preview:large, max-video-preview:-1\" \/>\n<link rel=\"canonical\" href=\"https:\/\/www.pm.pb.gov.br\/portal\/2018\/01\/05\/policia-militar-frustra-assalto-a-padaria-prende-dois-suspeitos-em-flagrante-e-recupera-moto-e-relogio-roubados\/\" \/>\n<meta property=\"og:locale\" content=\"pt_BR\" \/>\n<meta property=\"og:type\" content=\"article\" \/>\n<meta property=\"og:title\" content=\"Pol\u00edcia Militar frustra assalto \u00e0 padaria, prende dois suspeitos em flagrante e recupera moto e rel\u00f3gio roubados - Pol\u00edcia Militar da Para\u00edba\" \/>\n<meta property=\"og:description\" content=\"Policiais militares frustraram um roubo que iria ser realizado em uma padaria no bairro dos Funcion\u00e1rios I, na manh\u00e3 desta\" \/>\n<meta property=\"og:url\" content=\"https:\/\/www.pm.pb.gov.br\/portal\/2018\/01\/05\/policia-militar-frustra-assalto-a-padaria-prende-dois-suspeitos-em-flagrante-e-recupera-moto-e-relogio-roubados\/\" \/>\n<meta property=\"og:site_name\" content=\"Pol\u00edcia Militar da Para\u00edba\" \/>\n<meta property=\"article:published_time\" content=\"2018-01-05T14:24:04+00:00\" \/>\n<meta property=\"og:image\" content=\"https:\/\/www.pm.pb.gov.br\/portal\/wp-content\/uploads\/2017\/10\/Imagems-Ilustrativa-Site-Novo.jpg\" \/>\n\t<meta property=\"og:image:width\" content=\"800\" \/>\n\t<meta property=\"og:image:height\" content=\"445\" \/>\n\t<meta property=\"og:image:type\" content=\"image\/jpeg\" \/>\n<meta name=\"author\" content=\"Tarcisio Oliveira\" \/>\n<meta name=\"twitter:card\" content=\"summary_large_image\" \/>\n<meta name=\"twitter:label1\" content=\"Escrito por\" \/>\n\t<meta name=\"twitter:data1\" content=\"Tarcisio Oliveira\" \/>\n\t<meta name=\"twitter:label2\" content=\"Est. tempo de leitura\" \/>\n\t<meta name=\"twitter:data2\" content=\"1 minuto\" \/>\n<script type=\"application\/ld+json\" class=\"yoast-schema-graph\">{\"@context\":\"https:\/\/schema.org\",\"@graph\":[{\"@type\":\"Article\",\"@id\":\"https:\/\/www.pm.pb.gov.br\/portal\/2018\/01\/05\/policia-militar-frustra-assalto-a-padaria-prende-dois-suspeitos-em-flagrante-e-recupera-moto-e-relogio-roubados\/#article\",\"isPartOf\":{\"@id\":\"https:\/\/www.pm.pb.gov.br\/portal\/2018\/01\/05\/policia-militar-frustra-assalto-a-padaria-prende-dois-suspeitos-em-flagrante-e-recupera-moto-e-relogio-roubados\/\"},\"author\":{\"name\":\"Tarcisio Oliveira\",\"@id\":\"https:\/\/www.pm.pb.gov.br\/portal\/#\/schema\/person\/f84f56dcc78ce4357054da888b8247fd\"},\"headline\":\"Pol\u00edcia Militar frustra assalto \u00e0 padaria, prende dois suspeitos em flagrante e recupera moto e rel\u00f3gio roubados\",\"datePublished\":\"2018-01-05T14:24:04+00:00\",\"dateModified\":\"2018-01-05T14:24:04+00:00\",\"mainEntityOfPage\":{\"@id\":\"https:\/\/www.pm.pb.gov.br\/portal\/2018\/01\/05\/policia-militar-frustra-assalto-a-padaria-prende-dois-suspeitos-em-flagrante-e-recupera-moto-e-relogio-roubados\/\"},\"wordCount\":288,\"publisher\":{\"@id\":\"https:\/\/www.pm.pb.gov.br\/portal\/#organization\"},\"articleSection\":[\"A\u00e7\u00f5es Policiais\"],\"inLanguage\":\"pt-BR\"},{\"@type\":\"WebPage\",\"@id\":\"https:\/\/www.pm.pb.gov.br\/portal\/2018\/01\/05\/policia-militar-frustra-assalto-a-padaria-prende-dois-suspeitos-em-flagrante-e-recupera-moto-e-relogio-roubados\/\",\"url\":\"https:\/\/www.pm.pb.gov.br\/portal\/2018\/01\/05\/policia-militar-frustra-assalto-a-padaria-prende-dois-suspeitos-em-flagrante-e-recupera-moto-e-relogio-roubados\/\",\"name\":\"Pol\u00edcia Militar frustra assalto \u00e0 padaria, prende dois suspeitos em flagrante e recupera moto e rel\u00f3gio roubados - Pol\u00edcia Militar da Para\u00edba\",\"isPartOf\":{\"@id\":\"https:\/\/www.pm.pb.gov.br\/portal\/#website\"},\"datePublished\":\"2018-01-05T14:24:04+00:00\",\"dateModified\":\"2018-01-05T14:24:04+00:00\",\"breadcrumb\":{\"@id\":\"https:\/\/www.pm.pb.gov.br\/portal\/2018\/01\/05\/policia-militar-frustra-assalto-a-padaria-prende-dois-suspeitos-em-flagrante-e-recupera-moto-e-relogio-roubados\/#breadcrumb\"},\"inLanguage\":\"pt-BR\",\"potentialAction\":[{\"@type\":\"ReadAction\",\"target\":[\"https:\/\/www.pm.pb.gov.br\/portal\/2018\/01\/05\/policia-militar-frustra-assalto-a-padaria-prende-dois-suspeitos-em-flagrante-e-recupera-moto-e-relogio-roubados\/\"]}]},{\"@type\":\"BreadcrumbList\",\"@id\":\"https:\/\/www.pm.pb.gov.br\/portal\/2018\/01\/05\/policia-militar-frustra-assalto-a-padaria-prende-dois-suspeitos-em-flagrante-e-recupera-moto-e-relogio-roubados\/#breadcrumb\",\"itemListElement\":[{\"@type\":\"ListItem\",\"position\":1,\"name\":\"In\u00edcio\",\"item\":\"https:\/\/www.pm.pb.gov.br\/portal\/\"},{\"@type\":\"ListItem\",\"position\":2,\"name\":\"Pol\u00edcia Militar frustra assalto \u00e0 padaria, prende dois suspeitos em flagrante e recupera moto e rel\u00f3gio roubados\"}]},{\"@type\":\"WebSite\",\"@id\":\"https:\/\/www.pm.pb.gov.br\/portal\/#website\",\"url\":\"https:\/\/www.pm.pb.gov.br\/portal\/\",\"name\":\"Pol\u00edcia Militar da Para\u00edba\",\"description\":\"\",\"publisher\":{\"@id\":\"https:\/\/www.pm.pb.gov.br\/portal\/#organization\"},\"potentialAction\":[{\"@type\":\"SearchAction\",\"target\":{\"@type\":\"EntryPoint\",\"urlTemplate\":\"https:\/\/www.pm.pb.gov.br\/portal\/?s={search_term_string}\"},\"query-input\":\"required name=search_term_string\"}],\"inLanguage\":\"pt-BR\"},{\"@type\":\"Organization\",\"@id\":\"https:\/\/www.pm.pb.gov.br\/portal\/#organization\",\"name\":\"Pol\u00edcia Militar da Para\u00edba\",\"url\":\"https:\/\/www.pm.pb.gov.br\/portal\/\",\"logo\":{\"@type\":\"ImageObject\",\"inLanguage\":\"pt-BR\",\"@id\":\"https:\/\/www.pm.pb.gov.br\/portal\/#\/schema\/logo\/image\/\",\"url\":\"https:\/\/www.pm.pb.gov.br\/portal\/wp-content\/uploads\/2025\/03\/cropped-logo-site-mag2-1.png\",\"contentUrl\":\"https:\/\/www.pm.pb.gov.br\/portal\/wp-content\/uploads\/2025\/03\/cropped-logo-site-mag2-1.png\",\"width\":320,\"height\":90,\"caption\":\"Pol\u00edcia Militar da Para\u00edba\"},\"image\":{\"@id\":\"https:\/\/www.pm.pb.gov.br\/portal\/#\/schema\/logo\/image\/\"}},{\"@type\":\"Person\",\"@id\":\"https:\/\/www.pm.pb.gov.br\/portal\/#\/schema\/person\/f84f56dcc78ce4357054da888b8247fd\",\"name\":\"Tarcisio Oliveira\",\"image\":{\"@type\":\"ImageObject\",\"inLanguage\":\"pt-BR\",\"@id\":\"https:\/\/www.pm.pb.gov.br\/portal\/#\/schema\/person\/image\/\",\"url\":\"https:\/\/secure.gravatar.com\/avatar\/72917b630b69d31cd0297507f34bac97?s=96&d=mm&r=g\",\"contentUrl\":\"https:\/\/secure.gravatar.com\/avatar\/72917b630b69d31cd0297507f34bac97?s=96&d=mm&r=g\",\"caption\":\"Tarcisio Oliveira\"},\"url\":\"https:\/\/www.pm.pb.gov.br\/portal\/author\/tarcisio\/\"}]}<\/script>\n<!-- \/ Yoast SEO plugin. -->","yoast_head_json":{"title":"Pol\u00edcia Militar frustra assalto \u00e0 padaria, prende dois suspeitos em flagrante e recupera moto e rel\u00f3gio roubados - Pol\u00edcia Militar da Para\u00edba","robots":{"index":"index","follow":"follow","max-snippet":"max-snippet:-1","max-image-preview":"max-image-preview:large","max-video-preview":"max-video-preview:-1"},"canonical":"https:\/\/www.pm.pb.gov.br\/portal\/2018\/01\/05\/policia-militar-frustra-assalto-a-padaria-prende-dois-suspeitos-em-flagrante-e-recupera-moto-e-relogio-roubados\/","og_locale":"pt_BR","og_type":"article","og_title":"Pol\u00edcia Militar frustra assalto \u00e0 padaria, prende dois suspeitos em flagrante e recupera moto e rel\u00f3gio roubados - Pol\u00edcia Militar da Para\u00edba","og_description":"Policiais militares frustraram um roubo que iria ser realizado em uma padaria no bairro dos Funcion\u00e1rios I, na manh\u00e3 desta","og_url":"https:\/\/www.pm.pb.gov.br\/portal\/2018\/01\/05\/policia-militar-frustra-assalto-a-padaria-prende-dois-suspeitos-em-flagrante-e-recupera-moto-e-relogio-roubados\/","og_site_name":"Pol\u00edcia Militar da Para\u00edba","article_published_time":"2018-01-05T14:24:04+00:00","og_image":[{"width":800,"height":445,"url":"https:\/\/www.pm.pb.gov.br\/portal\/wp-content\/uploads\/2017\/10\/Imagems-Ilustrativa-Site-Novo.jpg","type":"image\/jpeg"}],"author":"Tarcisio Oliveira","twitter_card":"summary_large_image","twitter_misc":{"Escrito por":"Tarcisio Oliveira","Est. tempo de leitura":"1 minuto"},"schema":{"@context":"https:\/\/schema.org","@graph":[{"@type":"Article","@id":"https:\/\/www.pm.pb.gov.br\/portal\/2018\/01\/05\/policia-militar-frustra-assalto-a-padaria-prende-dois-suspeitos-em-flagrante-e-recupera-moto-e-relogio-roubados\/#article","isPartOf":{"@id":"https:\/\/www.pm.pb.gov.br\/portal\/2018\/01\/05\/policia-militar-frustra-assalto-a-padaria-prende-dois-suspeitos-em-flagrante-e-recupera-moto-e-relogio-roubados\/"},"author":{"name":"Tarcisio Oliveira","@id":"https:\/\/www.pm.pb.gov.br\/portal\/#\/schema\/person\/f84f56dcc78ce4357054da888b8247fd"},"headline":"Pol\u00edcia Militar frustra assalto \u00e0 padaria, prende dois suspeitos em flagrante e recupera moto e rel\u00f3gio roubados","datePublished":"2018-01-05T14:24:04+00:00","dateModified":"2018-01-05T14:24:04+00:00","mainEntityOfPage":{"@id":"https:\/\/www.pm.pb.gov.br\/portal\/2018\/01\/05\/policia-militar-frustra-assalto-a-padaria-prende-dois-suspeitos-em-flagrante-e-recupera-moto-e-relogio-roubados\/"},"wordCount":288,"publisher":{"@id":"https:\/\/www.pm.pb.gov.br\/portal\/#organization"},"articleSection":["A\u00e7\u00f5es Policiais"],"inLanguage":"pt-BR"},{"@type":"WebPage","@id":"https:\/\/www.pm.pb.gov.br\/portal\/2018\/01\/05\/policia-militar-frustra-assalto-a-padaria-prende-dois-suspeitos-em-flagrante-e-recupera-moto-e-relogio-roubados\/","url":"https:\/\/www.pm.pb.gov.br\/portal\/2018\/01\/05\/policia-militar-frustra-assalto-a-padaria-prende-dois-suspeitos-em-flagrante-e-recupera-moto-e-relogio-roubados\/","name":"Pol\u00edcia Militar frustra assalto \u00e0 padaria, prende dois suspeitos em flagrante e recupera moto e rel\u00f3gio roubados - Pol\u00edcia Militar da Para\u00edba","isPartOf":{"@id":"https:\/\/www.pm.pb.gov.br\/portal\/#website"},"datePublished":"2018-01-05T14:24:04+00:00","dateModified":"2018-01-05T14:24:04+00:00","breadcrumb":{"@id":"https:\/\/www.pm.pb.gov.br\/portal\/2018\/01\/05\/policia-militar-frustra-assalto-a-padaria-prende-dois-suspeitos-em-flagrante-e-recupera-moto-e-relogio-roubados\/#breadcrumb"},"inLanguage":"pt-BR","potentialAction":[{"@type":"ReadAction","target":["https:\/\/www.pm.pb.gov.br\/portal\/2018\/01\/05\/policia-militar-frustra-assalto-a-padaria-prende-dois-suspeitos-em-flagrante-e-recupera-moto-e-relogio-roubados\/"]}]},{"@type":"BreadcrumbList","@id":"https:\/\/www.pm.pb.gov.br\/portal\/2018\/01\/05\/policia-militar-frustra-assalto-a-padaria-prende-dois-suspeitos-em-flagrante-e-recupera-moto-e-relogio-roubados\/#breadcrumb","itemListElement":[{"@type":"ListItem","position":1,"name":"In\u00edcio","item":"https:\/\/www.pm.pb.gov.br\/portal\/"},{"@type":"ListItem","position":2,"name":"Pol\u00edcia Militar frustra assalto \u00e0 padaria, prende dois suspeitos em flagrante e recupera moto e rel\u00f3gio roubados"}]},{"@type":"WebSite","@id":"https:\/\/www.pm.pb.gov.br\/portal\/#website","url":"https:\/\/www.pm.pb.gov.br\/portal\/","name":"Pol\u00edcia Militar da Para\u00edba","description":"","publisher":{"@id":"https:\/\/www.pm.pb.gov.br\/portal\/#organization"},"potentialAction":[{"@type":"SearchAction","target":{"@type":"EntryPoint","urlTemplate":"https:\/\/www.pm.pb.gov.br\/portal\/?s={search_term_string}"},"query-input":"required name=search_term_string"}],"inLanguage":"pt-BR"},{"@type":"Organization","@id":"https:\/\/www.pm.pb.gov.br\/portal\/#organization","name":"Pol\u00edcia Militar da Para\u00edba","url":"https:\/\/www.pm.pb.gov.br\/portal\/","logo":{"@type":"ImageObject","inLanguage":"pt-BR","@id":"https:\/\/www.pm.pb.gov.br\/portal\/#\/schema\/logo\/image\/","url":"https:\/\/www.pm.pb.gov.br\/portal\/wp-content\/uploads\/2025\/03\/cropped-logo-site-mag2-1.png","contentUrl":"https:\/\/www.pm.pb.gov.br\/portal\/wp-content\/uploads\/2025\/03\/cropped-logo-site-mag2-1.png","width":320,"height":90,"caption":"Pol\u00edcia Militar da Para\u00edba"},"image":{"@id":"https:\/\/www.pm.pb.gov.br\/portal\/#\/schema\/logo\/image\/"}},{"@type":"Person","@id":"https:\/\/www.pm.pb.gov.br\/portal\/#\/schema\/person\/f84f56dcc78ce4357054da888b8247fd","name":"Tarcisio Oliveira","image":{"@type":"ImageObject","inLanguage":"pt-BR","@id":"https:\/\/www.pm.pb.gov.br\/portal\/#\/schema\/person\/image\/","url":"https:\/\/secure.gravatar.com\/avatar\/72917b630b69d31cd0297507f34bac97?s=96&d=mm&r=g","contentUrl":"https:\/\/secure.gravatar.com\/avatar\/72917b630b69d31cd0297507f34bac97?s=96&d=mm&r=g","caption":"Tarcisio Oliveira"},"url":"https:\/\/www.pm.pb.gov.br\/portal\/author\/tarcisio\/"}]}},"_links":{"self":[{"href":"https:\/\/www.pm.pb.gov.br\/portal\/wp-json\/wp\/v2\/posts\/896609"}],"collection":[{"href":"https:\/\/www.pm.pb.gov.br\/portal\/wp-json\/wp\/v2\/posts"}],"about":[{"href":"https:\/\/www.pm.pb.gov.br\/portal\/wp-json\/wp\/v2\/types\/post"}],"author":[{"embeddable":true,"href":"https:\/\/www.pm.pb.gov.br\/portal\/wp-json\/wp\/v2\/users\/12"}],"replies":[{"embeddable":true,"href":"https:\/\/www.pm.pb.gov.br\/portal\/wp-json\/wp\/v2\/comments?post=896609"}],"version-history":[{"count":1,"href":"https:\/\/www.pm.pb.gov.br\/portal\/wp-json\/wp\/v2\/posts\/896609\/revisions"}],"predecessor-version":[{"id":896610,"href":"https:\/\/www.pm.pb.gov.br\/portal\/wp-json\/wp\/v2\/posts\/896609\/revisions\/896610"}],"wp:featuredmedia":[{"embeddable":true,"href":"https:\/\/www.pm.pb.gov.br\/portal\/wp-json\/wp\/v2\/media\/895708"}],"wp:attachment":[{"href":"https:\/\/www.pm.pb.gov.br\/portal\/wp-json\/wp\/v2\/media?parent=896609"}],"wp:term":[{"taxonomy":"category","embeddable":true,"href":"https:\/\/www.pm.pb.gov.br\/portal\/wp-json\/wp\/v2\/categories?post=896609"},{"taxonomy":"post_tag","embeddable":true,"href":"https:\/\/www.pm.pb.gov.br\/portal\/wp-json\/wp\/v2\/tags?post=896609"}],"curies":[{"name":"wp","href":"https:\/\/api.w.org\/{rel}","templated":true}]}}