{"id":896604,"date":"2018-01-04T16:58:55","date_gmt":"2018-01-04T19:58:55","guid":{"rendered":"http:\/\/www.pm.pb.gov.br\/portal\/?p=896604"},"modified":"2018-01-04T16:58:55","modified_gmt":"2018-01-04T19:58:55","slug":"policia-militar-prende-dupla-suspeita-de-roubar-moto-recupera-veiculo-e-apreende-a-arma-usada-para-ameacar-a-vitima","status":"publish","type":"post","link":"https:\/\/www.pm.pb.gov.br\/portal\/2018\/01\/04\/policia-militar-prende-dupla-suspeita-de-roubar-moto-recupera-veiculo-e-apreende-a-arma-usada-para-ameacar-a-vitima\/","title":{"rendered":"Pol\u00edcia Militar prende dupla suspeita de roubar moto, recupera ve\u00edculo e apreende a arma usada para amea\u00e7ar a v\u00edtima"},"content":{"rendered":"<p style=\"text-align: justify;\">A Pol\u00edcia Militar prendeu um rapaz e apreendeu um adolescente que aparecem nas imagens gravadas por um celular tomando uma moto por assalto na manh\u00e3 desta quinta-feira (4), ao lado do Col\u00e9gio Lyceu Paraibano, no centro da Capital. Os suspeitos, de 18 e 17 anos, foram interceptados com o ve\u00edculo na rua Bom Jesus, no bairro do Rangel, onde foram detidos em flagrante por uma equipe do Regimento de Pol\u00edcia Montada (RPMont).<\/p>\n<p style=\"text-align: justify;\">De acordo com o sargento Elder Rafael, que comandou a a\u00e7\u00e3o, a guarni\u00e7\u00e3o realizava rondas e resolveu abordar a dupla, que apresentou suspeita ao se deparar com a viatura. \u201cEles ficaram desconfiados, demos ordem de parada e eles desobedeceram, mas conseguimos abord\u00e1-los e impedir a fuga. Encontramos com eles um rev\u00f3lver calibre 38 e cinco muni\u00e7\u00f5es, tr\u00eas delas deflagradas. Consultamos junto ao Ciop (Centro Integrado de Opera\u00e7\u00f5es Policiais) a placa da moto e descobrimos que era roubada, foi quando minutos depois tivemos conhecimento do v\u00eddeo que estava circulando, onde mostra como foi toda a a\u00e7\u00e3o\u201d, detalhou.<\/p>\n<p style=\"text-align: justify;\">Ainda segundo o sargento, o garupa da moto que aparece nas imagens do assalto \u00e9 o maior de idade, mas ele j\u00e1 tinha trocado de lugar no ve\u00edculo com o comparsa. \u201cNa abordagem, o menor j\u00e1 estava na garupa, talvez para dificultar uma investida policial. Eles s\u00e3o do bairro do Valentina, tinham roubado a moto e, possivelmente, estariam se preparando para realizar assaltos no Rangel e Cristo, mas gra\u00e7as \u00e0 a\u00e7\u00e3o da Pol\u00edcia Militar os planos deles foram frustrados e v\u00e3o terminar a manh\u00e3 na delegacia\u201d, destacou.<\/p>\n<p style=\"text-align: justify;\">Os dois foram levados para a Central de Flagrantes, onde foram reconhecidos pelo trabalhador que teve sua moto roubada.<\/p>\n","protected":false},"excerpt":{"rendered":"<p>A Pol\u00edcia Militar prendeu um rapaz e apreendeu um adolescente que aparecem nas imagens gravadas por um celular tomando uma<\/p>\n","protected":false},"author":15,"featured_media":896603,"comment_status":"closed","ping_status":"closed","sticky":false,"template":"","format":"standard","meta":{"_exactmetrics_skip_tracking":false,"_exactmetrics_sitenote_active":false,"_exactmetrics_sitenote_note":"","_exactmetrics_sitenote_category":0,"footnotes":""},"categories":[4],"tags":[],"yoast_head":"<!-- This site is optimized with the Yoast SEO plugin v22.0 - https:\/\/yoast.com\/wordpress\/plugins\/seo\/ -->\n<title>Pol\u00edcia Militar prende dupla suspeita de roubar moto, recupera ve\u00edculo e apreende a arma usada para amea\u00e7ar a v\u00edtima - Pol\u00edcia Militar da Para\u00edba<\/title>\n<meta name=\"robots\" content=\"index, follow, max-snippet:-1, max-image-preview:large, max-video-preview:-1\" \/>\n<link rel=\"canonical\" href=\"https:\/\/www.pm.pb.gov.br\/portal\/2018\/01\/04\/policia-militar-prende-dupla-suspeita-de-roubar-moto-recupera-veiculo-e-apreende-a-arma-usada-para-ameacar-a-vitima\/\" \/>\n<meta property=\"og:locale\" content=\"pt_BR\" \/>\n<meta property=\"og:type\" content=\"article\" \/>\n<meta property=\"og:title\" content=\"Pol\u00edcia Militar prende dupla suspeita de roubar moto, recupera ve\u00edculo e apreende a arma usada para amea\u00e7ar a v\u00edtima - Pol\u00edcia Militar da Para\u00edba\" \/>\n<meta property=\"og:description\" content=\"A Pol\u00edcia Militar prendeu um rapaz e apreendeu um adolescente que aparecem nas imagens gravadas por um celular tomando uma\" \/>\n<meta property=\"og:url\" content=\"https:\/\/www.pm.pb.gov.br\/portal\/2018\/01\/04\/policia-militar-prende-dupla-suspeita-de-roubar-moto-recupera-veiculo-e-apreende-a-arma-usada-para-ameacar-a-vitima\/\" \/>\n<meta property=\"og:site_name\" content=\"Pol\u00edcia Militar da Para\u00edba\" \/>\n<meta property=\"article:published_time\" content=\"2018-01-04T19:58:55+00:00\" \/>\n<meta property=\"og:image\" content=\"https:\/\/www.pm.pb.gov.br\/portal\/wp-content\/uploads\/2018\/01\/apreensaodearma1.jpg\" \/>\n\t<meta property=\"og:image:width\" content=\"800\" \/>\n\t<meta property=\"og:image:height\" content=\"445\" \/>\n\t<meta property=\"og:image:type\" content=\"image\/jpeg\" \/>\n<meta name=\"author\" content=\"Marcio Gomes dos Santos\" \/>\n<meta name=\"twitter:card\" content=\"summary_large_image\" \/>\n<meta name=\"twitter:label1\" content=\"Escrito por\" \/>\n\t<meta name=\"twitter:data1\" content=\"Marcio Gomes dos Santos\" \/>\n\t<meta name=\"twitter:label2\" content=\"Est. tempo de leitura\" \/>\n\t<meta name=\"twitter:data2\" content=\"1 minuto\" \/>\n<script type=\"application\/ld+json\" class=\"yoast-schema-graph\">{\"@context\":\"https:\/\/schema.org\",\"@graph\":[{\"@type\":\"Article\",\"@id\":\"https:\/\/www.pm.pb.gov.br\/portal\/2018\/01\/04\/policia-militar-prende-dupla-suspeita-de-roubar-moto-recupera-veiculo-e-apreende-a-arma-usada-para-ameacar-a-vitima\/#article\",\"isPartOf\":{\"@id\":\"https:\/\/www.pm.pb.gov.br\/portal\/2018\/01\/04\/policia-militar-prende-dupla-suspeita-de-roubar-moto-recupera-veiculo-e-apreende-a-arma-usada-para-ameacar-a-vitima\/\"},\"author\":{\"name\":\"Marcio Gomes dos Santos\",\"@id\":\"https:\/\/www.pm.pb.gov.br\/portal\/#\/schema\/person\/30d571652b38533c2211e4e89bf5a502\"},\"headline\":\"Pol\u00edcia Militar prende dupla suspeita de roubar moto, recupera ve\u00edculo e apreende a arma usada para amea\u00e7ar a v\u00edtima\",\"datePublished\":\"2018-01-04T19:58:55+00:00\",\"dateModified\":\"2018-01-04T19:58:55+00:00\",\"mainEntityOfPage\":{\"@id\":\"https:\/\/www.pm.pb.gov.br\/portal\/2018\/01\/04\/policia-militar-prende-dupla-suspeita-de-roubar-moto-recupera-veiculo-e-apreende-a-arma-usada-para-ameacar-a-vitima\/\"},\"wordCount\":310,\"publisher\":{\"@id\":\"https:\/\/www.pm.pb.gov.br\/portal\/#organization\"},\"articleSection\":[\"A\u00e7\u00f5es Policiais\"],\"inLanguage\":\"pt-BR\"},{\"@type\":\"WebPage\",\"@id\":\"https:\/\/www.pm.pb.gov.br\/portal\/2018\/01\/04\/policia-militar-prende-dupla-suspeita-de-roubar-moto-recupera-veiculo-e-apreende-a-arma-usada-para-ameacar-a-vitima\/\",\"url\":\"https:\/\/www.pm.pb.gov.br\/portal\/2018\/01\/04\/policia-militar-prende-dupla-suspeita-de-roubar-moto-recupera-veiculo-e-apreende-a-arma-usada-para-ameacar-a-vitima\/\",\"name\":\"Pol\u00edcia Militar prende dupla suspeita de roubar moto, recupera ve\u00edculo e apreende a arma usada para amea\u00e7ar a v\u00edtima - Pol\u00edcia Militar da Para\u00edba\",\"isPartOf\":{\"@id\":\"https:\/\/www.pm.pb.gov.br\/portal\/#website\"},\"datePublished\":\"2018-01-04T19:58:55+00:00\",\"dateModified\":\"2018-01-04T19:58:55+00:00\",\"breadcrumb\":{\"@id\":\"https:\/\/www.pm.pb.gov.br\/portal\/2018\/01\/04\/policia-militar-prende-dupla-suspeita-de-roubar-moto-recupera-veiculo-e-apreende-a-arma-usada-para-ameacar-a-vitima\/#breadcrumb\"},\"inLanguage\":\"pt-BR\",\"potentialAction\":[{\"@type\":\"ReadAction\",\"target\":[\"https:\/\/www.pm.pb.gov.br\/portal\/2018\/01\/04\/policia-militar-prende-dupla-suspeita-de-roubar-moto-recupera-veiculo-e-apreende-a-arma-usada-para-ameacar-a-vitima\/\"]}]},{\"@type\":\"BreadcrumbList\",\"@id\":\"https:\/\/www.pm.pb.gov.br\/portal\/2018\/01\/04\/policia-militar-prende-dupla-suspeita-de-roubar-moto-recupera-veiculo-e-apreende-a-arma-usada-para-ameacar-a-vitima\/#breadcrumb\",\"itemListElement\":[{\"@type\":\"ListItem\",\"position\":1,\"name\":\"In\u00edcio\",\"item\":\"https:\/\/www.pm.pb.gov.br\/portal\/\"},{\"@type\":\"ListItem\",\"position\":2,\"name\":\"Pol\u00edcia Militar prende dupla suspeita de roubar moto, recupera ve\u00edculo e apreende a arma usada para amea\u00e7ar a v\u00edtima\"}]},{\"@type\":\"WebSite\",\"@id\":\"https:\/\/www.pm.pb.gov.br\/portal\/#website\",\"url\":\"https:\/\/www.pm.pb.gov.br\/portal\/\",\"name\":\"Pol\u00edcia Militar da Para\u00edba\",\"description\":\"\",\"publisher\":{\"@id\":\"https:\/\/www.pm.pb.gov.br\/portal\/#organization\"},\"potentialAction\":[{\"@type\":\"SearchAction\",\"target\":{\"@type\":\"EntryPoint\",\"urlTemplate\":\"https:\/\/www.pm.pb.gov.br\/portal\/?s={search_term_string}\"},\"query-input\":\"required name=search_term_string\"}],\"inLanguage\":\"pt-BR\"},{\"@type\":\"Organization\",\"@id\":\"https:\/\/www.pm.pb.gov.br\/portal\/#organization\",\"name\":\"Pol\u00edcia Militar da Para\u00edba\",\"url\":\"https:\/\/www.pm.pb.gov.br\/portal\/\",\"logo\":{\"@type\":\"ImageObject\",\"inLanguage\":\"pt-BR\",\"@id\":\"https:\/\/www.pm.pb.gov.br\/portal\/#\/schema\/logo\/image\/\",\"url\":\"https:\/\/www.pm.pb.gov.br\/portal\/wp-content\/uploads\/2025\/03\/cropped-logo-site-mag2-1.png\",\"contentUrl\":\"https:\/\/www.pm.pb.gov.br\/portal\/wp-content\/uploads\/2025\/03\/cropped-logo-site-mag2-1.png\",\"width\":320,\"height\":90,\"caption\":\"Pol\u00edcia Militar da Para\u00edba\"},\"image\":{\"@id\":\"https:\/\/www.pm.pb.gov.br\/portal\/#\/schema\/logo\/image\/\"}},{\"@type\":\"Person\",\"@id\":\"https:\/\/www.pm.pb.gov.br\/portal\/#\/schema\/person\/30d571652b38533c2211e4e89bf5a502\",\"name\":\"Marcio Gomes dos Santos\",\"image\":{\"@type\":\"ImageObject\",\"inLanguage\":\"pt-BR\",\"@id\":\"https:\/\/www.pm.pb.gov.br\/portal\/#\/schema\/person\/image\/\",\"url\":\"https:\/\/secure.gravatar.com\/avatar\/cf4ec2cb690101e1581c7773aa350c19?s=96&d=mm&r=g\",\"contentUrl\":\"https:\/\/secure.gravatar.com\/avatar\/cf4ec2cb690101e1581c7773aa350c19?s=96&d=mm&r=g\",\"caption\":\"Marcio Gomes dos Santos\"},\"url\":\"https:\/\/www.pm.pb.gov.br\/portal\/author\/mgomes\/\"}]}<\/script>\n<!-- \/ Yoast SEO plugin. -->","yoast_head_json":{"title":"Pol\u00edcia Militar prende dupla suspeita de roubar moto, recupera ve\u00edculo e apreende a arma usada para amea\u00e7ar a v\u00edtima - Pol\u00edcia Militar da Para\u00edba","robots":{"index":"index","follow":"follow","max-snippet":"max-snippet:-1","max-image-preview":"max-image-preview:large","max-video-preview":"max-video-preview:-1"},"canonical":"https:\/\/www.pm.pb.gov.br\/portal\/2018\/01\/04\/policia-militar-prende-dupla-suspeita-de-roubar-moto-recupera-veiculo-e-apreende-a-arma-usada-para-ameacar-a-vitima\/","og_locale":"pt_BR","og_type":"article","og_title":"Pol\u00edcia Militar prende dupla suspeita de roubar moto, recupera ve\u00edculo e apreende a arma usada para amea\u00e7ar a v\u00edtima - Pol\u00edcia Militar da Para\u00edba","og_description":"A Pol\u00edcia Militar prendeu um rapaz e apreendeu um adolescente que aparecem nas imagens gravadas por um celular tomando uma","og_url":"https:\/\/www.pm.pb.gov.br\/portal\/2018\/01\/04\/policia-militar-prende-dupla-suspeita-de-roubar-moto-recupera-veiculo-e-apreende-a-arma-usada-para-ameacar-a-vitima\/","og_site_name":"Pol\u00edcia Militar da Para\u00edba","article_published_time":"2018-01-04T19:58:55+00:00","og_image":[{"width":800,"height":445,"url":"https:\/\/www.pm.pb.gov.br\/portal\/wp-content\/uploads\/2018\/01\/apreensaodearma1.jpg","type":"image\/jpeg"}],"author":"Marcio Gomes dos Santos","twitter_card":"summary_large_image","twitter_misc":{"Escrito por":"Marcio Gomes dos Santos","Est. tempo de leitura":"1 minuto"},"schema":{"@context":"https:\/\/schema.org","@graph":[{"@type":"Article","@id":"https:\/\/www.pm.pb.gov.br\/portal\/2018\/01\/04\/policia-militar-prende-dupla-suspeita-de-roubar-moto-recupera-veiculo-e-apreende-a-arma-usada-para-ameacar-a-vitima\/#article","isPartOf":{"@id":"https:\/\/www.pm.pb.gov.br\/portal\/2018\/01\/04\/policia-militar-prende-dupla-suspeita-de-roubar-moto-recupera-veiculo-e-apreende-a-arma-usada-para-ameacar-a-vitima\/"},"author":{"name":"Marcio Gomes dos Santos","@id":"https:\/\/www.pm.pb.gov.br\/portal\/#\/schema\/person\/30d571652b38533c2211e4e89bf5a502"},"headline":"Pol\u00edcia Militar prende dupla suspeita de roubar moto, recupera ve\u00edculo e apreende a arma usada para amea\u00e7ar a v\u00edtima","datePublished":"2018-01-04T19:58:55+00:00","dateModified":"2018-01-04T19:58:55+00:00","mainEntityOfPage":{"@id":"https:\/\/www.pm.pb.gov.br\/portal\/2018\/01\/04\/policia-militar-prende-dupla-suspeita-de-roubar-moto-recupera-veiculo-e-apreende-a-arma-usada-para-ameacar-a-vitima\/"},"wordCount":310,"publisher":{"@id":"https:\/\/www.pm.pb.gov.br\/portal\/#organization"},"articleSection":["A\u00e7\u00f5es Policiais"],"inLanguage":"pt-BR"},{"@type":"WebPage","@id":"https:\/\/www.pm.pb.gov.br\/portal\/2018\/01\/04\/policia-militar-prende-dupla-suspeita-de-roubar-moto-recupera-veiculo-e-apreende-a-arma-usada-para-ameacar-a-vitima\/","url":"https:\/\/www.pm.pb.gov.br\/portal\/2018\/01\/04\/policia-militar-prende-dupla-suspeita-de-roubar-moto-recupera-veiculo-e-apreende-a-arma-usada-para-ameacar-a-vitima\/","name":"Pol\u00edcia Militar prende dupla suspeita de roubar moto, recupera ve\u00edculo e apreende a arma usada para amea\u00e7ar a v\u00edtima - Pol\u00edcia Militar da Para\u00edba","isPartOf":{"@id":"https:\/\/www.pm.pb.gov.br\/portal\/#website"},"datePublished":"2018-01-04T19:58:55+00:00","dateModified":"2018-01-04T19:58:55+00:00","breadcrumb":{"@id":"https:\/\/www.pm.pb.gov.br\/portal\/2018\/01\/04\/policia-militar-prende-dupla-suspeita-de-roubar-moto-recupera-veiculo-e-apreende-a-arma-usada-para-ameacar-a-vitima\/#breadcrumb"},"inLanguage":"pt-BR","potentialAction":[{"@type":"ReadAction","target":["https:\/\/www.pm.pb.gov.br\/portal\/2018\/01\/04\/policia-militar-prende-dupla-suspeita-de-roubar-moto-recupera-veiculo-e-apreende-a-arma-usada-para-ameacar-a-vitima\/"]}]},{"@type":"BreadcrumbList","@id":"https:\/\/www.pm.pb.gov.br\/portal\/2018\/01\/04\/policia-militar-prende-dupla-suspeita-de-roubar-moto-recupera-veiculo-e-apreende-a-arma-usada-para-ameacar-a-vitima\/#breadcrumb","itemListElement":[{"@type":"ListItem","position":1,"name":"In\u00edcio","item":"https:\/\/www.pm.pb.gov.br\/portal\/"},{"@type":"ListItem","position":2,"name":"Pol\u00edcia Militar prende dupla suspeita de roubar moto, recupera ve\u00edculo e apreende a arma usada para amea\u00e7ar a v\u00edtima"}]},{"@type":"WebSite","@id":"https:\/\/www.pm.pb.gov.br\/portal\/#website","url":"https:\/\/www.pm.pb.gov.br\/portal\/","name":"Pol\u00edcia Militar da Para\u00edba","description":"","publisher":{"@id":"https:\/\/www.pm.pb.gov.br\/portal\/#organization"},"potentialAction":[{"@type":"SearchAction","target":{"@type":"EntryPoint","urlTemplate":"https:\/\/www.pm.pb.gov.br\/portal\/?s={search_term_string}"},"query-input":"required name=search_term_string"}],"inLanguage":"pt-BR"},{"@type":"Organization","@id":"https:\/\/www.pm.pb.gov.br\/portal\/#organization","name":"Pol\u00edcia Militar da Para\u00edba","url":"https:\/\/www.pm.pb.gov.br\/portal\/","logo":{"@type":"ImageObject","inLanguage":"pt-BR","@id":"https:\/\/www.pm.pb.gov.br\/portal\/#\/schema\/logo\/image\/","url":"https:\/\/www.pm.pb.gov.br\/portal\/wp-content\/uploads\/2025\/03\/cropped-logo-site-mag2-1.png","contentUrl":"https:\/\/www.pm.pb.gov.br\/portal\/wp-content\/uploads\/2025\/03\/cropped-logo-site-mag2-1.png","width":320,"height":90,"caption":"Pol\u00edcia Militar da Para\u00edba"},"image":{"@id":"https:\/\/www.pm.pb.gov.br\/portal\/#\/schema\/logo\/image\/"}},{"@type":"Person","@id":"https:\/\/www.pm.pb.gov.br\/portal\/#\/schema\/person\/30d571652b38533c2211e4e89bf5a502","name":"Marcio Gomes dos Santos","image":{"@type":"ImageObject","inLanguage":"pt-BR","@id":"https:\/\/www.pm.pb.gov.br\/portal\/#\/schema\/person\/image\/","url":"https:\/\/secure.gravatar.com\/avatar\/cf4ec2cb690101e1581c7773aa350c19?s=96&d=mm&r=g","contentUrl":"https:\/\/secure.gravatar.com\/avatar\/cf4ec2cb690101e1581c7773aa350c19?s=96&d=mm&r=g","caption":"Marcio Gomes dos Santos"},"url":"https:\/\/www.pm.pb.gov.br\/portal\/author\/mgomes\/"}]}},"_links":{"self":[{"href":"https:\/\/www.pm.pb.gov.br\/portal\/wp-json\/wp\/v2\/posts\/896604"}],"collection":[{"href":"https:\/\/www.pm.pb.gov.br\/portal\/wp-json\/wp\/v2\/posts"}],"about":[{"href":"https:\/\/www.pm.pb.gov.br\/portal\/wp-json\/wp\/v2\/types\/post"}],"author":[{"embeddable":true,"href":"https:\/\/www.pm.pb.gov.br\/portal\/wp-json\/wp\/v2\/users\/15"}],"replies":[{"embeddable":true,"href":"https:\/\/www.pm.pb.gov.br\/portal\/wp-json\/wp\/v2\/comments?post=896604"}],"version-history":[{"count":1,"href":"https:\/\/www.pm.pb.gov.br\/portal\/wp-json\/wp\/v2\/posts\/896604\/revisions"}],"predecessor-version":[{"id":896605,"href":"https:\/\/www.pm.pb.gov.br\/portal\/wp-json\/wp\/v2\/posts\/896604\/revisions\/896605"}],"wp:featuredmedia":[{"embeddable":true,"href":"https:\/\/www.pm.pb.gov.br\/portal\/wp-json\/wp\/v2\/media\/896603"}],"wp:attachment":[{"href":"https:\/\/www.pm.pb.gov.br\/portal\/wp-json\/wp\/v2\/media?parent=896604"}],"wp:term":[{"taxonomy":"category","embeddable":true,"href":"https:\/\/www.pm.pb.gov.br\/portal\/wp-json\/wp\/v2\/categories?post=896604"},{"taxonomy":"post_tag","embeddable":true,"href":"https:\/\/www.pm.pb.gov.br\/portal\/wp-json\/wp\/v2\/tags?post=896604"}],"curies":[{"name":"wp","href":"https:\/\/api.w.org\/{rel}","templated":true}]}}