{"id":896596,"date":"2018-01-04T10:10:29","date_gmt":"2018-01-04T13:10:29","guid":{"rendered":"http:\/\/www.pm.pb.gov.br\/portal\/?p=896596"},"modified":"2018-01-04T10:10:29","modified_gmt":"2018-01-04T13:10:29","slug":"policia-militar-prende-suspeitos-que-praticavam-assaltos-perto-do-aeroporto-castro-pinto","status":"publish","type":"post","link":"https:\/\/www.pm.pb.gov.br\/portal\/2018\/01\/04\/policia-militar-prende-suspeitos-que-praticavam-assaltos-perto-do-aeroporto-castro-pinto\/","title":{"rendered":"Pol\u00edcia Militar prende suspeitos que praticavam assaltos perto do Aeroporto Castro Pinto"},"content":{"rendered":"<p style=\"text-align: justify;\">A Pol\u00edcia Militar prendeu, na madrugada desta quinta-feira (4), a dupla que vinha sendo apontada como respons\u00e1vel por diversos assaltos nas proximidades do Aeroporto Presidente Castro Pinto, na cidade de Bayeux, Regi\u00e3o Metropolitana de Jo\u00e3o Pessoa. Os suspeitos, de 19 e 31 anos, agiam na madrugada, abordando as pessoas que chegavam para pegar voos no hor\u00e1rio. Eles teriam assaltado tamb\u00e9m uma locadora de ve\u00edculos que fica no local.<\/p>\n<p style=\"text-align: justify;\">A pris\u00e3o foi realizada pela Companhia Especializada em Apoio ao Turista (CEATur), que rastreou o sinal de GPS de um dos celulares roubados pelos acusados e chegou at\u00e9 uma casa, no bairro Alto da Boa Vista, em Bayeux, onde foram localizados os suspeitos e recuperados outros celulares, mochila e dois r\u00e1dios comunicadores da empresa de loca\u00e7\u00e3o de ve\u00edculos.<\/p>\n<p style=\"text-align: justify;\">Na resid\u00eancia, a PM encontrou ainda uma m\u00e1scara de carnaval e um simulacro de espingarda, o que confirmou os relatos das v\u00edtimas que vinham alegando que os autores dos roubos ocorridos na regi\u00e3o usavam m\u00e1scara e estavam com uma arma longa.<\/p>\n<p style=\"text-align: justify;\">Os dois foram apresentados na 6\u00aa Delegacia Distrital, em Santa Rita, onde compareceram v\u00e1rias v\u00edtimas que reconheceram os suspeitos.<\/p>\n","protected":false},"excerpt":{"rendered":"<p>A Pol\u00edcia Militar prendeu, na madrugada desta quinta-feira (4), a dupla que vinha sendo apontada como respons\u00e1vel por diversos assaltos<\/p>\n","protected":false},"author":12,"featured_media":896597,"comment_status":"closed","ping_status":"closed","sticky":false,"template":"","format":"standard","meta":{"_exactmetrics_skip_tracking":false,"_exactmetrics_sitenote_active":false,"_exactmetrics_sitenote_note":"","_exactmetrics_sitenote_category":0,"footnotes":""},"categories":[4],"tags":[],"yoast_head":"<!-- This site is optimized with the Yoast SEO plugin v22.0 - https:\/\/yoast.com\/wordpress\/plugins\/seo\/ -->\n<title>Pol\u00edcia Militar prende suspeitos que praticavam assaltos perto do Aeroporto Castro Pinto - Pol\u00edcia Militar da Para\u00edba<\/title>\n<meta name=\"robots\" content=\"index, follow, max-snippet:-1, max-image-preview:large, max-video-preview:-1\" \/>\n<link rel=\"canonical\" href=\"https:\/\/www.pm.pb.gov.br\/portal\/2018\/01\/04\/policia-militar-prende-suspeitos-que-praticavam-assaltos-perto-do-aeroporto-castro-pinto\/\" \/>\n<meta property=\"og:locale\" content=\"pt_BR\" \/>\n<meta property=\"og:type\" content=\"article\" \/>\n<meta property=\"og:title\" content=\"Pol\u00edcia Militar prende suspeitos que praticavam assaltos perto do Aeroporto Castro Pinto - Pol\u00edcia Militar da Para\u00edba\" \/>\n<meta property=\"og:description\" content=\"A Pol\u00edcia Militar prendeu, na madrugada desta quinta-feira (4), a dupla que vinha sendo apontada como respons\u00e1vel por diversos assaltos\" \/>\n<meta property=\"og:url\" content=\"https:\/\/www.pm.pb.gov.br\/portal\/2018\/01\/04\/policia-militar-prende-suspeitos-que-praticavam-assaltos-perto-do-aeroporto-castro-pinto\/\" \/>\n<meta property=\"og:site_name\" content=\"Pol\u00edcia Militar da Para\u00edba\" \/>\n<meta property=\"article:published_time\" content=\"2018-01-04T13:10:29+00:00\" \/>\n<meta property=\"og:image\" content=\"https:\/\/www.pm.pb.gov.br\/portal\/wp-content\/uploads\/2018\/01\/apreens\u00e3osr.jpg\" \/>\n\t<meta property=\"og:image:width\" content=\"800\" \/>\n\t<meta property=\"og:image:height\" content=\"445\" \/>\n\t<meta property=\"og:image:type\" content=\"image\/jpeg\" \/>\n<meta name=\"author\" content=\"Tarcisio Oliveira\" \/>\n<meta name=\"twitter:card\" content=\"summary_large_image\" \/>\n<meta name=\"twitter:label1\" content=\"Escrito por\" \/>\n\t<meta name=\"twitter:data1\" content=\"Tarcisio Oliveira\" \/>\n\t<meta name=\"twitter:label2\" content=\"Est. tempo de leitura\" \/>\n\t<meta name=\"twitter:data2\" content=\"1 minuto\" \/>\n<script type=\"application\/ld+json\" class=\"yoast-schema-graph\">{\"@context\":\"https:\/\/schema.org\",\"@graph\":[{\"@type\":\"Article\",\"@id\":\"https:\/\/www.pm.pb.gov.br\/portal\/2018\/01\/04\/policia-militar-prende-suspeitos-que-praticavam-assaltos-perto-do-aeroporto-castro-pinto\/#article\",\"isPartOf\":{\"@id\":\"https:\/\/www.pm.pb.gov.br\/portal\/2018\/01\/04\/policia-militar-prende-suspeitos-que-praticavam-assaltos-perto-do-aeroporto-castro-pinto\/\"},\"author\":{\"name\":\"Tarcisio Oliveira\",\"@id\":\"https:\/\/www.pm.pb.gov.br\/portal\/#\/schema\/person\/f84f56dcc78ce4357054da888b8247fd\"},\"headline\":\"Pol\u00edcia Militar prende suspeitos que praticavam assaltos perto do Aeroporto Castro Pinto\",\"datePublished\":\"2018-01-04T13:10:29+00:00\",\"dateModified\":\"2018-01-04T13:10:29+00:00\",\"mainEntityOfPage\":{\"@id\":\"https:\/\/www.pm.pb.gov.br\/portal\/2018\/01\/04\/policia-militar-prende-suspeitos-que-praticavam-assaltos-perto-do-aeroporto-castro-pinto\/\"},\"wordCount\":213,\"publisher\":{\"@id\":\"https:\/\/www.pm.pb.gov.br\/portal\/#organization\"},\"articleSection\":[\"A\u00e7\u00f5es Policiais\"],\"inLanguage\":\"pt-BR\"},{\"@type\":\"WebPage\",\"@id\":\"https:\/\/www.pm.pb.gov.br\/portal\/2018\/01\/04\/policia-militar-prende-suspeitos-que-praticavam-assaltos-perto-do-aeroporto-castro-pinto\/\",\"url\":\"https:\/\/www.pm.pb.gov.br\/portal\/2018\/01\/04\/policia-militar-prende-suspeitos-que-praticavam-assaltos-perto-do-aeroporto-castro-pinto\/\",\"name\":\"Pol\u00edcia Militar prende suspeitos que praticavam assaltos perto do Aeroporto Castro Pinto - Pol\u00edcia Militar da Para\u00edba\",\"isPartOf\":{\"@id\":\"https:\/\/www.pm.pb.gov.br\/portal\/#website\"},\"datePublished\":\"2018-01-04T13:10:29+00:00\",\"dateModified\":\"2018-01-04T13:10:29+00:00\",\"breadcrumb\":{\"@id\":\"https:\/\/www.pm.pb.gov.br\/portal\/2018\/01\/04\/policia-militar-prende-suspeitos-que-praticavam-assaltos-perto-do-aeroporto-castro-pinto\/#breadcrumb\"},\"inLanguage\":\"pt-BR\",\"potentialAction\":[{\"@type\":\"ReadAction\",\"target\":[\"https:\/\/www.pm.pb.gov.br\/portal\/2018\/01\/04\/policia-militar-prende-suspeitos-que-praticavam-assaltos-perto-do-aeroporto-castro-pinto\/\"]}]},{\"@type\":\"BreadcrumbList\",\"@id\":\"https:\/\/www.pm.pb.gov.br\/portal\/2018\/01\/04\/policia-militar-prende-suspeitos-que-praticavam-assaltos-perto-do-aeroporto-castro-pinto\/#breadcrumb\",\"itemListElement\":[{\"@type\":\"ListItem\",\"position\":1,\"name\":\"In\u00edcio\",\"item\":\"https:\/\/www.pm.pb.gov.br\/portal\/\"},{\"@type\":\"ListItem\",\"position\":2,\"name\":\"Pol\u00edcia Militar prende suspeitos que praticavam assaltos perto do Aeroporto Castro Pinto\"}]},{\"@type\":\"WebSite\",\"@id\":\"https:\/\/www.pm.pb.gov.br\/portal\/#website\",\"url\":\"https:\/\/www.pm.pb.gov.br\/portal\/\",\"name\":\"Pol\u00edcia Militar da Para\u00edba\",\"description\":\"\",\"publisher\":{\"@id\":\"https:\/\/www.pm.pb.gov.br\/portal\/#organization\"},\"potentialAction\":[{\"@type\":\"SearchAction\",\"target\":{\"@type\":\"EntryPoint\",\"urlTemplate\":\"https:\/\/www.pm.pb.gov.br\/portal\/?s={search_term_string}\"},\"query-input\":\"required name=search_term_string\"}],\"inLanguage\":\"pt-BR\"},{\"@type\":\"Organization\",\"@id\":\"https:\/\/www.pm.pb.gov.br\/portal\/#organization\",\"name\":\"Pol\u00edcia Militar da Para\u00edba\",\"url\":\"https:\/\/www.pm.pb.gov.br\/portal\/\",\"logo\":{\"@type\":\"ImageObject\",\"inLanguage\":\"pt-BR\",\"@id\":\"https:\/\/www.pm.pb.gov.br\/portal\/#\/schema\/logo\/image\/\",\"url\":\"https:\/\/www.pm.pb.gov.br\/portal\/wp-content\/uploads\/2025\/03\/cropped-logo-site-mag2-1.png\",\"contentUrl\":\"https:\/\/www.pm.pb.gov.br\/portal\/wp-content\/uploads\/2025\/03\/cropped-logo-site-mag2-1.png\",\"width\":320,\"height\":90,\"caption\":\"Pol\u00edcia Militar da Para\u00edba\"},\"image\":{\"@id\":\"https:\/\/www.pm.pb.gov.br\/portal\/#\/schema\/logo\/image\/\"}},{\"@type\":\"Person\",\"@id\":\"https:\/\/www.pm.pb.gov.br\/portal\/#\/schema\/person\/f84f56dcc78ce4357054da888b8247fd\",\"name\":\"Tarcisio Oliveira\",\"image\":{\"@type\":\"ImageObject\",\"inLanguage\":\"pt-BR\",\"@id\":\"https:\/\/www.pm.pb.gov.br\/portal\/#\/schema\/person\/image\/\",\"url\":\"https:\/\/secure.gravatar.com\/avatar\/72917b630b69d31cd0297507f34bac97?s=96&d=mm&r=g\",\"contentUrl\":\"https:\/\/secure.gravatar.com\/avatar\/72917b630b69d31cd0297507f34bac97?s=96&d=mm&r=g\",\"caption\":\"Tarcisio Oliveira\"},\"url\":\"https:\/\/www.pm.pb.gov.br\/portal\/author\/tarcisio\/\"}]}<\/script>\n<!-- \/ Yoast SEO plugin. -->","yoast_head_json":{"title":"Pol\u00edcia Militar prende suspeitos que praticavam assaltos perto do Aeroporto Castro Pinto - Pol\u00edcia Militar da Para\u00edba","robots":{"index":"index","follow":"follow","max-snippet":"max-snippet:-1","max-image-preview":"max-image-preview:large","max-video-preview":"max-video-preview:-1"},"canonical":"https:\/\/www.pm.pb.gov.br\/portal\/2018\/01\/04\/policia-militar-prende-suspeitos-que-praticavam-assaltos-perto-do-aeroporto-castro-pinto\/","og_locale":"pt_BR","og_type":"article","og_title":"Pol\u00edcia Militar prende suspeitos que praticavam assaltos perto do Aeroporto Castro Pinto - Pol\u00edcia Militar da Para\u00edba","og_description":"A Pol\u00edcia Militar prendeu, na madrugada desta quinta-feira (4), a dupla que vinha sendo apontada como respons\u00e1vel por diversos assaltos","og_url":"https:\/\/www.pm.pb.gov.br\/portal\/2018\/01\/04\/policia-militar-prende-suspeitos-que-praticavam-assaltos-perto-do-aeroporto-castro-pinto\/","og_site_name":"Pol\u00edcia Militar da Para\u00edba","article_published_time":"2018-01-04T13:10:29+00:00","og_image":[{"width":800,"height":445,"url":"https:\/\/www.pm.pb.gov.br\/portal\/wp-content\/uploads\/2018\/01\/apreens\u00e3osr.jpg","type":"image\/jpeg"}],"author":"Tarcisio Oliveira","twitter_card":"summary_large_image","twitter_misc":{"Escrito por":"Tarcisio Oliveira","Est. tempo de leitura":"1 minuto"},"schema":{"@context":"https:\/\/schema.org","@graph":[{"@type":"Article","@id":"https:\/\/www.pm.pb.gov.br\/portal\/2018\/01\/04\/policia-militar-prende-suspeitos-que-praticavam-assaltos-perto-do-aeroporto-castro-pinto\/#article","isPartOf":{"@id":"https:\/\/www.pm.pb.gov.br\/portal\/2018\/01\/04\/policia-militar-prende-suspeitos-que-praticavam-assaltos-perto-do-aeroporto-castro-pinto\/"},"author":{"name":"Tarcisio Oliveira","@id":"https:\/\/www.pm.pb.gov.br\/portal\/#\/schema\/person\/f84f56dcc78ce4357054da888b8247fd"},"headline":"Pol\u00edcia Militar prende suspeitos que praticavam assaltos perto do Aeroporto Castro Pinto","datePublished":"2018-01-04T13:10:29+00:00","dateModified":"2018-01-04T13:10:29+00:00","mainEntityOfPage":{"@id":"https:\/\/www.pm.pb.gov.br\/portal\/2018\/01\/04\/policia-militar-prende-suspeitos-que-praticavam-assaltos-perto-do-aeroporto-castro-pinto\/"},"wordCount":213,"publisher":{"@id":"https:\/\/www.pm.pb.gov.br\/portal\/#organization"},"articleSection":["A\u00e7\u00f5es Policiais"],"inLanguage":"pt-BR"},{"@type":"WebPage","@id":"https:\/\/www.pm.pb.gov.br\/portal\/2018\/01\/04\/policia-militar-prende-suspeitos-que-praticavam-assaltos-perto-do-aeroporto-castro-pinto\/","url":"https:\/\/www.pm.pb.gov.br\/portal\/2018\/01\/04\/policia-militar-prende-suspeitos-que-praticavam-assaltos-perto-do-aeroporto-castro-pinto\/","name":"Pol\u00edcia Militar prende suspeitos que praticavam assaltos perto do Aeroporto Castro Pinto - Pol\u00edcia Militar da Para\u00edba","isPartOf":{"@id":"https:\/\/www.pm.pb.gov.br\/portal\/#website"},"datePublished":"2018-01-04T13:10:29+00:00","dateModified":"2018-01-04T13:10:29+00:00","breadcrumb":{"@id":"https:\/\/www.pm.pb.gov.br\/portal\/2018\/01\/04\/policia-militar-prende-suspeitos-que-praticavam-assaltos-perto-do-aeroporto-castro-pinto\/#breadcrumb"},"inLanguage":"pt-BR","potentialAction":[{"@type":"ReadAction","target":["https:\/\/www.pm.pb.gov.br\/portal\/2018\/01\/04\/policia-militar-prende-suspeitos-que-praticavam-assaltos-perto-do-aeroporto-castro-pinto\/"]}]},{"@type":"BreadcrumbList","@id":"https:\/\/www.pm.pb.gov.br\/portal\/2018\/01\/04\/policia-militar-prende-suspeitos-que-praticavam-assaltos-perto-do-aeroporto-castro-pinto\/#breadcrumb","itemListElement":[{"@type":"ListItem","position":1,"name":"In\u00edcio","item":"https:\/\/www.pm.pb.gov.br\/portal\/"},{"@type":"ListItem","position":2,"name":"Pol\u00edcia Militar prende suspeitos que praticavam assaltos perto do Aeroporto Castro Pinto"}]},{"@type":"WebSite","@id":"https:\/\/www.pm.pb.gov.br\/portal\/#website","url":"https:\/\/www.pm.pb.gov.br\/portal\/","name":"Pol\u00edcia Militar da Para\u00edba","description":"","publisher":{"@id":"https:\/\/www.pm.pb.gov.br\/portal\/#organization"},"potentialAction":[{"@type":"SearchAction","target":{"@type":"EntryPoint","urlTemplate":"https:\/\/www.pm.pb.gov.br\/portal\/?s={search_term_string}"},"query-input":"required name=search_term_string"}],"inLanguage":"pt-BR"},{"@type":"Organization","@id":"https:\/\/www.pm.pb.gov.br\/portal\/#organization","name":"Pol\u00edcia Militar da Para\u00edba","url":"https:\/\/www.pm.pb.gov.br\/portal\/","logo":{"@type":"ImageObject","inLanguage":"pt-BR","@id":"https:\/\/www.pm.pb.gov.br\/portal\/#\/schema\/logo\/image\/","url":"https:\/\/www.pm.pb.gov.br\/portal\/wp-content\/uploads\/2025\/03\/cropped-logo-site-mag2-1.png","contentUrl":"https:\/\/www.pm.pb.gov.br\/portal\/wp-content\/uploads\/2025\/03\/cropped-logo-site-mag2-1.png","width":320,"height":90,"caption":"Pol\u00edcia Militar da Para\u00edba"},"image":{"@id":"https:\/\/www.pm.pb.gov.br\/portal\/#\/schema\/logo\/image\/"}},{"@type":"Person","@id":"https:\/\/www.pm.pb.gov.br\/portal\/#\/schema\/person\/f84f56dcc78ce4357054da888b8247fd","name":"Tarcisio Oliveira","image":{"@type":"ImageObject","inLanguage":"pt-BR","@id":"https:\/\/www.pm.pb.gov.br\/portal\/#\/schema\/person\/image\/","url":"https:\/\/secure.gravatar.com\/avatar\/72917b630b69d31cd0297507f34bac97?s=96&d=mm&r=g","contentUrl":"https:\/\/secure.gravatar.com\/avatar\/72917b630b69d31cd0297507f34bac97?s=96&d=mm&r=g","caption":"Tarcisio Oliveira"},"url":"https:\/\/www.pm.pb.gov.br\/portal\/author\/tarcisio\/"}]}},"_links":{"self":[{"href":"https:\/\/www.pm.pb.gov.br\/portal\/wp-json\/wp\/v2\/posts\/896596"}],"collection":[{"href":"https:\/\/www.pm.pb.gov.br\/portal\/wp-json\/wp\/v2\/posts"}],"about":[{"href":"https:\/\/www.pm.pb.gov.br\/portal\/wp-json\/wp\/v2\/types\/post"}],"author":[{"embeddable":true,"href":"https:\/\/www.pm.pb.gov.br\/portal\/wp-json\/wp\/v2\/users\/12"}],"replies":[{"embeddable":true,"href":"https:\/\/www.pm.pb.gov.br\/portal\/wp-json\/wp\/v2\/comments?post=896596"}],"version-history":[{"count":1,"href":"https:\/\/www.pm.pb.gov.br\/portal\/wp-json\/wp\/v2\/posts\/896596\/revisions"}],"predecessor-version":[{"id":896598,"href":"https:\/\/www.pm.pb.gov.br\/portal\/wp-json\/wp\/v2\/posts\/896596\/revisions\/896598"}],"wp:featuredmedia":[{"embeddable":true,"href":"https:\/\/www.pm.pb.gov.br\/portal\/wp-json\/wp\/v2\/media\/896597"}],"wp:attachment":[{"href":"https:\/\/www.pm.pb.gov.br\/portal\/wp-json\/wp\/v2\/media?parent=896596"}],"wp:term":[{"taxonomy":"category","embeddable":true,"href":"https:\/\/www.pm.pb.gov.br\/portal\/wp-json\/wp\/v2\/categories?post=896596"},{"taxonomy":"post_tag","embeddable":true,"href":"https:\/\/www.pm.pb.gov.br\/portal\/wp-json\/wp\/v2\/tags?post=896596"}],"curies":[{"name":"wp","href":"https:\/\/api.w.org\/{rel}","templated":true}]}}