{"id":896593,"date":"2018-01-04T10:06:36","date_gmt":"2018-01-04T13:06:36","guid":{"rendered":"http:\/\/www.pm.pb.gov.br\/portal\/?p=896593"},"modified":"2018-01-04T10:06:36","modified_gmt":"2018-01-04T13:06:36","slug":"presos-dois-suspeitos-de-trafico-em-santa-rita-e-apreendido-adolescentes-com-drogas","status":"publish","type":"post","link":"https:\/\/www.pm.pb.gov.br\/portal\/2018\/01\/04\/presos-dois-suspeitos-de-trafico-em-santa-rita-e-apreendido-adolescentes-com-drogas\/","title":{"rendered":"Presos dois suspeitos de tr\u00e1fico em Santa Rita e apreendido adolescentes com drogas"},"content":{"rendered":"<p style=\"text-align: justify;\">A Pol\u00edcia Militar prendeu dois suspeitos de tr\u00e1fico e apreendeu dois menores com droga em Santa Rita, nesta quarta-feira (3). Na pris\u00e3o mais recente, que aconteceu no fim da tarde, policiais do 7\u00ba Batalh\u00e3o realizavam rondas nas proximidades da linha do trem em V\u00e1rzea Nova, quando abordaram dois homens em atitude suspeita e encontraram 100 trouxas de maconha e 100 pedras de crack, embalados (foto acima), prontos para comercializa\u00e7\u00e3o.<\/p>\n<p style=\"text-align: justify;\">Mais cedo, dois menores foram apreendidos. Um dos adolescentes, de apenas 14 anos, estava na entrada de Augustol\u00e2ndia quando tentou fugir da abordagem policial. Com ele, a PM encontrou seis trouxas e um papelote de maconha, al\u00e9m de quatro unidades de crack e dinheiro. Outro adolescente, de 17 anos, foi abordado em Marcos Moura e com ele os policiais encontraram 15 trouxas de maconha.<\/p>\n<p style=\"text-align: justify;\">Os suspeitos presos e apreendidos foram encaminhados para a delegacia.<\/p>\n","protected":false},"excerpt":{"rendered":"<p>A Pol\u00edcia Militar prendeu dois suspeitos de tr\u00e1fico e apreendeu dois menores com droga em Santa Rita, nesta quarta-feira (3).<\/p>\n","protected":false},"author":12,"featured_media":896594,"comment_status":"closed","ping_status":"closed","sticky":false,"template":"","format":"standard","meta":{"_exactmetrics_skip_tracking":false,"_exactmetrics_sitenote_active":false,"_exactmetrics_sitenote_note":"","_exactmetrics_sitenote_category":0,"footnotes":""},"categories":[4],"tags":[],"yoast_head":"<!-- This site is optimized with the Yoast SEO plugin v22.0 - https:\/\/yoast.com\/wordpress\/plugins\/seo\/ -->\n<title>Presos dois suspeitos de tr\u00e1fico em Santa Rita e apreendido adolescentes com drogas - Pol\u00edcia Militar da Para\u00edba<\/title>\n<meta name=\"robots\" content=\"index, follow, max-snippet:-1, max-image-preview:large, max-video-preview:-1\" \/>\n<link rel=\"canonical\" href=\"https:\/\/www.pm.pb.gov.br\/portal\/2018\/01\/04\/presos-dois-suspeitos-de-trafico-em-santa-rita-e-apreendido-adolescentes-com-drogas\/\" \/>\n<meta property=\"og:locale\" content=\"pt_BR\" \/>\n<meta property=\"og:type\" content=\"article\" \/>\n<meta property=\"og:title\" content=\"Presos dois suspeitos de tr\u00e1fico em Santa Rita e apreendido adolescentes com drogas - Pol\u00edcia Militar da Para\u00edba\" \/>\n<meta property=\"og:description\" content=\"A Pol\u00edcia Militar prendeu dois suspeitos de tr\u00e1fico e apreendeu dois menores com droga em Santa Rita, nesta quarta-feira (3).\" \/>\n<meta property=\"og:url\" content=\"https:\/\/www.pm.pb.gov.br\/portal\/2018\/01\/04\/presos-dois-suspeitos-de-trafico-em-santa-rita-e-apreendido-adolescentes-com-drogas\/\" \/>\n<meta property=\"og:site_name\" content=\"Pol\u00edcia Militar da Para\u00edba\" \/>\n<meta property=\"article:published_time\" content=\"2018-01-04T13:06:36+00:00\" \/>\n<meta property=\"og:image\" content=\"https:\/\/www.pm.pb.gov.br\/portal\/wp-content\/uploads\/2018\/01\/Drogas-apreendidas-com-maiores.jpg\" \/>\n\t<meta property=\"og:image:width\" content=\"800\" \/>\n\t<meta property=\"og:image:height\" content=\"445\" \/>\n\t<meta property=\"og:image:type\" content=\"image\/jpeg\" \/>\n<meta name=\"author\" content=\"Tarcisio Oliveira\" \/>\n<meta name=\"twitter:card\" content=\"summary_large_image\" \/>\n<meta name=\"twitter:label1\" content=\"Escrito por\" \/>\n\t<meta name=\"twitter:data1\" content=\"Tarcisio Oliveira\" \/>\n\t<meta name=\"twitter:label2\" content=\"Est. tempo de leitura\" \/>\n\t<meta name=\"twitter:data2\" content=\"1 minuto\" \/>\n<script type=\"application\/ld+json\" class=\"yoast-schema-graph\">{\"@context\":\"https:\/\/schema.org\",\"@graph\":[{\"@type\":\"Article\",\"@id\":\"https:\/\/www.pm.pb.gov.br\/portal\/2018\/01\/04\/presos-dois-suspeitos-de-trafico-em-santa-rita-e-apreendido-adolescentes-com-drogas\/#article\",\"isPartOf\":{\"@id\":\"https:\/\/www.pm.pb.gov.br\/portal\/2018\/01\/04\/presos-dois-suspeitos-de-trafico-em-santa-rita-e-apreendido-adolescentes-com-drogas\/\"},\"author\":{\"name\":\"Tarcisio Oliveira\",\"@id\":\"https:\/\/www.pm.pb.gov.br\/portal\/#\/schema\/person\/f84f56dcc78ce4357054da888b8247fd\"},\"headline\":\"Presos dois suspeitos de tr\u00e1fico em Santa Rita e apreendido adolescentes com drogas\",\"datePublished\":\"2018-01-04T13:06:36+00:00\",\"dateModified\":\"2018-01-04T13:06:36+00:00\",\"mainEntityOfPage\":{\"@id\":\"https:\/\/www.pm.pb.gov.br\/portal\/2018\/01\/04\/presos-dois-suspeitos-de-trafico-em-santa-rita-e-apreendido-adolescentes-com-drogas\/\"},\"wordCount\":158,\"publisher\":{\"@id\":\"https:\/\/www.pm.pb.gov.br\/portal\/#organization\"},\"articleSection\":[\"A\u00e7\u00f5es Policiais\"],\"inLanguage\":\"pt-BR\"},{\"@type\":\"WebPage\",\"@id\":\"https:\/\/www.pm.pb.gov.br\/portal\/2018\/01\/04\/presos-dois-suspeitos-de-trafico-em-santa-rita-e-apreendido-adolescentes-com-drogas\/\",\"url\":\"https:\/\/www.pm.pb.gov.br\/portal\/2018\/01\/04\/presos-dois-suspeitos-de-trafico-em-santa-rita-e-apreendido-adolescentes-com-drogas\/\",\"name\":\"Presos dois suspeitos de tr\u00e1fico em Santa Rita e apreendido adolescentes com drogas - Pol\u00edcia Militar da Para\u00edba\",\"isPartOf\":{\"@id\":\"https:\/\/www.pm.pb.gov.br\/portal\/#website\"},\"datePublished\":\"2018-01-04T13:06:36+00:00\",\"dateModified\":\"2018-01-04T13:06:36+00:00\",\"breadcrumb\":{\"@id\":\"https:\/\/www.pm.pb.gov.br\/portal\/2018\/01\/04\/presos-dois-suspeitos-de-trafico-em-santa-rita-e-apreendido-adolescentes-com-drogas\/#breadcrumb\"},\"inLanguage\":\"pt-BR\",\"potentialAction\":[{\"@type\":\"ReadAction\",\"target\":[\"https:\/\/www.pm.pb.gov.br\/portal\/2018\/01\/04\/presos-dois-suspeitos-de-trafico-em-santa-rita-e-apreendido-adolescentes-com-drogas\/\"]}]},{\"@type\":\"BreadcrumbList\",\"@id\":\"https:\/\/www.pm.pb.gov.br\/portal\/2018\/01\/04\/presos-dois-suspeitos-de-trafico-em-santa-rita-e-apreendido-adolescentes-com-drogas\/#breadcrumb\",\"itemListElement\":[{\"@type\":\"ListItem\",\"position\":1,\"name\":\"In\u00edcio\",\"item\":\"https:\/\/www.pm.pb.gov.br\/portal\/\"},{\"@type\":\"ListItem\",\"position\":2,\"name\":\"Presos dois suspeitos de tr\u00e1fico em Santa Rita e apreendido adolescentes com drogas\"}]},{\"@type\":\"WebSite\",\"@id\":\"https:\/\/www.pm.pb.gov.br\/portal\/#website\",\"url\":\"https:\/\/www.pm.pb.gov.br\/portal\/\",\"name\":\"Pol\u00edcia Militar da Para\u00edba\",\"description\":\"\",\"publisher\":{\"@id\":\"https:\/\/www.pm.pb.gov.br\/portal\/#organization\"},\"potentialAction\":[{\"@type\":\"SearchAction\",\"target\":{\"@type\":\"EntryPoint\",\"urlTemplate\":\"https:\/\/www.pm.pb.gov.br\/portal\/?s={search_term_string}\"},\"query-input\":\"required name=search_term_string\"}],\"inLanguage\":\"pt-BR\"},{\"@type\":\"Organization\",\"@id\":\"https:\/\/www.pm.pb.gov.br\/portal\/#organization\",\"name\":\"Pol\u00edcia Militar da Para\u00edba\",\"url\":\"https:\/\/www.pm.pb.gov.br\/portal\/\",\"logo\":{\"@type\":\"ImageObject\",\"inLanguage\":\"pt-BR\",\"@id\":\"https:\/\/www.pm.pb.gov.br\/portal\/#\/schema\/logo\/image\/\",\"url\":\"https:\/\/www.pm.pb.gov.br\/portal\/wp-content\/uploads\/2025\/03\/cropped-logo-site-mag2-1.png\",\"contentUrl\":\"https:\/\/www.pm.pb.gov.br\/portal\/wp-content\/uploads\/2025\/03\/cropped-logo-site-mag2-1.png\",\"width\":320,\"height\":90,\"caption\":\"Pol\u00edcia Militar da Para\u00edba\"},\"image\":{\"@id\":\"https:\/\/www.pm.pb.gov.br\/portal\/#\/schema\/logo\/image\/\"}},{\"@type\":\"Person\",\"@id\":\"https:\/\/www.pm.pb.gov.br\/portal\/#\/schema\/person\/f84f56dcc78ce4357054da888b8247fd\",\"name\":\"Tarcisio Oliveira\",\"image\":{\"@type\":\"ImageObject\",\"inLanguage\":\"pt-BR\",\"@id\":\"https:\/\/www.pm.pb.gov.br\/portal\/#\/schema\/person\/image\/\",\"url\":\"https:\/\/secure.gravatar.com\/avatar\/72917b630b69d31cd0297507f34bac97?s=96&d=mm&r=g\",\"contentUrl\":\"https:\/\/secure.gravatar.com\/avatar\/72917b630b69d31cd0297507f34bac97?s=96&d=mm&r=g\",\"caption\":\"Tarcisio Oliveira\"},\"url\":\"https:\/\/www.pm.pb.gov.br\/portal\/author\/tarcisio\/\"}]}<\/script>\n<!-- \/ Yoast SEO plugin. -->","yoast_head_json":{"title":"Presos dois suspeitos de tr\u00e1fico em Santa Rita e apreendido adolescentes com drogas - Pol\u00edcia Militar da Para\u00edba","robots":{"index":"index","follow":"follow","max-snippet":"max-snippet:-1","max-image-preview":"max-image-preview:large","max-video-preview":"max-video-preview:-1"},"canonical":"https:\/\/www.pm.pb.gov.br\/portal\/2018\/01\/04\/presos-dois-suspeitos-de-trafico-em-santa-rita-e-apreendido-adolescentes-com-drogas\/","og_locale":"pt_BR","og_type":"article","og_title":"Presos dois suspeitos de tr\u00e1fico em Santa Rita e apreendido adolescentes com drogas - Pol\u00edcia Militar da Para\u00edba","og_description":"A Pol\u00edcia Militar prendeu dois suspeitos de tr\u00e1fico e apreendeu dois menores com droga em Santa Rita, nesta quarta-feira (3).","og_url":"https:\/\/www.pm.pb.gov.br\/portal\/2018\/01\/04\/presos-dois-suspeitos-de-trafico-em-santa-rita-e-apreendido-adolescentes-com-drogas\/","og_site_name":"Pol\u00edcia Militar da Para\u00edba","article_published_time":"2018-01-04T13:06:36+00:00","og_image":[{"width":800,"height":445,"url":"https:\/\/www.pm.pb.gov.br\/portal\/wp-content\/uploads\/2018\/01\/Drogas-apreendidas-com-maiores.jpg","type":"image\/jpeg"}],"author":"Tarcisio Oliveira","twitter_card":"summary_large_image","twitter_misc":{"Escrito por":"Tarcisio Oliveira","Est. tempo de leitura":"1 minuto"},"schema":{"@context":"https:\/\/schema.org","@graph":[{"@type":"Article","@id":"https:\/\/www.pm.pb.gov.br\/portal\/2018\/01\/04\/presos-dois-suspeitos-de-trafico-em-santa-rita-e-apreendido-adolescentes-com-drogas\/#article","isPartOf":{"@id":"https:\/\/www.pm.pb.gov.br\/portal\/2018\/01\/04\/presos-dois-suspeitos-de-trafico-em-santa-rita-e-apreendido-adolescentes-com-drogas\/"},"author":{"name":"Tarcisio Oliveira","@id":"https:\/\/www.pm.pb.gov.br\/portal\/#\/schema\/person\/f84f56dcc78ce4357054da888b8247fd"},"headline":"Presos dois suspeitos de tr\u00e1fico em Santa Rita e apreendido adolescentes com drogas","datePublished":"2018-01-04T13:06:36+00:00","dateModified":"2018-01-04T13:06:36+00:00","mainEntityOfPage":{"@id":"https:\/\/www.pm.pb.gov.br\/portal\/2018\/01\/04\/presos-dois-suspeitos-de-trafico-em-santa-rita-e-apreendido-adolescentes-com-drogas\/"},"wordCount":158,"publisher":{"@id":"https:\/\/www.pm.pb.gov.br\/portal\/#organization"},"articleSection":["A\u00e7\u00f5es Policiais"],"inLanguage":"pt-BR"},{"@type":"WebPage","@id":"https:\/\/www.pm.pb.gov.br\/portal\/2018\/01\/04\/presos-dois-suspeitos-de-trafico-em-santa-rita-e-apreendido-adolescentes-com-drogas\/","url":"https:\/\/www.pm.pb.gov.br\/portal\/2018\/01\/04\/presos-dois-suspeitos-de-trafico-em-santa-rita-e-apreendido-adolescentes-com-drogas\/","name":"Presos dois suspeitos de tr\u00e1fico em Santa Rita e apreendido adolescentes com drogas - Pol\u00edcia Militar da Para\u00edba","isPartOf":{"@id":"https:\/\/www.pm.pb.gov.br\/portal\/#website"},"datePublished":"2018-01-04T13:06:36+00:00","dateModified":"2018-01-04T13:06:36+00:00","breadcrumb":{"@id":"https:\/\/www.pm.pb.gov.br\/portal\/2018\/01\/04\/presos-dois-suspeitos-de-trafico-em-santa-rita-e-apreendido-adolescentes-com-drogas\/#breadcrumb"},"inLanguage":"pt-BR","potentialAction":[{"@type":"ReadAction","target":["https:\/\/www.pm.pb.gov.br\/portal\/2018\/01\/04\/presos-dois-suspeitos-de-trafico-em-santa-rita-e-apreendido-adolescentes-com-drogas\/"]}]},{"@type":"BreadcrumbList","@id":"https:\/\/www.pm.pb.gov.br\/portal\/2018\/01\/04\/presos-dois-suspeitos-de-trafico-em-santa-rita-e-apreendido-adolescentes-com-drogas\/#breadcrumb","itemListElement":[{"@type":"ListItem","position":1,"name":"In\u00edcio","item":"https:\/\/www.pm.pb.gov.br\/portal\/"},{"@type":"ListItem","position":2,"name":"Presos dois suspeitos de tr\u00e1fico em Santa Rita e apreendido adolescentes com drogas"}]},{"@type":"WebSite","@id":"https:\/\/www.pm.pb.gov.br\/portal\/#website","url":"https:\/\/www.pm.pb.gov.br\/portal\/","name":"Pol\u00edcia Militar da Para\u00edba","description":"","publisher":{"@id":"https:\/\/www.pm.pb.gov.br\/portal\/#organization"},"potentialAction":[{"@type":"SearchAction","target":{"@type":"EntryPoint","urlTemplate":"https:\/\/www.pm.pb.gov.br\/portal\/?s={search_term_string}"},"query-input":"required name=search_term_string"}],"inLanguage":"pt-BR"},{"@type":"Organization","@id":"https:\/\/www.pm.pb.gov.br\/portal\/#organization","name":"Pol\u00edcia Militar da Para\u00edba","url":"https:\/\/www.pm.pb.gov.br\/portal\/","logo":{"@type":"ImageObject","inLanguage":"pt-BR","@id":"https:\/\/www.pm.pb.gov.br\/portal\/#\/schema\/logo\/image\/","url":"https:\/\/www.pm.pb.gov.br\/portal\/wp-content\/uploads\/2025\/03\/cropped-logo-site-mag2-1.png","contentUrl":"https:\/\/www.pm.pb.gov.br\/portal\/wp-content\/uploads\/2025\/03\/cropped-logo-site-mag2-1.png","width":320,"height":90,"caption":"Pol\u00edcia Militar da Para\u00edba"},"image":{"@id":"https:\/\/www.pm.pb.gov.br\/portal\/#\/schema\/logo\/image\/"}},{"@type":"Person","@id":"https:\/\/www.pm.pb.gov.br\/portal\/#\/schema\/person\/f84f56dcc78ce4357054da888b8247fd","name":"Tarcisio Oliveira","image":{"@type":"ImageObject","inLanguage":"pt-BR","@id":"https:\/\/www.pm.pb.gov.br\/portal\/#\/schema\/person\/image\/","url":"https:\/\/secure.gravatar.com\/avatar\/72917b630b69d31cd0297507f34bac97?s=96&d=mm&r=g","contentUrl":"https:\/\/secure.gravatar.com\/avatar\/72917b630b69d31cd0297507f34bac97?s=96&d=mm&r=g","caption":"Tarcisio Oliveira"},"url":"https:\/\/www.pm.pb.gov.br\/portal\/author\/tarcisio\/"}]}},"_links":{"self":[{"href":"https:\/\/www.pm.pb.gov.br\/portal\/wp-json\/wp\/v2\/posts\/896593"}],"collection":[{"href":"https:\/\/www.pm.pb.gov.br\/portal\/wp-json\/wp\/v2\/posts"}],"about":[{"href":"https:\/\/www.pm.pb.gov.br\/portal\/wp-json\/wp\/v2\/types\/post"}],"author":[{"embeddable":true,"href":"https:\/\/www.pm.pb.gov.br\/portal\/wp-json\/wp\/v2\/users\/12"}],"replies":[{"embeddable":true,"href":"https:\/\/www.pm.pb.gov.br\/portal\/wp-json\/wp\/v2\/comments?post=896593"}],"version-history":[{"count":1,"href":"https:\/\/www.pm.pb.gov.br\/portal\/wp-json\/wp\/v2\/posts\/896593\/revisions"}],"predecessor-version":[{"id":896595,"href":"https:\/\/www.pm.pb.gov.br\/portal\/wp-json\/wp\/v2\/posts\/896593\/revisions\/896595"}],"wp:featuredmedia":[{"embeddable":true,"href":"https:\/\/www.pm.pb.gov.br\/portal\/wp-json\/wp\/v2\/media\/896594"}],"wp:attachment":[{"href":"https:\/\/www.pm.pb.gov.br\/portal\/wp-json\/wp\/v2\/media?parent=896593"}],"wp:term":[{"taxonomy":"category","embeddable":true,"href":"https:\/\/www.pm.pb.gov.br\/portal\/wp-json\/wp\/v2\/categories?post=896593"},{"taxonomy":"post_tag","embeddable":true,"href":"https:\/\/www.pm.pb.gov.br\/portal\/wp-json\/wp\/v2\/tags?post=896593"}],"curies":[{"name":"wp","href":"https:\/\/api.w.org\/{rel}","templated":true}]}}