{"id":896576,"date":"2018-01-02T09:49:22","date_gmt":"2018-01-02T12:49:22","guid":{"rendered":"http:\/\/www.pm.pb.gov.br\/portal\/?p=896576"},"modified":"2018-01-02T09:49:22","modified_gmt":"2018-01-02T12:49:22","slug":"primeira-operacao-do-ano-apreende-tres-armas-de-fogo-e-mais-de-10-kg-de-drogas-na-zona-sul-da-capital","status":"publish","type":"post","link":"https:\/\/www.pm.pb.gov.br\/portal\/2018\/01\/02\/primeira-operacao-do-ano-apreende-tres-armas-de-fogo-e-mais-de-10-kg-de-drogas-na-zona-sul-da-capital\/","title":{"rendered":"Primeira opera\u00e7\u00e3o do ano apreende tr\u00eas armas de fogo e mais de 10 kg de drogas na Zona Sul da capital"},"content":{"rendered":"<p style=\"text-align: justify;\">A Pol\u00edcia Militar apreendeu mais de nove quilos de maconha, 700 gramas de crack, 400 gramas de coca\u00edna, dois rev\u00f3lveres calibre 38, uma pistola calibre 380, muni\u00e7\u00f5es, balan\u00e7as de precis\u00e3o e dinheiro trocado, na noite dessa segunda-feira (1\u00ba), durante as atividades da opera\u00e7\u00e3o Satura\u00e7\u00e3o, no bairro de Mangabeira, na Zona Sul da Capital. Nessa primeira opera\u00e7\u00e3o do ano, realizada pela For\u00e7a Regional, foram presos dois homens em flagrante.<\/p>\n<p style=\"text-align: justify;\">Eles estavam na frente de uma casa que era utilizada como ponto de venda de drogas, segundo den\u00fancias recebidas pela PM. Ao serem surpreendidos pela presen\u00e7a dos policiais militares, os suspeitos tentaram fugir correndo, mas um deles, de 22 anos, foi abordado ainda no local e revelou que estava guardando na resid\u00eancia dois rev\u00f3lveres e toda a droga. O comparsa dele, tamb\u00e9m de 22 anos, foi pego na rua de tr\u00e1s e durante abordagem foi flagrado com a pistola.<\/p>\n<p style=\"text-align: justify;\">Os presos e todo o material apreendido na primeira opera\u00e7\u00e3o da Pol\u00edcia Militar em 2018 foram levados para a Central de Flagrantes, no Geisel.<\/p>\n","protected":false},"excerpt":{"rendered":"<p>A Pol\u00edcia Militar apreendeu mais de nove quilos de maconha, 700 gramas de crack, 400 gramas de coca\u00edna, dois rev\u00f3lveres<\/p>\n","protected":false},"author":15,"featured_media":896577,"comment_status":"closed","ping_status":"closed","sticky":false,"template":"","format":"standard","meta":{"_exactmetrics_skip_tracking":false,"_exactmetrics_sitenote_active":false,"_exactmetrics_sitenote_note":"","_exactmetrics_sitenote_category":0,"footnotes":""},"categories":[4],"tags":[],"yoast_head":"<!-- This site is optimized with the Yoast SEO plugin v22.0 - https:\/\/yoast.com\/wordpress\/plugins\/seo\/ -->\n<title>Primeira opera\u00e7\u00e3o do ano apreende tr\u00eas armas de fogo e mais de 10 kg de drogas na Zona Sul da capital - Pol\u00edcia Militar da Para\u00edba<\/title>\n<meta name=\"robots\" content=\"index, follow, max-snippet:-1, max-image-preview:large, max-video-preview:-1\" \/>\n<link rel=\"canonical\" href=\"https:\/\/www.pm.pb.gov.br\/portal\/2018\/01\/02\/primeira-operacao-do-ano-apreende-tres-armas-de-fogo-e-mais-de-10-kg-de-drogas-na-zona-sul-da-capital\/\" \/>\n<meta property=\"og:locale\" content=\"pt_BR\" \/>\n<meta property=\"og:type\" content=\"article\" \/>\n<meta property=\"og:title\" content=\"Primeira opera\u00e7\u00e3o do ano apreende tr\u00eas armas de fogo e mais de 10 kg de drogas na Zona Sul da capital - Pol\u00edcia Militar da Para\u00edba\" \/>\n<meta property=\"og:description\" content=\"A Pol\u00edcia Militar apreendeu mais de nove quilos de maconha, 700 gramas de crack, 400 gramas de coca\u00edna, dois rev\u00f3lveres\" \/>\n<meta property=\"og:url\" content=\"https:\/\/www.pm.pb.gov.br\/portal\/2018\/01\/02\/primeira-operacao-do-ano-apreende-tres-armas-de-fogo-e-mais-de-10-kg-de-drogas-na-zona-sul-da-capital\/\" \/>\n<meta property=\"og:site_name\" content=\"Pol\u00edcia Militar da Para\u00edba\" \/>\n<meta property=\"article:published_time\" content=\"2018-01-02T12:49:22+00:00\" \/>\n<meta property=\"og:image\" content=\"https:\/\/www.pm.pb.gov.br\/portal\/wp-content\/uploads\/2018\/01\/01-01-2018.jpg\" \/>\n\t<meta property=\"og:image:width\" content=\"1040\" \/>\n\t<meta property=\"og:image:height\" content=\"520\" \/>\n\t<meta property=\"og:image:type\" content=\"image\/jpeg\" \/>\n<meta name=\"author\" content=\"Marcio Gomes dos Santos\" \/>\n<meta name=\"twitter:card\" content=\"summary_large_image\" \/>\n<meta name=\"twitter:label1\" content=\"Escrito por\" \/>\n\t<meta name=\"twitter:data1\" content=\"Marcio Gomes dos Santos\" \/>\n\t<meta name=\"twitter:label2\" content=\"Est. tempo de leitura\" \/>\n\t<meta name=\"twitter:data2\" content=\"1 minuto\" \/>\n<script type=\"application\/ld+json\" class=\"yoast-schema-graph\">{\"@context\":\"https:\/\/schema.org\",\"@graph\":[{\"@type\":\"Article\",\"@id\":\"https:\/\/www.pm.pb.gov.br\/portal\/2018\/01\/02\/primeira-operacao-do-ano-apreende-tres-armas-de-fogo-e-mais-de-10-kg-de-drogas-na-zona-sul-da-capital\/#article\",\"isPartOf\":{\"@id\":\"https:\/\/www.pm.pb.gov.br\/portal\/2018\/01\/02\/primeira-operacao-do-ano-apreende-tres-armas-de-fogo-e-mais-de-10-kg-de-drogas-na-zona-sul-da-capital\/\"},\"author\":{\"name\":\"Marcio Gomes dos Santos\",\"@id\":\"https:\/\/www.pm.pb.gov.br\/portal\/#\/schema\/person\/30d571652b38533c2211e4e89bf5a502\"},\"headline\":\"Primeira opera\u00e7\u00e3o do ano apreende tr\u00eas armas de fogo e mais de 10 kg de drogas na Zona Sul da capital\",\"datePublished\":\"2018-01-02T12:49:22+00:00\",\"dateModified\":\"2018-01-02T12:49:22+00:00\",\"mainEntityOfPage\":{\"@id\":\"https:\/\/www.pm.pb.gov.br\/portal\/2018\/01\/02\/primeira-operacao-do-ano-apreende-tres-armas-de-fogo-e-mais-de-10-kg-de-drogas-na-zona-sul-da-capital\/\"},\"wordCount\":203,\"publisher\":{\"@id\":\"https:\/\/www.pm.pb.gov.br\/portal\/#organization\"},\"articleSection\":[\"A\u00e7\u00f5es Policiais\"],\"inLanguage\":\"pt-BR\"},{\"@type\":\"WebPage\",\"@id\":\"https:\/\/www.pm.pb.gov.br\/portal\/2018\/01\/02\/primeira-operacao-do-ano-apreende-tres-armas-de-fogo-e-mais-de-10-kg-de-drogas-na-zona-sul-da-capital\/\",\"url\":\"https:\/\/www.pm.pb.gov.br\/portal\/2018\/01\/02\/primeira-operacao-do-ano-apreende-tres-armas-de-fogo-e-mais-de-10-kg-de-drogas-na-zona-sul-da-capital\/\",\"name\":\"Primeira opera\u00e7\u00e3o do ano apreende tr\u00eas armas de fogo e mais de 10 kg de drogas na Zona Sul da capital - Pol\u00edcia Militar da Para\u00edba\",\"isPartOf\":{\"@id\":\"https:\/\/www.pm.pb.gov.br\/portal\/#website\"},\"datePublished\":\"2018-01-02T12:49:22+00:00\",\"dateModified\":\"2018-01-02T12:49:22+00:00\",\"breadcrumb\":{\"@id\":\"https:\/\/www.pm.pb.gov.br\/portal\/2018\/01\/02\/primeira-operacao-do-ano-apreende-tres-armas-de-fogo-e-mais-de-10-kg-de-drogas-na-zona-sul-da-capital\/#breadcrumb\"},\"inLanguage\":\"pt-BR\",\"potentialAction\":[{\"@type\":\"ReadAction\",\"target\":[\"https:\/\/www.pm.pb.gov.br\/portal\/2018\/01\/02\/primeira-operacao-do-ano-apreende-tres-armas-de-fogo-e-mais-de-10-kg-de-drogas-na-zona-sul-da-capital\/\"]}]},{\"@type\":\"BreadcrumbList\",\"@id\":\"https:\/\/www.pm.pb.gov.br\/portal\/2018\/01\/02\/primeira-operacao-do-ano-apreende-tres-armas-de-fogo-e-mais-de-10-kg-de-drogas-na-zona-sul-da-capital\/#breadcrumb\",\"itemListElement\":[{\"@type\":\"ListItem\",\"position\":1,\"name\":\"In\u00edcio\",\"item\":\"https:\/\/www.pm.pb.gov.br\/portal\/\"},{\"@type\":\"ListItem\",\"position\":2,\"name\":\"Primeira opera\u00e7\u00e3o do ano apreende tr\u00eas armas de fogo e mais de 10 kg de drogas na Zona Sul da capital\"}]},{\"@type\":\"WebSite\",\"@id\":\"https:\/\/www.pm.pb.gov.br\/portal\/#website\",\"url\":\"https:\/\/www.pm.pb.gov.br\/portal\/\",\"name\":\"Pol\u00edcia Militar da Para\u00edba\",\"description\":\"\",\"publisher\":{\"@id\":\"https:\/\/www.pm.pb.gov.br\/portal\/#organization\"},\"potentialAction\":[{\"@type\":\"SearchAction\",\"target\":{\"@type\":\"EntryPoint\",\"urlTemplate\":\"https:\/\/www.pm.pb.gov.br\/portal\/?s={search_term_string}\"},\"query-input\":\"required name=search_term_string\"}],\"inLanguage\":\"pt-BR\"},{\"@type\":\"Organization\",\"@id\":\"https:\/\/www.pm.pb.gov.br\/portal\/#organization\",\"name\":\"Pol\u00edcia Militar da Para\u00edba\",\"url\":\"https:\/\/www.pm.pb.gov.br\/portal\/\",\"logo\":{\"@type\":\"ImageObject\",\"inLanguage\":\"pt-BR\",\"@id\":\"https:\/\/www.pm.pb.gov.br\/portal\/#\/schema\/logo\/image\/\",\"url\":\"https:\/\/www.pm.pb.gov.br\/portal\/wp-content\/uploads\/2025\/03\/cropped-logo-site-mag2-1.png\",\"contentUrl\":\"https:\/\/www.pm.pb.gov.br\/portal\/wp-content\/uploads\/2025\/03\/cropped-logo-site-mag2-1.png\",\"width\":320,\"height\":90,\"caption\":\"Pol\u00edcia Militar da Para\u00edba\"},\"image\":{\"@id\":\"https:\/\/www.pm.pb.gov.br\/portal\/#\/schema\/logo\/image\/\"}},{\"@type\":\"Person\",\"@id\":\"https:\/\/www.pm.pb.gov.br\/portal\/#\/schema\/person\/30d571652b38533c2211e4e89bf5a502\",\"name\":\"Marcio Gomes dos Santos\",\"image\":{\"@type\":\"ImageObject\",\"inLanguage\":\"pt-BR\",\"@id\":\"https:\/\/www.pm.pb.gov.br\/portal\/#\/schema\/person\/image\/\",\"url\":\"https:\/\/secure.gravatar.com\/avatar\/cf4ec2cb690101e1581c7773aa350c19?s=96&d=mm&r=g\",\"contentUrl\":\"https:\/\/secure.gravatar.com\/avatar\/cf4ec2cb690101e1581c7773aa350c19?s=96&d=mm&r=g\",\"caption\":\"Marcio Gomes dos Santos\"},\"url\":\"https:\/\/www.pm.pb.gov.br\/portal\/author\/mgomes\/\"}]}<\/script>\n<!-- \/ Yoast SEO plugin. -->","yoast_head_json":{"title":"Primeira opera\u00e7\u00e3o do ano apreende tr\u00eas armas de fogo e mais de 10 kg de drogas na Zona Sul da capital - Pol\u00edcia Militar da Para\u00edba","robots":{"index":"index","follow":"follow","max-snippet":"max-snippet:-1","max-image-preview":"max-image-preview:large","max-video-preview":"max-video-preview:-1"},"canonical":"https:\/\/www.pm.pb.gov.br\/portal\/2018\/01\/02\/primeira-operacao-do-ano-apreende-tres-armas-de-fogo-e-mais-de-10-kg-de-drogas-na-zona-sul-da-capital\/","og_locale":"pt_BR","og_type":"article","og_title":"Primeira opera\u00e7\u00e3o do ano apreende tr\u00eas armas de fogo e mais de 10 kg de drogas na Zona Sul da capital - Pol\u00edcia Militar da Para\u00edba","og_description":"A Pol\u00edcia Militar apreendeu mais de nove quilos de maconha, 700 gramas de crack, 400 gramas de coca\u00edna, dois rev\u00f3lveres","og_url":"https:\/\/www.pm.pb.gov.br\/portal\/2018\/01\/02\/primeira-operacao-do-ano-apreende-tres-armas-de-fogo-e-mais-de-10-kg-de-drogas-na-zona-sul-da-capital\/","og_site_name":"Pol\u00edcia Militar da Para\u00edba","article_published_time":"2018-01-02T12:49:22+00:00","og_image":[{"width":1040,"height":520,"url":"https:\/\/www.pm.pb.gov.br\/portal\/wp-content\/uploads\/2018\/01\/01-01-2018.jpg","type":"image\/jpeg"}],"author":"Marcio Gomes dos Santos","twitter_card":"summary_large_image","twitter_misc":{"Escrito por":"Marcio Gomes dos Santos","Est. tempo de leitura":"1 minuto"},"schema":{"@context":"https:\/\/schema.org","@graph":[{"@type":"Article","@id":"https:\/\/www.pm.pb.gov.br\/portal\/2018\/01\/02\/primeira-operacao-do-ano-apreende-tres-armas-de-fogo-e-mais-de-10-kg-de-drogas-na-zona-sul-da-capital\/#article","isPartOf":{"@id":"https:\/\/www.pm.pb.gov.br\/portal\/2018\/01\/02\/primeira-operacao-do-ano-apreende-tres-armas-de-fogo-e-mais-de-10-kg-de-drogas-na-zona-sul-da-capital\/"},"author":{"name":"Marcio Gomes dos Santos","@id":"https:\/\/www.pm.pb.gov.br\/portal\/#\/schema\/person\/30d571652b38533c2211e4e89bf5a502"},"headline":"Primeira opera\u00e7\u00e3o do ano apreende tr\u00eas armas de fogo e mais de 10 kg de drogas na Zona Sul da capital","datePublished":"2018-01-02T12:49:22+00:00","dateModified":"2018-01-02T12:49:22+00:00","mainEntityOfPage":{"@id":"https:\/\/www.pm.pb.gov.br\/portal\/2018\/01\/02\/primeira-operacao-do-ano-apreende-tres-armas-de-fogo-e-mais-de-10-kg-de-drogas-na-zona-sul-da-capital\/"},"wordCount":203,"publisher":{"@id":"https:\/\/www.pm.pb.gov.br\/portal\/#organization"},"articleSection":["A\u00e7\u00f5es Policiais"],"inLanguage":"pt-BR"},{"@type":"WebPage","@id":"https:\/\/www.pm.pb.gov.br\/portal\/2018\/01\/02\/primeira-operacao-do-ano-apreende-tres-armas-de-fogo-e-mais-de-10-kg-de-drogas-na-zona-sul-da-capital\/","url":"https:\/\/www.pm.pb.gov.br\/portal\/2018\/01\/02\/primeira-operacao-do-ano-apreende-tres-armas-de-fogo-e-mais-de-10-kg-de-drogas-na-zona-sul-da-capital\/","name":"Primeira opera\u00e7\u00e3o do ano apreende tr\u00eas armas de fogo e mais de 10 kg de drogas na Zona Sul da capital - Pol\u00edcia Militar da Para\u00edba","isPartOf":{"@id":"https:\/\/www.pm.pb.gov.br\/portal\/#website"},"datePublished":"2018-01-02T12:49:22+00:00","dateModified":"2018-01-02T12:49:22+00:00","breadcrumb":{"@id":"https:\/\/www.pm.pb.gov.br\/portal\/2018\/01\/02\/primeira-operacao-do-ano-apreende-tres-armas-de-fogo-e-mais-de-10-kg-de-drogas-na-zona-sul-da-capital\/#breadcrumb"},"inLanguage":"pt-BR","potentialAction":[{"@type":"ReadAction","target":["https:\/\/www.pm.pb.gov.br\/portal\/2018\/01\/02\/primeira-operacao-do-ano-apreende-tres-armas-de-fogo-e-mais-de-10-kg-de-drogas-na-zona-sul-da-capital\/"]}]},{"@type":"BreadcrumbList","@id":"https:\/\/www.pm.pb.gov.br\/portal\/2018\/01\/02\/primeira-operacao-do-ano-apreende-tres-armas-de-fogo-e-mais-de-10-kg-de-drogas-na-zona-sul-da-capital\/#breadcrumb","itemListElement":[{"@type":"ListItem","position":1,"name":"In\u00edcio","item":"https:\/\/www.pm.pb.gov.br\/portal\/"},{"@type":"ListItem","position":2,"name":"Primeira opera\u00e7\u00e3o do ano apreende tr\u00eas armas de fogo e mais de 10 kg de drogas na Zona Sul da capital"}]},{"@type":"WebSite","@id":"https:\/\/www.pm.pb.gov.br\/portal\/#website","url":"https:\/\/www.pm.pb.gov.br\/portal\/","name":"Pol\u00edcia Militar da Para\u00edba","description":"","publisher":{"@id":"https:\/\/www.pm.pb.gov.br\/portal\/#organization"},"potentialAction":[{"@type":"SearchAction","target":{"@type":"EntryPoint","urlTemplate":"https:\/\/www.pm.pb.gov.br\/portal\/?s={search_term_string}"},"query-input":"required name=search_term_string"}],"inLanguage":"pt-BR"},{"@type":"Organization","@id":"https:\/\/www.pm.pb.gov.br\/portal\/#organization","name":"Pol\u00edcia Militar da Para\u00edba","url":"https:\/\/www.pm.pb.gov.br\/portal\/","logo":{"@type":"ImageObject","inLanguage":"pt-BR","@id":"https:\/\/www.pm.pb.gov.br\/portal\/#\/schema\/logo\/image\/","url":"https:\/\/www.pm.pb.gov.br\/portal\/wp-content\/uploads\/2025\/03\/cropped-logo-site-mag2-1.png","contentUrl":"https:\/\/www.pm.pb.gov.br\/portal\/wp-content\/uploads\/2025\/03\/cropped-logo-site-mag2-1.png","width":320,"height":90,"caption":"Pol\u00edcia Militar da Para\u00edba"},"image":{"@id":"https:\/\/www.pm.pb.gov.br\/portal\/#\/schema\/logo\/image\/"}},{"@type":"Person","@id":"https:\/\/www.pm.pb.gov.br\/portal\/#\/schema\/person\/30d571652b38533c2211e4e89bf5a502","name":"Marcio Gomes dos Santos","image":{"@type":"ImageObject","inLanguage":"pt-BR","@id":"https:\/\/www.pm.pb.gov.br\/portal\/#\/schema\/person\/image\/","url":"https:\/\/secure.gravatar.com\/avatar\/cf4ec2cb690101e1581c7773aa350c19?s=96&d=mm&r=g","contentUrl":"https:\/\/secure.gravatar.com\/avatar\/cf4ec2cb690101e1581c7773aa350c19?s=96&d=mm&r=g","caption":"Marcio Gomes dos Santos"},"url":"https:\/\/www.pm.pb.gov.br\/portal\/author\/mgomes\/"}]}},"_links":{"self":[{"href":"https:\/\/www.pm.pb.gov.br\/portal\/wp-json\/wp\/v2\/posts\/896576"}],"collection":[{"href":"https:\/\/www.pm.pb.gov.br\/portal\/wp-json\/wp\/v2\/posts"}],"about":[{"href":"https:\/\/www.pm.pb.gov.br\/portal\/wp-json\/wp\/v2\/types\/post"}],"author":[{"embeddable":true,"href":"https:\/\/www.pm.pb.gov.br\/portal\/wp-json\/wp\/v2\/users\/15"}],"replies":[{"embeddable":true,"href":"https:\/\/www.pm.pb.gov.br\/portal\/wp-json\/wp\/v2\/comments?post=896576"}],"version-history":[{"count":1,"href":"https:\/\/www.pm.pb.gov.br\/portal\/wp-json\/wp\/v2\/posts\/896576\/revisions"}],"predecessor-version":[{"id":896578,"href":"https:\/\/www.pm.pb.gov.br\/portal\/wp-json\/wp\/v2\/posts\/896576\/revisions\/896578"}],"wp:featuredmedia":[{"embeddable":true,"href":"https:\/\/www.pm.pb.gov.br\/portal\/wp-json\/wp\/v2\/media\/896577"}],"wp:attachment":[{"href":"https:\/\/www.pm.pb.gov.br\/portal\/wp-json\/wp\/v2\/media?parent=896576"}],"wp:term":[{"taxonomy":"category","embeddable":true,"href":"https:\/\/www.pm.pb.gov.br\/portal\/wp-json\/wp\/v2\/categories?post=896576"},{"taxonomy":"post_tag","embeddable":true,"href":"https:\/\/www.pm.pb.gov.br\/portal\/wp-json\/wp\/v2\/tags?post=896576"}],"curies":[{"name":"wp","href":"https:\/\/api.w.org\/{rel}","templated":true}]}}