{"id":896543,"date":"2017-12-30T12:20:17","date_gmt":"2017-12-30T15:20:17","guid":{"rendered":"http:\/\/www.pm.pb.gov.br\/portal\/?p=896543"},"modified":"2017-12-30T12:20:17","modified_gmt":"2017-12-30T15:20:17","slug":"itapororoca-ganha-unidade-de-policia-ostensiva-para-reforcar-as-acoes-no-vale-do-mamanguape","status":"publish","type":"post","link":"https:\/\/www.pm.pb.gov.br\/portal\/2017\/12\/30\/itapororoca-ganha-unidade-de-policia-ostensiva-para-reforcar-as-acoes-no-vale-do-mamanguape\/","title":{"rendered":"Itapororoca ganha Unidade de Pol\u00edcia Ostensiva para refor\u00e7ar as a\u00e7\u00f5es no Vale do Mamanguape"},"content":{"rendered":"<p style=\"text-align: justify;\">O secret\u00e1rio de Estado da Seguran\u00e7a e Defesa Social, Cl\u00e1udio Lima, e o comandante geral da Pol\u00edcia Militar, coronel Euller Chaves, inauguraram oficialmente a Unidade de Pol\u00edcia Ostensiva (UPO) da cidade de Itapororoca, nessa sexta-feira (29), como parte das comemora\u00e7\u00f5es do anivers\u00e1rio do munic\u00edpio. A unidade passa a funcionar de forma integrada entre a For\u00e7a T\u00e1tica da 2\u00aa Companhia Independente e Guarda Municipal.<\/p>\n<p style=\"text-align: justify;\">O evento contou com a presen\u00e7a da prefeita da cidade, Elissandra Brito, do deputado estadual Ricardo Barbosa e do deputado federal Efraim Filho, al\u00e9m de vereadores de Itapororoca, lideran\u00e7as comunit\u00e1rias e comerciantes, reunindo todos os atores envolvidos na concretiza\u00e7\u00e3o do projeto que colocou em pr\u00e1tica o novo equipamento de seguran\u00e7a, que fica localizado em um ponto estrat\u00e9gico da regi\u00e3o do Vale do Mamanguape.<\/p>\n<p style=\"text-align: justify;\">Um dos momentos mais marcantes da solenidade de inaugura\u00e7\u00e3o foi a homenagem feita pelo comandante geral da Pol\u00edcia Militar, coronel Euller Chaves, ao pedreiro Andr\u00e9 F\u00e9lix, que dedicou seus momentos de folga para ajudar na reforma do pr\u00e9dio. \u201cPessoas como seu Andr\u00e9 simbolizam a parceria e proximidade dos \u00f3rg\u00e3os de seguran\u00e7a com a comunidade. E esta obra, constru\u00edda tamb\u00e9m pelas m\u00e3os de seu Andr\u00e9, simboliza um dos pilares do Programa Para\u00edba Unidade pela Paz, que \u00e9 a integra\u00e7\u00e3o. Juntos com a guarda municipal, nossos policiais passar\u00e3o a otimizar o trabalho que j\u00e1 vem sendo feito em busca da paz e tranquilidade para a popula\u00e7\u00e3o da regi\u00e3o\u201d, destacou.<\/p>\n<figure id=\"attachment_896545\" aria-describedby=\"caption-attachment-896545\" style=\"width: 667px\" class=\"wp-caption aligncenter\"><img loading=\"lazy\" decoding=\"async\" class=\"wp-image-896545 size-medium\" src=\"http:\/\/www.pm.pb.gov.br\/portal\/wp-content\/uploads\/2017\/12\/itapororoca5-667x445.jpg\" alt=\"\" width=\"667\" height=\"445\" srcset=\"https:\/\/www.pm.pb.gov.br\/portal\/wp-content\/uploads\/2017\/12\/itapororoca5-667x445.jpg 667w, https:\/\/www.pm.pb.gov.br\/portal\/wp-content\/uploads\/2017\/12\/itapororoca5-768x512.jpg 768w, https:\/\/www.pm.pb.gov.br\/portal\/wp-content\/uploads\/2017\/12\/itapororoca5-855x570.jpg 855w, https:\/\/www.pm.pb.gov.br\/portal\/wp-content\/uploads\/2017\/12\/itapororoca5-272x182.jpg 272w, https:\/\/www.pm.pb.gov.br\/portal\/wp-content\/uploads\/2017\/12\/itapororoca5.jpg 1024w\" sizes=\"(max-width: 667px) 100vw, 667px\" \/><figcaption id=\"caption-attachment-896545\" class=\"wp-caption-text\"><span style=\"font-size: 10pt;\">Unidade funciona de forma integrada entre a 2\u00aa Companhia Independente e a Guarda Municipal<\/span><\/figcaption><\/figure>\n<p style=\"text-align: justify;\">A prefeita Elissandra Brito, por sua vez, ressaltou a import\u00e2ncia da chegada da Unidade de Pol\u00edcia ostensiva para a popula\u00e7\u00e3o. \u201cItapororoca est\u00e1 de parab\u00e9ns por mais esse equipamento de seguran\u00e7a, para trazer mais a\u00e7\u00f5es para as pessoas e aqui deixo meu agradecimento especial \u00e0s pessoas que viabilizaram esse processo de constru\u00e7\u00e3o, que no conjunto de obras que estamos inaugurando, tem um espa\u00e7o bem peculiar, pois traz mais seguran\u00e7a para a popula\u00e7\u00e3o\u201d, disse.<\/p>\n<p style=\"text-align: justify;\">O secret\u00e1rio de Estado da Seguran\u00e7a e Defesa Social, Cl\u00e1udio Lima, fez um panorama dos resultados obtidos no ano em todo o Estado e falou da import\u00e2ncia das parcerias e integra\u00e7\u00e3o. \u201cJuntos, conseguimos fazer muito. Com essas parcerias com os executivos municipais, iniciativa privada tamb\u00e9m, j\u00e1 que a seguran\u00e7a \u00e9 uma responsabilidade de todos, e principalmente com a integra\u00e7\u00e3o entre os \u00f3rg\u00e3os operativos de seguran\u00e7a, \u00e9 que temos alcan\u00e7ado resultados melhores, a exemplo deste ano que chegaremos ao 6\u00ba seguido na redu\u00e7\u00e3o dos Crimes Violentos Letais Intencionais. Essa \u00e9 a t\u00f4nica e temos trabalhado bem isso, a exemplo do major Alberto Filho e tantos outros gestores que trabalham essa aproxima\u00e7\u00e3o e integra\u00e7\u00e3o\u201d, lembrou.<\/p>\n","protected":false},"excerpt":{"rendered":"<p>O secret\u00e1rio de Estado da Seguran\u00e7a e Defesa Social, Cl\u00e1udio Lima, e o comandante geral da Pol\u00edcia Militar, coronel Euller<\/p>\n","protected":false},"author":12,"featured_media":896544,"comment_status":"closed","ping_status":"closed","sticky":false,"template":"","format":"standard","meta":{"_exactmetrics_skip_tracking":false,"_exactmetrics_sitenote_active":false,"_exactmetrics_sitenote_note":"","_exactmetrics_sitenote_category":0,"footnotes":""},"categories":[9],"tags":[],"yoast_head":"<!-- This site is optimized with the Yoast SEO plugin v22.0 - https:\/\/yoast.com\/wordpress\/plugins\/seo\/ -->\n<title>Itapororoca ganha Unidade de Pol\u00edcia Ostensiva para refor\u00e7ar as a\u00e7\u00f5es no Vale do Mamanguape - Pol\u00edcia Militar da Para\u00edba<\/title>\n<meta name=\"robots\" content=\"index, follow, max-snippet:-1, max-image-preview:large, max-video-preview:-1\" \/>\n<link rel=\"canonical\" href=\"https:\/\/www.pm.pb.gov.br\/portal\/2017\/12\/30\/itapororoca-ganha-unidade-de-policia-ostensiva-para-reforcar-as-acoes-no-vale-do-mamanguape\/\" \/>\n<meta property=\"og:locale\" content=\"pt_BR\" \/>\n<meta property=\"og:type\" content=\"article\" \/>\n<meta property=\"og:title\" content=\"Itapororoca ganha Unidade de Pol\u00edcia Ostensiva para refor\u00e7ar as a\u00e7\u00f5es no Vale do Mamanguape - Pol\u00edcia Militar da Para\u00edba\" \/>\n<meta property=\"og:description\" content=\"O secret\u00e1rio de Estado da Seguran\u00e7a e Defesa Social, Cl\u00e1udio Lima, e o comandante geral da Pol\u00edcia Militar, coronel Euller\" \/>\n<meta property=\"og:url\" content=\"https:\/\/www.pm.pb.gov.br\/portal\/2017\/12\/30\/itapororoca-ganha-unidade-de-policia-ostensiva-para-reforcar-as-acoes-no-vale-do-mamanguape\/\" \/>\n<meta property=\"og:site_name\" content=\"Pol\u00edcia Militar da Para\u00edba\" \/>\n<meta property=\"article:published_time\" content=\"2017-12-30T15:20:17+00:00\" \/>\n<meta property=\"og:image\" content=\"https:\/\/www.pm.pb.gov.br\/portal\/wp-content\/uploads\/2017\/12\/itapororoca1.jpg\" \/>\n\t<meta property=\"og:image:width\" content=\"800\" \/>\n\t<meta property=\"og:image:height\" content=\"445\" \/>\n\t<meta property=\"og:image:type\" content=\"image\/jpeg\" \/>\n<meta name=\"author\" content=\"Tarcisio Oliveira\" \/>\n<meta name=\"twitter:card\" content=\"summary_large_image\" \/>\n<meta name=\"twitter:label1\" content=\"Escrito por\" \/>\n\t<meta name=\"twitter:data1\" content=\"Tarcisio Oliveira\" \/>\n\t<meta name=\"twitter:label2\" content=\"Est. tempo de leitura\" \/>\n\t<meta name=\"twitter:data2\" content=\"2 minutos\" \/>\n<script type=\"application\/ld+json\" class=\"yoast-schema-graph\">{\"@context\":\"https:\/\/schema.org\",\"@graph\":[{\"@type\":\"Article\",\"@id\":\"https:\/\/www.pm.pb.gov.br\/portal\/2017\/12\/30\/itapororoca-ganha-unidade-de-policia-ostensiva-para-reforcar-as-acoes-no-vale-do-mamanguape\/#article\",\"isPartOf\":{\"@id\":\"https:\/\/www.pm.pb.gov.br\/portal\/2017\/12\/30\/itapororoca-ganha-unidade-de-policia-ostensiva-para-reforcar-as-acoes-no-vale-do-mamanguape\/\"},\"author\":{\"name\":\"Tarcisio Oliveira\",\"@id\":\"https:\/\/www.pm.pb.gov.br\/portal\/#\/schema\/person\/f84f56dcc78ce4357054da888b8247fd\"},\"headline\":\"Itapororoca ganha Unidade de Pol\u00edcia Ostensiva para refor\u00e7ar as a\u00e7\u00f5es no Vale do Mamanguape\",\"datePublished\":\"2017-12-30T15:20:17+00:00\",\"dateModified\":\"2017-12-30T15:20:17+00:00\",\"mainEntityOfPage\":{\"@id\":\"https:\/\/www.pm.pb.gov.br\/portal\/2017\/12\/30\/itapororoca-ganha-unidade-de-policia-ostensiva-para-reforcar-as-acoes-no-vale-do-mamanguape\/\"},\"wordCount\":506,\"publisher\":{\"@id\":\"https:\/\/www.pm.pb.gov.br\/portal\/#organization\"},\"articleSection\":[\"Eventos\"],\"inLanguage\":\"pt-BR\"},{\"@type\":\"WebPage\",\"@id\":\"https:\/\/www.pm.pb.gov.br\/portal\/2017\/12\/30\/itapororoca-ganha-unidade-de-policia-ostensiva-para-reforcar-as-acoes-no-vale-do-mamanguape\/\",\"url\":\"https:\/\/www.pm.pb.gov.br\/portal\/2017\/12\/30\/itapororoca-ganha-unidade-de-policia-ostensiva-para-reforcar-as-acoes-no-vale-do-mamanguape\/\",\"name\":\"Itapororoca ganha Unidade de Pol\u00edcia Ostensiva para refor\u00e7ar as a\u00e7\u00f5es no Vale do Mamanguape - Pol\u00edcia Militar da Para\u00edba\",\"isPartOf\":{\"@id\":\"https:\/\/www.pm.pb.gov.br\/portal\/#website\"},\"datePublished\":\"2017-12-30T15:20:17+00:00\",\"dateModified\":\"2017-12-30T15:20:17+00:00\",\"breadcrumb\":{\"@id\":\"https:\/\/www.pm.pb.gov.br\/portal\/2017\/12\/30\/itapororoca-ganha-unidade-de-policia-ostensiva-para-reforcar-as-acoes-no-vale-do-mamanguape\/#breadcrumb\"},\"inLanguage\":\"pt-BR\",\"potentialAction\":[{\"@type\":\"ReadAction\",\"target\":[\"https:\/\/www.pm.pb.gov.br\/portal\/2017\/12\/30\/itapororoca-ganha-unidade-de-policia-ostensiva-para-reforcar-as-acoes-no-vale-do-mamanguape\/\"]}]},{\"@type\":\"BreadcrumbList\",\"@id\":\"https:\/\/www.pm.pb.gov.br\/portal\/2017\/12\/30\/itapororoca-ganha-unidade-de-policia-ostensiva-para-reforcar-as-acoes-no-vale-do-mamanguape\/#breadcrumb\",\"itemListElement\":[{\"@type\":\"ListItem\",\"position\":1,\"name\":\"In\u00edcio\",\"item\":\"https:\/\/www.pm.pb.gov.br\/portal\/\"},{\"@type\":\"ListItem\",\"position\":2,\"name\":\"Itapororoca ganha Unidade de Pol\u00edcia Ostensiva para refor\u00e7ar as a\u00e7\u00f5es no Vale do Mamanguape\"}]},{\"@type\":\"WebSite\",\"@id\":\"https:\/\/www.pm.pb.gov.br\/portal\/#website\",\"url\":\"https:\/\/www.pm.pb.gov.br\/portal\/\",\"name\":\"Pol\u00edcia Militar da Para\u00edba\",\"description\":\"\",\"publisher\":{\"@id\":\"https:\/\/www.pm.pb.gov.br\/portal\/#organization\"},\"potentialAction\":[{\"@type\":\"SearchAction\",\"target\":{\"@type\":\"EntryPoint\",\"urlTemplate\":\"https:\/\/www.pm.pb.gov.br\/portal\/?s={search_term_string}\"},\"query-input\":\"required name=search_term_string\"}],\"inLanguage\":\"pt-BR\"},{\"@type\":\"Organization\",\"@id\":\"https:\/\/www.pm.pb.gov.br\/portal\/#organization\",\"name\":\"Pol\u00edcia Militar da Para\u00edba\",\"url\":\"https:\/\/www.pm.pb.gov.br\/portal\/\",\"logo\":{\"@type\":\"ImageObject\",\"inLanguage\":\"pt-BR\",\"@id\":\"https:\/\/www.pm.pb.gov.br\/portal\/#\/schema\/logo\/image\/\",\"url\":\"https:\/\/www.pm.pb.gov.br\/portal\/wp-content\/uploads\/2025\/03\/cropped-logo-site-mag2-1.png\",\"contentUrl\":\"https:\/\/www.pm.pb.gov.br\/portal\/wp-content\/uploads\/2025\/03\/cropped-logo-site-mag2-1.png\",\"width\":320,\"height\":90,\"caption\":\"Pol\u00edcia Militar da Para\u00edba\"},\"image\":{\"@id\":\"https:\/\/www.pm.pb.gov.br\/portal\/#\/schema\/logo\/image\/\"}},{\"@type\":\"Person\",\"@id\":\"https:\/\/www.pm.pb.gov.br\/portal\/#\/schema\/person\/f84f56dcc78ce4357054da888b8247fd\",\"name\":\"Tarcisio Oliveira\",\"image\":{\"@type\":\"ImageObject\",\"inLanguage\":\"pt-BR\",\"@id\":\"https:\/\/www.pm.pb.gov.br\/portal\/#\/schema\/person\/image\/\",\"url\":\"https:\/\/secure.gravatar.com\/avatar\/72917b630b69d31cd0297507f34bac97?s=96&d=mm&r=g\",\"contentUrl\":\"https:\/\/secure.gravatar.com\/avatar\/72917b630b69d31cd0297507f34bac97?s=96&d=mm&r=g\",\"caption\":\"Tarcisio Oliveira\"},\"url\":\"https:\/\/www.pm.pb.gov.br\/portal\/author\/tarcisio\/\"}]}<\/script>\n<!-- \/ Yoast SEO plugin. -->","yoast_head_json":{"title":"Itapororoca ganha Unidade de Pol\u00edcia Ostensiva para refor\u00e7ar as a\u00e7\u00f5es no Vale do Mamanguape - Pol\u00edcia Militar da Para\u00edba","robots":{"index":"index","follow":"follow","max-snippet":"max-snippet:-1","max-image-preview":"max-image-preview:large","max-video-preview":"max-video-preview:-1"},"canonical":"https:\/\/www.pm.pb.gov.br\/portal\/2017\/12\/30\/itapororoca-ganha-unidade-de-policia-ostensiva-para-reforcar-as-acoes-no-vale-do-mamanguape\/","og_locale":"pt_BR","og_type":"article","og_title":"Itapororoca ganha Unidade de Pol\u00edcia Ostensiva para refor\u00e7ar as a\u00e7\u00f5es no Vale do Mamanguape - Pol\u00edcia Militar da Para\u00edba","og_description":"O secret\u00e1rio de Estado da Seguran\u00e7a e Defesa Social, Cl\u00e1udio Lima, e o comandante geral da Pol\u00edcia Militar, coronel Euller","og_url":"https:\/\/www.pm.pb.gov.br\/portal\/2017\/12\/30\/itapororoca-ganha-unidade-de-policia-ostensiva-para-reforcar-as-acoes-no-vale-do-mamanguape\/","og_site_name":"Pol\u00edcia Militar da Para\u00edba","article_published_time":"2017-12-30T15:20:17+00:00","og_image":[{"width":800,"height":445,"url":"https:\/\/www.pm.pb.gov.br\/portal\/wp-content\/uploads\/2017\/12\/itapororoca1.jpg","type":"image\/jpeg"}],"author":"Tarcisio Oliveira","twitter_card":"summary_large_image","twitter_misc":{"Escrito por":"Tarcisio Oliveira","Est. tempo de leitura":"2 minutos"},"schema":{"@context":"https:\/\/schema.org","@graph":[{"@type":"Article","@id":"https:\/\/www.pm.pb.gov.br\/portal\/2017\/12\/30\/itapororoca-ganha-unidade-de-policia-ostensiva-para-reforcar-as-acoes-no-vale-do-mamanguape\/#article","isPartOf":{"@id":"https:\/\/www.pm.pb.gov.br\/portal\/2017\/12\/30\/itapororoca-ganha-unidade-de-policia-ostensiva-para-reforcar-as-acoes-no-vale-do-mamanguape\/"},"author":{"name":"Tarcisio Oliveira","@id":"https:\/\/www.pm.pb.gov.br\/portal\/#\/schema\/person\/f84f56dcc78ce4357054da888b8247fd"},"headline":"Itapororoca ganha Unidade de Pol\u00edcia Ostensiva para refor\u00e7ar as a\u00e7\u00f5es no Vale do Mamanguape","datePublished":"2017-12-30T15:20:17+00:00","dateModified":"2017-12-30T15:20:17+00:00","mainEntityOfPage":{"@id":"https:\/\/www.pm.pb.gov.br\/portal\/2017\/12\/30\/itapororoca-ganha-unidade-de-policia-ostensiva-para-reforcar-as-acoes-no-vale-do-mamanguape\/"},"wordCount":506,"publisher":{"@id":"https:\/\/www.pm.pb.gov.br\/portal\/#organization"},"articleSection":["Eventos"],"inLanguage":"pt-BR"},{"@type":"WebPage","@id":"https:\/\/www.pm.pb.gov.br\/portal\/2017\/12\/30\/itapororoca-ganha-unidade-de-policia-ostensiva-para-reforcar-as-acoes-no-vale-do-mamanguape\/","url":"https:\/\/www.pm.pb.gov.br\/portal\/2017\/12\/30\/itapororoca-ganha-unidade-de-policia-ostensiva-para-reforcar-as-acoes-no-vale-do-mamanguape\/","name":"Itapororoca ganha Unidade de Pol\u00edcia Ostensiva para refor\u00e7ar as a\u00e7\u00f5es no Vale do Mamanguape - Pol\u00edcia Militar da Para\u00edba","isPartOf":{"@id":"https:\/\/www.pm.pb.gov.br\/portal\/#website"},"datePublished":"2017-12-30T15:20:17+00:00","dateModified":"2017-12-30T15:20:17+00:00","breadcrumb":{"@id":"https:\/\/www.pm.pb.gov.br\/portal\/2017\/12\/30\/itapororoca-ganha-unidade-de-policia-ostensiva-para-reforcar-as-acoes-no-vale-do-mamanguape\/#breadcrumb"},"inLanguage":"pt-BR","potentialAction":[{"@type":"ReadAction","target":["https:\/\/www.pm.pb.gov.br\/portal\/2017\/12\/30\/itapororoca-ganha-unidade-de-policia-ostensiva-para-reforcar-as-acoes-no-vale-do-mamanguape\/"]}]},{"@type":"BreadcrumbList","@id":"https:\/\/www.pm.pb.gov.br\/portal\/2017\/12\/30\/itapororoca-ganha-unidade-de-policia-ostensiva-para-reforcar-as-acoes-no-vale-do-mamanguape\/#breadcrumb","itemListElement":[{"@type":"ListItem","position":1,"name":"In\u00edcio","item":"https:\/\/www.pm.pb.gov.br\/portal\/"},{"@type":"ListItem","position":2,"name":"Itapororoca ganha Unidade de Pol\u00edcia Ostensiva para refor\u00e7ar as a\u00e7\u00f5es no Vale do Mamanguape"}]},{"@type":"WebSite","@id":"https:\/\/www.pm.pb.gov.br\/portal\/#website","url":"https:\/\/www.pm.pb.gov.br\/portal\/","name":"Pol\u00edcia Militar da Para\u00edba","description":"","publisher":{"@id":"https:\/\/www.pm.pb.gov.br\/portal\/#organization"},"potentialAction":[{"@type":"SearchAction","target":{"@type":"EntryPoint","urlTemplate":"https:\/\/www.pm.pb.gov.br\/portal\/?s={search_term_string}"},"query-input":"required name=search_term_string"}],"inLanguage":"pt-BR"},{"@type":"Organization","@id":"https:\/\/www.pm.pb.gov.br\/portal\/#organization","name":"Pol\u00edcia Militar da Para\u00edba","url":"https:\/\/www.pm.pb.gov.br\/portal\/","logo":{"@type":"ImageObject","inLanguage":"pt-BR","@id":"https:\/\/www.pm.pb.gov.br\/portal\/#\/schema\/logo\/image\/","url":"https:\/\/www.pm.pb.gov.br\/portal\/wp-content\/uploads\/2025\/03\/cropped-logo-site-mag2-1.png","contentUrl":"https:\/\/www.pm.pb.gov.br\/portal\/wp-content\/uploads\/2025\/03\/cropped-logo-site-mag2-1.png","width":320,"height":90,"caption":"Pol\u00edcia Militar da Para\u00edba"},"image":{"@id":"https:\/\/www.pm.pb.gov.br\/portal\/#\/schema\/logo\/image\/"}},{"@type":"Person","@id":"https:\/\/www.pm.pb.gov.br\/portal\/#\/schema\/person\/f84f56dcc78ce4357054da888b8247fd","name":"Tarcisio Oliveira","image":{"@type":"ImageObject","inLanguage":"pt-BR","@id":"https:\/\/www.pm.pb.gov.br\/portal\/#\/schema\/person\/image\/","url":"https:\/\/secure.gravatar.com\/avatar\/72917b630b69d31cd0297507f34bac97?s=96&d=mm&r=g","contentUrl":"https:\/\/secure.gravatar.com\/avatar\/72917b630b69d31cd0297507f34bac97?s=96&d=mm&r=g","caption":"Tarcisio Oliveira"},"url":"https:\/\/www.pm.pb.gov.br\/portal\/author\/tarcisio\/"}]}},"_links":{"self":[{"href":"https:\/\/www.pm.pb.gov.br\/portal\/wp-json\/wp\/v2\/posts\/896543"}],"collection":[{"href":"https:\/\/www.pm.pb.gov.br\/portal\/wp-json\/wp\/v2\/posts"}],"about":[{"href":"https:\/\/www.pm.pb.gov.br\/portal\/wp-json\/wp\/v2\/types\/post"}],"author":[{"embeddable":true,"href":"https:\/\/www.pm.pb.gov.br\/portal\/wp-json\/wp\/v2\/users\/12"}],"replies":[{"embeddable":true,"href":"https:\/\/www.pm.pb.gov.br\/portal\/wp-json\/wp\/v2\/comments?post=896543"}],"version-history":[{"count":1,"href":"https:\/\/www.pm.pb.gov.br\/portal\/wp-json\/wp\/v2\/posts\/896543\/revisions"}],"predecessor-version":[{"id":896546,"href":"https:\/\/www.pm.pb.gov.br\/portal\/wp-json\/wp\/v2\/posts\/896543\/revisions\/896546"}],"wp:featuredmedia":[{"embeddable":true,"href":"https:\/\/www.pm.pb.gov.br\/portal\/wp-json\/wp\/v2\/media\/896544"}],"wp:attachment":[{"href":"https:\/\/www.pm.pb.gov.br\/portal\/wp-json\/wp\/v2\/media?parent=896543"}],"wp:term":[{"taxonomy":"category","embeddable":true,"href":"https:\/\/www.pm.pb.gov.br\/portal\/wp-json\/wp\/v2\/categories?post=896543"},{"taxonomy":"post_tag","embeddable":true,"href":"https:\/\/www.pm.pb.gov.br\/portal\/wp-json\/wp\/v2\/tags?post=896543"}],"curies":[{"name":"wp","href":"https:\/\/api.w.org\/{rel}","templated":true}]}}