{"id":896514,"date":"2017-12-26T11:50:39","date_gmt":"2017-12-26T14:50:39","guid":{"rendered":"http:\/\/www.pm.pb.gov.br\/portal\/?p=896514"},"modified":"2017-12-26T11:56:54","modified_gmt":"2017-12-26T14:56:54","slug":"operacao-boas-festas-apreende-34-armas-de-fogo-na-paraiba","status":"publish","type":"post","link":"https:\/\/www.pm.pb.gov.br\/portal\/2017\/12\/26\/operacao-boas-festas-apreende-34-armas-de-fogo-na-paraiba\/","title":{"rendered":"Opera\u00e7\u00e3o Boas Festas apreende 34 armas de fogo na Para\u00edba"},"content":{"rendered":"<p style=\"text-align: justify;\">Durante a Opera\u00e7\u00e3o Boas Festas, que aconteceu com refor\u00e7o do policiamento com o objetivo de combater os crimes contra a vida e crimes patrimoniais, a Pol\u00edcia Militar apreendeu 34 armas de fogo, recuperou 29 ve\u00edculos roubados, cumpriu 14 mandados de pris\u00e3o, e prendeu e apreendeu 205 pessoas. As a\u00e7\u00f5es aconteceram das 17h da \u00faltima quinta-feira (21), at\u00e9 as 05h desta ter\u00e7a-feira (26).<\/p>\n<p style=\"text-align: justify;\">Na regi\u00e3o metropolitana de Jo\u00e3o Pessoa foram apreendidas 16 armas de fogo durante o per\u00edodo. Apenas no per\u00edodo compreendido entre as 18h de sexta-feira (22), \u00e0s 23h59 de domingo (24), a PM realizou 1.324 atendimento. As a\u00e7\u00f5es da corpora\u00e7\u00e3o foram realizadas em todo o estado, contatando com diversas unidades e modalidades de policiamento. Os dados s\u00e3o da Coordenadoria de Estat\u00edstica da corpora\u00e7\u00e3o.<\/p>\n<p style=\"text-align: justify;\">Entre as \u00faltimas a\u00e7\u00f5es que ocorreram na madrugada desta ter\u00e7a-feira (26), esteve a apreens\u00e3o de uma arma de fogo e pris\u00e3o do suspeito de porte ilegal, no litoral norte do estado. Ainda na madrugada, policiais militares conseguiram frustrar a a\u00e7\u00e3o de um suspeito de furto, que violou um estabelecimento comercial no Centro de Campina Grande e que estava pronto para levar celulares e dinheiro da loja, mas que foi detido pela PM.<\/p>\n<p style=\"text-align: justify;\">No dia 25, na cidade de Rem\u00edgio, um suspeito foi preso pois contra ele constavam tr\u00eas mandados de pris\u00e3o em aberto. Em Santa Rita, a PM prendeu um suspeito que estava com uma moto roubada. O homem, de 22 anos, j\u00e1 respondia na Justi\u00e7a pelo crime de roubo.<\/p>\n<p style=\"text-align: justify;\"><strong>Combate aos crimes contra a vida<\/strong> \u2013 Ainda na manh\u00e3 do feriado natalino, a PM prendeu em flagrante um homem suspeito de esfaquear duas pessoas em Ing\u00e1 e, no s\u00e1bado (23), em Monteiro, prendeu outro suspeito de atentar contra a vida de uma pessoa, tamb\u00e9m utilizando arma branca. Em Santa Rita, um adolescente de 16 anos, suspeito de realizar cometer homic\u00eddios, foi apreendido com um rev\u00f3lver calibre 38.<\/p>\n<p style=\"text-align: justify;\"><strong>Combate ao tr\u00e1fico<\/strong> &#8211; Em Campina Grande, ainda no dia 25, dois indiv\u00edduos, de 23 e 17 anos, foram surpreendidos por policiais enquanto traficavam. Com eles foram encontrados 26 papelotes de material semelhante \u00e0 maconha e 50 pedras de substancia semelhante a crack e certa quantia em dinheiro. Os dois foram conduzidos \u00e0 Delegacia.<\/p>\n<p style=\"text-align: justify;\">J\u00e1 na tarde do s\u00e1bado (23), nas proximidades do bairro de Oitizeiro, em Jo\u00e3o Pessoa, a PM apreendeu dois rev\u00f3lveres, mais de dois quilos de subst\u00e2ncia semelhante \u00e0 maconha, prendendo duas pessoas.<\/p>\n<p style=\"text-align: justify;\"><strong>In\u00edcio<\/strong> &#8211; A Opera\u00e7\u00e3o Boas Festas foi iniciada na noite da \u00faltima quinta-feira (21), com refor\u00e7o de policiamento nos tr\u00eas Comandos Regionais e tamb\u00e9m com o car\u00e1ter solid\u00e1rio. A Pol\u00edcia Militar entregou alimentos, donativos e cestas b\u00e1sicas em diversas comunidades, na Capital e no interior do estado. As doa\u00e7\u00f5es recebidas em mais de um m\u00eas de Campanha, seguem sendo entregues nesta \u00faltima semana do ano, atendendo idosos, adultos e crian\u00e7as.<\/p>\n","protected":false},"excerpt":{"rendered":"<p>Durante a Opera\u00e7\u00e3o Boas Festas, que aconteceu com refor\u00e7o do policiamento com o objetivo de combater os crimes contra a<\/p>\n","protected":false},"author":15,"featured_media":896495,"comment_status":"closed","ping_status":"closed","sticky":false,"template":"","format":"standard","meta":{"_exactmetrics_skip_tracking":false,"_exactmetrics_sitenote_active":false,"_exactmetrics_sitenote_note":"","_exactmetrics_sitenote_category":0,"footnotes":""},"categories":[4],"tags":[],"yoast_head":"<!-- This site is optimized with the Yoast SEO plugin v22.0 - https:\/\/yoast.com\/wordpress\/plugins\/seo\/ -->\n<title>Opera\u00e7\u00e3o Boas Festas apreende 34 armas de fogo na Para\u00edba - Pol\u00edcia Militar da Para\u00edba<\/title>\n<meta name=\"robots\" content=\"index, follow, max-snippet:-1, max-image-preview:large, max-video-preview:-1\" \/>\n<link rel=\"canonical\" href=\"https:\/\/www.pm.pb.gov.br\/portal\/2017\/12\/26\/operacao-boas-festas-apreende-34-armas-de-fogo-na-paraiba\/\" \/>\n<meta property=\"og:locale\" content=\"pt_BR\" \/>\n<meta property=\"og:type\" content=\"article\" \/>\n<meta property=\"og:title\" content=\"Opera\u00e7\u00e3o Boas Festas apreende 34 armas de fogo na Para\u00edba - Pol\u00edcia Militar da Para\u00edba\" \/>\n<meta property=\"og:description\" content=\"Durante a Opera\u00e7\u00e3o Boas Festas, que aconteceu com refor\u00e7o do policiamento com o objetivo de combater os crimes contra a\" \/>\n<meta property=\"og:url\" content=\"https:\/\/www.pm.pb.gov.br\/portal\/2017\/12\/26\/operacao-boas-festas-apreende-34-armas-de-fogo-na-paraiba\/\" \/>\n<meta property=\"og:site_name\" content=\"Pol\u00edcia Militar da Para\u00edba\" \/>\n<meta property=\"article:published_time\" content=\"2017-12-26T14:50:39+00:00\" \/>\n<meta property=\"article:modified_time\" content=\"2017-12-26T14:56:54+00:00\" \/>\n<meta property=\"og:image\" content=\"https:\/\/www.pm.pb.gov.br\/portal\/wp-content\/uploads\/2017\/12\/pris\u00e3o-natal1.jpg\" \/>\n\t<meta property=\"og:image:width\" content=\"800\" \/>\n\t<meta property=\"og:image:height\" content=\"445\" \/>\n\t<meta property=\"og:image:type\" content=\"image\/jpeg\" \/>\n<meta name=\"author\" content=\"Marcio Gomes dos Santos\" \/>\n<meta name=\"twitter:card\" content=\"summary_large_image\" \/>\n<meta name=\"twitter:label1\" content=\"Escrito por\" \/>\n\t<meta name=\"twitter:data1\" content=\"Marcio Gomes dos Santos\" \/>\n\t<meta name=\"twitter:label2\" content=\"Est. tempo de leitura\" \/>\n\t<meta name=\"twitter:data2\" content=\"2 minutos\" \/>\n<script type=\"application\/ld+json\" class=\"yoast-schema-graph\">{\"@context\":\"https:\/\/schema.org\",\"@graph\":[{\"@type\":\"Article\",\"@id\":\"https:\/\/www.pm.pb.gov.br\/portal\/2017\/12\/26\/operacao-boas-festas-apreende-34-armas-de-fogo-na-paraiba\/#article\",\"isPartOf\":{\"@id\":\"https:\/\/www.pm.pb.gov.br\/portal\/2017\/12\/26\/operacao-boas-festas-apreende-34-armas-de-fogo-na-paraiba\/\"},\"author\":{\"name\":\"Marcio Gomes dos Santos\",\"@id\":\"https:\/\/www.pm.pb.gov.br\/portal\/#\/schema\/person\/30d571652b38533c2211e4e89bf5a502\"},\"headline\":\"Opera\u00e7\u00e3o Boas Festas apreende 34 armas de fogo na Para\u00edba\",\"datePublished\":\"2017-12-26T14:50:39+00:00\",\"dateModified\":\"2017-12-26T14:56:54+00:00\",\"mainEntityOfPage\":{\"@id\":\"https:\/\/www.pm.pb.gov.br\/portal\/2017\/12\/26\/operacao-boas-festas-apreende-34-armas-de-fogo-na-paraiba\/\"},\"wordCount\":499,\"publisher\":{\"@id\":\"https:\/\/www.pm.pb.gov.br\/portal\/#organization\"},\"articleSection\":[\"A\u00e7\u00f5es Policiais\"],\"inLanguage\":\"pt-BR\"},{\"@type\":\"WebPage\",\"@id\":\"https:\/\/www.pm.pb.gov.br\/portal\/2017\/12\/26\/operacao-boas-festas-apreende-34-armas-de-fogo-na-paraiba\/\",\"url\":\"https:\/\/www.pm.pb.gov.br\/portal\/2017\/12\/26\/operacao-boas-festas-apreende-34-armas-de-fogo-na-paraiba\/\",\"name\":\"Opera\u00e7\u00e3o Boas Festas apreende 34 armas de fogo na Para\u00edba - Pol\u00edcia Militar da Para\u00edba\",\"isPartOf\":{\"@id\":\"https:\/\/www.pm.pb.gov.br\/portal\/#website\"},\"datePublished\":\"2017-12-26T14:50:39+00:00\",\"dateModified\":\"2017-12-26T14:56:54+00:00\",\"breadcrumb\":{\"@id\":\"https:\/\/www.pm.pb.gov.br\/portal\/2017\/12\/26\/operacao-boas-festas-apreende-34-armas-de-fogo-na-paraiba\/#breadcrumb\"},\"inLanguage\":\"pt-BR\",\"potentialAction\":[{\"@type\":\"ReadAction\",\"target\":[\"https:\/\/www.pm.pb.gov.br\/portal\/2017\/12\/26\/operacao-boas-festas-apreende-34-armas-de-fogo-na-paraiba\/\"]}]},{\"@type\":\"BreadcrumbList\",\"@id\":\"https:\/\/www.pm.pb.gov.br\/portal\/2017\/12\/26\/operacao-boas-festas-apreende-34-armas-de-fogo-na-paraiba\/#breadcrumb\",\"itemListElement\":[{\"@type\":\"ListItem\",\"position\":1,\"name\":\"In\u00edcio\",\"item\":\"https:\/\/www.pm.pb.gov.br\/portal\/\"},{\"@type\":\"ListItem\",\"position\":2,\"name\":\"Opera\u00e7\u00e3o Boas Festas apreende 34 armas de fogo na Para\u00edba\"}]},{\"@type\":\"WebSite\",\"@id\":\"https:\/\/www.pm.pb.gov.br\/portal\/#website\",\"url\":\"https:\/\/www.pm.pb.gov.br\/portal\/\",\"name\":\"Pol\u00edcia Militar da Para\u00edba\",\"description\":\"\",\"publisher\":{\"@id\":\"https:\/\/www.pm.pb.gov.br\/portal\/#organization\"},\"potentialAction\":[{\"@type\":\"SearchAction\",\"target\":{\"@type\":\"EntryPoint\",\"urlTemplate\":\"https:\/\/www.pm.pb.gov.br\/portal\/?s={search_term_string}\"},\"query-input\":\"required name=search_term_string\"}],\"inLanguage\":\"pt-BR\"},{\"@type\":\"Organization\",\"@id\":\"https:\/\/www.pm.pb.gov.br\/portal\/#organization\",\"name\":\"Pol\u00edcia Militar da Para\u00edba\",\"url\":\"https:\/\/www.pm.pb.gov.br\/portal\/\",\"logo\":{\"@type\":\"ImageObject\",\"inLanguage\":\"pt-BR\",\"@id\":\"https:\/\/www.pm.pb.gov.br\/portal\/#\/schema\/logo\/image\/\",\"url\":\"https:\/\/www.pm.pb.gov.br\/portal\/wp-content\/uploads\/2025\/03\/cropped-logo-site-mag2-1.png\",\"contentUrl\":\"https:\/\/www.pm.pb.gov.br\/portal\/wp-content\/uploads\/2025\/03\/cropped-logo-site-mag2-1.png\",\"width\":320,\"height\":90,\"caption\":\"Pol\u00edcia Militar da Para\u00edba\"},\"image\":{\"@id\":\"https:\/\/www.pm.pb.gov.br\/portal\/#\/schema\/logo\/image\/\"}},{\"@type\":\"Person\",\"@id\":\"https:\/\/www.pm.pb.gov.br\/portal\/#\/schema\/person\/30d571652b38533c2211e4e89bf5a502\",\"name\":\"Marcio Gomes dos Santos\",\"image\":{\"@type\":\"ImageObject\",\"inLanguage\":\"pt-BR\",\"@id\":\"https:\/\/www.pm.pb.gov.br\/portal\/#\/schema\/person\/image\/\",\"url\":\"https:\/\/secure.gravatar.com\/avatar\/cf4ec2cb690101e1581c7773aa350c19?s=96&d=mm&r=g\",\"contentUrl\":\"https:\/\/secure.gravatar.com\/avatar\/cf4ec2cb690101e1581c7773aa350c19?s=96&d=mm&r=g\",\"caption\":\"Marcio Gomes dos Santos\"},\"url\":\"https:\/\/www.pm.pb.gov.br\/portal\/author\/mgomes\/\"}]}<\/script>\n<!-- \/ Yoast SEO plugin. -->","yoast_head_json":{"title":"Opera\u00e7\u00e3o Boas Festas apreende 34 armas de fogo na Para\u00edba - Pol\u00edcia Militar da Para\u00edba","robots":{"index":"index","follow":"follow","max-snippet":"max-snippet:-1","max-image-preview":"max-image-preview:large","max-video-preview":"max-video-preview:-1"},"canonical":"https:\/\/www.pm.pb.gov.br\/portal\/2017\/12\/26\/operacao-boas-festas-apreende-34-armas-de-fogo-na-paraiba\/","og_locale":"pt_BR","og_type":"article","og_title":"Opera\u00e7\u00e3o Boas Festas apreende 34 armas de fogo na Para\u00edba - Pol\u00edcia Militar da Para\u00edba","og_description":"Durante a Opera\u00e7\u00e3o Boas Festas, que aconteceu com refor\u00e7o do policiamento com o objetivo de combater os crimes contra a","og_url":"https:\/\/www.pm.pb.gov.br\/portal\/2017\/12\/26\/operacao-boas-festas-apreende-34-armas-de-fogo-na-paraiba\/","og_site_name":"Pol\u00edcia Militar da Para\u00edba","article_published_time":"2017-12-26T14:50:39+00:00","article_modified_time":"2017-12-26T14:56:54+00:00","og_image":[{"width":800,"height":445,"url":"https:\/\/www.pm.pb.gov.br\/portal\/wp-content\/uploads\/2017\/12\/pris\u00e3o-natal1.jpg","type":"image\/jpeg"}],"author":"Marcio Gomes dos Santos","twitter_card":"summary_large_image","twitter_misc":{"Escrito por":"Marcio Gomes dos Santos","Est. tempo de leitura":"2 minutos"},"schema":{"@context":"https:\/\/schema.org","@graph":[{"@type":"Article","@id":"https:\/\/www.pm.pb.gov.br\/portal\/2017\/12\/26\/operacao-boas-festas-apreende-34-armas-de-fogo-na-paraiba\/#article","isPartOf":{"@id":"https:\/\/www.pm.pb.gov.br\/portal\/2017\/12\/26\/operacao-boas-festas-apreende-34-armas-de-fogo-na-paraiba\/"},"author":{"name":"Marcio Gomes dos Santos","@id":"https:\/\/www.pm.pb.gov.br\/portal\/#\/schema\/person\/30d571652b38533c2211e4e89bf5a502"},"headline":"Opera\u00e7\u00e3o Boas Festas apreende 34 armas de fogo na Para\u00edba","datePublished":"2017-12-26T14:50:39+00:00","dateModified":"2017-12-26T14:56:54+00:00","mainEntityOfPage":{"@id":"https:\/\/www.pm.pb.gov.br\/portal\/2017\/12\/26\/operacao-boas-festas-apreende-34-armas-de-fogo-na-paraiba\/"},"wordCount":499,"publisher":{"@id":"https:\/\/www.pm.pb.gov.br\/portal\/#organization"},"articleSection":["A\u00e7\u00f5es Policiais"],"inLanguage":"pt-BR"},{"@type":"WebPage","@id":"https:\/\/www.pm.pb.gov.br\/portal\/2017\/12\/26\/operacao-boas-festas-apreende-34-armas-de-fogo-na-paraiba\/","url":"https:\/\/www.pm.pb.gov.br\/portal\/2017\/12\/26\/operacao-boas-festas-apreende-34-armas-de-fogo-na-paraiba\/","name":"Opera\u00e7\u00e3o Boas Festas apreende 34 armas de fogo na Para\u00edba - Pol\u00edcia Militar da Para\u00edba","isPartOf":{"@id":"https:\/\/www.pm.pb.gov.br\/portal\/#website"},"datePublished":"2017-12-26T14:50:39+00:00","dateModified":"2017-12-26T14:56:54+00:00","breadcrumb":{"@id":"https:\/\/www.pm.pb.gov.br\/portal\/2017\/12\/26\/operacao-boas-festas-apreende-34-armas-de-fogo-na-paraiba\/#breadcrumb"},"inLanguage":"pt-BR","potentialAction":[{"@type":"ReadAction","target":["https:\/\/www.pm.pb.gov.br\/portal\/2017\/12\/26\/operacao-boas-festas-apreende-34-armas-de-fogo-na-paraiba\/"]}]},{"@type":"BreadcrumbList","@id":"https:\/\/www.pm.pb.gov.br\/portal\/2017\/12\/26\/operacao-boas-festas-apreende-34-armas-de-fogo-na-paraiba\/#breadcrumb","itemListElement":[{"@type":"ListItem","position":1,"name":"In\u00edcio","item":"https:\/\/www.pm.pb.gov.br\/portal\/"},{"@type":"ListItem","position":2,"name":"Opera\u00e7\u00e3o Boas Festas apreende 34 armas de fogo na Para\u00edba"}]},{"@type":"WebSite","@id":"https:\/\/www.pm.pb.gov.br\/portal\/#website","url":"https:\/\/www.pm.pb.gov.br\/portal\/","name":"Pol\u00edcia Militar da Para\u00edba","description":"","publisher":{"@id":"https:\/\/www.pm.pb.gov.br\/portal\/#organization"},"potentialAction":[{"@type":"SearchAction","target":{"@type":"EntryPoint","urlTemplate":"https:\/\/www.pm.pb.gov.br\/portal\/?s={search_term_string}"},"query-input":"required name=search_term_string"}],"inLanguage":"pt-BR"},{"@type":"Organization","@id":"https:\/\/www.pm.pb.gov.br\/portal\/#organization","name":"Pol\u00edcia Militar da Para\u00edba","url":"https:\/\/www.pm.pb.gov.br\/portal\/","logo":{"@type":"ImageObject","inLanguage":"pt-BR","@id":"https:\/\/www.pm.pb.gov.br\/portal\/#\/schema\/logo\/image\/","url":"https:\/\/www.pm.pb.gov.br\/portal\/wp-content\/uploads\/2025\/03\/cropped-logo-site-mag2-1.png","contentUrl":"https:\/\/www.pm.pb.gov.br\/portal\/wp-content\/uploads\/2025\/03\/cropped-logo-site-mag2-1.png","width":320,"height":90,"caption":"Pol\u00edcia Militar da Para\u00edba"},"image":{"@id":"https:\/\/www.pm.pb.gov.br\/portal\/#\/schema\/logo\/image\/"}},{"@type":"Person","@id":"https:\/\/www.pm.pb.gov.br\/portal\/#\/schema\/person\/30d571652b38533c2211e4e89bf5a502","name":"Marcio Gomes dos Santos","image":{"@type":"ImageObject","inLanguage":"pt-BR","@id":"https:\/\/www.pm.pb.gov.br\/portal\/#\/schema\/person\/image\/","url":"https:\/\/secure.gravatar.com\/avatar\/cf4ec2cb690101e1581c7773aa350c19?s=96&d=mm&r=g","contentUrl":"https:\/\/secure.gravatar.com\/avatar\/cf4ec2cb690101e1581c7773aa350c19?s=96&d=mm&r=g","caption":"Marcio Gomes dos Santos"},"url":"https:\/\/www.pm.pb.gov.br\/portal\/author\/mgomes\/"}]}},"_links":{"self":[{"href":"https:\/\/www.pm.pb.gov.br\/portal\/wp-json\/wp\/v2\/posts\/896514"}],"collection":[{"href":"https:\/\/www.pm.pb.gov.br\/portal\/wp-json\/wp\/v2\/posts"}],"about":[{"href":"https:\/\/www.pm.pb.gov.br\/portal\/wp-json\/wp\/v2\/types\/post"}],"author":[{"embeddable":true,"href":"https:\/\/www.pm.pb.gov.br\/portal\/wp-json\/wp\/v2\/users\/15"}],"replies":[{"embeddable":true,"href":"https:\/\/www.pm.pb.gov.br\/portal\/wp-json\/wp\/v2\/comments?post=896514"}],"version-history":[{"count":1,"href":"https:\/\/www.pm.pb.gov.br\/portal\/wp-json\/wp\/v2\/posts\/896514\/revisions"}],"predecessor-version":[{"id":896515,"href":"https:\/\/www.pm.pb.gov.br\/portal\/wp-json\/wp\/v2\/posts\/896514\/revisions\/896515"}],"wp:featuredmedia":[{"embeddable":true,"href":"https:\/\/www.pm.pb.gov.br\/portal\/wp-json\/wp\/v2\/media\/896495"}],"wp:attachment":[{"href":"https:\/\/www.pm.pb.gov.br\/portal\/wp-json\/wp\/v2\/media?parent=896514"}],"wp:term":[{"taxonomy":"category","embeddable":true,"href":"https:\/\/www.pm.pb.gov.br\/portal\/wp-json\/wp\/v2\/categories?post=896514"},{"taxonomy":"post_tag","embeddable":true,"href":"https:\/\/www.pm.pb.gov.br\/portal\/wp-json\/wp\/v2\/tags?post=896514"}],"curies":[{"name":"wp","href":"https:\/\/api.w.org\/{rel}","templated":true}]}}