{"id":896494,"date":"2017-12-26T09:01:04","date_gmt":"2017-12-26T12:01:04","guid":{"rendered":"http:\/\/www.pm.pb.gov.br\/portal\/?p=896494"},"modified":"2017-12-26T09:01:04","modified_gmt":"2017-12-26T12:01:04","slug":"policia-militar-apreende-e-prende-suspeitos-por-trafico-e-por-porte-ilegal-de-armas-durante-noite-de-natal","status":"publish","type":"post","link":"https:\/\/www.pm.pb.gov.br\/portal\/2017\/12\/26\/policia-militar-apreende-e-prende-suspeitos-por-trafico-e-por-porte-ilegal-de-armas-durante-noite-de-natal\/","title":{"rendered":"Pol\u00edcia Militar apreende e prende suspeitos por tr\u00e1fico e por porte ilegal de armas durante noite de Natal"},"content":{"rendered":"<p style=\"text-align: justify;\">A Pol\u00edcia Militar montou um esquema de policiamento especial para a noite de Natal em toda Para\u00edba, e durante toda a noite foram intensificadas as blitzen, abordagens \u00e0 pessoa, ve\u00edculos suspeitos, \u00f4nibus, e bares, buscando oferecer maior sensa\u00e7\u00e3o de seguran\u00e7a \u00e0 popula\u00e7\u00e3o.<\/p>\n<p><img loading=\"lazy\" decoding=\"async\" class=\"wp-image-896492 alignright\" src=\"http:\/\/www.pm.pb.gov.br\/portal\/wp-content\/uploads\/2017\/12\/WhatsApp-Image-2017-12-24-at-23.17.57-1.jpg\" alt=\"\" width=\"377\" height=\"209\" srcset=\"https:\/\/www.pm.pb.gov.br\/portal\/wp-content\/uploads\/2017\/12\/WhatsApp-Image-2017-12-24-at-23.17.57-1.jpg 774w, https:\/\/www.pm.pb.gov.br\/portal\/wp-content\/uploads\/2017\/12\/WhatsApp-Image-2017-12-24-at-23.17.57-1-245x136.jpg 245w, https:\/\/www.pm.pb.gov.br\/portal\/wp-content\/uploads\/2017\/12\/WhatsApp-Image-2017-12-24-at-23.17.57-1-768x427.jpg 768w\" sizes=\"(max-width: 377px) 100vw, 377px\" \/><\/p>\n<p style=\"text-align: justify;\">Em Santa Rita-PB, policiais da Rotam do 7\u00ba Batalh\u00e3o de Pol\u00edcia Militar estavam em rondas na localidade conhecida por escadaria no Alto das Populares, quando presenciaram um jovem em atitude suspeita tentando esconder um objeto. Na abordagem, foi encontrado um rev\u00f3lver, calibre 38, com oito muni\u00e7\u00f5es.<\/p>\n<p style=\"text-align: justify;\">Segundo os policiais, o adolescente, de 16 anos, \u00e9 suspeito de cometer v\u00e1rios homic\u00eddios na regi\u00e3o, inclusive o da Esta\u00e7\u00e3o Ferrovi\u00e1ria em Santa Rita-PB, no \u00faltimo dia 14, ao qual executou um homem a tiros e ainda atingiu uma mulher pr\u00f3xima ao local. O adolescente foi apreendido e encaminhado \u00e0 Delegacia especializada.<\/p>\n<p style=\"text-align: justify;\">Em Campina Grande, dois indiv\u00edduos foram surpreendidos por policiais da For\u00e7a T\u00e1tica do 2\u00ba Batalh\u00e3o de Pol\u00edcia Militar quando traficavam. Os dois suspeitos, de 17 anos e 23 anos, estavam em posse de 26 papelotes de material semelhante \u00e0 maconha e 50 pedras de substancia semelhante a crack e certa quantia em dinheiro. Os dois suspeitos foram detidos e conduzidos \u00e0 Delegacia da cidade para os procedimentos cab\u00edveis.<\/p>\n","protected":false},"excerpt":{"rendered":"<p>A Pol\u00edcia Militar montou um esquema de policiamento especial para a noite de Natal em toda Para\u00edba, e durante toda<\/p>\n","protected":false},"author":15,"featured_media":896495,"comment_status":"closed","ping_status":"closed","sticky":false,"template":"","format":"standard","meta":{"_exactmetrics_skip_tracking":false,"_exactmetrics_sitenote_active":false,"_exactmetrics_sitenote_note":"","_exactmetrics_sitenote_category":0,"footnotes":""},"categories":[4],"tags":[],"yoast_head":"<!-- This site is optimized with the Yoast SEO plugin v22.0 - https:\/\/yoast.com\/wordpress\/plugins\/seo\/ -->\n<title>Pol\u00edcia Militar apreende e prende suspeitos por tr\u00e1fico e por porte ilegal de armas durante noite de Natal - Pol\u00edcia Militar da Para\u00edba<\/title>\n<meta name=\"robots\" content=\"index, follow, max-snippet:-1, max-image-preview:large, max-video-preview:-1\" \/>\n<link rel=\"canonical\" href=\"https:\/\/www.pm.pb.gov.br\/portal\/2017\/12\/26\/policia-militar-apreende-e-prende-suspeitos-por-trafico-e-por-porte-ilegal-de-armas-durante-noite-de-natal\/\" \/>\n<meta property=\"og:locale\" content=\"pt_BR\" \/>\n<meta property=\"og:type\" content=\"article\" \/>\n<meta property=\"og:title\" content=\"Pol\u00edcia Militar apreende e prende suspeitos por tr\u00e1fico e por porte ilegal de armas durante noite de Natal - Pol\u00edcia Militar da Para\u00edba\" \/>\n<meta property=\"og:description\" content=\"A Pol\u00edcia Militar montou um esquema de policiamento especial para a noite de Natal em toda Para\u00edba, e durante toda\" \/>\n<meta property=\"og:url\" content=\"https:\/\/www.pm.pb.gov.br\/portal\/2017\/12\/26\/policia-militar-apreende-e-prende-suspeitos-por-trafico-e-por-porte-ilegal-de-armas-durante-noite-de-natal\/\" \/>\n<meta property=\"og:site_name\" content=\"Pol\u00edcia Militar da Para\u00edba\" \/>\n<meta property=\"article:published_time\" content=\"2017-12-26T12:01:04+00:00\" \/>\n<meta property=\"og:image\" content=\"https:\/\/www.pm.pb.gov.br\/portal\/wp-content\/uploads\/2017\/12\/pris\u00e3o-natal1.jpg\" \/>\n\t<meta property=\"og:image:width\" content=\"800\" \/>\n\t<meta property=\"og:image:height\" content=\"445\" \/>\n\t<meta property=\"og:image:type\" content=\"image\/jpeg\" \/>\n<meta name=\"author\" content=\"Marcio Gomes dos Santos\" \/>\n<meta name=\"twitter:card\" content=\"summary_large_image\" \/>\n<meta name=\"twitter:label1\" content=\"Escrito por\" \/>\n\t<meta name=\"twitter:data1\" content=\"Marcio Gomes dos Santos\" \/>\n\t<meta name=\"twitter:label2\" content=\"Est. tempo de leitura\" \/>\n\t<meta name=\"twitter:data2\" content=\"1 minuto\" \/>\n<script type=\"application\/ld+json\" class=\"yoast-schema-graph\">{\"@context\":\"https:\/\/schema.org\",\"@graph\":[{\"@type\":\"Article\",\"@id\":\"https:\/\/www.pm.pb.gov.br\/portal\/2017\/12\/26\/policia-militar-apreende-e-prende-suspeitos-por-trafico-e-por-porte-ilegal-de-armas-durante-noite-de-natal\/#article\",\"isPartOf\":{\"@id\":\"https:\/\/www.pm.pb.gov.br\/portal\/2017\/12\/26\/policia-militar-apreende-e-prende-suspeitos-por-trafico-e-por-porte-ilegal-de-armas-durante-noite-de-natal\/\"},\"author\":{\"name\":\"Marcio Gomes dos Santos\",\"@id\":\"https:\/\/www.pm.pb.gov.br\/portal\/#\/schema\/person\/30d571652b38533c2211e4e89bf5a502\"},\"headline\":\"Pol\u00edcia Militar apreende e prende suspeitos por tr\u00e1fico e por porte ilegal de armas durante noite de Natal\",\"datePublished\":\"2017-12-26T12:01:04+00:00\",\"dateModified\":\"2017-12-26T12:01:04+00:00\",\"mainEntityOfPage\":{\"@id\":\"https:\/\/www.pm.pb.gov.br\/portal\/2017\/12\/26\/policia-militar-apreende-e-prende-suspeitos-por-trafico-e-por-porte-ilegal-de-armas-durante-noite-de-natal\/\"},\"wordCount\":235,\"publisher\":{\"@id\":\"https:\/\/www.pm.pb.gov.br\/portal\/#organization\"},\"articleSection\":[\"A\u00e7\u00f5es Policiais\"],\"inLanguage\":\"pt-BR\"},{\"@type\":\"WebPage\",\"@id\":\"https:\/\/www.pm.pb.gov.br\/portal\/2017\/12\/26\/policia-militar-apreende-e-prende-suspeitos-por-trafico-e-por-porte-ilegal-de-armas-durante-noite-de-natal\/\",\"url\":\"https:\/\/www.pm.pb.gov.br\/portal\/2017\/12\/26\/policia-militar-apreende-e-prende-suspeitos-por-trafico-e-por-porte-ilegal-de-armas-durante-noite-de-natal\/\",\"name\":\"Pol\u00edcia Militar apreende e prende suspeitos por tr\u00e1fico e por porte ilegal de armas durante noite de Natal - Pol\u00edcia Militar da Para\u00edba\",\"isPartOf\":{\"@id\":\"https:\/\/www.pm.pb.gov.br\/portal\/#website\"},\"datePublished\":\"2017-12-26T12:01:04+00:00\",\"dateModified\":\"2017-12-26T12:01:04+00:00\",\"breadcrumb\":{\"@id\":\"https:\/\/www.pm.pb.gov.br\/portal\/2017\/12\/26\/policia-militar-apreende-e-prende-suspeitos-por-trafico-e-por-porte-ilegal-de-armas-durante-noite-de-natal\/#breadcrumb\"},\"inLanguage\":\"pt-BR\",\"potentialAction\":[{\"@type\":\"ReadAction\",\"target\":[\"https:\/\/www.pm.pb.gov.br\/portal\/2017\/12\/26\/policia-militar-apreende-e-prende-suspeitos-por-trafico-e-por-porte-ilegal-de-armas-durante-noite-de-natal\/\"]}]},{\"@type\":\"BreadcrumbList\",\"@id\":\"https:\/\/www.pm.pb.gov.br\/portal\/2017\/12\/26\/policia-militar-apreende-e-prende-suspeitos-por-trafico-e-por-porte-ilegal-de-armas-durante-noite-de-natal\/#breadcrumb\",\"itemListElement\":[{\"@type\":\"ListItem\",\"position\":1,\"name\":\"In\u00edcio\",\"item\":\"https:\/\/www.pm.pb.gov.br\/portal\/\"},{\"@type\":\"ListItem\",\"position\":2,\"name\":\"Pol\u00edcia Militar apreende e prende suspeitos por tr\u00e1fico e por porte ilegal de armas durante noite de Natal\"}]},{\"@type\":\"WebSite\",\"@id\":\"https:\/\/www.pm.pb.gov.br\/portal\/#website\",\"url\":\"https:\/\/www.pm.pb.gov.br\/portal\/\",\"name\":\"Pol\u00edcia Militar da Para\u00edba\",\"description\":\"\",\"publisher\":{\"@id\":\"https:\/\/www.pm.pb.gov.br\/portal\/#organization\"},\"potentialAction\":[{\"@type\":\"SearchAction\",\"target\":{\"@type\":\"EntryPoint\",\"urlTemplate\":\"https:\/\/www.pm.pb.gov.br\/portal\/?s={search_term_string}\"},\"query-input\":\"required name=search_term_string\"}],\"inLanguage\":\"pt-BR\"},{\"@type\":\"Organization\",\"@id\":\"https:\/\/www.pm.pb.gov.br\/portal\/#organization\",\"name\":\"Pol\u00edcia Militar da Para\u00edba\",\"url\":\"https:\/\/www.pm.pb.gov.br\/portal\/\",\"logo\":{\"@type\":\"ImageObject\",\"inLanguage\":\"pt-BR\",\"@id\":\"https:\/\/www.pm.pb.gov.br\/portal\/#\/schema\/logo\/image\/\",\"url\":\"https:\/\/www.pm.pb.gov.br\/portal\/wp-content\/uploads\/2025\/03\/cropped-logo-site-mag2-1.png\",\"contentUrl\":\"https:\/\/www.pm.pb.gov.br\/portal\/wp-content\/uploads\/2025\/03\/cropped-logo-site-mag2-1.png\",\"width\":320,\"height\":90,\"caption\":\"Pol\u00edcia Militar da Para\u00edba\"},\"image\":{\"@id\":\"https:\/\/www.pm.pb.gov.br\/portal\/#\/schema\/logo\/image\/\"}},{\"@type\":\"Person\",\"@id\":\"https:\/\/www.pm.pb.gov.br\/portal\/#\/schema\/person\/30d571652b38533c2211e4e89bf5a502\",\"name\":\"Marcio Gomes dos Santos\",\"image\":{\"@type\":\"ImageObject\",\"inLanguage\":\"pt-BR\",\"@id\":\"https:\/\/www.pm.pb.gov.br\/portal\/#\/schema\/person\/image\/\",\"url\":\"https:\/\/secure.gravatar.com\/avatar\/cf4ec2cb690101e1581c7773aa350c19?s=96&d=mm&r=g\",\"contentUrl\":\"https:\/\/secure.gravatar.com\/avatar\/cf4ec2cb690101e1581c7773aa350c19?s=96&d=mm&r=g\",\"caption\":\"Marcio Gomes dos Santos\"},\"url\":\"https:\/\/www.pm.pb.gov.br\/portal\/author\/mgomes\/\"}]}<\/script>\n<!-- \/ Yoast SEO plugin. -->","yoast_head_json":{"title":"Pol\u00edcia Militar apreende e prende suspeitos por tr\u00e1fico e por porte ilegal de armas durante noite de Natal - Pol\u00edcia Militar da Para\u00edba","robots":{"index":"index","follow":"follow","max-snippet":"max-snippet:-1","max-image-preview":"max-image-preview:large","max-video-preview":"max-video-preview:-1"},"canonical":"https:\/\/www.pm.pb.gov.br\/portal\/2017\/12\/26\/policia-militar-apreende-e-prende-suspeitos-por-trafico-e-por-porte-ilegal-de-armas-durante-noite-de-natal\/","og_locale":"pt_BR","og_type":"article","og_title":"Pol\u00edcia Militar apreende e prende suspeitos por tr\u00e1fico e por porte ilegal de armas durante noite de Natal - Pol\u00edcia Militar da Para\u00edba","og_description":"A Pol\u00edcia Militar montou um esquema de policiamento especial para a noite de Natal em toda Para\u00edba, e durante toda","og_url":"https:\/\/www.pm.pb.gov.br\/portal\/2017\/12\/26\/policia-militar-apreende-e-prende-suspeitos-por-trafico-e-por-porte-ilegal-de-armas-durante-noite-de-natal\/","og_site_name":"Pol\u00edcia Militar da Para\u00edba","article_published_time":"2017-12-26T12:01:04+00:00","og_image":[{"width":800,"height":445,"url":"https:\/\/www.pm.pb.gov.br\/portal\/wp-content\/uploads\/2017\/12\/pris\u00e3o-natal1.jpg","type":"image\/jpeg"}],"author":"Marcio Gomes dos Santos","twitter_card":"summary_large_image","twitter_misc":{"Escrito por":"Marcio Gomes dos Santos","Est. tempo de leitura":"1 minuto"},"schema":{"@context":"https:\/\/schema.org","@graph":[{"@type":"Article","@id":"https:\/\/www.pm.pb.gov.br\/portal\/2017\/12\/26\/policia-militar-apreende-e-prende-suspeitos-por-trafico-e-por-porte-ilegal-de-armas-durante-noite-de-natal\/#article","isPartOf":{"@id":"https:\/\/www.pm.pb.gov.br\/portal\/2017\/12\/26\/policia-militar-apreende-e-prende-suspeitos-por-trafico-e-por-porte-ilegal-de-armas-durante-noite-de-natal\/"},"author":{"name":"Marcio Gomes dos Santos","@id":"https:\/\/www.pm.pb.gov.br\/portal\/#\/schema\/person\/30d571652b38533c2211e4e89bf5a502"},"headline":"Pol\u00edcia Militar apreende e prende suspeitos por tr\u00e1fico e por porte ilegal de armas durante noite de Natal","datePublished":"2017-12-26T12:01:04+00:00","dateModified":"2017-12-26T12:01:04+00:00","mainEntityOfPage":{"@id":"https:\/\/www.pm.pb.gov.br\/portal\/2017\/12\/26\/policia-militar-apreende-e-prende-suspeitos-por-trafico-e-por-porte-ilegal-de-armas-durante-noite-de-natal\/"},"wordCount":235,"publisher":{"@id":"https:\/\/www.pm.pb.gov.br\/portal\/#organization"},"articleSection":["A\u00e7\u00f5es Policiais"],"inLanguage":"pt-BR"},{"@type":"WebPage","@id":"https:\/\/www.pm.pb.gov.br\/portal\/2017\/12\/26\/policia-militar-apreende-e-prende-suspeitos-por-trafico-e-por-porte-ilegal-de-armas-durante-noite-de-natal\/","url":"https:\/\/www.pm.pb.gov.br\/portal\/2017\/12\/26\/policia-militar-apreende-e-prende-suspeitos-por-trafico-e-por-porte-ilegal-de-armas-durante-noite-de-natal\/","name":"Pol\u00edcia Militar apreende e prende suspeitos por tr\u00e1fico e por porte ilegal de armas durante noite de Natal - Pol\u00edcia Militar da Para\u00edba","isPartOf":{"@id":"https:\/\/www.pm.pb.gov.br\/portal\/#website"},"datePublished":"2017-12-26T12:01:04+00:00","dateModified":"2017-12-26T12:01:04+00:00","breadcrumb":{"@id":"https:\/\/www.pm.pb.gov.br\/portal\/2017\/12\/26\/policia-militar-apreende-e-prende-suspeitos-por-trafico-e-por-porte-ilegal-de-armas-durante-noite-de-natal\/#breadcrumb"},"inLanguage":"pt-BR","potentialAction":[{"@type":"ReadAction","target":["https:\/\/www.pm.pb.gov.br\/portal\/2017\/12\/26\/policia-militar-apreende-e-prende-suspeitos-por-trafico-e-por-porte-ilegal-de-armas-durante-noite-de-natal\/"]}]},{"@type":"BreadcrumbList","@id":"https:\/\/www.pm.pb.gov.br\/portal\/2017\/12\/26\/policia-militar-apreende-e-prende-suspeitos-por-trafico-e-por-porte-ilegal-de-armas-durante-noite-de-natal\/#breadcrumb","itemListElement":[{"@type":"ListItem","position":1,"name":"In\u00edcio","item":"https:\/\/www.pm.pb.gov.br\/portal\/"},{"@type":"ListItem","position":2,"name":"Pol\u00edcia Militar apreende e prende suspeitos por tr\u00e1fico e por porte ilegal de armas durante noite de Natal"}]},{"@type":"WebSite","@id":"https:\/\/www.pm.pb.gov.br\/portal\/#website","url":"https:\/\/www.pm.pb.gov.br\/portal\/","name":"Pol\u00edcia Militar da Para\u00edba","description":"","publisher":{"@id":"https:\/\/www.pm.pb.gov.br\/portal\/#organization"},"potentialAction":[{"@type":"SearchAction","target":{"@type":"EntryPoint","urlTemplate":"https:\/\/www.pm.pb.gov.br\/portal\/?s={search_term_string}"},"query-input":"required name=search_term_string"}],"inLanguage":"pt-BR"},{"@type":"Organization","@id":"https:\/\/www.pm.pb.gov.br\/portal\/#organization","name":"Pol\u00edcia Militar da Para\u00edba","url":"https:\/\/www.pm.pb.gov.br\/portal\/","logo":{"@type":"ImageObject","inLanguage":"pt-BR","@id":"https:\/\/www.pm.pb.gov.br\/portal\/#\/schema\/logo\/image\/","url":"https:\/\/www.pm.pb.gov.br\/portal\/wp-content\/uploads\/2025\/03\/cropped-logo-site-mag2-1.png","contentUrl":"https:\/\/www.pm.pb.gov.br\/portal\/wp-content\/uploads\/2025\/03\/cropped-logo-site-mag2-1.png","width":320,"height":90,"caption":"Pol\u00edcia Militar da Para\u00edba"},"image":{"@id":"https:\/\/www.pm.pb.gov.br\/portal\/#\/schema\/logo\/image\/"}},{"@type":"Person","@id":"https:\/\/www.pm.pb.gov.br\/portal\/#\/schema\/person\/30d571652b38533c2211e4e89bf5a502","name":"Marcio Gomes dos Santos","image":{"@type":"ImageObject","inLanguage":"pt-BR","@id":"https:\/\/www.pm.pb.gov.br\/portal\/#\/schema\/person\/image\/","url":"https:\/\/secure.gravatar.com\/avatar\/cf4ec2cb690101e1581c7773aa350c19?s=96&d=mm&r=g","contentUrl":"https:\/\/secure.gravatar.com\/avatar\/cf4ec2cb690101e1581c7773aa350c19?s=96&d=mm&r=g","caption":"Marcio Gomes dos Santos"},"url":"https:\/\/www.pm.pb.gov.br\/portal\/author\/mgomes\/"}]}},"_links":{"self":[{"href":"https:\/\/www.pm.pb.gov.br\/portal\/wp-json\/wp\/v2\/posts\/896494"}],"collection":[{"href":"https:\/\/www.pm.pb.gov.br\/portal\/wp-json\/wp\/v2\/posts"}],"about":[{"href":"https:\/\/www.pm.pb.gov.br\/portal\/wp-json\/wp\/v2\/types\/post"}],"author":[{"embeddable":true,"href":"https:\/\/www.pm.pb.gov.br\/portal\/wp-json\/wp\/v2\/users\/15"}],"replies":[{"embeddable":true,"href":"https:\/\/www.pm.pb.gov.br\/portal\/wp-json\/wp\/v2\/comments?post=896494"}],"version-history":[{"count":1,"href":"https:\/\/www.pm.pb.gov.br\/portal\/wp-json\/wp\/v2\/posts\/896494\/revisions"}],"predecessor-version":[{"id":896496,"href":"https:\/\/www.pm.pb.gov.br\/portal\/wp-json\/wp\/v2\/posts\/896494\/revisions\/896496"}],"wp:featuredmedia":[{"embeddable":true,"href":"https:\/\/www.pm.pb.gov.br\/portal\/wp-json\/wp\/v2\/media\/896495"}],"wp:attachment":[{"href":"https:\/\/www.pm.pb.gov.br\/portal\/wp-json\/wp\/v2\/media?parent=896494"}],"wp:term":[{"taxonomy":"category","embeddable":true,"href":"https:\/\/www.pm.pb.gov.br\/portal\/wp-json\/wp\/v2\/categories?post=896494"},{"taxonomy":"post_tag","embeddable":true,"href":"https:\/\/www.pm.pb.gov.br\/portal\/wp-json\/wp\/v2\/tags?post=896494"}],"curies":[{"name":"wp","href":"https:\/\/api.w.org\/{rel}","templated":true}]}}