{"id":896470,"date":"2017-12-22T13:41:04","date_gmt":"2017-12-22T16:41:04","guid":{"rendered":"http:\/\/www.pm.pb.gov.br\/portal\/?p=896470"},"modified":"2017-12-22T13:41:04","modified_gmt":"2017-12-22T16:41:04","slug":"operacao-divisa-segura-prende-11-pessoas-nos-estados-da-paraiba-e-pernambuco","status":"publish","type":"post","link":"https:\/\/www.pm.pb.gov.br\/portal\/2017\/12\/22\/operacao-divisa-segura-prende-11-pessoas-nos-estados-da-paraiba-e-pernambuco\/","title":{"rendered":"Opera\u00e7\u00e3o Divisa Segura prende 11 pessoas nos estados da Para\u00edba e Pernambuco"},"content":{"rendered":"<p style=\"text-align: justify;\">As Pol\u00edcias Civil, Militar e Corpo de Bombeiros dos estados da Para\u00edba e Pernambuco retomaram na madrugada desta sexta-feira (22) a \u2018Opera\u00e7\u00e3o Divisa Segura\u2019, que tem como objetivo cumprir mandados de pris\u00e3o, de busca e apreens\u00e3o e fortalecer a seguran\u00e7a na regi\u00e3o lim\u00edtrofe entre os dois estados.<\/p>\n<p style=\"text-align: justify;\">O trabalho integrado reuniu um efetivo de 80 policiais paraibanos e 60 policiais pernambucanos. Foram presas 11 pessoas nos dois Estados e ainda tr\u00eas armas de fogo apreendidas (rev\u00f3lver calibre 38 e uma pistola 765) e mais de 16 mandados de busca e apreens\u00e3o cumpridos.<\/p>\n<p style=\"text-align: justify;\">A 1\u00aa fase da opera\u00e7\u00e3o abrange as divisas entre as \u00e1reas de Alhandra (PB)\/Goiana (PE), Itabaiana (PB)\/Santa Cruz do Capibaribe (PE) e Queimadas (PB)\/Limoeiro (PE), com a\u00e7\u00f5es de satura\u00e7\u00e3o, e abordagens a pessoas e ve\u00edculos, que devem acontecer durante todo o dia e tamb\u00e9m contam com patrulhamento realizado por duas aeronaves de ambos os estados.<\/p>\n<p style=\"text-align: justify;\">Outras fases da opera\u00e7\u00e3o ser\u00e3o realizadas nos pr\u00f3ximos dias. Em Pernambuco, as pris\u00f5es ocorreram no munic\u00edpio de Surubim e na Para\u00edba foram nas cidades de Caapor\u00e3, Pedras de Fogo, Santa Cec\u00edlia e Alhandra.<\/p>\n<p style=\"text-align: justify;\">Os presos na regi\u00e3o do Litoral Sul, em Jo\u00e3o Pessoa, foram levados para a Central de Pol\u00edcia Civil, no bairro do Geisel. Os criminosos presos no interior do Estado foram encaminhados para a 11\u00aa Delegacia Seccional, com sede em Queimadas.<\/p>\n<p style=\"text-align: justify;\">\u201cA a\u00e7\u00e3o realizada nesta sexta-feira demarca a retomada da \u2018Opera\u00e7\u00e3o Divisa Segura\u2019, que estava suspensa. O objetivo \u00e9 que outras fases sejam desencadeadas e contem com a presen\u00e7a das for\u00e7as policiais de outros estados do Nordeste, como o Rio Grande do Norte e Cear\u00e1\u201d, frisou o secret\u00e1rio da Seguran\u00e7a e Defesa Social da Para\u00edba, Cl\u00e1udio Lima.<\/p>\n","protected":false},"excerpt":{"rendered":"<p>As Pol\u00edcias Civil, Militar e Corpo de Bombeiros dos estados da Para\u00edba e Pernambuco retomaram na madrugada desta sexta-feira (22)<\/p>\n","protected":false},"author":12,"featured_media":896471,"comment_status":"closed","ping_status":"closed","sticky":false,"template":"","format":"standard","meta":{"_exactmetrics_skip_tracking":false,"_exactmetrics_sitenote_active":false,"_exactmetrics_sitenote_note":"","_exactmetrics_sitenote_category":0,"footnotes":""},"categories":[4],"tags":[],"yoast_head":"<!-- This site is optimized with the Yoast SEO plugin v22.0 - https:\/\/yoast.com\/wordpress\/plugins\/seo\/ -->\n<title>Opera\u00e7\u00e3o Divisa Segura prende 11 pessoas nos estados da Para\u00edba e Pernambuco - Pol\u00edcia Militar da Para\u00edba<\/title>\n<meta name=\"robots\" content=\"index, follow, max-snippet:-1, max-image-preview:large, max-video-preview:-1\" \/>\n<link rel=\"canonical\" href=\"https:\/\/www.pm.pb.gov.br\/portal\/2017\/12\/22\/operacao-divisa-segura-prende-11-pessoas-nos-estados-da-paraiba-e-pernambuco\/\" \/>\n<meta property=\"og:locale\" content=\"pt_BR\" \/>\n<meta property=\"og:type\" content=\"article\" \/>\n<meta property=\"og:title\" content=\"Opera\u00e7\u00e3o Divisa Segura prende 11 pessoas nos estados da Para\u00edba e Pernambuco - Pol\u00edcia Militar da Para\u00edba\" \/>\n<meta property=\"og:description\" content=\"As Pol\u00edcias Civil, Militar e Corpo de Bombeiros dos estados da Para\u00edba e Pernambuco retomaram na madrugada desta sexta-feira (22)\" \/>\n<meta property=\"og:url\" content=\"https:\/\/www.pm.pb.gov.br\/portal\/2017\/12\/22\/operacao-divisa-segura-prende-11-pessoas-nos-estados-da-paraiba-e-pernambuco\/\" \/>\n<meta property=\"og:site_name\" content=\"Pol\u00edcia Militar da Para\u00edba\" \/>\n<meta property=\"article:published_time\" content=\"2017-12-22T16:41:04+00:00\" \/>\n<meta property=\"og:image\" content=\"https:\/\/www.pm.pb.gov.br\/portal\/wp-content\/uploads\/2017\/12\/operacaodivisasegura.jpg\" \/>\n\t<meta property=\"og:image:width\" content=\"800\" \/>\n\t<meta property=\"og:image:height\" content=\"445\" \/>\n\t<meta property=\"og:image:type\" content=\"image\/jpeg\" \/>\n<meta name=\"author\" content=\"Tarcisio Oliveira\" \/>\n<meta name=\"twitter:card\" content=\"summary_large_image\" \/>\n<meta name=\"twitter:label1\" content=\"Escrito por\" \/>\n\t<meta name=\"twitter:data1\" content=\"Tarcisio Oliveira\" \/>\n\t<meta name=\"twitter:label2\" content=\"Est. tempo de leitura\" \/>\n\t<meta name=\"twitter:data2\" content=\"2 minutos\" \/>\n<script type=\"application\/ld+json\" class=\"yoast-schema-graph\">{\"@context\":\"https:\/\/schema.org\",\"@graph\":[{\"@type\":\"Article\",\"@id\":\"https:\/\/www.pm.pb.gov.br\/portal\/2017\/12\/22\/operacao-divisa-segura-prende-11-pessoas-nos-estados-da-paraiba-e-pernambuco\/#article\",\"isPartOf\":{\"@id\":\"https:\/\/www.pm.pb.gov.br\/portal\/2017\/12\/22\/operacao-divisa-segura-prende-11-pessoas-nos-estados-da-paraiba-e-pernambuco\/\"},\"author\":{\"name\":\"Tarcisio Oliveira\",\"@id\":\"https:\/\/www.pm.pb.gov.br\/portal\/#\/schema\/person\/f84f56dcc78ce4357054da888b8247fd\"},\"headline\":\"Opera\u00e7\u00e3o Divisa Segura prende 11 pessoas nos estados da Para\u00edba e Pernambuco\",\"datePublished\":\"2017-12-22T16:41:04+00:00\",\"dateModified\":\"2017-12-22T16:41:04+00:00\",\"mainEntityOfPage\":{\"@id\":\"https:\/\/www.pm.pb.gov.br\/portal\/2017\/12\/22\/operacao-divisa-segura-prende-11-pessoas-nos-estados-da-paraiba-e-pernambuco\/\"},\"wordCount\":316,\"publisher\":{\"@id\":\"https:\/\/www.pm.pb.gov.br\/portal\/#organization\"},\"articleSection\":[\"A\u00e7\u00f5es Policiais\"],\"inLanguage\":\"pt-BR\"},{\"@type\":\"WebPage\",\"@id\":\"https:\/\/www.pm.pb.gov.br\/portal\/2017\/12\/22\/operacao-divisa-segura-prende-11-pessoas-nos-estados-da-paraiba-e-pernambuco\/\",\"url\":\"https:\/\/www.pm.pb.gov.br\/portal\/2017\/12\/22\/operacao-divisa-segura-prende-11-pessoas-nos-estados-da-paraiba-e-pernambuco\/\",\"name\":\"Opera\u00e7\u00e3o Divisa Segura prende 11 pessoas nos estados da Para\u00edba e Pernambuco - Pol\u00edcia Militar da Para\u00edba\",\"isPartOf\":{\"@id\":\"https:\/\/www.pm.pb.gov.br\/portal\/#website\"},\"datePublished\":\"2017-12-22T16:41:04+00:00\",\"dateModified\":\"2017-12-22T16:41:04+00:00\",\"breadcrumb\":{\"@id\":\"https:\/\/www.pm.pb.gov.br\/portal\/2017\/12\/22\/operacao-divisa-segura-prende-11-pessoas-nos-estados-da-paraiba-e-pernambuco\/#breadcrumb\"},\"inLanguage\":\"pt-BR\",\"potentialAction\":[{\"@type\":\"ReadAction\",\"target\":[\"https:\/\/www.pm.pb.gov.br\/portal\/2017\/12\/22\/operacao-divisa-segura-prende-11-pessoas-nos-estados-da-paraiba-e-pernambuco\/\"]}]},{\"@type\":\"BreadcrumbList\",\"@id\":\"https:\/\/www.pm.pb.gov.br\/portal\/2017\/12\/22\/operacao-divisa-segura-prende-11-pessoas-nos-estados-da-paraiba-e-pernambuco\/#breadcrumb\",\"itemListElement\":[{\"@type\":\"ListItem\",\"position\":1,\"name\":\"In\u00edcio\",\"item\":\"https:\/\/www.pm.pb.gov.br\/portal\/\"},{\"@type\":\"ListItem\",\"position\":2,\"name\":\"Opera\u00e7\u00e3o Divisa Segura prende 11 pessoas nos estados da Para\u00edba e Pernambuco\"}]},{\"@type\":\"WebSite\",\"@id\":\"https:\/\/www.pm.pb.gov.br\/portal\/#website\",\"url\":\"https:\/\/www.pm.pb.gov.br\/portal\/\",\"name\":\"Pol\u00edcia Militar da Para\u00edba\",\"description\":\"\",\"publisher\":{\"@id\":\"https:\/\/www.pm.pb.gov.br\/portal\/#organization\"},\"potentialAction\":[{\"@type\":\"SearchAction\",\"target\":{\"@type\":\"EntryPoint\",\"urlTemplate\":\"https:\/\/www.pm.pb.gov.br\/portal\/?s={search_term_string}\"},\"query-input\":\"required name=search_term_string\"}],\"inLanguage\":\"pt-BR\"},{\"@type\":\"Organization\",\"@id\":\"https:\/\/www.pm.pb.gov.br\/portal\/#organization\",\"name\":\"Pol\u00edcia Militar da Para\u00edba\",\"url\":\"https:\/\/www.pm.pb.gov.br\/portal\/\",\"logo\":{\"@type\":\"ImageObject\",\"inLanguage\":\"pt-BR\",\"@id\":\"https:\/\/www.pm.pb.gov.br\/portal\/#\/schema\/logo\/image\/\",\"url\":\"https:\/\/www.pm.pb.gov.br\/portal\/wp-content\/uploads\/2025\/03\/cropped-logo-site-mag2-1.png\",\"contentUrl\":\"https:\/\/www.pm.pb.gov.br\/portal\/wp-content\/uploads\/2025\/03\/cropped-logo-site-mag2-1.png\",\"width\":320,\"height\":90,\"caption\":\"Pol\u00edcia Militar da Para\u00edba\"},\"image\":{\"@id\":\"https:\/\/www.pm.pb.gov.br\/portal\/#\/schema\/logo\/image\/\"}},{\"@type\":\"Person\",\"@id\":\"https:\/\/www.pm.pb.gov.br\/portal\/#\/schema\/person\/f84f56dcc78ce4357054da888b8247fd\",\"name\":\"Tarcisio Oliveira\",\"image\":{\"@type\":\"ImageObject\",\"inLanguage\":\"pt-BR\",\"@id\":\"https:\/\/www.pm.pb.gov.br\/portal\/#\/schema\/person\/image\/\",\"url\":\"https:\/\/secure.gravatar.com\/avatar\/72917b630b69d31cd0297507f34bac97?s=96&d=mm&r=g\",\"contentUrl\":\"https:\/\/secure.gravatar.com\/avatar\/72917b630b69d31cd0297507f34bac97?s=96&d=mm&r=g\",\"caption\":\"Tarcisio Oliveira\"},\"url\":\"https:\/\/www.pm.pb.gov.br\/portal\/author\/tarcisio\/\"}]}<\/script>\n<!-- \/ Yoast SEO plugin. -->","yoast_head_json":{"title":"Opera\u00e7\u00e3o Divisa Segura prende 11 pessoas nos estados da Para\u00edba e Pernambuco - Pol\u00edcia Militar da Para\u00edba","robots":{"index":"index","follow":"follow","max-snippet":"max-snippet:-1","max-image-preview":"max-image-preview:large","max-video-preview":"max-video-preview:-1"},"canonical":"https:\/\/www.pm.pb.gov.br\/portal\/2017\/12\/22\/operacao-divisa-segura-prende-11-pessoas-nos-estados-da-paraiba-e-pernambuco\/","og_locale":"pt_BR","og_type":"article","og_title":"Opera\u00e7\u00e3o Divisa Segura prende 11 pessoas nos estados da Para\u00edba e Pernambuco - Pol\u00edcia Militar da Para\u00edba","og_description":"As Pol\u00edcias Civil, Militar e Corpo de Bombeiros dos estados da Para\u00edba e Pernambuco retomaram na madrugada desta sexta-feira (22)","og_url":"https:\/\/www.pm.pb.gov.br\/portal\/2017\/12\/22\/operacao-divisa-segura-prende-11-pessoas-nos-estados-da-paraiba-e-pernambuco\/","og_site_name":"Pol\u00edcia Militar da Para\u00edba","article_published_time":"2017-12-22T16:41:04+00:00","og_image":[{"width":800,"height":445,"url":"https:\/\/www.pm.pb.gov.br\/portal\/wp-content\/uploads\/2017\/12\/operacaodivisasegura.jpg","type":"image\/jpeg"}],"author":"Tarcisio Oliveira","twitter_card":"summary_large_image","twitter_misc":{"Escrito por":"Tarcisio Oliveira","Est. tempo de leitura":"2 minutos"},"schema":{"@context":"https:\/\/schema.org","@graph":[{"@type":"Article","@id":"https:\/\/www.pm.pb.gov.br\/portal\/2017\/12\/22\/operacao-divisa-segura-prende-11-pessoas-nos-estados-da-paraiba-e-pernambuco\/#article","isPartOf":{"@id":"https:\/\/www.pm.pb.gov.br\/portal\/2017\/12\/22\/operacao-divisa-segura-prende-11-pessoas-nos-estados-da-paraiba-e-pernambuco\/"},"author":{"name":"Tarcisio Oliveira","@id":"https:\/\/www.pm.pb.gov.br\/portal\/#\/schema\/person\/f84f56dcc78ce4357054da888b8247fd"},"headline":"Opera\u00e7\u00e3o Divisa Segura prende 11 pessoas nos estados da Para\u00edba e Pernambuco","datePublished":"2017-12-22T16:41:04+00:00","dateModified":"2017-12-22T16:41:04+00:00","mainEntityOfPage":{"@id":"https:\/\/www.pm.pb.gov.br\/portal\/2017\/12\/22\/operacao-divisa-segura-prende-11-pessoas-nos-estados-da-paraiba-e-pernambuco\/"},"wordCount":316,"publisher":{"@id":"https:\/\/www.pm.pb.gov.br\/portal\/#organization"},"articleSection":["A\u00e7\u00f5es Policiais"],"inLanguage":"pt-BR"},{"@type":"WebPage","@id":"https:\/\/www.pm.pb.gov.br\/portal\/2017\/12\/22\/operacao-divisa-segura-prende-11-pessoas-nos-estados-da-paraiba-e-pernambuco\/","url":"https:\/\/www.pm.pb.gov.br\/portal\/2017\/12\/22\/operacao-divisa-segura-prende-11-pessoas-nos-estados-da-paraiba-e-pernambuco\/","name":"Opera\u00e7\u00e3o Divisa Segura prende 11 pessoas nos estados da Para\u00edba e Pernambuco - Pol\u00edcia Militar da Para\u00edba","isPartOf":{"@id":"https:\/\/www.pm.pb.gov.br\/portal\/#website"},"datePublished":"2017-12-22T16:41:04+00:00","dateModified":"2017-12-22T16:41:04+00:00","breadcrumb":{"@id":"https:\/\/www.pm.pb.gov.br\/portal\/2017\/12\/22\/operacao-divisa-segura-prende-11-pessoas-nos-estados-da-paraiba-e-pernambuco\/#breadcrumb"},"inLanguage":"pt-BR","potentialAction":[{"@type":"ReadAction","target":["https:\/\/www.pm.pb.gov.br\/portal\/2017\/12\/22\/operacao-divisa-segura-prende-11-pessoas-nos-estados-da-paraiba-e-pernambuco\/"]}]},{"@type":"BreadcrumbList","@id":"https:\/\/www.pm.pb.gov.br\/portal\/2017\/12\/22\/operacao-divisa-segura-prende-11-pessoas-nos-estados-da-paraiba-e-pernambuco\/#breadcrumb","itemListElement":[{"@type":"ListItem","position":1,"name":"In\u00edcio","item":"https:\/\/www.pm.pb.gov.br\/portal\/"},{"@type":"ListItem","position":2,"name":"Opera\u00e7\u00e3o Divisa Segura prende 11 pessoas nos estados da Para\u00edba e Pernambuco"}]},{"@type":"WebSite","@id":"https:\/\/www.pm.pb.gov.br\/portal\/#website","url":"https:\/\/www.pm.pb.gov.br\/portal\/","name":"Pol\u00edcia Militar da Para\u00edba","description":"","publisher":{"@id":"https:\/\/www.pm.pb.gov.br\/portal\/#organization"},"potentialAction":[{"@type":"SearchAction","target":{"@type":"EntryPoint","urlTemplate":"https:\/\/www.pm.pb.gov.br\/portal\/?s={search_term_string}"},"query-input":"required name=search_term_string"}],"inLanguage":"pt-BR"},{"@type":"Organization","@id":"https:\/\/www.pm.pb.gov.br\/portal\/#organization","name":"Pol\u00edcia Militar da Para\u00edba","url":"https:\/\/www.pm.pb.gov.br\/portal\/","logo":{"@type":"ImageObject","inLanguage":"pt-BR","@id":"https:\/\/www.pm.pb.gov.br\/portal\/#\/schema\/logo\/image\/","url":"https:\/\/www.pm.pb.gov.br\/portal\/wp-content\/uploads\/2025\/03\/cropped-logo-site-mag2-1.png","contentUrl":"https:\/\/www.pm.pb.gov.br\/portal\/wp-content\/uploads\/2025\/03\/cropped-logo-site-mag2-1.png","width":320,"height":90,"caption":"Pol\u00edcia Militar da Para\u00edba"},"image":{"@id":"https:\/\/www.pm.pb.gov.br\/portal\/#\/schema\/logo\/image\/"}},{"@type":"Person","@id":"https:\/\/www.pm.pb.gov.br\/portal\/#\/schema\/person\/f84f56dcc78ce4357054da888b8247fd","name":"Tarcisio Oliveira","image":{"@type":"ImageObject","inLanguage":"pt-BR","@id":"https:\/\/www.pm.pb.gov.br\/portal\/#\/schema\/person\/image\/","url":"https:\/\/secure.gravatar.com\/avatar\/72917b630b69d31cd0297507f34bac97?s=96&d=mm&r=g","contentUrl":"https:\/\/secure.gravatar.com\/avatar\/72917b630b69d31cd0297507f34bac97?s=96&d=mm&r=g","caption":"Tarcisio Oliveira"},"url":"https:\/\/www.pm.pb.gov.br\/portal\/author\/tarcisio\/"}]}},"_links":{"self":[{"href":"https:\/\/www.pm.pb.gov.br\/portal\/wp-json\/wp\/v2\/posts\/896470"}],"collection":[{"href":"https:\/\/www.pm.pb.gov.br\/portal\/wp-json\/wp\/v2\/posts"}],"about":[{"href":"https:\/\/www.pm.pb.gov.br\/portal\/wp-json\/wp\/v2\/types\/post"}],"author":[{"embeddable":true,"href":"https:\/\/www.pm.pb.gov.br\/portal\/wp-json\/wp\/v2\/users\/12"}],"replies":[{"embeddable":true,"href":"https:\/\/www.pm.pb.gov.br\/portal\/wp-json\/wp\/v2\/comments?post=896470"}],"version-history":[{"count":1,"href":"https:\/\/www.pm.pb.gov.br\/portal\/wp-json\/wp\/v2\/posts\/896470\/revisions"}],"predecessor-version":[{"id":896472,"href":"https:\/\/www.pm.pb.gov.br\/portal\/wp-json\/wp\/v2\/posts\/896470\/revisions\/896472"}],"wp:featuredmedia":[{"embeddable":true,"href":"https:\/\/www.pm.pb.gov.br\/portal\/wp-json\/wp\/v2\/media\/896471"}],"wp:attachment":[{"href":"https:\/\/www.pm.pb.gov.br\/portal\/wp-json\/wp\/v2\/media?parent=896470"}],"wp:term":[{"taxonomy":"category","embeddable":true,"href":"https:\/\/www.pm.pb.gov.br\/portal\/wp-json\/wp\/v2\/categories?post=896470"},{"taxonomy":"post_tag","embeddable":true,"href":"https:\/\/www.pm.pb.gov.br\/portal\/wp-json\/wp\/v2\/tags?post=896470"}],"curies":[{"name":"wp","href":"https:\/\/api.w.org\/{rel}","templated":true}]}}