{"id":896413,"date":"2017-12-18T10:28:34","date_gmt":"2017-12-18T13:28:34","guid":{"rendered":"http:\/\/www.pm.pb.gov.br\/portal\/?p=896413"},"modified":"2017-12-18T10:28:34","modified_gmt":"2017-12-18T13:28:34","slug":"policia-militar-prende-suspeito-de-integrar-quadrilha-de-ataques-a-bancos-e-apreende-mais-de-50-explosivos-na-capital","status":"publish","type":"post","link":"https:\/\/www.pm.pb.gov.br\/portal\/2017\/12\/18\/policia-militar-prende-suspeito-de-integrar-quadrilha-de-ataques-a-bancos-e-apreende-mais-de-50-explosivos-na-capital\/","title":{"rendered":"Pol\u00edcia Militar prende suspeito de integrar quadrilha de ataques a bancos e apreende mais de 50 explosivos na Capital"},"content":{"rendered":"<p style=\"text-align: justify;\">A Pol\u00edcia Militar prendeu, nesse domingo (17), um dos principais suspeitos de integrar uma quadrilha que vinha realizando ataques a ag\u00eancias banc\u00e1rias e dos Correios, no Litoral da Para\u00edba. O homem, que tem 27 anos, foi preso por equipes da For\u00e7a Regional em uma casa, no bairro dos Banc\u00e1rios, zona sul da Capital, onde foram apreendidas 53 bananas de dinamites e 1 kg de coca\u00edna.<\/p>\n<p style=\"text-align: justify;\">Os explosivos, segundo os levantamentos preliminares, seriam usados em a\u00e7\u00f5es contra bancos da Regi\u00e3o Metropolitana de Jo\u00e3o Pessoa e do Agreste do Estado, nesta semana, inclusive o preso teria sido visto com um comparsa perto de uma ag\u00eancia banc\u00e1ria da Avenida Epit\u00e1cio Pessoa, no fim da noite do s\u00e1bado (16), na Capital, mas fugiu ao perceber a chegada das tropas especializadas da Pol\u00edcia Militar.<\/p>\n<p style=\"text-align: justify;\">O comandante da For\u00e7a Regional, capit\u00e3o Davi Batista, que coordenou a pris\u00e3o, contou que na delegacia foi descoberto que o preso pretendia sequestrar, nos pr\u00f3ximos dias, o gerente do banco de uma cidade do Agreste e iria lev\u00e1-lo at\u00e9 a ag\u00eancia para tentar abrir o cofre. \u201cEle estava com as fotos do gerente e da casa onde ele mora, que fica em um bairro daqui de Jo\u00e3o Pessoa, e pretendia fazer esse sequestro para lev\u00e1-lo at\u00e9 a ag\u00eancia, com o objetivo de abrir o cofre, planejando inclusive em deixar a esposa da v\u00edtima sendo mantida como ref\u00e9m enquanto o crime era praticado\u201d, disse.<\/p>\n<figure id=\"attachment_896414\" aria-describedby=\"caption-attachment-896414\" style=\"width: 464px\" class=\"wp-caption aligncenter\"><img loading=\"lazy\" decoding=\"async\" class=\"wp-image-896414\" src=\"http:\/\/www.pm.pb.gov.br\/portal\/wp-content\/uploads\/2017\/12\/b2dc828f-c204-4659-932a-8940c6b3808d-593x445.jpg\" alt=\"\" width=\"464\" height=\"348\" srcset=\"https:\/\/www.pm.pb.gov.br\/portal\/wp-content\/uploads\/2017\/12\/b2dc828f-c204-4659-932a-8940c6b3808d-593x445.jpg 593w, https:\/\/www.pm.pb.gov.br\/portal\/wp-content\/uploads\/2017\/12\/b2dc828f-c204-4659-932a-8940c6b3808d-768x576.jpg 768w, https:\/\/www.pm.pb.gov.br\/portal\/wp-content\/uploads\/2017\/12\/b2dc828f-c204-4659-932a-8940c6b3808d-760x570.jpg 760w, https:\/\/www.pm.pb.gov.br\/portal\/wp-content\/uploads\/2017\/12\/b2dc828f-c204-4659-932a-8940c6b3808d.jpg 1032w\" sizes=\"(max-width: 464px) 100vw, 464px\" \/><figcaption id=\"caption-attachment-896414\" class=\"wp-caption-text\"><span style=\"font-size: 10pt;\">Suspeito e material apreendido foram apresentados na Central de Pol\u00edcia<\/span><\/figcaption><\/figure>\n<p style=\"text-align: justify;\"><strong>No Litoral Norte<\/strong> &#8211; O suspeito teria participado, na \u00faltima quarta-feira (13), da explos\u00e3o a ag\u00eancia dos Correios e tentativa contra o Bradesco, na cidade de Mataraca, onde houve um confronto com os policiais militares da regi\u00e3o. Uma semana antes, ou seja, no come\u00e7o deste m\u00eas, a quadrilha que o preso fazia parte havia realizado uma a\u00e7\u00e3o contra o Banco do Brasil de Jacara\u00fa.<\/p>\n<p style=\"text-align: justify;\">Esta foi a 5\u00aa vez que ele foi preso. O acusado j\u00e1 havia sido conduzido at\u00e9 uma delegacia outras quatro vezes por tr\u00e1fico de drogas e tem uma condena\u00e7\u00e3o de 17 anos e 8 meses de pris\u00e3o, mas havia fugido quando passou para o regime semiaberto.<\/p>\n<p style=\"text-align: justify;\">O preso e todo o material apreendido foram apresentados na Central de Pol\u00edcia Civil, no Geisel.<\/p>\n","protected":false},"excerpt":{"rendered":"<p>A Pol\u00edcia Militar prendeu, nesse domingo (17), um dos principais suspeitos de integrar uma quadrilha que vinha realizando ataques a<\/p>\n","protected":false},"author":12,"featured_media":896403,"comment_status":"closed","ping_status":"closed","sticky":false,"template":"","format":"standard","meta":{"_exactmetrics_skip_tracking":false,"_exactmetrics_sitenote_active":false,"_exactmetrics_sitenote_note":"","_exactmetrics_sitenote_category":0,"footnotes":""},"categories":[4],"tags":[],"yoast_head":"<!-- This site is optimized with the Yoast SEO plugin v22.0 - https:\/\/yoast.com\/wordpress\/plugins\/seo\/ -->\n<title>Pol\u00edcia Militar prende suspeito de integrar quadrilha de ataques a bancos e apreende mais de 50 explosivos na Capital - Pol\u00edcia Militar da Para\u00edba<\/title>\n<meta name=\"robots\" content=\"index, follow, max-snippet:-1, max-image-preview:large, max-video-preview:-1\" \/>\n<link rel=\"canonical\" href=\"https:\/\/www.pm.pb.gov.br\/portal\/2017\/12\/18\/policia-militar-prende-suspeito-de-integrar-quadrilha-de-ataques-a-bancos-e-apreende-mais-de-50-explosivos-na-capital\/\" \/>\n<meta property=\"og:locale\" content=\"pt_BR\" \/>\n<meta property=\"og:type\" content=\"article\" \/>\n<meta property=\"og:title\" content=\"Pol\u00edcia Militar prende suspeito de integrar quadrilha de ataques a bancos e apreende mais de 50 explosivos na Capital - Pol\u00edcia Militar da Para\u00edba\" \/>\n<meta property=\"og:description\" content=\"A Pol\u00edcia Militar prendeu, nesse domingo (17), um dos principais suspeitos de integrar uma quadrilha que vinha realizando ataques a\" \/>\n<meta property=\"og:url\" content=\"https:\/\/www.pm.pb.gov.br\/portal\/2017\/12\/18\/policia-militar-prende-suspeito-de-integrar-quadrilha-de-ataques-a-bancos-e-apreende-mais-de-50-explosivos-na-capital\/\" \/>\n<meta property=\"og:site_name\" content=\"Pol\u00edcia Militar da Para\u00edba\" \/>\n<meta property=\"article:published_time\" content=\"2017-12-18T13:28:34+00:00\" \/>\n<meta property=\"og:image\" content=\"https:\/\/www.pm.pb.gov.br\/portal\/wp-content\/uploads\/2017\/12\/apreensaoexplosivos.jpg\" \/>\n\t<meta property=\"og:image:width\" content=\"800\" \/>\n\t<meta property=\"og:image:height\" content=\"445\" \/>\n\t<meta property=\"og:image:type\" content=\"image\/jpeg\" \/>\n<meta name=\"author\" content=\"Tarcisio Oliveira\" \/>\n<meta name=\"twitter:card\" content=\"summary_large_image\" \/>\n<meta name=\"twitter:label1\" content=\"Escrito por\" \/>\n\t<meta name=\"twitter:data1\" content=\"Tarcisio Oliveira\" \/>\n\t<meta name=\"twitter:label2\" content=\"Est. tempo de leitura\" \/>\n\t<meta name=\"twitter:data2\" content=\"2 minutos\" \/>\n<script type=\"application\/ld+json\" class=\"yoast-schema-graph\">{\"@context\":\"https:\/\/schema.org\",\"@graph\":[{\"@type\":\"Article\",\"@id\":\"https:\/\/www.pm.pb.gov.br\/portal\/2017\/12\/18\/policia-militar-prende-suspeito-de-integrar-quadrilha-de-ataques-a-bancos-e-apreende-mais-de-50-explosivos-na-capital\/#article\",\"isPartOf\":{\"@id\":\"https:\/\/www.pm.pb.gov.br\/portal\/2017\/12\/18\/policia-militar-prende-suspeito-de-integrar-quadrilha-de-ataques-a-bancos-e-apreende-mais-de-50-explosivos-na-capital\/\"},\"author\":{\"name\":\"Tarcisio Oliveira\",\"@id\":\"https:\/\/www.pm.pb.gov.br\/portal\/#\/schema\/person\/f84f56dcc78ce4357054da888b8247fd\"},\"headline\":\"Pol\u00edcia Militar prende suspeito de integrar quadrilha de ataques a bancos e apreende mais de 50 explosivos na Capital\",\"datePublished\":\"2017-12-18T13:28:34+00:00\",\"dateModified\":\"2017-12-18T13:28:34+00:00\",\"mainEntityOfPage\":{\"@id\":\"https:\/\/www.pm.pb.gov.br\/portal\/2017\/12\/18\/policia-militar-prende-suspeito-de-integrar-quadrilha-de-ataques-a-bancos-e-apreende-mais-de-50-explosivos-na-capital\/\"},\"wordCount\":422,\"publisher\":{\"@id\":\"https:\/\/www.pm.pb.gov.br\/portal\/#organization\"},\"articleSection\":[\"A\u00e7\u00f5es Policiais\"],\"inLanguage\":\"pt-BR\"},{\"@type\":\"WebPage\",\"@id\":\"https:\/\/www.pm.pb.gov.br\/portal\/2017\/12\/18\/policia-militar-prende-suspeito-de-integrar-quadrilha-de-ataques-a-bancos-e-apreende-mais-de-50-explosivos-na-capital\/\",\"url\":\"https:\/\/www.pm.pb.gov.br\/portal\/2017\/12\/18\/policia-militar-prende-suspeito-de-integrar-quadrilha-de-ataques-a-bancos-e-apreende-mais-de-50-explosivos-na-capital\/\",\"name\":\"Pol\u00edcia Militar prende suspeito de integrar quadrilha de ataques a bancos e apreende mais de 50 explosivos na Capital - Pol\u00edcia Militar da Para\u00edba\",\"isPartOf\":{\"@id\":\"https:\/\/www.pm.pb.gov.br\/portal\/#website\"},\"datePublished\":\"2017-12-18T13:28:34+00:00\",\"dateModified\":\"2017-12-18T13:28:34+00:00\",\"breadcrumb\":{\"@id\":\"https:\/\/www.pm.pb.gov.br\/portal\/2017\/12\/18\/policia-militar-prende-suspeito-de-integrar-quadrilha-de-ataques-a-bancos-e-apreende-mais-de-50-explosivos-na-capital\/#breadcrumb\"},\"inLanguage\":\"pt-BR\",\"potentialAction\":[{\"@type\":\"ReadAction\",\"target\":[\"https:\/\/www.pm.pb.gov.br\/portal\/2017\/12\/18\/policia-militar-prende-suspeito-de-integrar-quadrilha-de-ataques-a-bancos-e-apreende-mais-de-50-explosivos-na-capital\/\"]}]},{\"@type\":\"BreadcrumbList\",\"@id\":\"https:\/\/www.pm.pb.gov.br\/portal\/2017\/12\/18\/policia-militar-prende-suspeito-de-integrar-quadrilha-de-ataques-a-bancos-e-apreende-mais-de-50-explosivos-na-capital\/#breadcrumb\",\"itemListElement\":[{\"@type\":\"ListItem\",\"position\":1,\"name\":\"In\u00edcio\",\"item\":\"https:\/\/www.pm.pb.gov.br\/portal\/\"},{\"@type\":\"ListItem\",\"position\":2,\"name\":\"Pol\u00edcia Militar prende suspeito de integrar quadrilha de ataques a bancos e apreende mais de 50 explosivos na Capital\"}]},{\"@type\":\"WebSite\",\"@id\":\"https:\/\/www.pm.pb.gov.br\/portal\/#website\",\"url\":\"https:\/\/www.pm.pb.gov.br\/portal\/\",\"name\":\"Pol\u00edcia Militar da Para\u00edba\",\"description\":\"\",\"publisher\":{\"@id\":\"https:\/\/www.pm.pb.gov.br\/portal\/#organization\"},\"potentialAction\":[{\"@type\":\"SearchAction\",\"target\":{\"@type\":\"EntryPoint\",\"urlTemplate\":\"https:\/\/www.pm.pb.gov.br\/portal\/?s={search_term_string}\"},\"query-input\":\"required name=search_term_string\"}],\"inLanguage\":\"pt-BR\"},{\"@type\":\"Organization\",\"@id\":\"https:\/\/www.pm.pb.gov.br\/portal\/#organization\",\"name\":\"Pol\u00edcia Militar da Para\u00edba\",\"url\":\"https:\/\/www.pm.pb.gov.br\/portal\/\",\"logo\":{\"@type\":\"ImageObject\",\"inLanguage\":\"pt-BR\",\"@id\":\"https:\/\/www.pm.pb.gov.br\/portal\/#\/schema\/logo\/image\/\",\"url\":\"https:\/\/www.pm.pb.gov.br\/portal\/wp-content\/uploads\/2025\/03\/cropped-logo-site-mag2-1.png\",\"contentUrl\":\"https:\/\/www.pm.pb.gov.br\/portal\/wp-content\/uploads\/2025\/03\/cropped-logo-site-mag2-1.png\",\"width\":320,\"height\":90,\"caption\":\"Pol\u00edcia Militar da Para\u00edba\"},\"image\":{\"@id\":\"https:\/\/www.pm.pb.gov.br\/portal\/#\/schema\/logo\/image\/\"}},{\"@type\":\"Person\",\"@id\":\"https:\/\/www.pm.pb.gov.br\/portal\/#\/schema\/person\/f84f56dcc78ce4357054da888b8247fd\",\"name\":\"Tarcisio Oliveira\",\"image\":{\"@type\":\"ImageObject\",\"inLanguage\":\"pt-BR\",\"@id\":\"https:\/\/www.pm.pb.gov.br\/portal\/#\/schema\/person\/image\/\",\"url\":\"https:\/\/secure.gravatar.com\/avatar\/72917b630b69d31cd0297507f34bac97?s=96&d=mm&r=g\",\"contentUrl\":\"https:\/\/secure.gravatar.com\/avatar\/72917b630b69d31cd0297507f34bac97?s=96&d=mm&r=g\",\"caption\":\"Tarcisio Oliveira\"},\"url\":\"https:\/\/www.pm.pb.gov.br\/portal\/author\/tarcisio\/\"}]}<\/script>\n<!-- \/ Yoast SEO plugin. -->","yoast_head_json":{"title":"Pol\u00edcia Militar prende suspeito de integrar quadrilha de ataques a bancos e apreende mais de 50 explosivos na Capital - Pol\u00edcia Militar da Para\u00edba","robots":{"index":"index","follow":"follow","max-snippet":"max-snippet:-1","max-image-preview":"max-image-preview:large","max-video-preview":"max-video-preview:-1"},"canonical":"https:\/\/www.pm.pb.gov.br\/portal\/2017\/12\/18\/policia-militar-prende-suspeito-de-integrar-quadrilha-de-ataques-a-bancos-e-apreende-mais-de-50-explosivos-na-capital\/","og_locale":"pt_BR","og_type":"article","og_title":"Pol\u00edcia Militar prende suspeito de integrar quadrilha de ataques a bancos e apreende mais de 50 explosivos na Capital - Pol\u00edcia Militar da Para\u00edba","og_description":"A Pol\u00edcia Militar prendeu, nesse domingo (17), um dos principais suspeitos de integrar uma quadrilha que vinha realizando ataques a","og_url":"https:\/\/www.pm.pb.gov.br\/portal\/2017\/12\/18\/policia-militar-prende-suspeito-de-integrar-quadrilha-de-ataques-a-bancos-e-apreende-mais-de-50-explosivos-na-capital\/","og_site_name":"Pol\u00edcia Militar da Para\u00edba","article_published_time":"2017-12-18T13:28:34+00:00","og_image":[{"width":800,"height":445,"url":"https:\/\/www.pm.pb.gov.br\/portal\/wp-content\/uploads\/2017\/12\/apreensaoexplosivos.jpg","type":"image\/jpeg"}],"author":"Tarcisio Oliveira","twitter_card":"summary_large_image","twitter_misc":{"Escrito por":"Tarcisio Oliveira","Est. tempo de leitura":"2 minutos"},"schema":{"@context":"https:\/\/schema.org","@graph":[{"@type":"Article","@id":"https:\/\/www.pm.pb.gov.br\/portal\/2017\/12\/18\/policia-militar-prende-suspeito-de-integrar-quadrilha-de-ataques-a-bancos-e-apreende-mais-de-50-explosivos-na-capital\/#article","isPartOf":{"@id":"https:\/\/www.pm.pb.gov.br\/portal\/2017\/12\/18\/policia-militar-prende-suspeito-de-integrar-quadrilha-de-ataques-a-bancos-e-apreende-mais-de-50-explosivos-na-capital\/"},"author":{"name":"Tarcisio Oliveira","@id":"https:\/\/www.pm.pb.gov.br\/portal\/#\/schema\/person\/f84f56dcc78ce4357054da888b8247fd"},"headline":"Pol\u00edcia Militar prende suspeito de integrar quadrilha de ataques a bancos e apreende mais de 50 explosivos na Capital","datePublished":"2017-12-18T13:28:34+00:00","dateModified":"2017-12-18T13:28:34+00:00","mainEntityOfPage":{"@id":"https:\/\/www.pm.pb.gov.br\/portal\/2017\/12\/18\/policia-militar-prende-suspeito-de-integrar-quadrilha-de-ataques-a-bancos-e-apreende-mais-de-50-explosivos-na-capital\/"},"wordCount":422,"publisher":{"@id":"https:\/\/www.pm.pb.gov.br\/portal\/#organization"},"articleSection":["A\u00e7\u00f5es Policiais"],"inLanguage":"pt-BR"},{"@type":"WebPage","@id":"https:\/\/www.pm.pb.gov.br\/portal\/2017\/12\/18\/policia-militar-prende-suspeito-de-integrar-quadrilha-de-ataques-a-bancos-e-apreende-mais-de-50-explosivos-na-capital\/","url":"https:\/\/www.pm.pb.gov.br\/portal\/2017\/12\/18\/policia-militar-prende-suspeito-de-integrar-quadrilha-de-ataques-a-bancos-e-apreende-mais-de-50-explosivos-na-capital\/","name":"Pol\u00edcia Militar prende suspeito de integrar quadrilha de ataques a bancos e apreende mais de 50 explosivos na Capital - Pol\u00edcia Militar da Para\u00edba","isPartOf":{"@id":"https:\/\/www.pm.pb.gov.br\/portal\/#website"},"datePublished":"2017-12-18T13:28:34+00:00","dateModified":"2017-12-18T13:28:34+00:00","breadcrumb":{"@id":"https:\/\/www.pm.pb.gov.br\/portal\/2017\/12\/18\/policia-militar-prende-suspeito-de-integrar-quadrilha-de-ataques-a-bancos-e-apreende-mais-de-50-explosivos-na-capital\/#breadcrumb"},"inLanguage":"pt-BR","potentialAction":[{"@type":"ReadAction","target":["https:\/\/www.pm.pb.gov.br\/portal\/2017\/12\/18\/policia-militar-prende-suspeito-de-integrar-quadrilha-de-ataques-a-bancos-e-apreende-mais-de-50-explosivos-na-capital\/"]}]},{"@type":"BreadcrumbList","@id":"https:\/\/www.pm.pb.gov.br\/portal\/2017\/12\/18\/policia-militar-prende-suspeito-de-integrar-quadrilha-de-ataques-a-bancos-e-apreende-mais-de-50-explosivos-na-capital\/#breadcrumb","itemListElement":[{"@type":"ListItem","position":1,"name":"In\u00edcio","item":"https:\/\/www.pm.pb.gov.br\/portal\/"},{"@type":"ListItem","position":2,"name":"Pol\u00edcia Militar prende suspeito de integrar quadrilha de ataques a bancos e apreende mais de 50 explosivos na Capital"}]},{"@type":"WebSite","@id":"https:\/\/www.pm.pb.gov.br\/portal\/#website","url":"https:\/\/www.pm.pb.gov.br\/portal\/","name":"Pol\u00edcia Militar da Para\u00edba","description":"","publisher":{"@id":"https:\/\/www.pm.pb.gov.br\/portal\/#organization"},"potentialAction":[{"@type":"SearchAction","target":{"@type":"EntryPoint","urlTemplate":"https:\/\/www.pm.pb.gov.br\/portal\/?s={search_term_string}"},"query-input":"required name=search_term_string"}],"inLanguage":"pt-BR"},{"@type":"Organization","@id":"https:\/\/www.pm.pb.gov.br\/portal\/#organization","name":"Pol\u00edcia Militar da Para\u00edba","url":"https:\/\/www.pm.pb.gov.br\/portal\/","logo":{"@type":"ImageObject","inLanguage":"pt-BR","@id":"https:\/\/www.pm.pb.gov.br\/portal\/#\/schema\/logo\/image\/","url":"https:\/\/www.pm.pb.gov.br\/portal\/wp-content\/uploads\/2025\/03\/cropped-logo-site-mag2-1.png","contentUrl":"https:\/\/www.pm.pb.gov.br\/portal\/wp-content\/uploads\/2025\/03\/cropped-logo-site-mag2-1.png","width":320,"height":90,"caption":"Pol\u00edcia Militar da Para\u00edba"},"image":{"@id":"https:\/\/www.pm.pb.gov.br\/portal\/#\/schema\/logo\/image\/"}},{"@type":"Person","@id":"https:\/\/www.pm.pb.gov.br\/portal\/#\/schema\/person\/f84f56dcc78ce4357054da888b8247fd","name":"Tarcisio Oliveira","image":{"@type":"ImageObject","inLanguage":"pt-BR","@id":"https:\/\/www.pm.pb.gov.br\/portal\/#\/schema\/person\/image\/","url":"https:\/\/secure.gravatar.com\/avatar\/72917b630b69d31cd0297507f34bac97?s=96&d=mm&r=g","contentUrl":"https:\/\/secure.gravatar.com\/avatar\/72917b630b69d31cd0297507f34bac97?s=96&d=mm&r=g","caption":"Tarcisio Oliveira"},"url":"https:\/\/www.pm.pb.gov.br\/portal\/author\/tarcisio\/"}]}},"_links":{"self":[{"href":"https:\/\/www.pm.pb.gov.br\/portal\/wp-json\/wp\/v2\/posts\/896413"}],"collection":[{"href":"https:\/\/www.pm.pb.gov.br\/portal\/wp-json\/wp\/v2\/posts"}],"about":[{"href":"https:\/\/www.pm.pb.gov.br\/portal\/wp-json\/wp\/v2\/types\/post"}],"author":[{"embeddable":true,"href":"https:\/\/www.pm.pb.gov.br\/portal\/wp-json\/wp\/v2\/users\/12"}],"replies":[{"embeddable":true,"href":"https:\/\/www.pm.pb.gov.br\/portal\/wp-json\/wp\/v2\/comments?post=896413"}],"version-history":[{"count":1,"href":"https:\/\/www.pm.pb.gov.br\/portal\/wp-json\/wp\/v2\/posts\/896413\/revisions"}],"predecessor-version":[{"id":896415,"href":"https:\/\/www.pm.pb.gov.br\/portal\/wp-json\/wp\/v2\/posts\/896413\/revisions\/896415"}],"wp:featuredmedia":[{"embeddable":true,"href":"https:\/\/www.pm.pb.gov.br\/portal\/wp-json\/wp\/v2\/media\/896403"}],"wp:attachment":[{"href":"https:\/\/www.pm.pb.gov.br\/portal\/wp-json\/wp\/v2\/media?parent=896413"}],"wp:term":[{"taxonomy":"category","embeddable":true,"href":"https:\/\/www.pm.pb.gov.br\/portal\/wp-json\/wp\/v2\/categories?post=896413"},{"taxonomy":"post_tag","embeddable":true,"href":"https:\/\/www.pm.pb.gov.br\/portal\/wp-json\/wp\/v2\/tags?post=896413"}],"curies":[{"name":"wp","href":"https:\/\/api.w.org\/{rel}","templated":true}]}}