{"id":896411,"date":"2017-12-18T10:21:52","date_gmt":"2017-12-18T13:21:52","guid":{"rendered":"http:\/\/www.pm.pb.gov.br\/portal\/?p=896411"},"modified":"2017-12-18T10:21:52","modified_gmt":"2017-12-18T13:21:52","slug":"policia-militar-prende-suspeito-de-realizar-arrastoes-em-bares-do-bairro-do-bessa","status":"publish","type":"post","link":"https:\/\/www.pm.pb.gov.br\/portal\/2017\/12\/18\/policia-militar-prende-suspeito-de-realizar-arrastoes-em-bares-do-bairro-do-bessa\/","title":{"rendered":"Pol\u00edcia Militar prende suspeito de realizar arrast\u00f5es em bares do bairro do Bessa"},"content":{"rendered":"<p style=\"text-align: justify;\">A Pol\u00edcia Militar prendeu em flagrante, no fim da noite desse domingo (17), um estudante de Enfermagem que \u00e9 suspeito de praticar com um comparsa v\u00e1rios assaltos a clientes de bares localizados no bairro do Bessa, em Jo\u00e3o Pessoa. O estudante, que tem 25 anos, estava em um carro com as mesmas caracter\u00edsticas do ve\u00edculo que vinha sendo apontado por v\u00edtimas de roubos nos bairros do Bessa e de Mana\u00edra, nas \u00faltimas duas semanas.<\/p>\n<p style=\"text-align: justify;\">Ele foi preso quando tentava entrar no condom\u00ednio onde morava, tamb\u00e9m no Bessa. Com o suspeito, foram recuperados um rel\u00f3gio roubado de um funcion\u00e1rio p\u00fablico, a carteira de um comerciante e apreendida uma pequena quantidade de maconha. Horas depois da pris\u00e3o, a PM recuperou um outro carro que ele e o comparsa tinham tomado por assalto em um bar da Avenida Fernando Luiz Henriques dos Santos.<\/p>\n<p style=\"text-align: justify;\">Na persegui\u00e7\u00e3o, os suspeitos chegaram a atirar contra a viatura da Pol\u00edcia Militar, mas o preso, a princ\u00edpio, alegou que os tiros teriam sido praticados pelo amigo dele, que teria fugido com a arma no carro que foi recuperado depois. O outro criminoso segue sendo procurado.<\/p>\n<h1 style=\"text-align: justify;\"><\/h1>\n<h1 style=\"text-align: justify;\"><\/h1>\n<p style=\"text-align: justify;\"><strong>Arma do crime j\u00e1 foi localizada<\/strong> \u2013 A Pol\u00edcia Militar apreendeu, no come\u00e7o da manh\u00e3 desta segunda-feira (18), o rev\u00f3lver calibre 38 que teria sido usado para amea\u00e7ar as v\u00edtimas nos assaltos e atirar contra a viatura da PM (foto acima). A arma foi localizada na frente de uma casa, na Avenida Governador Argemiro de Figueiredo, o que levanta a suspeita de que teria sido o pr\u00f3prio estudante preso o respons\u00e1vel pelos disparos contra os policiais, j\u00e1 que a arma foi encontrada no trajeto usado por ele para tentar fugir da pris\u00e3o.<\/p>\n<p style=\"text-align: justify;\">O caso foi levado para a Central de Pol\u00edcia Civil, que vai investigar os assaltos e tamb\u00e9m os disparos contra os policiais. O suspeito j\u00e1 responde a um processo por tr\u00e1fico de drogas.<\/p>\n","protected":false},"excerpt":{"rendered":"<p>A Pol\u00edcia Militar prendeu em flagrante, no fim da noite desse domingo (17), um estudante de Enfermagem que \u00e9 suspeito<\/p>\n","protected":false},"author":12,"featured_media":896404,"comment_status":"closed","ping_status":"closed","sticky":false,"template":"","format":"standard","meta":{"_exactmetrics_skip_tracking":false,"_exactmetrics_sitenote_active":false,"_exactmetrics_sitenote_note":"","_exactmetrics_sitenote_category":0,"footnotes":""},"categories":[4],"tags":[],"yoast_head":"<!-- This site is optimized with the Yoast SEO plugin v22.0 - https:\/\/yoast.com\/wordpress\/plugins\/seo\/ -->\n<title>Pol\u00edcia Militar prende suspeito de realizar arrast\u00f5es em bares do bairro do Bessa - Pol\u00edcia Militar da Para\u00edba<\/title>\n<meta name=\"robots\" content=\"index, follow, max-snippet:-1, max-image-preview:large, max-video-preview:-1\" \/>\n<link rel=\"canonical\" href=\"https:\/\/www.pm.pb.gov.br\/portal\/2017\/12\/18\/policia-militar-prende-suspeito-de-realizar-arrastoes-em-bares-do-bairro-do-bessa\/\" \/>\n<meta property=\"og:locale\" content=\"pt_BR\" \/>\n<meta property=\"og:type\" content=\"article\" \/>\n<meta property=\"og:title\" content=\"Pol\u00edcia Militar prende suspeito de realizar arrast\u00f5es em bares do bairro do Bessa - Pol\u00edcia Militar da Para\u00edba\" \/>\n<meta property=\"og:description\" content=\"A Pol\u00edcia Militar prendeu em flagrante, no fim da noite desse domingo (17), um estudante de Enfermagem que \u00e9 suspeito\" \/>\n<meta property=\"og:url\" content=\"https:\/\/www.pm.pb.gov.br\/portal\/2017\/12\/18\/policia-militar-prende-suspeito-de-realizar-arrastoes-em-bares-do-bairro-do-bessa\/\" \/>\n<meta property=\"og:site_name\" content=\"Pol\u00edcia Militar da Para\u00edba\" \/>\n<meta property=\"article:published_time\" content=\"2017-12-18T13:21:52+00:00\" \/>\n<meta property=\"og:image\" content=\"https:\/\/www.pm.pb.gov.br\/portal\/wp-content\/uploads\/2017\/12\/armaapreendida.jpg\" \/>\n\t<meta property=\"og:image:width\" content=\"800\" \/>\n\t<meta property=\"og:image:height\" content=\"445\" \/>\n\t<meta property=\"og:image:type\" content=\"image\/jpeg\" \/>\n<meta name=\"author\" content=\"Tarcisio Oliveira\" \/>\n<meta name=\"twitter:card\" content=\"summary_large_image\" \/>\n<meta name=\"twitter:label1\" content=\"Escrito por\" \/>\n\t<meta name=\"twitter:data1\" content=\"Tarcisio Oliveira\" \/>\n\t<meta name=\"twitter:label2\" content=\"Est. tempo de leitura\" \/>\n\t<meta name=\"twitter:data2\" content=\"2 minutos\" \/>\n<script type=\"application\/ld+json\" class=\"yoast-schema-graph\">{\"@context\":\"https:\/\/schema.org\",\"@graph\":[{\"@type\":\"Article\",\"@id\":\"https:\/\/www.pm.pb.gov.br\/portal\/2017\/12\/18\/policia-militar-prende-suspeito-de-realizar-arrastoes-em-bares-do-bairro-do-bessa\/#article\",\"isPartOf\":{\"@id\":\"https:\/\/www.pm.pb.gov.br\/portal\/2017\/12\/18\/policia-militar-prende-suspeito-de-realizar-arrastoes-em-bares-do-bairro-do-bessa\/\"},\"author\":{\"name\":\"Tarcisio Oliveira\",\"@id\":\"https:\/\/www.pm.pb.gov.br\/portal\/#\/schema\/person\/f84f56dcc78ce4357054da888b8247fd\"},\"headline\":\"Pol\u00edcia Militar prende suspeito de realizar arrast\u00f5es em bares do bairro do Bessa\",\"datePublished\":\"2017-12-18T13:21:52+00:00\",\"dateModified\":\"2017-12-18T13:21:52+00:00\",\"mainEntityOfPage\":{\"@id\":\"https:\/\/www.pm.pb.gov.br\/portal\/2017\/12\/18\/policia-militar-prende-suspeito-de-realizar-arrastoes-em-bares-do-bairro-do-bessa\/\"},\"wordCount\":347,\"publisher\":{\"@id\":\"https:\/\/www.pm.pb.gov.br\/portal\/#organization\"},\"articleSection\":[\"A\u00e7\u00f5es Policiais\"],\"inLanguage\":\"pt-BR\"},{\"@type\":\"WebPage\",\"@id\":\"https:\/\/www.pm.pb.gov.br\/portal\/2017\/12\/18\/policia-militar-prende-suspeito-de-realizar-arrastoes-em-bares-do-bairro-do-bessa\/\",\"url\":\"https:\/\/www.pm.pb.gov.br\/portal\/2017\/12\/18\/policia-militar-prende-suspeito-de-realizar-arrastoes-em-bares-do-bairro-do-bessa\/\",\"name\":\"Pol\u00edcia Militar prende suspeito de realizar arrast\u00f5es em bares do bairro do Bessa - Pol\u00edcia Militar da Para\u00edba\",\"isPartOf\":{\"@id\":\"https:\/\/www.pm.pb.gov.br\/portal\/#website\"},\"datePublished\":\"2017-12-18T13:21:52+00:00\",\"dateModified\":\"2017-12-18T13:21:52+00:00\",\"breadcrumb\":{\"@id\":\"https:\/\/www.pm.pb.gov.br\/portal\/2017\/12\/18\/policia-militar-prende-suspeito-de-realizar-arrastoes-em-bares-do-bairro-do-bessa\/#breadcrumb\"},\"inLanguage\":\"pt-BR\",\"potentialAction\":[{\"@type\":\"ReadAction\",\"target\":[\"https:\/\/www.pm.pb.gov.br\/portal\/2017\/12\/18\/policia-militar-prende-suspeito-de-realizar-arrastoes-em-bares-do-bairro-do-bessa\/\"]}]},{\"@type\":\"BreadcrumbList\",\"@id\":\"https:\/\/www.pm.pb.gov.br\/portal\/2017\/12\/18\/policia-militar-prende-suspeito-de-realizar-arrastoes-em-bares-do-bairro-do-bessa\/#breadcrumb\",\"itemListElement\":[{\"@type\":\"ListItem\",\"position\":1,\"name\":\"In\u00edcio\",\"item\":\"https:\/\/www.pm.pb.gov.br\/portal\/\"},{\"@type\":\"ListItem\",\"position\":2,\"name\":\"Pol\u00edcia Militar prende suspeito de realizar arrast\u00f5es em bares do bairro do Bessa\"}]},{\"@type\":\"WebSite\",\"@id\":\"https:\/\/www.pm.pb.gov.br\/portal\/#website\",\"url\":\"https:\/\/www.pm.pb.gov.br\/portal\/\",\"name\":\"Pol\u00edcia Militar da Para\u00edba\",\"description\":\"\",\"publisher\":{\"@id\":\"https:\/\/www.pm.pb.gov.br\/portal\/#organization\"},\"potentialAction\":[{\"@type\":\"SearchAction\",\"target\":{\"@type\":\"EntryPoint\",\"urlTemplate\":\"https:\/\/www.pm.pb.gov.br\/portal\/?s={search_term_string}\"},\"query-input\":\"required name=search_term_string\"}],\"inLanguage\":\"pt-BR\"},{\"@type\":\"Organization\",\"@id\":\"https:\/\/www.pm.pb.gov.br\/portal\/#organization\",\"name\":\"Pol\u00edcia Militar da Para\u00edba\",\"url\":\"https:\/\/www.pm.pb.gov.br\/portal\/\",\"logo\":{\"@type\":\"ImageObject\",\"inLanguage\":\"pt-BR\",\"@id\":\"https:\/\/www.pm.pb.gov.br\/portal\/#\/schema\/logo\/image\/\",\"url\":\"https:\/\/www.pm.pb.gov.br\/portal\/wp-content\/uploads\/2025\/03\/cropped-logo-site-mag2-1.png\",\"contentUrl\":\"https:\/\/www.pm.pb.gov.br\/portal\/wp-content\/uploads\/2025\/03\/cropped-logo-site-mag2-1.png\",\"width\":320,\"height\":90,\"caption\":\"Pol\u00edcia Militar da Para\u00edba\"},\"image\":{\"@id\":\"https:\/\/www.pm.pb.gov.br\/portal\/#\/schema\/logo\/image\/\"}},{\"@type\":\"Person\",\"@id\":\"https:\/\/www.pm.pb.gov.br\/portal\/#\/schema\/person\/f84f56dcc78ce4357054da888b8247fd\",\"name\":\"Tarcisio Oliveira\",\"image\":{\"@type\":\"ImageObject\",\"inLanguage\":\"pt-BR\",\"@id\":\"https:\/\/www.pm.pb.gov.br\/portal\/#\/schema\/person\/image\/\",\"url\":\"https:\/\/secure.gravatar.com\/avatar\/72917b630b69d31cd0297507f34bac97?s=96&d=mm&r=g\",\"contentUrl\":\"https:\/\/secure.gravatar.com\/avatar\/72917b630b69d31cd0297507f34bac97?s=96&d=mm&r=g\",\"caption\":\"Tarcisio Oliveira\"},\"url\":\"https:\/\/www.pm.pb.gov.br\/portal\/author\/tarcisio\/\"}]}<\/script>\n<!-- \/ Yoast SEO plugin. -->","yoast_head_json":{"title":"Pol\u00edcia Militar prende suspeito de realizar arrast\u00f5es em bares do bairro do Bessa - Pol\u00edcia Militar da Para\u00edba","robots":{"index":"index","follow":"follow","max-snippet":"max-snippet:-1","max-image-preview":"max-image-preview:large","max-video-preview":"max-video-preview:-1"},"canonical":"https:\/\/www.pm.pb.gov.br\/portal\/2017\/12\/18\/policia-militar-prende-suspeito-de-realizar-arrastoes-em-bares-do-bairro-do-bessa\/","og_locale":"pt_BR","og_type":"article","og_title":"Pol\u00edcia Militar prende suspeito de realizar arrast\u00f5es em bares do bairro do Bessa - Pol\u00edcia Militar da Para\u00edba","og_description":"A Pol\u00edcia Militar prendeu em flagrante, no fim da noite desse domingo (17), um estudante de Enfermagem que \u00e9 suspeito","og_url":"https:\/\/www.pm.pb.gov.br\/portal\/2017\/12\/18\/policia-militar-prende-suspeito-de-realizar-arrastoes-em-bares-do-bairro-do-bessa\/","og_site_name":"Pol\u00edcia Militar da Para\u00edba","article_published_time":"2017-12-18T13:21:52+00:00","og_image":[{"width":800,"height":445,"url":"https:\/\/www.pm.pb.gov.br\/portal\/wp-content\/uploads\/2017\/12\/armaapreendida.jpg","type":"image\/jpeg"}],"author":"Tarcisio Oliveira","twitter_card":"summary_large_image","twitter_misc":{"Escrito por":"Tarcisio Oliveira","Est. tempo de leitura":"2 minutos"},"schema":{"@context":"https:\/\/schema.org","@graph":[{"@type":"Article","@id":"https:\/\/www.pm.pb.gov.br\/portal\/2017\/12\/18\/policia-militar-prende-suspeito-de-realizar-arrastoes-em-bares-do-bairro-do-bessa\/#article","isPartOf":{"@id":"https:\/\/www.pm.pb.gov.br\/portal\/2017\/12\/18\/policia-militar-prende-suspeito-de-realizar-arrastoes-em-bares-do-bairro-do-bessa\/"},"author":{"name":"Tarcisio Oliveira","@id":"https:\/\/www.pm.pb.gov.br\/portal\/#\/schema\/person\/f84f56dcc78ce4357054da888b8247fd"},"headline":"Pol\u00edcia Militar prende suspeito de realizar arrast\u00f5es em bares do bairro do Bessa","datePublished":"2017-12-18T13:21:52+00:00","dateModified":"2017-12-18T13:21:52+00:00","mainEntityOfPage":{"@id":"https:\/\/www.pm.pb.gov.br\/portal\/2017\/12\/18\/policia-militar-prende-suspeito-de-realizar-arrastoes-em-bares-do-bairro-do-bessa\/"},"wordCount":347,"publisher":{"@id":"https:\/\/www.pm.pb.gov.br\/portal\/#organization"},"articleSection":["A\u00e7\u00f5es Policiais"],"inLanguage":"pt-BR"},{"@type":"WebPage","@id":"https:\/\/www.pm.pb.gov.br\/portal\/2017\/12\/18\/policia-militar-prende-suspeito-de-realizar-arrastoes-em-bares-do-bairro-do-bessa\/","url":"https:\/\/www.pm.pb.gov.br\/portal\/2017\/12\/18\/policia-militar-prende-suspeito-de-realizar-arrastoes-em-bares-do-bairro-do-bessa\/","name":"Pol\u00edcia Militar prende suspeito de realizar arrast\u00f5es em bares do bairro do Bessa - Pol\u00edcia Militar da Para\u00edba","isPartOf":{"@id":"https:\/\/www.pm.pb.gov.br\/portal\/#website"},"datePublished":"2017-12-18T13:21:52+00:00","dateModified":"2017-12-18T13:21:52+00:00","breadcrumb":{"@id":"https:\/\/www.pm.pb.gov.br\/portal\/2017\/12\/18\/policia-militar-prende-suspeito-de-realizar-arrastoes-em-bares-do-bairro-do-bessa\/#breadcrumb"},"inLanguage":"pt-BR","potentialAction":[{"@type":"ReadAction","target":["https:\/\/www.pm.pb.gov.br\/portal\/2017\/12\/18\/policia-militar-prende-suspeito-de-realizar-arrastoes-em-bares-do-bairro-do-bessa\/"]}]},{"@type":"BreadcrumbList","@id":"https:\/\/www.pm.pb.gov.br\/portal\/2017\/12\/18\/policia-militar-prende-suspeito-de-realizar-arrastoes-em-bares-do-bairro-do-bessa\/#breadcrumb","itemListElement":[{"@type":"ListItem","position":1,"name":"In\u00edcio","item":"https:\/\/www.pm.pb.gov.br\/portal\/"},{"@type":"ListItem","position":2,"name":"Pol\u00edcia Militar prende suspeito de realizar arrast\u00f5es em bares do bairro do Bessa"}]},{"@type":"WebSite","@id":"https:\/\/www.pm.pb.gov.br\/portal\/#website","url":"https:\/\/www.pm.pb.gov.br\/portal\/","name":"Pol\u00edcia Militar da Para\u00edba","description":"","publisher":{"@id":"https:\/\/www.pm.pb.gov.br\/portal\/#organization"},"potentialAction":[{"@type":"SearchAction","target":{"@type":"EntryPoint","urlTemplate":"https:\/\/www.pm.pb.gov.br\/portal\/?s={search_term_string}"},"query-input":"required name=search_term_string"}],"inLanguage":"pt-BR"},{"@type":"Organization","@id":"https:\/\/www.pm.pb.gov.br\/portal\/#organization","name":"Pol\u00edcia Militar da Para\u00edba","url":"https:\/\/www.pm.pb.gov.br\/portal\/","logo":{"@type":"ImageObject","inLanguage":"pt-BR","@id":"https:\/\/www.pm.pb.gov.br\/portal\/#\/schema\/logo\/image\/","url":"https:\/\/www.pm.pb.gov.br\/portal\/wp-content\/uploads\/2025\/03\/cropped-logo-site-mag2-1.png","contentUrl":"https:\/\/www.pm.pb.gov.br\/portal\/wp-content\/uploads\/2025\/03\/cropped-logo-site-mag2-1.png","width":320,"height":90,"caption":"Pol\u00edcia Militar da Para\u00edba"},"image":{"@id":"https:\/\/www.pm.pb.gov.br\/portal\/#\/schema\/logo\/image\/"}},{"@type":"Person","@id":"https:\/\/www.pm.pb.gov.br\/portal\/#\/schema\/person\/f84f56dcc78ce4357054da888b8247fd","name":"Tarcisio Oliveira","image":{"@type":"ImageObject","inLanguage":"pt-BR","@id":"https:\/\/www.pm.pb.gov.br\/portal\/#\/schema\/person\/image\/","url":"https:\/\/secure.gravatar.com\/avatar\/72917b630b69d31cd0297507f34bac97?s=96&d=mm&r=g","contentUrl":"https:\/\/secure.gravatar.com\/avatar\/72917b630b69d31cd0297507f34bac97?s=96&d=mm&r=g","caption":"Tarcisio Oliveira"},"url":"https:\/\/www.pm.pb.gov.br\/portal\/author\/tarcisio\/"}]}},"_links":{"self":[{"href":"https:\/\/www.pm.pb.gov.br\/portal\/wp-json\/wp\/v2\/posts\/896411"}],"collection":[{"href":"https:\/\/www.pm.pb.gov.br\/portal\/wp-json\/wp\/v2\/posts"}],"about":[{"href":"https:\/\/www.pm.pb.gov.br\/portal\/wp-json\/wp\/v2\/types\/post"}],"author":[{"embeddable":true,"href":"https:\/\/www.pm.pb.gov.br\/portal\/wp-json\/wp\/v2\/users\/12"}],"replies":[{"embeddable":true,"href":"https:\/\/www.pm.pb.gov.br\/portal\/wp-json\/wp\/v2\/comments?post=896411"}],"version-history":[{"count":1,"href":"https:\/\/www.pm.pb.gov.br\/portal\/wp-json\/wp\/v2\/posts\/896411\/revisions"}],"predecessor-version":[{"id":896412,"href":"https:\/\/www.pm.pb.gov.br\/portal\/wp-json\/wp\/v2\/posts\/896411\/revisions\/896412"}],"wp:featuredmedia":[{"embeddable":true,"href":"https:\/\/www.pm.pb.gov.br\/portal\/wp-json\/wp\/v2\/media\/896404"}],"wp:attachment":[{"href":"https:\/\/www.pm.pb.gov.br\/portal\/wp-json\/wp\/v2\/media?parent=896411"}],"wp:term":[{"taxonomy":"category","embeddable":true,"href":"https:\/\/www.pm.pb.gov.br\/portal\/wp-json\/wp\/v2\/categories?post=896411"},{"taxonomy":"post_tag","embeddable":true,"href":"https:\/\/www.pm.pb.gov.br\/portal\/wp-json\/wp\/v2\/tags?post=896411"}],"curies":[{"name":"wp","href":"https:\/\/api.w.org\/{rel}","templated":true}]}}