{"id":896345,"date":"2017-12-11T21:25:33","date_gmt":"2017-12-12T00:25:33","guid":{"rendered":"http:\/\/www.pm.pb.gov.br\/portal\/?p=896345"},"modified":"2017-12-11T21:25:33","modified_gmt":"2017-12-12T00:25:33","slug":"policia-militar-apreende-15-armas-de-fogo-em-acoes-no-final-de-semana-no-interior-do-estado","status":"publish","type":"post","link":"https:\/\/www.pm.pb.gov.br\/portal\/2017\/12\/11\/policia-militar-apreende-15-armas-de-fogo-em-acoes-no-final-de-semana-no-interior-do-estado\/","title":{"rendered":"Pol\u00edcia Militar apreende 15 armas de fogo em a\u00e7\u00f5es no final de semana no interior do estado"},"content":{"rendered":"<p style=\"text-align: justify;\">As Opera\u00e7\u00f5es N\u00f4mades e a\u00e7\u00f5es do final de semana realizadas pela Pol\u00edcia Militar resultaram na apreens\u00e3o de 15 armas de fogo em nove cidades no interior da Para\u00edba. As armas foram apreendidas com 16 pessoas, incluindo adolescentes, que foram autuados por porte e posse ilegal, e procedimento especial.<\/p>\n<p style=\"text-align: justify;\">Em Pombal, no domingo (11), a PM apreendeu quatro espingardas de fabrica\u00e7\u00e3o caseira que estavam na posse de tr\u00eas homens, ap\u00f3s den\u00fancias de um deles. Em Cajazeiras, um homem que amea\u00e7ava a esposa foi preso e na casa dele os policiais apreenderam uma espingarda. Em Monteiro, no mesmo dia, uma espingarda calibre 36 foi apreendida, ap\u00f3s abordagem a ve\u00edculo, e condu\u00e7\u00e3o de um suspeito \u00e0 delegacia.<\/p>\n<figure id=\"attachment_896347\" aria-describedby=\"caption-attachment-896347\" style=\"width: 569px\" class=\"wp-caption aligncenter\"><img loading=\"lazy\" decoding=\"async\" class=\"wp-image-896347\" src=\"http:\/\/www.pm.pb.gov.br\/portal\/wp-content\/uploads\/2017\/12\/Espingardas-apreendidas-em-Pombal-791x445.jpeg\" alt=\"\" width=\"569\" height=\"320\" srcset=\"https:\/\/www.pm.pb.gov.br\/portal\/wp-content\/uploads\/2017\/12\/Espingardas-apreendidas-em-Pombal-791x445.jpeg 791w, https:\/\/www.pm.pb.gov.br\/portal\/wp-content\/uploads\/2017\/12\/Espingardas-apreendidas-em-Pombal-768x432.jpeg 768w, https:\/\/www.pm.pb.gov.br\/portal\/wp-content\/uploads\/2017\/12\/Espingardas-apreendidas-em-Pombal-1013x570.jpeg 1013w, https:\/\/www.pm.pb.gov.br\/portal\/wp-content\/uploads\/2017\/12\/Espingardas-apreendidas-em-Pombal.jpeg 1280w\" sizes=\"(max-width: 569px) 100vw, 569px\" \/><figcaption id=\"caption-attachment-896347\" class=\"wp-caption-text\"><span style=\"font-size: 10pt;\">Espingardas apreendidas em Pombal<\/span><\/figcaption><\/figure>\n<p style=\"text-align: justify;\">Em Bananeiras, duas espingardas de fabrica\u00e7\u00e3o artesanal foram apreendidas com um homem que havia disparado e amea\u00e7ado a m\u00e3e. J\u00e1 em Cacimba de Dentro, uma pistola e 36 muni\u00e7\u00f5es foram apreendidas com um suspeito abordado em um ve\u00edculo.<\/p>\n<p style=\"text-align: justify;\">Na noite de s\u00e1bado (09), em Riacho dos Cavalos, em outra abordagem a ve\u00edculo, a PM apreendeu uma pistola (foto acima) e conduziu um suspeito por porte ilegal. Em Santa Luzia, tr\u00eas adolescentes foram apreendidos com um rev\u00f3lver calibre 38 e 16 por\u00e7\u00f5es de maconha. As roupas e caracter\u00edsticas dos adolescentes coincidem com suspeitos de terem realizado uma tentativa de roubo e de homic\u00eddio, em uma farm\u00e1cia, \u00e0s margens da BR-230 no \u00faltimo dia 15 de novembro.<\/p>\n<p style=\"text-align: justify;\">Em Cajazeiras, no mesmo dia, quatro adolescentes foram apreendidos com duas espingardas calibre 12, muni\u00e7\u00f5es, nove celulares de origem desconhecida, uma m\u00e1scara, e sete por\u00e7\u00f5es de subst\u00e2ncia similar \u00e0 maconha. Ainda na noite do s\u00e1bado, em S\u00e3o Jos\u00e9 de Piranhas, um homem foi preso com uma espingarda, ap\u00f3s efetuar disparo em via p\u00fablica, e um rev\u00f3lver foi encontrado no domingo ap\u00f3s den\u00fancia. O suspeito fugiu.<\/p>\n<p style=\"text-align: justify;\">A Opera\u00e7\u00e3o N\u00f4made aconteceu com refor\u00e7o do policiamento e de viaturas, em locais e hor\u00e1rios estrat\u00e9gicos, apontados pelas estat\u00edsticas e intelig\u00eancia.<\/p>\n","protected":false},"excerpt":{"rendered":"<p>As Opera\u00e7\u00f5es N\u00f4mades e a\u00e7\u00f5es do final de semana realizadas pela Pol\u00edcia Militar resultaram na apreens\u00e3o de 15 armas de<\/p>\n","protected":false},"author":12,"featured_media":896346,"comment_status":"closed","ping_status":"closed","sticky":false,"template":"","format":"standard","meta":{"_exactmetrics_skip_tracking":false,"_exactmetrics_sitenote_active":false,"_exactmetrics_sitenote_note":"","_exactmetrics_sitenote_category":0,"footnotes":""},"categories":[4],"tags":[],"yoast_head":"<!-- This site is optimized with the Yoast SEO plugin v22.0 - https:\/\/yoast.com\/wordpress\/plugins\/seo\/ -->\n<title>Pol\u00edcia Militar apreende 15 armas de fogo em a\u00e7\u00f5es no final de semana no interior do estado - Pol\u00edcia Militar da Para\u00edba<\/title>\n<meta name=\"robots\" content=\"index, follow, max-snippet:-1, max-image-preview:large, max-video-preview:-1\" \/>\n<link rel=\"canonical\" href=\"https:\/\/www.pm.pb.gov.br\/portal\/2017\/12\/11\/policia-militar-apreende-15-armas-de-fogo-em-acoes-no-final-de-semana-no-interior-do-estado\/\" \/>\n<meta property=\"og:locale\" content=\"pt_BR\" \/>\n<meta property=\"og:type\" content=\"article\" \/>\n<meta property=\"og:title\" content=\"Pol\u00edcia Militar apreende 15 armas de fogo em a\u00e7\u00f5es no final de semana no interior do estado - Pol\u00edcia Militar da Para\u00edba\" \/>\n<meta property=\"og:description\" content=\"As Opera\u00e7\u00f5es N\u00f4mades e a\u00e7\u00f5es do final de semana realizadas pela Pol\u00edcia Militar resultaram na apreens\u00e3o de 15 armas de\" \/>\n<meta property=\"og:url\" content=\"https:\/\/www.pm.pb.gov.br\/portal\/2017\/12\/11\/policia-militar-apreende-15-armas-de-fogo-em-acoes-no-final-de-semana-no-interior-do-estado\/\" \/>\n<meta property=\"og:site_name\" content=\"Pol\u00edcia Militar da Para\u00edba\" \/>\n<meta property=\"article:published_time\" content=\"2017-12-12T00:25:33+00:00\" \/>\n<meta property=\"og:image\" content=\"https:\/\/www.pm.pb.gov.br\/portal\/wp-content\/uploads\/2017\/12\/arma.jpeg\" \/>\n\t<meta property=\"og:image:width\" content=\"800\" \/>\n\t<meta property=\"og:image:height\" content=\"445\" \/>\n\t<meta property=\"og:image:type\" content=\"image\/jpeg\" \/>\n<meta name=\"author\" content=\"Tarcisio Oliveira\" \/>\n<meta name=\"twitter:card\" content=\"summary_large_image\" \/>\n<meta name=\"twitter:label1\" content=\"Escrito por\" \/>\n\t<meta name=\"twitter:data1\" content=\"Tarcisio Oliveira\" \/>\n\t<meta name=\"twitter:label2\" content=\"Est. tempo de leitura\" \/>\n\t<meta name=\"twitter:data2\" content=\"2 minutos\" \/>\n<script type=\"application\/ld+json\" class=\"yoast-schema-graph\">{\"@context\":\"https:\/\/schema.org\",\"@graph\":[{\"@type\":\"Article\",\"@id\":\"https:\/\/www.pm.pb.gov.br\/portal\/2017\/12\/11\/policia-militar-apreende-15-armas-de-fogo-em-acoes-no-final-de-semana-no-interior-do-estado\/#article\",\"isPartOf\":{\"@id\":\"https:\/\/www.pm.pb.gov.br\/portal\/2017\/12\/11\/policia-militar-apreende-15-armas-de-fogo-em-acoes-no-final-de-semana-no-interior-do-estado\/\"},\"author\":{\"name\":\"Tarcisio Oliveira\",\"@id\":\"https:\/\/www.pm.pb.gov.br\/portal\/#\/schema\/person\/f84f56dcc78ce4357054da888b8247fd\"},\"headline\":\"Pol\u00edcia Militar apreende 15 armas de fogo em a\u00e7\u00f5es no final de semana no interior do estado\",\"datePublished\":\"2017-12-12T00:25:33+00:00\",\"dateModified\":\"2017-12-12T00:25:33+00:00\",\"mainEntityOfPage\":{\"@id\":\"https:\/\/www.pm.pb.gov.br\/portal\/2017\/12\/11\/policia-militar-apreende-15-armas-de-fogo-em-acoes-no-final-de-semana-no-interior-do-estado\/\"},\"wordCount\":377,\"publisher\":{\"@id\":\"https:\/\/www.pm.pb.gov.br\/portal\/#organization\"},\"articleSection\":[\"A\u00e7\u00f5es Policiais\"],\"inLanguage\":\"pt-BR\"},{\"@type\":\"WebPage\",\"@id\":\"https:\/\/www.pm.pb.gov.br\/portal\/2017\/12\/11\/policia-militar-apreende-15-armas-de-fogo-em-acoes-no-final-de-semana-no-interior-do-estado\/\",\"url\":\"https:\/\/www.pm.pb.gov.br\/portal\/2017\/12\/11\/policia-militar-apreende-15-armas-de-fogo-em-acoes-no-final-de-semana-no-interior-do-estado\/\",\"name\":\"Pol\u00edcia Militar apreende 15 armas de fogo em a\u00e7\u00f5es no final de semana no interior do estado - Pol\u00edcia Militar da Para\u00edba\",\"isPartOf\":{\"@id\":\"https:\/\/www.pm.pb.gov.br\/portal\/#website\"},\"datePublished\":\"2017-12-12T00:25:33+00:00\",\"dateModified\":\"2017-12-12T00:25:33+00:00\",\"breadcrumb\":{\"@id\":\"https:\/\/www.pm.pb.gov.br\/portal\/2017\/12\/11\/policia-militar-apreende-15-armas-de-fogo-em-acoes-no-final-de-semana-no-interior-do-estado\/#breadcrumb\"},\"inLanguage\":\"pt-BR\",\"potentialAction\":[{\"@type\":\"ReadAction\",\"target\":[\"https:\/\/www.pm.pb.gov.br\/portal\/2017\/12\/11\/policia-militar-apreende-15-armas-de-fogo-em-acoes-no-final-de-semana-no-interior-do-estado\/\"]}]},{\"@type\":\"BreadcrumbList\",\"@id\":\"https:\/\/www.pm.pb.gov.br\/portal\/2017\/12\/11\/policia-militar-apreende-15-armas-de-fogo-em-acoes-no-final-de-semana-no-interior-do-estado\/#breadcrumb\",\"itemListElement\":[{\"@type\":\"ListItem\",\"position\":1,\"name\":\"In\u00edcio\",\"item\":\"https:\/\/www.pm.pb.gov.br\/portal\/\"},{\"@type\":\"ListItem\",\"position\":2,\"name\":\"Pol\u00edcia Militar apreende 15 armas de fogo em a\u00e7\u00f5es no final de semana no interior do estado\"}]},{\"@type\":\"WebSite\",\"@id\":\"https:\/\/www.pm.pb.gov.br\/portal\/#website\",\"url\":\"https:\/\/www.pm.pb.gov.br\/portal\/\",\"name\":\"Pol\u00edcia Militar da Para\u00edba\",\"description\":\"\",\"publisher\":{\"@id\":\"https:\/\/www.pm.pb.gov.br\/portal\/#organization\"},\"potentialAction\":[{\"@type\":\"SearchAction\",\"target\":{\"@type\":\"EntryPoint\",\"urlTemplate\":\"https:\/\/www.pm.pb.gov.br\/portal\/?s={search_term_string}\"},\"query-input\":\"required name=search_term_string\"}],\"inLanguage\":\"pt-BR\"},{\"@type\":\"Organization\",\"@id\":\"https:\/\/www.pm.pb.gov.br\/portal\/#organization\",\"name\":\"Pol\u00edcia Militar da Para\u00edba\",\"url\":\"https:\/\/www.pm.pb.gov.br\/portal\/\",\"logo\":{\"@type\":\"ImageObject\",\"inLanguage\":\"pt-BR\",\"@id\":\"https:\/\/www.pm.pb.gov.br\/portal\/#\/schema\/logo\/image\/\",\"url\":\"https:\/\/www.pm.pb.gov.br\/portal\/wp-content\/uploads\/2025\/03\/cropped-logo-site-mag2-1.png\",\"contentUrl\":\"https:\/\/www.pm.pb.gov.br\/portal\/wp-content\/uploads\/2025\/03\/cropped-logo-site-mag2-1.png\",\"width\":320,\"height\":90,\"caption\":\"Pol\u00edcia Militar da Para\u00edba\"},\"image\":{\"@id\":\"https:\/\/www.pm.pb.gov.br\/portal\/#\/schema\/logo\/image\/\"}},{\"@type\":\"Person\",\"@id\":\"https:\/\/www.pm.pb.gov.br\/portal\/#\/schema\/person\/f84f56dcc78ce4357054da888b8247fd\",\"name\":\"Tarcisio Oliveira\",\"image\":{\"@type\":\"ImageObject\",\"inLanguage\":\"pt-BR\",\"@id\":\"https:\/\/www.pm.pb.gov.br\/portal\/#\/schema\/person\/image\/\",\"url\":\"https:\/\/secure.gravatar.com\/avatar\/72917b630b69d31cd0297507f34bac97?s=96&d=mm&r=g\",\"contentUrl\":\"https:\/\/secure.gravatar.com\/avatar\/72917b630b69d31cd0297507f34bac97?s=96&d=mm&r=g\",\"caption\":\"Tarcisio Oliveira\"},\"url\":\"https:\/\/www.pm.pb.gov.br\/portal\/author\/tarcisio\/\"}]}<\/script>\n<!-- \/ Yoast SEO plugin. -->","yoast_head_json":{"title":"Pol\u00edcia Militar apreende 15 armas de fogo em a\u00e7\u00f5es no final de semana no interior do estado - Pol\u00edcia Militar da Para\u00edba","robots":{"index":"index","follow":"follow","max-snippet":"max-snippet:-1","max-image-preview":"max-image-preview:large","max-video-preview":"max-video-preview:-1"},"canonical":"https:\/\/www.pm.pb.gov.br\/portal\/2017\/12\/11\/policia-militar-apreende-15-armas-de-fogo-em-acoes-no-final-de-semana-no-interior-do-estado\/","og_locale":"pt_BR","og_type":"article","og_title":"Pol\u00edcia Militar apreende 15 armas de fogo em a\u00e7\u00f5es no final de semana no interior do estado - Pol\u00edcia Militar da Para\u00edba","og_description":"As Opera\u00e7\u00f5es N\u00f4mades e a\u00e7\u00f5es do final de semana realizadas pela Pol\u00edcia Militar resultaram na apreens\u00e3o de 15 armas de","og_url":"https:\/\/www.pm.pb.gov.br\/portal\/2017\/12\/11\/policia-militar-apreende-15-armas-de-fogo-em-acoes-no-final-de-semana-no-interior-do-estado\/","og_site_name":"Pol\u00edcia Militar da Para\u00edba","article_published_time":"2017-12-12T00:25:33+00:00","og_image":[{"width":800,"height":445,"url":"https:\/\/www.pm.pb.gov.br\/portal\/wp-content\/uploads\/2017\/12\/arma.jpeg","type":"image\/jpeg"}],"author":"Tarcisio Oliveira","twitter_card":"summary_large_image","twitter_misc":{"Escrito por":"Tarcisio Oliveira","Est. tempo de leitura":"2 minutos"},"schema":{"@context":"https:\/\/schema.org","@graph":[{"@type":"Article","@id":"https:\/\/www.pm.pb.gov.br\/portal\/2017\/12\/11\/policia-militar-apreende-15-armas-de-fogo-em-acoes-no-final-de-semana-no-interior-do-estado\/#article","isPartOf":{"@id":"https:\/\/www.pm.pb.gov.br\/portal\/2017\/12\/11\/policia-militar-apreende-15-armas-de-fogo-em-acoes-no-final-de-semana-no-interior-do-estado\/"},"author":{"name":"Tarcisio Oliveira","@id":"https:\/\/www.pm.pb.gov.br\/portal\/#\/schema\/person\/f84f56dcc78ce4357054da888b8247fd"},"headline":"Pol\u00edcia Militar apreende 15 armas de fogo em a\u00e7\u00f5es no final de semana no interior do estado","datePublished":"2017-12-12T00:25:33+00:00","dateModified":"2017-12-12T00:25:33+00:00","mainEntityOfPage":{"@id":"https:\/\/www.pm.pb.gov.br\/portal\/2017\/12\/11\/policia-militar-apreende-15-armas-de-fogo-em-acoes-no-final-de-semana-no-interior-do-estado\/"},"wordCount":377,"publisher":{"@id":"https:\/\/www.pm.pb.gov.br\/portal\/#organization"},"articleSection":["A\u00e7\u00f5es Policiais"],"inLanguage":"pt-BR"},{"@type":"WebPage","@id":"https:\/\/www.pm.pb.gov.br\/portal\/2017\/12\/11\/policia-militar-apreende-15-armas-de-fogo-em-acoes-no-final-de-semana-no-interior-do-estado\/","url":"https:\/\/www.pm.pb.gov.br\/portal\/2017\/12\/11\/policia-militar-apreende-15-armas-de-fogo-em-acoes-no-final-de-semana-no-interior-do-estado\/","name":"Pol\u00edcia Militar apreende 15 armas de fogo em a\u00e7\u00f5es no final de semana no interior do estado - Pol\u00edcia Militar da Para\u00edba","isPartOf":{"@id":"https:\/\/www.pm.pb.gov.br\/portal\/#website"},"datePublished":"2017-12-12T00:25:33+00:00","dateModified":"2017-12-12T00:25:33+00:00","breadcrumb":{"@id":"https:\/\/www.pm.pb.gov.br\/portal\/2017\/12\/11\/policia-militar-apreende-15-armas-de-fogo-em-acoes-no-final-de-semana-no-interior-do-estado\/#breadcrumb"},"inLanguage":"pt-BR","potentialAction":[{"@type":"ReadAction","target":["https:\/\/www.pm.pb.gov.br\/portal\/2017\/12\/11\/policia-militar-apreende-15-armas-de-fogo-em-acoes-no-final-de-semana-no-interior-do-estado\/"]}]},{"@type":"BreadcrumbList","@id":"https:\/\/www.pm.pb.gov.br\/portal\/2017\/12\/11\/policia-militar-apreende-15-armas-de-fogo-em-acoes-no-final-de-semana-no-interior-do-estado\/#breadcrumb","itemListElement":[{"@type":"ListItem","position":1,"name":"In\u00edcio","item":"https:\/\/www.pm.pb.gov.br\/portal\/"},{"@type":"ListItem","position":2,"name":"Pol\u00edcia Militar apreende 15 armas de fogo em a\u00e7\u00f5es no final de semana no interior do estado"}]},{"@type":"WebSite","@id":"https:\/\/www.pm.pb.gov.br\/portal\/#website","url":"https:\/\/www.pm.pb.gov.br\/portal\/","name":"Pol\u00edcia Militar da Para\u00edba","description":"","publisher":{"@id":"https:\/\/www.pm.pb.gov.br\/portal\/#organization"},"potentialAction":[{"@type":"SearchAction","target":{"@type":"EntryPoint","urlTemplate":"https:\/\/www.pm.pb.gov.br\/portal\/?s={search_term_string}"},"query-input":"required name=search_term_string"}],"inLanguage":"pt-BR"},{"@type":"Organization","@id":"https:\/\/www.pm.pb.gov.br\/portal\/#organization","name":"Pol\u00edcia Militar da Para\u00edba","url":"https:\/\/www.pm.pb.gov.br\/portal\/","logo":{"@type":"ImageObject","inLanguage":"pt-BR","@id":"https:\/\/www.pm.pb.gov.br\/portal\/#\/schema\/logo\/image\/","url":"https:\/\/www.pm.pb.gov.br\/portal\/wp-content\/uploads\/2025\/03\/cropped-logo-site-mag2-1.png","contentUrl":"https:\/\/www.pm.pb.gov.br\/portal\/wp-content\/uploads\/2025\/03\/cropped-logo-site-mag2-1.png","width":320,"height":90,"caption":"Pol\u00edcia Militar da Para\u00edba"},"image":{"@id":"https:\/\/www.pm.pb.gov.br\/portal\/#\/schema\/logo\/image\/"}},{"@type":"Person","@id":"https:\/\/www.pm.pb.gov.br\/portal\/#\/schema\/person\/f84f56dcc78ce4357054da888b8247fd","name":"Tarcisio Oliveira","image":{"@type":"ImageObject","inLanguage":"pt-BR","@id":"https:\/\/www.pm.pb.gov.br\/portal\/#\/schema\/person\/image\/","url":"https:\/\/secure.gravatar.com\/avatar\/72917b630b69d31cd0297507f34bac97?s=96&d=mm&r=g","contentUrl":"https:\/\/secure.gravatar.com\/avatar\/72917b630b69d31cd0297507f34bac97?s=96&d=mm&r=g","caption":"Tarcisio Oliveira"},"url":"https:\/\/www.pm.pb.gov.br\/portal\/author\/tarcisio\/"}]}},"_links":{"self":[{"href":"https:\/\/www.pm.pb.gov.br\/portal\/wp-json\/wp\/v2\/posts\/896345"}],"collection":[{"href":"https:\/\/www.pm.pb.gov.br\/portal\/wp-json\/wp\/v2\/posts"}],"about":[{"href":"https:\/\/www.pm.pb.gov.br\/portal\/wp-json\/wp\/v2\/types\/post"}],"author":[{"embeddable":true,"href":"https:\/\/www.pm.pb.gov.br\/portal\/wp-json\/wp\/v2\/users\/12"}],"replies":[{"embeddable":true,"href":"https:\/\/www.pm.pb.gov.br\/portal\/wp-json\/wp\/v2\/comments?post=896345"}],"version-history":[{"count":1,"href":"https:\/\/www.pm.pb.gov.br\/portal\/wp-json\/wp\/v2\/posts\/896345\/revisions"}],"predecessor-version":[{"id":896348,"href":"https:\/\/www.pm.pb.gov.br\/portal\/wp-json\/wp\/v2\/posts\/896345\/revisions\/896348"}],"wp:featuredmedia":[{"embeddable":true,"href":"https:\/\/www.pm.pb.gov.br\/portal\/wp-json\/wp\/v2\/media\/896346"}],"wp:attachment":[{"href":"https:\/\/www.pm.pb.gov.br\/portal\/wp-json\/wp\/v2\/media?parent=896345"}],"wp:term":[{"taxonomy":"category","embeddable":true,"href":"https:\/\/www.pm.pb.gov.br\/portal\/wp-json\/wp\/v2\/categories?post=896345"},{"taxonomy":"post_tag","embeddable":true,"href":"https:\/\/www.pm.pb.gov.br\/portal\/wp-json\/wp\/v2\/tags?post=896345"}],"curies":[{"name":"wp","href":"https:\/\/api.w.org\/{rel}","templated":true}]}}