{"id":896339,"date":"2017-12-11T08:09:11","date_gmt":"2017-12-11T11:09:11","guid":{"rendered":"http:\/\/www.pm.pb.gov.br\/portal\/?p=896339"},"modified":"2017-12-11T08:09:11","modified_gmt":"2017-12-11T11:09:11","slug":"policia-militar-apreende-colete-balistico-e-municao-de-calibre-restrito-com-suspeito-no-litoral-sul","status":"publish","type":"post","link":"https:\/\/www.pm.pb.gov.br\/portal\/2017\/12\/11\/policia-militar-apreende-colete-balistico-e-municao-de-calibre-restrito-com-suspeito-no-litoral-sul\/","title":{"rendered":"Pol\u00edcia Militar apreende colete bal\u00edstico e muni\u00e7\u00e3o de calibre restrito com suspeito, no Litoral Sul"},"content":{"rendered":"<p style=\"text-align: justify;\">Ap\u00f3s persegui\u00e7\u00e3o a um ve\u00edculo, a Pol\u00edcia Militar prendeu um homem com colete bal\u00edstico, muni\u00e7\u00f5es, incluindo calibre restrito, e um par de algemas, no fim da tarde desse s\u00e1bado (9), em Caapor\u00e3, no Litoral Sul do estado. O suspeito de 37 anos j\u00e1 responde na Justi\u00e7a pelos crimes de forma\u00e7\u00e3o de quadrilha e furto.<\/p>\n<p style=\"text-align: justify;\">A a\u00e7\u00e3o da PM foi realizada pelos policiais da 1\u00aa Companhia Independente, durante rondas e abordagens no Centro de Caapor\u00e3. Ao perceber a presen\u00e7a policial, um homem que dirigia um ve\u00edculo fugiu, o que levantou a suspeita dos policiais. Ap\u00f3s persegui\u00e7\u00e3o ao ve\u00edculo, intercepta\u00e7\u00e3o e abordagem, os policiais encontraram um colete bal\u00edstico, cinco muni\u00e7\u00f5es de calibre 38 e 9 mil\u00edmetros, esta de uso restrito, e um par de algemas no carro. O suspeito foi preso e conduzido para a delegacia de Alhandra.<\/p>\n<p style=\"text-align: justify;\"><strong>Muni\u00e7\u00f5es no Conde<\/strong> &#8211; Outra apreens\u00e3o de muni\u00e7\u00f5es de calibre restrito foi registrada durante a semana, no Litoral Sul da Para\u00edba. Em uma a\u00e7\u00e3o integrada entre as Pol\u00edcias Militar e Civil, foram apreendidas 17 muni\u00e7\u00f5es de calibre 7,62 mil\u00edmetros, e uma de calibre .50, no Conde. Na mesma a\u00e7\u00e3o foram apreendidas duas espingardas artesanais de calibre n\u00e3o definido e cerca de cinco quilos de subst\u00e2ncia semelhante \u00e0 maconha. A opera\u00e7\u00e3o aconteceu na quinta-feira (6), e duas pessoas foram presas.<\/p>\n","protected":false},"excerpt":{"rendered":"<p>Ap\u00f3s persegui\u00e7\u00e3o a um ve\u00edculo, a Pol\u00edcia Militar prendeu um homem com colete bal\u00edstico, muni\u00e7\u00f5es, incluindo calibre restrito, e um<\/p>\n","protected":false},"author":12,"featured_media":896340,"comment_status":"closed","ping_status":"closed","sticky":false,"template":"","format":"standard","meta":{"_exactmetrics_skip_tracking":false,"_exactmetrics_sitenote_active":false,"_exactmetrics_sitenote_note":"","_exactmetrics_sitenote_category":0,"footnotes":""},"categories":[4],"tags":[],"yoast_head":"<!-- This site is optimized with the Yoast SEO plugin v22.0 - https:\/\/yoast.com\/wordpress\/plugins\/seo\/ -->\n<title>Pol\u00edcia Militar apreende colete bal\u00edstico e muni\u00e7\u00e3o de calibre restrito com suspeito, no Litoral Sul - Pol\u00edcia Militar da Para\u00edba<\/title>\n<meta name=\"robots\" content=\"index, follow, max-snippet:-1, max-image-preview:large, max-video-preview:-1\" \/>\n<link rel=\"canonical\" href=\"https:\/\/www.pm.pb.gov.br\/portal\/2017\/12\/11\/policia-militar-apreende-colete-balistico-e-municao-de-calibre-restrito-com-suspeito-no-litoral-sul\/\" \/>\n<meta property=\"og:locale\" content=\"pt_BR\" \/>\n<meta property=\"og:type\" content=\"article\" \/>\n<meta property=\"og:title\" content=\"Pol\u00edcia Militar apreende colete bal\u00edstico e muni\u00e7\u00e3o de calibre restrito com suspeito, no Litoral Sul - Pol\u00edcia Militar da Para\u00edba\" \/>\n<meta property=\"og:description\" content=\"Ap\u00f3s persegui\u00e7\u00e3o a um ve\u00edculo, a Pol\u00edcia Militar prendeu um homem com colete bal\u00edstico, muni\u00e7\u00f5es, incluindo calibre restrito, e um\" \/>\n<meta property=\"og:url\" content=\"https:\/\/www.pm.pb.gov.br\/portal\/2017\/12\/11\/policia-militar-apreende-colete-balistico-e-municao-de-calibre-restrito-com-suspeito-no-litoral-sul\/\" \/>\n<meta property=\"og:site_name\" content=\"Pol\u00edcia Militar da Para\u00edba\" \/>\n<meta property=\"article:published_time\" content=\"2017-12-11T11:09:11+00:00\" \/>\n<meta property=\"og:image\" content=\"https:\/\/www.pm.pb.gov.br\/portal\/wp-content\/uploads\/2017\/12\/pris\u00e3o-litoral-sul.jpeg\" \/>\n\t<meta property=\"og:image:width\" content=\"800\" \/>\n\t<meta property=\"og:image:height\" content=\"445\" \/>\n\t<meta property=\"og:image:type\" content=\"image\/jpeg\" \/>\n<meta name=\"author\" content=\"Tarcisio Oliveira\" \/>\n<meta name=\"twitter:card\" content=\"summary_large_image\" \/>\n<meta name=\"twitter:label1\" content=\"Escrito por\" \/>\n\t<meta name=\"twitter:data1\" content=\"Tarcisio Oliveira\" \/>\n\t<meta name=\"twitter:label2\" content=\"Est. tempo de leitura\" \/>\n\t<meta name=\"twitter:data2\" content=\"1 minuto\" \/>\n<script type=\"application\/ld+json\" class=\"yoast-schema-graph\">{\"@context\":\"https:\/\/schema.org\",\"@graph\":[{\"@type\":\"Article\",\"@id\":\"https:\/\/www.pm.pb.gov.br\/portal\/2017\/12\/11\/policia-militar-apreende-colete-balistico-e-municao-de-calibre-restrito-com-suspeito-no-litoral-sul\/#article\",\"isPartOf\":{\"@id\":\"https:\/\/www.pm.pb.gov.br\/portal\/2017\/12\/11\/policia-militar-apreende-colete-balistico-e-municao-de-calibre-restrito-com-suspeito-no-litoral-sul\/\"},\"author\":{\"name\":\"Tarcisio Oliveira\",\"@id\":\"https:\/\/www.pm.pb.gov.br\/portal\/#\/schema\/person\/f84f56dcc78ce4357054da888b8247fd\"},\"headline\":\"Pol\u00edcia Militar apreende colete bal\u00edstico e muni\u00e7\u00e3o de calibre restrito com suspeito, no Litoral Sul\",\"datePublished\":\"2017-12-11T11:09:11+00:00\",\"dateModified\":\"2017-12-11T11:09:11+00:00\",\"mainEntityOfPage\":{\"@id\":\"https:\/\/www.pm.pb.gov.br\/portal\/2017\/12\/11\/policia-militar-apreende-colete-balistico-e-municao-de-calibre-restrito-com-suspeito-no-litoral-sul\/\"},\"wordCount\":254,\"publisher\":{\"@id\":\"https:\/\/www.pm.pb.gov.br\/portal\/#organization\"},\"articleSection\":[\"A\u00e7\u00f5es Policiais\"],\"inLanguage\":\"pt-BR\"},{\"@type\":\"WebPage\",\"@id\":\"https:\/\/www.pm.pb.gov.br\/portal\/2017\/12\/11\/policia-militar-apreende-colete-balistico-e-municao-de-calibre-restrito-com-suspeito-no-litoral-sul\/\",\"url\":\"https:\/\/www.pm.pb.gov.br\/portal\/2017\/12\/11\/policia-militar-apreende-colete-balistico-e-municao-de-calibre-restrito-com-suspeito-no-litoral-sul\/\",\"name\":\"Pol\u00edcia Militar apreende colete bal\u00edstico e muni\u00e7\u00e3o de calibre restrito com suspeito, no Litoral Sul - Pol\u00edcia Militar da Para\u00edba\",\"isPartOf\":{\"@id\":\"https:\/\/www.pm.pb.gov.br\/portal\/#website\"},\"datePublished\":\"2017-12-11T11:09:11+00:00\",\"dateModified\":\"2017-12-11T11:09:11+00:00\",\"breadcrumb\":{\"@id\":\"https:\/\/www.pm.pb.gov.br\/portal\/2017\/12\/11\/policia-militar-apreende-colete-balistico-e-municao-de-calibre-restrito-com-suspeito-no-litoral-sul\/#breadcrumb\"},\"inLanguage\":\"pt-BR\",\"potentialAction\":[{\"@type\":\"ReadAction\",\"target\":[\"https:\/\/www.pm.pb.gov.br\/portal\/2017\/12\/11\/policia-militar-apreende-colete-balistico-e-municao-de-calibre-restrito-com-suspeito-no-litoral-sul\/\"]}]},{\"@type\":\"BreadcrumbList\",\"@id\":\"https:\/\/www.pm.pb.gov.br\/portal\/2017\/12\/11\/policia-militar-apreende-colete-balistico-e-municao-de-calibre-restrito-com-suspeito-no-litoral-sul\/#breadcrumb\",\"itemListElement\":[{\"@type\":\"ListItem\",\"position\":1,\"name\":\"In\u00edcio\",\"item\":\"https:\/\/www.pm.pb.gov.br\/portal\/\"},{\"@type\":\"ListItem\",\"position\":2,\"name\":\"Pol\u00edcia Militar apreende colete bal\u00edstico e muni\u00e7\u00e3o de calibre restrito com suspeito, no Litoral Sul\"}]},{\"@type\":\"WebSite\",\"@id\":\"https:\/\/www.pm.pb.gov.br\/portal\/#website\",\"url\":\"https:\/\/www.pm.pb.gov.br\/portal\/\",\"name\":\"Pol\u00edcia Militar da Para\u00edba\",\"description\":\"\",\"publisher\":{\"@id\":\"https:\/\/www.pm.pb.gov.br\/portal\/#organization\"},\"potentialAction\":[{\"@type\":\"SearchAction\",\"target\":{\"@type\":\"EntryPoint\",\"urlTemplate\":\"https:\/\/www.pm.pb.gov.br\/portal\/?s={search_term_string}\"},\"query-input\":\"required name=search_term_string\"}],\"inLanguage\":\"pt-BR\"},{\"@type\":\"Organization\",\"@id\":\"https:\/\/www.pm.pb.gov.br\/portal\/#organization\",\"name\":\"Pol\u00edcia Militar da Para\u00edba\",\"url\":\"https:\/\/www.pm.pb.gov.br\/portal\/\",\"logo\":{\"@type\":\"ImageObject\",\"inLanguage\":\"pt-BR\",\"@id\":\"https:\/\/www.pm.pb.gov.br\/portal\/#\/schema\/logo\/image\/\",\"url\":\"https:\/\/www.pm.pb.gov.br\/portal\/wp-content\/uploads\/2025\/03\/cropped-logo-site-mag2-1.png\",\"contentUrl\":\"https:\/\/www.pm.pb.gov.br\/portal\/wp-content\/uploads\/2025\/03\/cropped-logo-site-mag2-1.png\",\"width\":320,\"height\":90,\"caption\":\"Pol\u00edcia Militar da Para\u00edba\"},\"image\":{\"@id\":\"https:\/\/www.pm.pb.gov.br\/portal\/#\/schema\/logo\/image\/\"}},{\"@type\":\"Person\",\"@id\":\"https:\/\/www.pm.pb.gov.br\/portal\/#\/schema\/person\/f84f56dcc78ce4357054da888b8247fd\",\"name\":\"Tarcisio Oliveira\",\"image\":{\"@type\":\"ImageObject\",\"inLanguage\":\"pt-BR\",\"@id\":\"https:\/\/www.pm.pb.gov.br\/portal\/#\/schema\/person\/image\/\",\"url\":\"https:\/\/secure.gravatar.com\/avatar\/72917b630b69d31cd0297507f34bac97?s=96&d=mm&r=g\",\"contentUrl\":\"https:\/\/secure.gravatar.com\/avatar\/72917b630b69d31cd0297507f34bac97?s=96&d=mm&r=g\",\"caption\":\"Tarcisio Oliveira\"},\"url\":\"https:\/\/www.pm.pb.gov.br\/portal\/author\/tarcisio\/\"}]}<\/script>\n<!-- \/ Yoast SEO plugin. -->","yoast_head_json":{"title":"Pol\u00edcia Militar apreende colete bal\u00edstico e muni\u00e7\u00e3o de calibre restrito com suspeito, no Litoral Sul - Pol\u00edcia Militar da Para\u00edba","robots":{"index":"index","follow":"follow","max-snippet":"max-snippet:-1","max-image-preview":"max-image-preview:large","max-video-preview":"max-video-preview:-1"},"canonical":"https:\/\/www.pm.pb.gov.br\/portal\/2017\/12\/11\/policia-militar-apreende-colete-balistico-e-municao-de-calibre-restrito-com-suspeito-no-litoral-sul\/","og_locale":"pt_BR","og_type":"article","og_title":"Pol\u00edcia Militar apreende colete bal\u00edstico e muni\u00e7\u00e3o de calibre restrito com suspeito, no Litoral Sul - Pol\u00edcia Militar da Para\u00edba","og_description":"Ap\u00f3s persegui\u00e7\u00e3o a um ve\u00edculo, a Pol\u00edcia Militar prendeu um homem com colete bal\u00edstico, muni\u00e7\u00f5es, incluindo calibre restrito, e um","og_url":"https:\/\/www.pm.pb.gov.br\/portal\/2017\/12\/11\/policia-militar-apreende-colete-balistico-e-municao-de-calibre-restrito-com-suspeito-no-litoral-sul\/","og_site_name":"Pol\u00edcia Militar da Para\u00edba","article_published_time":"2017-12-11T11:09:11+00:00","og_image":[{"width":800,"height":445,"url":"https:\/\/www.pm.pb.gov.br\/portal\/wp-content\/uploads\/2017\/12\/pris\u00e3o-litoral-sul.jpeg","type":"image\/jpeg"}],"author":"Tarcisio Oliveira","twitter_card":"summary_large_image","twitter_misc":{"Escrito por":"Tarcisio Oliveira","Est. tempo de leitura":"1 minuto"},"schema":{"@context":"https:\/\/schema.org","@graph":[{"@type":"Article","@id":"https:\/\/www.pm.pb.gov.br\/portal\/2017\/12\/11\/policia-militar-apreende-colete-balistico-e-municao-de-calibre-restrito-com-suspeito-no-litoral-sul\/#article","isPartOf":{"@id":"https:\/\/www.pm.pb.gov.br\/portal\/2017\/12\/11\/policia-militar-apreende-colete-balistico-e-municao-de-calibre-restrito-com-suspeito-no-litoral-sul\/"},"author":{"name":"Tarcisio Oliveira","@id":"https:\/\/www.pm.pb.gov.br\/portal\/#\/schema\/person\/f84f56dcc78ce4357054da888b8247fd"},"headline":"Pol\u00edcia Militar apreende colete bal\u00edstico e muni\u00e7\u00e3o de calibre restrito com suspeito, no Litoral Sul","datePublished":"2017-12-11T11:09:11+00:00","dateModified":"2017-12-11T11:09:11+00:00","mainEntityOfPage":{"@id":"https:\/\/www.pm.pb.gov.br\/portal\/2017\/12\/11\/policia-militar-apreende-colete-balistico-e-municao-de-calibre-restrito-com-suspeito-no-litoral-sul\/"},"wordCount":254,"publisher":{"@id":"https:\/\/www.pm.pb.gov.br\/portal\/#organization"},"articleSection":["A\u00e7\u00f5es Policiais"],"inLanguage":"pt-BR"},{"@type":"WebPage","@id":"https:\/\/www.pm.pb.gov.br\/portal\/2017\/12\/11\/policia-militar-apreende-colete-balistico-e-municao-de-calibre-restrito-com-suspeito-no-litoral-sul\/","url":"https:\/\/www.pm.pb.gov.br\/portal\/2017\/12\/11\/policia-militar-apreende-colete-balistico-e-municao-de-calibre-restrito-com-suspeito-no-litoral-sul\/","name":"Pol\u00edcia Militar apreende colete bal\u00edstico e muni\u00e7\u00e3o de calibre restrito com suspeito, no Litoral Sul - Pol\u00edcia Militar da Para\u00edba","isPartOf":{"@id":"https:\/\/www.pm.pb.gov.br\/portal\/#website"},"datePublished":"2017-12-11T11:09:11+00:00","dateModified":"2017-12-11T11:09:11+00:00","breadcrumb":{"@id":"https:\/\/www.pm.pb.gov.br\/portal\/2017\/12\/11\/policia-militar-apreende-colete-balistico-e-municao-de-calibre-restrito-com-suspeito-no-litoral-sul\/#breadcrumb"},"inLanguage":"pt-BR","potentialAction":[{"@type":"ReadAction","target":["https:\/\/www.pm.pb.gov.br\/portal\/2017\/12\/11\/policia-militar-apreende-colete-balistico-e-municao-de-calibre-restrito-com-suspeito-no-litoral-sul\/"]}]},{"@type":"BreadcrumbList","@id":"https:\/\/www.pm.pb.gov.br\/portal\/2017\/12\/11\/policia-militar-apreende-colete-balistico-e-municao-de-calibre-restrito-com-suspeito-no-litoral-sul\/#breadcrumb","itemListElement":[{"@type":"ListItem","position":1,"name":"In\u00edcio","item":"https:\/\/www.pm.pb.gov.br\/portal\/"},{"@type":"ListItem","position":2,"name":"Pol\u00edcia Militar apreende colete bal\u00edstico e muni\u00e7\u00e3o de calibre restrito com suspeito, no Litoral Sul"}]},{"@type":"WebSite","@id":"https:\/\/www.pm.pb.gov.br\/portal\/#website","url":"https:\/\/www.pm.pb.gov.br\/portal\/","name":"Pol\u00edcia Militar da Para\u00edba","description":"","publisher":{"@id":"https:\/\/www.pm.pb.gov.br\/portal\/#organization"},"potentialAction":[{"@type":"SearchAction","target":{"@type":"EntryPoint","urlTemplate":"https:\/\/www.pm.pb.gov.br\/portal\/?s={search_term_string}"},"query-input":"required name=search_term_string"}],"inLanguage":"pt-BR"},{"@type":"Organization","@id":"https:\/\/www.pm.pb.gov.br\/portal\/#organization","name":"Pol\u00edcia Militar da Para\u00edba","url":"https:\/\/www.pm.pb.gov.br\/portal\/","logo":{"@type":"ImageObject","inLanguage":"pt-BR","@id":"https:\/\/www.pm.pb.gov.br\/portal\/#\/schema\/logo\/image\/","url":"https:\/\/www.pm.pb.gov.br\/portal\/wp-content\/uploads\/2025\/03\/cropped-logo-site-mag2-1.png","contentUrl":"https:\/\/www.pm.pb.gov.br\/portal\/wp-content\/uploads\/2025\/03\/cropped-logo-site-mag2-1.png","width":320,"height":90,"caption":"Pol\u00edcia Militar da Para\u00edba"},"image":{"@id":"https:\/\/www.pm.pb.gov.br\/portal\/#\/schema\/logo\/image\/"}},{"@type":"Person","@id":"https:\/\/www.pm.pb.gov.br\/portal\/#\/schema\/person\/f84f56dcc78ce4357054da888b8247fd","name":"Tarcisio Oliveira","image":{"@type":"ImageObject","inLanguage":"pt-BR","@id":"https:\/\/www.pm.pb.gov.br\/portal\/#\/schema\/person\/image\/","url":"https:\/\/secure.gravatar.com\/avatar\/72917b630b69d31cd0297507f34bac97?s=96&d=mm&r=g","contentUrl":"https:\/\/secure.gravatar.com\/avatar\/72917b630b69d31cd0297507f34bac97?s=96&d=mm&r=g","caption":"Tarcisio Oliveira"},"url":"https:\/\/www.pm.pb.gov.br\/portal\/author\/tarcisio\/"}]}},"_links":{"self":[{"href":"https:\/\/www.pm.pb.gov.br\/portal\/wp-json\/wp\/v2\/posts\/896339"}],"collection":[{"href":"https:\/\/www.pm.pb.gov.br\/portal\/wp-json\/wp\/v2\/posts"}],"about":[{"href":"https:\/\/www.pm.pb.gov.br\/portal\/wp-json\/wp\/v2\/types\/post"}],"author":[{"embeddable":true,"href":"https:\/\/www.pm.pb.gov.br\/portal\/wp-json\/wp\/v2\/users\/12"}],"replies":[{"embeddable":true,"href":"https:\/\/www.pm.pb.gov.br\/portal\/wp-json\/wp\/v2\/comments?post=896339"}],"version-history":[{"count":1,"href":"https:\/\/www.pm.pb.gov.br\/portal\/wp-json\/wp\/v2\/posts\/896339\/revisions"}],"predecessor-version":[{"id":896341,"href":"https:\/\/www.pm.pb.gov.br\/portal\/wp-json\/wp\/v2\/posts\/896339\/revisions\/896341"}],"wp:featuredmedia":[{"embeddable":true,"href":"https:\/\/www.pm.pb.gov.br\/portal\/wp-json\/wp\/v2\/media\/896340"}],"wp:attachment":[{"href":"https:\/\/www.pm.pb.gov.br\/portal\/wp-json\/wp\/v2\/media?parent=896339"}],"wp:term":[{"taxonomy":"category","embeddable":true,"href":"https:\/\/www.pm.pb.gov.br\/portal\/wp-json\/wp\/v2\/categories?post=896339"},{"taxonomy":"post_tag","embeddable":true,"href":"https:\/\/www.pm.pb.gov.br\/portal\/wp-json\/wp\/v2\/tags?post=896339"}],"curies":[{"name":"wp","href":"https:\/\/api.w.org\/{rel}","templated":true}]}}