{"id":896315,"date":"2017-12-07T23:07:48","date_gmt":"2017-12-08T02:07:48","guid":{"rendered":"http:\/\/www.pm.pb.gov.br\/portal\/?p=896315"},"modified":"2017-12-07T23:07:48","modified_gmt":"2017-12-08T02:07:48","slug":"governo-participa-da-solenidade-de-formatura-de-aspirantes-a-oficiais","status":"publish","type":"post","link":"https:\/\/www.pm.pb.gov.br\/portal\/2017\/12\/07\/governo-participa-da-solenidade-de-formatura-de-aspirantes-a-oficiais\/","title":{"rendered":"Governo participa da solenidade de formatura de aspirantes a oficiais"},"content":{"rendered":"<p style=\"font-weight: 400; text-align: justify;\">A vice-governadora L\u00edgia Feliciano participou da solenidade militar de encerramento do Curso de Forma\u00e7\u00e3o Aspirantes 2017, nesta quinta-feira (7), no p\u00e1tio do Centro de Educa\u00e7\u00e3o da Pol\u00edcia Militar da Para\u00edba, no bairro de Mangabeira, na Capital, em conjunto com a formatura dos novos aspirantes a oficiais do Corpo de Bombeiros Militar da Para\u00edba (CBMPB). Foram 32 formandos da Pol\u00edcia Militar, enquanto o Corpo de Bombeiros Militar da Para\u00edba formou 20 novos aspirantes a oficiais.<\/p>\n<p style=\"font-weight: 400; text-align: justify;\">Na ocasi\u00e3o, L\u00edgia destacou o empenho dos oficiais que atuam no Estado. \u201cParab\u00e9ns a cada estudante que hoje se torna aspirante, e em breve ingressar\u00e1 na carreira militar, cada um com sua hist\u00f3ria de supera\u00e7\u00e3o e dedica\u00e7\u00e3o. Aproveito tamb\u00e9m para agradecer ao trabalho de todos os oficiais que j\u00e1 atuam com honra e bravura em defesa do povo da Para\u00edba\u201d, disse vice-governadora L\u00edgia Feliciano.<\/p>\n<p style=\"font-weight: 400; text-align: justify;\">Durante a solenidade, os militares receberam de familiares a ins\u00edgnia e a espada s\u00edmbolo do oficialato. O cadete da Pol\u00edcia Militar Patrick Anderson C\u00e2ndido Alves recebeu medalha do m\u00e9rito acad\u00eamico e a medalha &#8220;Marechal Jos\u00e9 Pessoa&#8221; (conferida pela Associa\u00e7\u00e3o Paraibana de Oficiais da Reserva do Ex\u00e9rcito). O primeiro colocado no Curso de Forma\u00e7\u00e3o de Oficiais (CFO),\u00a0M\u00e1rcio Bueno Leite\u00a0tamb\u00e9m foi\u00a0\u00a0agraciado com a medalha do M\u00e9rito Acad\u00eamico, por ter se destacado durante o curso.<\/p>\n<p style=\"font-weight: 400; text-align: justify;\">Para o comandante geral da Pol\u00edcia Militar da Para\u00edba, coronel Euller Chaves, a formatura dos novos aspirantes significa melhoria cont\u00ednua. \u201cO Estado ganha mais capacita\u00e7\u00e3o profissional e mais esperan\u00e7a de dias melhores para a popula\u00e7\u00e3o. Esses aspirantes adquiriram conhecimento e agora v\u00e3o para as ruas para praticar a teoria do que aprenderam nos bancos escolares\u201d, finalizou o coronel.<\/p>\n","protected":false},"excerpt":{"rendered":"<p>A vice-governadora L\u00edgia Feliciano participou da solenidade militar de encerramento do Curso de Forma\u00e7\u00e3o Aspirantes 2017, nesta quinta-feira (7), no<\/p>\n","protected":false},"author":12,"featured_media":896316,"comment_status":"closed","ping_status":"closed","sticky":false,"template":"","format":"standard","meta":{"_exactmetrics_skip_tracking":false,"_exactmetrics_sitenote_active":false,"_exactmetrics_sitenote_note":"","_exactmetrics_sitenote_category":0,"footnotes":""},"categories":[6],"tags":[],"yoast_head":"<!-- This site is optimized with the Yoast SEO plugin v22.0 - https:\/\/yoast.com\/wordpress\/plugins\/seo\/ -->\n<title>Governo participa da solenidade de formatura de aspirantes a oficiais - Pol\u00edcia Militar da Para\u00edba<\/title>\n<meta name=\"robots\" content=\"index, follow, max-snippet:-1, max-image-preview:large, max-video-preview:-1\" \/>\n<link rel=\"canonical\" href=\"https:\/\/www.pm.pb.gov.br\/portal\/2017\/12\/07\/governo-participa-da-solenidade-de-formatura-de-aspirantes-a-oficiais\/\" \/>\n<meta property=\"og:locale\" content=\"pt_BR\" \/>\n<meta property=\"og:type\" content=\"article\" \/>\n<meta property=\"og:title\" content=\"Governo participa da solenidade de formatura de aspirantes a oficiais - Pol\u00edcia Militar da Para\u00edba\" \/>\n<meta property=\"og:description\" content=\"A vice-governadora L\u00edgia Feliciano participou da solenidade militar de encerramento do Curso de Forma\u00e7\u00e3o Aspirantes 2017, nesta quinta-feira (7), no\" \/>\n<meta property=\"og:url\" content=\"https:\/\/www.pm.pb.gov.br\/portal\/2017\/12\/07\/governo-participa-da-solenidade-de-formatura-de-aspirantes-a-oficiais\/\" \/>\n<meta property=\"og:site_name\" content=\"Pol\u00edcia Militar da Para\u00edba\" \/>\n<meta property=\"article:published_time\" content=\"2017-12-08T02:07:48+00:00\" \/>\n<meta property=\"og:image\" content=\"https:\/\/www.pm.pb.gov.br\/portal\/wp-content\/uploads\/2017\/12\/vice-gov-ligia-formatura-cfo-foto-junior-fernandes-2.jpg\" \/>\n\t<meta property=\"og:image:width\" content=\"800\" \/>\n\t<meta property=\"og:image:height\" content=\"445\" \/>\n\t<meta property=\"og:image:type\" content=\"image\/jpeg\" \/>\n<meta name=\"author\" content=\"Tarcisio Oliveira\" \/>\n<meta name=\"twitter:card\" content=\"summary_large_image\" \/>\n<meta name=\"twitter:label1\" content=\"Escrito por\" \/>\n\t<meta name=\"twitter:data1\" content=\"Tarcisio Oliveira\" \/>\n\t<meta name=\"twitter:label2\" content=\"Est. tempo de leitura\" \/>\n\t<meta name=\"twitter:data2\" content=\"2 minutos\" \/>\n<script type=\"application\/ld+json\" class=\"yoast-schema-graph\">{\"@context\":\"https:\/\/schema.org\",\"@graph\":[{\"@type\":\"Article\",\"@id\":\"https:\/\/www.pm.pb.gov.br\/portal\/2017\/12\/07\/governo-participa-da-solenidade-de-formatura-de-aspirantes-a-oficiais\/#article\",\"isPartOf\":{\"@id\":\"https:\/\/www.pm.pb.gov.br\/portal\/2017\/12\/07\/governo-participa-da-solenidade-de-formatura-de-aspirantes-a-oficiais\/\"},\"author\":{\"name\":\"Tarcisio Oliveira\",\"@id\":\"https:\/\/www.pm.pb.gov.br\/portal\/#\/schema\/person\/f84f56dcc78ce4357054da888b8247fd\"},\"headline\":\"Governo participa da solenidade de formatura de aspirantes a oficiais\",\"datePublished\":\"2017-12-08T02:07:48+00:00\",\"dateModified\":\"2017-12-08T02:07:48+00:00\",\"mainEntityOfPage\":{\"@id\":\"https:\/\/www.pm.pb.gov.br\/portal\/2017\/12\/07\/governo-participa-da-solenidade-de-formatura-de-aspirantes-a-oficiais\/\"},\"wordCount\":315,\"publisher\":{\"@id\":\"https:\/\/www.pm.pb.gov.br\/portal\/#organization\"},\"articleSection\":[\"Cursos\"],\"inLanguage\":\"pt-BR\"},{\"@type\":\"WebPage\",\"@id\":\"https:\/\/www.pm.pb.gov.br\/portal\/2017\/12\/07\/governo-participa-da-solenidade-de-formatura-de-aspirantes-a-oficiais\/\",\"url\":\"https:\/\/www.pm.pb.gov.br\/portal\/2017\/12\/07\/governo-participa-da-solenidade-de-formatura-de-aspirantes-a-oficiais\/\",\"name\":\"Governo participa da solenidade de formatura de aspirantes a oficiais - Pol\u00edcia Militar da Para\u00edba\",\"isPartOf\":{\"@id\":\"https:\/\/www.pm.pb.gov.br\/portal\/#website\"},\"datePublished\":\"2017-12-08T02:07:48+00:00\",\"dateModified\":\"2017-12-08T02:07:48+00:00\",\"breadcrumb\":{\"@id\":\"https:\/\/www.pm.pb.gov.br\/portal\/2017\/12\/07\/governo-participa-da-solenidade-de-formatura-de-aspirantes-a-oficiais\/#breadcrumb\"},\"inLanguage\":\"pt-BR\",\"potentialAction\":[{\"@type\":\"ReadAction\",\"target\":[\"https:\/\/www.pm.pb.gov.br\/portal\/2017\/12\/07\/governo-participa-da-solenidade-de-formatura-de-aspirantes-a-oficiais\/\"]}]},{\"@type\":\"BreadcrumbList\",\"@id\":\"https:\/\/www.pm.pb.gov.br\/portal\/2017\/12\/07\/governo-participa-da-solenidade-de-formatura-de-aspirantes-a-oficiais\/#breadcrumb\",\"itemListElement\":[{\"@type\":\"ListItem\",\"position\":1,\"name\":\"In\u00edcio\",\"item\":\"https:\/\/www.pm.pb.gov.br\/portal\/\"},{\"@type\":\"ListItem\",\"position\":2,\"name\":\"Governo participa da solenidade de formatura de aspirantes a oficiais\"}]},{\"@type\":\"WebSite\",\"@id\":\"https:\/\/www.pm.pb.gov.br\/portal\/#website\",\"url\":\"https:\/\/www.pm.pb.gov.br\/portal\/\",\"name\":\"Pol\u00edcia Militar da Para\u00edba\",\"description\":\"\",\"publisher\":{\"@id\":\"https:\/\/www.pm.pb.gov.br\/portal\/#organization\"},\"potentialAction\":[{\"@type\":\"SearchAction\",\"target\":{\"@type\":\"EntryPoint\",\"urlTemplate\":\"https:\/\/www.pm.pb.gov.br\/portal\/?s={search_term_string}\"},\"query-input\":\"required name=search_term_string\"}],\"inLanguage\":\"pt-BR\"},{\"@type\":\"Organization\",\"@id\":\"https:\/\/www.pm.pb.gov.br\/portal\/#organization\",\"name\":\"Pol\u00edcia Militar da Para\u00edba\",\"url\":\"https:\/\/www.pm.pb.gov.br\/portal\/\",\"logo\":{\"@type\":\"ImageObject\",\"inLanguage\":\"pt-BR\",\"@id\":\"https:\/\/www.pm.pb.gov.br\/portal\/#\/schema\/logo\/image\/\",\"url\":\"https:\/\/www.pm.pb.gov.br\/portal\/wp-content\/uploads\/2025\/03\/cropped-logo-site-mag2-1.png\",\"contentUrl\":\"https:\/\/www.pm.pb.gov.br\/portal\/wp-content\/uploads\/2025\/03\/cropped-logo-site-mag2-1.png\",\"width\":320,\"height\":90,\"caption\":\"Pol\u00edcia Militar da Para\u00edba\"},\"image\":{\"@id\":\"https:\/\/www.pm.pb.gov.br\/portal\/#\/schema\/logo\/image\/\"}},{\"@type\":\"Person\",\"@id\":\"https:\/\/www.pm.pb.gov.br\/portal\/#\/schema\/person\/f84f56dcc78ce4357054da888b8247fd\",\"name\":\"Tarcisio Oliveira\",\"image\":{\"@type\":\"ImageObject\",\"inLanguage\":\"pt-BR\",\"@id\":\"https:\/\/www.pm.pb.gov.br\/portal\/#\/schema\/person\/image\/\",\"url\":\"https:\/\/secure.gravatar.com\/avatar\/72917b630b69d31cd0297507f34bac97?s=96&d=mm&r=g\",\"contentUrl\":\"https:\/\/secure.gravatar.com\/avatar\/72917b630b69d31cd0297507f34bac97?s=96&d=mm&r=g\",\"caption\":\"Tarcisio Oliveira\"},\"url\":\"https:\/\/www.pm.pb.gov.br\/portal\/author\/tarcisio\/\"}]}<\/script>\n<!-- \/ Yoast SEO plugin. -->","yoast_head_json":{"title":"Governo participa da solenidade de formatura de aspirantes a oficiais - Pol\u00edcia Militar da Para\u00edba","robots":{"index":"index","follow":"follow","max-snippet":"max-snippet:-1","max-image-preview":"max-image-preview:large","max-video-preview":"max-video-preview:-1"},"canonical":"https:\/\/www.pm.pb.gov.br\/portal\/2017\/12\/07\/governo-participa-da-solenidade-de-formatura-de-aspirantes-a-oficiais\/","og_locale":"pt_BR","og_type":"article","og_title":"Governo participa da solenidade de formatura de aspirantes a oficiais - Pol\u00edcia Militar da Para\u00edba","og_description":"A vice-governadora L\u00edgia Feliciano participou da solenidade militar de encerramento do Curso de Forma\u00e7\u00e3o Aspirantes 2017, nesta quinta-feira (7), no","og_url":"https:\/\/www.pm.pb.gov.br\/portal\/2017\/12\/07\/governo-participa-da-solenidade-de-formatura-de-aspirantes-a-oficiais\/","og_site_name":"Pol\u00edcia Militar da Para\u00edba","article_published_time":"2017-12-08T02:07:48+00:00","og_image":[{"width":800,"height":445,"url":"https:\/\/www.pm.pb.gov.br\/portal\/wp-content\/uploads\/2017\/12\/vice-gov-ligia-formatura-cfo-foto-junior-fernandes-2.jpg","type":"image\/jpeg"}],"author":"Tarcisio Oliveira","twitter_card":"summary_large_image","twitter_misc":{"Escrito por":"Tarcisio Oliveira","Est. tempo de leitura":"2 minutos"},"schema":{"@context":"https:\/\/schema.org","@graph":[{"@type":"Article","@id":"https:\/\/www.pm.pb.gov.br\/portal\/2017\/12\/07\/governo-participa-da-solenidade-de-formatura-de-aspirantes-a-oficiais\/#article","isPartOf":{"@id":"https:\/\/www.pm.pb.gov.br\/portal\/2017\/12\/07\/governo-participa-da-solenidade-de-formatura-de-aspirantes-a-oficiais\/"},"author":{"name":"Tarcisio Oliveira","@id":"https:\/\/www.pm.pb.gov.br\/portal\/#\/schema\/person\/f84f56dcc78ce4357054da888b8247fd"},"headline":"Governo participa da solenidade de formatura de aspirantes a oficiais","datePublished":"2017-12-08T02:07:48+00:00","dateModified":"2017-12-08T02:07:48+00:00","mainEntityOfPage":{"@id":"https:\/\/www.pm.pb.gov.br\/portal\/2017\/12\/07\/governo-participa-da-solenidade-de-formatura-de-aspirantes-a-oficiais\/"},"wordCount":315,"publisher":{"@id":"https:\/\/www.pm.pb.gov.br\/portal\/#organization"},"articleSection":["Cursos"],"inLanguage":"pt-BR"},{"@type":"WebPage","@id":"https:\/\/www.pm.pb.gov.br\/portal\/2017\/12\/07\/governo-participa-da-solenidade-de-formatura-de-aspirantes-a-oficiais\/","url":"https:\/\/www.pm.pb.gov.br\/portal\/2017\/12\/07\/governo-participa-da-solenidade-de-formatura-de-aspirantes-a-oficiais\/","name":"Governo participa da solenidade de formatura de aspirantes a oficiais - Pol\u00edcia Militar da Para\u00edba","isPartOf":{"@id":"https:\/\/www.pm.pb.gov.br\/portal\/#website"},"datePublished":"2017-12-08T02:07:48+00:00","dateModified":"2017-12-08T02:07:48+00:00","breadcrumb":{"@id":"https:\/\/www.pm.pb.gov.br\/portal\/2017\/12\/07\/governo-participa-da-solenidade-de-formatura-de-aspirantes-a-oficiais\/#breadcrumb"},"inLanguage":"pt-BR","potentialAction":[{"@type":"ReadAction","target":["https:\/\/www.pm.pb.gov.br\/portal\/2017\/12\/07\/governo-participa-da-solenidade-de-formatura-de-aspirantes-a-oficiais\/"]}]},{"@type":"BreadcrumbList","@id":"https:\/\/www.pm.pb.gov.br\/portal\/2017\/12\/07\/governo-participa-da-solenidade-de-formatura-de-aspirantes-a-oficiais\/#breadcrumb","itemListElement":[{"@type":"ListItem","position":1,"name":"In\u00edcio","item":"https:\/\/www.pm.pb.gov.br\/portal\/"},{"@type":"ListItem","position":2,"name":"Governo participa da solenidade de formatura de aspirantes a oficiais"}]},{"@type":"WebSite","@id":"https:\/\/www.pm.pb.gov.br\/portal\/#website","url":"https:\/\/www.pm.pb.gov.br\/portal\/","name":"Pol\u00edcia Militar da Para\u00edba","description":"","publisher":{"@id":"https:\/\/www.pm.pb.gov.br\/portal\/#organization"},"potentialAction":[{"@type":"SearchAction","target":{"@type":"EntryPoint","urlTemplate":"https:\/\/www.pm.pb.gov.br\/portal\/?s={search_term_string}"},"query-input":"required name=search_term_string"}],"inLanguage":"pt-BR"},{"@type":"Organization","@id":"https:\/\/www.pm.pb.gov.br\/portal\/#organization","name":"Pol\u00edcia Militar da Para\u00edba","url":"https:\/\/www.pm.pb.gov.br\/portal\/","logo":{"@type":"ImageObject","inLanguage":"pt-BR","@id":"https:\/\/www.pm.pb.gov.br\/portal\/#\/schema\/logo\/image\/","url":"https:\/\/www.pm.pb.gov.br\/portal\/wp-content\/uploads\/2025\/03\/cropped-logo-site-mag2-1.png","contentUrl":"https:\/\/www.pm.pb.gov.br\/portal\/wp-content\/uploads\/2025\/03\/cropped-logo-site-mag2-1.png","width":320,"height":90,"caption":"Pol\u00edcia Militar da Para\u00edba"},"image":{"@id":"https:\/\/www.pm.pb.gov.br\/portal\/#\/schema\/logo\/image\/"}},{"@type":"Person","@id":"https:\/\/www.pm.pb.gov.br\/portal\/#\/schema\/person\/f84f56dcc78ce4357054da888b8247fd","name":"Tarcisio Oliveira","image":{"@type":"ImageObject","inLanguage":"pt-BR","@id":"https:\/\/www.pm.pb.gov.br\/portal\/#\/schema\/person\/image\/","url":"https:\/\/secure.gravatar.com\/avatar\/72917b630b69d31cd0297507f34bac97?s=96&d=mm&r=g","contentUrl":"https:\/\/secure.gravatar.com\/avatar\/72917b630b69d31cd0297507f34bac97?s=96&d=mm&r=g","caption":"Tarcisio Oliveira"},"url":"https:\/\/www.pm.pb.gov.br\/portal\/author\/tarcisio\/"}]}},"_links":{"self":[{"href":"https:\/\/www.pm.pb.gov.br\/portal\/wp-json\/wp\/v2\/posts\/896315"}],"collection":[{"href":"https:\/\/www.pm.pb.gov.br\/portal\/wp-json\/wp\/v2\/posts"}],"about":[{"href":"https:\/\/www.pm.pb.gov.br\/portal\/wp-json\/wp\/v2\/types\/post"}],"author":[{"embeddable":true,"href":"https:\/\/www.pm.pb.gov.br\/portal\/wp-json\/wp\/v2\/users\/12"}],"replies":[{"embeddable":true,"href":"https:\/\/www.pm.pb.gov.br\/portal\/wp-json\/wp\/v2\/comments?post=896315"}],"version-history":[{"count":1,"href":"https:\/\/www.pm.pb.gov.br\/portal\/wp-json\/wp\/v2\/posts\/896315\/revisions"}],"predecessor-version":[{"id":896317,"href":"https:\/\/www.pm.pb.gov.br\/portal\/wp-json\/wp\/v2\/posts\/896315\/revisions\/896317"}],"wp:featuredmedia":[{"embeddable":true,"href":"https:\/\/www.pm.pb.gov.br\/portal\/wp-json\/wp\/v2\/media\/896316"}],"wp:attachment":[{"href":"https:\/\/www.pm.pb.gov.br\/portal\/wp-json\/wp\/v2\/media?parent=896315"}],"wp:term":[{"taxonomy":"category","embeddable":true,"href":"https:\/\/www.pm.pb.gov.br\/portal\/wp-json\/wp\/v2\/categories?post=896315"},{"taxonomy":"post_tag","embeddable":true,"href":"https:\/\/www.pm.pb.gov.br\/portal\/wp-json\/wp\/v2\/tags?post=896315"}],"curies":[{"name":"wp","href":"https:\/\/api.w.org\/{rel}","templated":true}]}}