{"id":896250,"date":"2017-11-30T13:50:53","date_gmt":"2017-11-30T16:50:53","guid":{"rendered":"http:\/\/www.pm.pb.gov.br\/portal\/?p=896250"},"modified":"2017-11-30T13:50:53","modified_gmt":"2017-11-30T16:50:53","slug":"policia-militar-prende-quadrilha-suspeita-de-assaltos-em-campina-grande","status":"publish","type":"post","link":"https:\/\/www.pm.pb.gov.br\/portal\/2017\/11\/30\/policia-militar-prende-quadrilha-suspeita-de-assaltos-em-campina-grande\/","title":{"rendered":"Pol\u00edcia Militar prende quadrilha suspeita de assaltos em Campina Grande"},"content":{"rendered":"<p style=\"text-align: justify;\">A Pol\u00edcia Militar prendeu, em flagrante, cinco homens suspeitos de realizar assaltos, ap\u00f3s intensa persegui\u00e7\u00e3o em Campina Grande. Com o grupo, os policiais apreenderam arma de fogo e recuperaram ve\u00edculos e objetos roubados O grupo foi detido ap\u00f3s troca de tiros com a PM, nessa quarta-feira (29). Um dos suspeitos j\u00e1 responde por tr\u00e1fico de drogas.<\/p>\n<p style=\"text-align: justify;\"><img loading=\"lazy\" decoding=\"async\" class=\"wp-image-896253 alignleft\" src=\"http:\/\/www.pm.pb.gov.br\/portal\/wp-content\/uploads\/2017\/11\/CG-791x445.jpeg\" alt=\"\" width=\"314\" height=\"177\" srcset=\"https:\/\/www.pm.pb.gov.br\/portal\/wp-content\/uploads\/2017\/11\/CG-791x445.jpeg 791w, https:\/\/www.pm.pb.gov.br\/portal\/wp-content\/uploads\/2017\/11\/CG-768x432.jpeg 768w, https:\/\/www.pm.pb.gov.br\/portal\/wp-content\/uploads\/2017\/11\/CG-1013x570.jpeg 1013w, https:\/\/www.pm.pb.gov.br\/portal\/wp-content\/uploads\/2017\/11\/CG.jpeg 1164w\" sizes=\"(max-width: 314px) 100vw, 314px\" \/><\/p>\n<p style=\"text-align: justify;\">A quadrilha agia utilizando um ve\u00edculo para a pr\u00e1tica de assaltos. Por volta das 16h, os suspeitos cometeram o primeiro crime denunciado, onde roubaram um caminh\u00e3o de entrega de g\u00e1s no bairro Tr\u00eas Irm\u00e3s, e fugiram em dire\u00e7\u00e3o ao Jardim Verdejante. Os policiais do 2\u00ba Batalh\u00e3o e das Rondas Ostensivas T\u00e1ticas com Apoio de Motocicletas (Rotam) foram acionados e come\u00e7aram a realizar dilig\u00eancias para encontrar o grupo.<\/p>\n<p style=\"text-align: justify;\">Em seguida, a PM foi informada que o grupo roubou um motoqueiro, levou a moto da v\u00edtima, e que os mesmos suspeitos teriam assaltado um mercadinho, nas proximidades de um ponto final de \u00f4nibus. Durante o cerco, a PM encontrou, na rodovia PB 138, o caminh\u00e3o roubado. Com informa\u00e7\u00f5es passadas ao Centro Integrado de Opera\u00e7\u00f5es Policiais (Ciop), a PM conseguiu localizar o ve\u00edculo suspeito e come\u00e7ou o acompanhamento.<\/p>\n<p style=\"text-align: justify;\">\u00a0\u00a0<img loading=\"lazy\" decoding=\"async\" class=\"wp-image-896254 alignright\" src=\"http:\/\/www.pm.pb.gov.br\/portal\/wp-content\/uploads\/2017\/11\/CG_2-1-791x445.jpg\" alt=\"\" width=\"306\" height=\"172\" srcset=\"https:\/\/www.pm.pb.gov.br\/portal\/wp-content\/uploads\/2017\/11\/CG_2-1-791x445.jpg 791w, https:\/\/www.pm.pb.gov.br\/portal\/wp-content\/uploads\/2017\/11\/CG_2-1-768x432.jpg 768w, https:\/\/www.pm.pb.gov.br\/portal\/wp-content\/uploads\/2017\/11\/CG_2-1.jpg 800w\" sizes=\"(max-width: 306px) 100vw, 306px\" \/>Os criminosos trocaram tiros com a PM, jogaram objetos roubados na estrada, mas foram detidos em um s\u00edtio.\u00a0 Como saldo da a\u00e7\u00e3o, os policiais apreenderam um rev\u00f3lver calibre 32, muni\u00e7\u00f5es, recuperaram tr\u00eas ve\u00edculos, sendo um caminh\u00e3o de g\u00e1s e duas motos, e apreenderam o carro usado na a\u00e7\u00e3o criminosa. Com a quadrilha, a PM encontrou tamb\u00e9m capacetes, objetos pessoais roubados como carteiras, documentos, mochilas, joias e quatro aparelhos celulares.<\/p>\n<p style=\"text-align: justify;\">O grupo criminoso foi apresentado no Distrito Integrado de Seguran\u00e7a P\u00fablica, no Parque do Povo, onde foram autuados por roubo e organiza\u00e7\u00e3o criminosa.<\/p>\n","protected":false},"excerpt":{"rendered":"<p>A Pol\u00edcia Militar prendeu, em flagrante, cinco homens suspeitos de realizar assaltos, ap\u00f3s intensa persegui\u00e7\u00e3o em Campina Grande. Com o<\/p>\n","protected":false},"author":15,"featured_media":896251,"comment_status":"closed","ping_status":"closed","sticky":false,"template":"","format":"standard","meta":{"_exactmetrics_skip_tracking":false,"_exactmetrics_sitenote_active":false,"_exactmetrics_sitenote_note":"","_exactmetrics_sitenote_category":0,"footnotes":""},"categories":[4],"tags":[],"yoast_head":"<!-- This site is optimized with the Yoast SEO plugin v22.0 - https:\/\/yoast.com\/wordpress\/plugins\/seo\/ -->\n<title>Pol\u00edcia Militar prende quadrilha suspeita de assaltos em Campina Grande - Pol\u00edcia Militar da Para\u00edba<\/title>\n<meta name=\"robots\" content=\"index, follow, max-snippet:-1, max-image-preview:large, max-video-preview:-1\" \/>\n<link rel=\"canonical\" href=\"https:\/\/www.pm.pb.gov.br\/portal\/2017\/11\/30\/policia-militar-prende-quadrilha-suspeita-de-assaltos-em-campina-grande\/\" \/>\n<meta property=\"og:locale\" content=\"pt_BR\" \/>\n<meta property=\"og:type\" content=\"article\" \/>\n<meta property=\"og:title\" content=\"Pol\u00edcia Militar prende quadrilha suspeita de assaltos em Campina Grande - Pol\u00edcia Militar da Para\u00edba\" \/>\n<meta property=\"og:description\" content=\"A Pol\u00edcia Militar prendeu, em flagrante, cinco homens suspeitos de realizar assaltos, ap\u00f3s intensa persegui\u00e7\u00e3o em Campina Grande. Com o\" \/>\n<meta property=\"og:url\" content=\"https:\/\/www.pm.pb.gov.br\/portal\/2017\/11\/30\/policia-militar-prende-quadrilha-suspeita-de-assaltos-em-campina-grande\/\" \/>\n<meta property=\"og:site_name\" content=\"Pol\u00edcia Militar da Para\u00edba\" \/>\n<meta property=\"article:published_time\" content=\"2017-11-30T16:50:53+00:00\" \/>\n<meta property=\"og:image\" content=\"https:\/\/www.pm.pb.gov.br\/portal\/wp-content\/uploads\/2017\/11\/material-CG.jpg\" \/>\n\t<meta property=\"og:image:width\" content=\"800\" \/>\n\t<meta property=\"og:image:height\" content=\"450\" \/>\n\t<meta property=\"og:image:type\" content=\"image\/jpeg\" \/>\n<meta name=\"author\" content=\"Marcio Gomes dos Santos\" \/>\n<meta name=\"twitter:card\" content=\"summary_large_image\" \/>\n<meta name=\"twitter:label1\" content=\"Escrito por\" \/>\n\t<meta name=\"twitter:data1\" content=\"Marcio Gomes dos Santos\" \/>\n\t<meta name=\"twitter:label2\" content=\"Est. tempo de leitura\" \/>\n\t<meta name=\"twitter:data2\" content=\"2 minutos\" \/>\n<script type=\"application\/ld+json\" class=\"yoast-schema-graph\">{\"@context\":\"https:\/\/schema.org\",\"@graph\":[{\"@type\":\"Article\",\"@id\":\"https:\/\/www.pm.pb.gov.br\/portal\/2017\/11\/30\/policia-militar-prende-quadrilha-suspeita-de-assaltos-em-campina-grande\/#article\",\"isPartOf\":{\"@id\":\"https:\/\/www.pm.pb.gov.br\/portal\/2017\/11\/30\/policia-militar-prende-quadrilha-suspeita-de-assaltos-em-campina-grande\/\"},\"author\":{\"name\":\"Marcio Gomes dos Santos\",\"@id\":\"https:\/\/www.pm.pb.gov.br\/portal\/#\/schema\/person\/30d571652b38533c2211e4e89bf5a502\"},\"headline\":\"Pol\u00edcia Militar prende quadrilha suspeita de assaltos em Campina Grande\",\"datePublished\":\"2017-11-30T16:50:53+00:00\",\"dateModified\":\"2017-11-30T16:50:53+00:00\",\"mainEntityOfPage\":{\"@id\":\"https:\/\/www.pm.pb.gov.br\/portal\/2017\/11\/30\/policia-militar-prende-quadrilha-suspeita-de-assaltos-em-campina-grande\/\"},\"wordCount\":326,\"publisher\":{\"@id\":\"https:\/\/www.pm.pb.gov.br\/portal\/#organization\"},\"articleSection\":[\"A\u00e7\u00f5es Policiais\"],\"inLanguage\":\"pt-BR\"},{\"@type\":\"WebPage\",\"@id\":\"https:\/\/www.pm.pb.gov.br\/portal\/2017\/11\/30\/policia-militar-prende-quadrilha-suspeita-de-assaltos-em-campina-grande\/\",\"url\":\"https:\/\/www.pm.pb.gov.br\/portal\/2017\/11\/30\/policia-militar-prende-quadrilha-suspeita-de-assaltos-em-campina-grande\/\",\"name\":\"Pol\u00edcia Militar prende quadrilha suspeita de assaltos em Campina Grande - Pol\u00edcia Militar da Para\u00edba\",\"isPartOf\":{\"@id\":\"https:\/\/www.pm.pb.gov.br\/portal\/#website\"},\"datePublished\":\"2017-11-30T16:50:53+00:00\",\"dateModified\":\"2017-11-30T16:50:53+00:00\",\"breadcrumb\":{\"@id\":\"https:\/\/www.pm.pb.gov.br\/portal\/2017\/11\/30\/policia-militar-prende-quadrilha-suspeita-de-assaltos-em-campina-grande\/#breadcrumb\"},\"inLanguage\":\"pt-BR\",\"potentialAction\":[{\"@type\":\"ReadAction\",\"target\":[\"https:\/\/www.pm.pb.gov.br\/portal\/2017\/11\/30\/policia-militar-prende-quadrilha-suspeita-de-assaltos-em-campina-grande\/\"]}]},{\"@type\":\"BreadcrumbList\",\"@id\":\"https:\/\/www.pm.pb.gov.br\/portal\/2017\/11\/30\/policia-militar-prende-quadrilha-suspeita-de-assaltos-em-campina-grande\/#breadcrumb\",\"itemListElement\":[{\"@type\":\"ListItem\",\"position\":1,\"name\":\"In\u00edcio\",\"item\":\"https:\/\/www.pm.pb.gov.br\/portal\/\"},{\"@type\":\"ListItem\",\"position\":2,\"name\":\"Pol\u00edcia Militar prende quadrilha suspeita de assaltos em Campina Grande\"}]},{\"@type\":\"WebSite\",\"@id\":\"https:\/\/www.pm.pb.gov.br\/portal\/#website\",\"url\":\"https:\/\/www.pm.pb.gov.br\/portal\/\",\"name\":\"Pol\u00edcia Militar da Para\u00edba\",\"description\":\"\",\"publisher\":{\"@id\":\"https:\/\/www.pm.pb.gov.br\/portal\/#organization\"},\"potentialAction\":[{\"@type\":\"SearchAction\",\"target\":{\"@type\":\"EntryPoint\",\"urlTemplate\":\"https:\/\/www.pm.pb.gov.br\/portal\/?s={search_term_string}\"},\"query-input\":\"required name=search_term_string\"}],\"inLanguage\":\"pt-BR\"},{\"@type\":\"Organization\",\"@id\":\"https:\/\/www.pm.pb.gov.br\/portal\/#organization\",\"name\":\"Pol\u00edcia Militar da Para\u00edba\",\"url\":\"https:\/\/www.pm.pb.gov.br\/portal\/\",\"logo\":{\"@type\":\"ImageObject\",\"inLanguage\":\"pt-BR\",\"@id\":\"https:\/\/www.pm.pb.gov.br\/portal\/#\/schema\/logo\/image\/\",\"url\":\"https:\/\/www.pm.pb.gov.br\/portal\/wp-content\/uploads\/2025\/03\/cropped-logo-site-mag2-1.png\",\"contentUrl\":\"https:\/\/www.pm.pb.gov.br\/portal\/wp-content\/uploads\/2025\/03\/cropped-logo-site-mag2-1.png\",\"width\":320,\"height\":90,\"caption\":\"Pol\u00edcia Militar da Para\u00edba\"},\"image\":{\"@id\":\"https:\/\/www.pm.pb.gov.br\/portal\/#\/schema\/logo\/image\/\"}},{\"@type\":\"Person\",\"@id\":\"https:\/\/www.pm.pb.gov.br\/portal\/#\/schema\/person\/30d571652b38533c2211e4e89bf5a502\",\"name\":\"Marcio Gomes dos Santos\",\"image\":{\"@type\":\"ImageObject\",\"inLanguage\":\"pt-BR\",\"@id\":\"https:\/\/www.pm.pb.gov.br\/portal\/#\/schema\/person\/image\/\",\"url\":\"https:\/\/secure.gravatar.com\/avatar\/cf4ec2cb690101e1581c7773aa350c19?s=96&d=mm&r=g\",\"contentUrl\":\"https:\/\/secure.gravatar.com\/avatar\/cf4ec2cb690101e1581c7773aa350c19?s=96&d=mm&r=g\",\"caption\":\"Marcio Gomes dos Santos\"},\"url\":\"https:\/\/www.pm.pb.gov.br\/portal\/author\/mgomes\/\"}]}<\/script>\n<!-- \/ Yoast SEO plugin. -->","yoast_head_json":{"title":"Pol\u00edcia Militar prende quadrilha suspeita de assaltos em Campina Grande - Pol\u00edcia Militar da Para\u00edba","robots":{"index":"index","follow":"follow","max-snippet":"max-snippet:-1","max-image-preview":"max-image-preview:large","max-video-preview":"max-video-preview:-1"},"canonical":"https:\/\/www.pm.pb.gov.br\/portal\/2017\/11\/30\/policia-militar-prende-quadrilha-suspeita-de-assaltos-em-campina-grande\/","og_locale":"pt_BR","og_type":"article","og_title":"Pol\u00edcia Militar prende quadrilha suspeita de assaltos em Campina Grande - Pol\u00edcia Militar da Para\u00edba","og_description":"A Pol\u00edcia Militar prendeu, em flagrante, cinco homens suspeitos de realizar assaltos, ap\u00f3s intensa persegui\u00e7\u00e3o em Campina Grande. Com o","og_url":"https:\/\/www.pm.pb.gov.br\/portal\/2017\/11\/30\/policia-militar-prende-quadrilha-suspeita-de-assaltos-em-campina-grande\/","og_site_name":"Pol\u00edcia Militar da Para\u00edba","article_published_time":"2017-11-30T16:50:53+00:00","og_image":[{"width":800,"height":450,"url":"https:\/\/www.pm.pb.gov.br\/portal\/wp-content\/uploads\/2017\/11\/material-CG.jpg","type":"image\/jpeg"}],"author":"Marcio Gomes dos Santos","twitter_card":"summary_large_image","twitter_misc":{"Escrito por":"Marcio Gomes dos Santos","Est. tempo de leitura":"2 minutos"},"schema":{"@context":"https:\/\/schema.org","@graph":[{"@type":"Article","@id":"https:\/\/www.pm.pb.gov.br\/portal\/2017\/11\/30\/policia-militar-prende-quadrilha-suspeita-de-assaltos-em-campina-grande\/#article","isPartOf":{"@id":"https:\/\/www.pm.pb.gov.br\/portal\/2017\/11\/30\/policia-militar-prende-quadrilha-suspeita-de-assaltos-em-campina-grande\/"},"author":{"name":"Marcio Gomes dos Santos","@id":"https:\/\/www.pm.pb.gov.br\/portal\/#\/schema\/person\/30d571652b38533c2211e4e89bf5a502"},"headline":"Pol\u00edcia Militar prende quadrilha suspeita de assaltos em Campina Grande","datePublished":"2017-11-30T16:50:53+00:00","dateModified":"2017-11-30T16:50:53+00:00","mainEntityOfPage":{"@id":"https:\/\/www.pm.pb.gov.br\/portal\/2017\/11\/30\/policia-militar-prende-quadrilha-suspeita-de-assaltos-em-campina-grande\/"},"wordCount":326,"publisher":{"@id":"https:\/\/www.pm.pb.gov.br\/portal\/#organization"},"articleSection":["A\u00e7\u00f5es Policiais"],"inLanguage":"pt-BR"},{"@type":"WebPage","@id":"https:\/\/www.pm.pb.gov.br\/portal\/2017\/11\/30\/policia-militar-prende-quadrilha-suspeita-de-assaltos-em-campina-grande\/","url":"https:\/\/www.pm.pb.gov.br\/portal\/2017\/11\/30\/policia-militar-prende-quadrilha-suspeita-de-assaltos-em-campina-grande\/","name":"Pol\u00edcia Militar prende quadrilha suspeita de assaltos em Campina Grande - Pol\u00edcia Militar da Para\u00edba","isPartOf":{"@id":"https:\/\/www.pm.pb.gov.br\/portal\/#website"},"datePublished":"2017-11-30T16:50:53+00:00","dateModified":"2017-11-30T16:50:53+00:00","breadcrumb":{"@id":"https:\/\/www.pm.pb.gov.br\/portal\/2017\/11\/30\/policia-militar-prende-quadrilha-suspeita-de-assaltos-em-campina-grande\/#breadcrumb"},"inLanguage":"pt-BR","potentialAction":[{"@type":"ReadAction","target":["https:\/\/www.pm.pb.gov.br\/portal\/2017\/11\/30\/policia-militar-prende-quadrilha-suspeita-de-assaltos-em-campina-grande\/"]}]},{"@type":"BreadcrumbList","@id":"https:\/\/www.pm.pb.gov.br\/portal\/2017\/11\/30\/policia-militar-prende-quadrilha-suspeita-de-assaltos-em-campina-grande\/#breadcrumb","itemListElement":[{"@type":"ListItem","position":1,"name":"In\u00edcio","item":"https:\/\/www.pm.pb.gov.br\/portal\/"},{"@type":"ListItem","position":2,"name":"Pol\u00edcia Militar prende quadrilha suspeita de assaltos em Campina Grande"}]},{"@type":"WebSite","@id":"https:\/\/www.pm.pb.gov.br\/portal\/#website","url":"https:\/\/www.pm.pb.gov.br\/portal\/","name":"Pol\u00edcia Militar da Para\u00edba","description":"","publisher":{"@id":"https:\/\/www.pm.pb.gov.br\/portal\/#organization"},"potentialAction":[{"@type":"SearchAction","target":{"@type":"EntryPoint","urlTemplate":"https:\/\/www.pm.pb.gov.br\/portal\/?s={search_term_string}"},"query-input":"required name=search_term_string"}],"inLanguage":"pt-BR"},{"@type":"Organization","@id":"https:\/\/www.pm.pb.gov.br\/portal\/#organization","name":"Pol\u00edcia Militar da Para\u00edba","url":"https:\/\/www.pm.pb.gov.br\/portal\/","logo":{"@type":"ImageObject","inLanguage":"pt-BR","@id":"https:\/\/www.pm.pb.gov.br\/portal\/#\/schema\/logo\/image\/","url":"https:\/\/www.pm.pb.gov.br\/portal\/wp-content\/uploads\/2025\/03\/cropped-logo-site-mag2-1.png","contentUrl":"https:\/\/www.pm.pb.gov.br\/portal\/wp-content\/uploads\/2025\/03\/cropped-logo-site-mag2-1.png","width":320,"height":90,"caption":"Pol\u00edcia Militar da Para\u00edba"},"image":{"@id":"https:\/\/www.pm.pb.gov.br\/portal\/#\/schema\/logo\/image\/"}},{"@type":"Person","@id":"https:\/\/www.pm.pb.gov.br\/portal\/#\/schema\/person\/30d571652b38533c2211e4e89bf5a502","name":"Marcio Gomes dos Santos","image":{"@type":"ImageObject","inLanguage":"pt-BR","@id":"https:\/\/www.pm.pb.gov.br\/portal\/#\/schema\/person\/image\/","url":"https:\/\/secure.gravatar.com\/avatar\/cf4ec2cb690101e1581c7773aa350c19?s=96&d=mm&r=g","contentUrl":"https:\/\/secure.gravatar.com\/avatar\/cf4ec2cb690101e1581c7773aa350c19?s=96&d=mm&r=g","caption":"Marcio Gomes dos Santos"},"url":"https:\/\/www.pm.pb.gov.br\/portal\/author\/mgomes\/"}]}},"_links":{"self":[{"href":"https:\/\/www.pm.pb.gov.br\/portal\/wp-json\/wp\/v2\/posts\/896250"}],"collection":[{"href":"https:\/\/www.pm.pb.gov.br\/portal\/wp-json\/wp\/v2\/posts"}],"about":[{"href":"https:\/\/www.pm.pb.gov.br\/portal\/wp-json\/wp\/v2\/types\/post"}],"author":[{"embeddable":true,"href":"https:\/\/www.pm.pb.gov.br\/portal\/wp-json\/wp\/v2\/users\/15"}],"replies":[{"embeddable":true,"href":"https:\/\/www.pm.pb.gov.br\/portal\/wp-json\/wp\/v2\/comments?post=896250"}],"version-history":[{"count":1,"href":"https:\/\/www.pm.pb.gov.br\/portal\/wp-json\/wp\/v2\/posts\/896250\/revisions"}],"predecessor-version":[{"id":896256,"href":"https:\/\/www.pm.pb.gov.br\/portal\/wp-json\/wp\/v2\/posts\/896250\/revisions\/896256"}],"wp:featuredmedia":[{"embeddable":true,"href":"https:\/\/www.pm.pb.gov.br\/portal\/wp-json\/wp\/v2\/media\/896251"}],"wp:attachment":[{"href":"https:\/\/www.pm.pb.gov.br\/portal\/wp-json\/wp\/v2\/media?parent=896250"}],"wp:term":[{"taxonomy":"category","embeddable":true,"href":"https:\/\/www.pm.pb.gov.br\/portal\/wp-json\/wp\/v2\/categories?post=896250"},{"taxonomy":"post_tag","embeddable":true,"href":"https:\/\/www.pm.pb.gov.br\/portal\/wp-json\/wp\/v2\/tags?post=896250"}],"curies":[{"name":"wp","href":"https:\/\/api.w.org\/{rel}","templated":true}]}}