{"id":896235,"date":"2017-11-29T10:48:07","date_gmt":"2017-11-29T13:48:07","guid":{"rendered":"http:\/\/www.pm.pb.gov.br\/portal\/?p=896235"},"modified":"2017-11-29T10:49:17","modified_gmt":"2017-11-29T13:49:17","slug":"policia-militar-apreende-suspeito-de-roubar-moto-no-sertao-e-apreende-arma-usada-para-ameacar-a-vitima","status":"publish","type":"post","link":"https:\/\/www.pm.pb.gov.br\/portal\/2017\/11\/29\/policia-militar-apreende-suspeito-de-roubar-moto-no-sertao-e-apreende-arma-usada-para-ameacar-a-vitima\/","title":{"rendered":"Pol\u00edcia Militar apreende suspeito de roubar moto no Sert\u00e3o e apreende arma usada para amea\u00e7ar a v\u00edtima"},"content":{"rendered":"<p style=\"text-align: justify;\">Em uma a\u00e7\u00e3o r\u00e1pida, policiais do 12\u00ba Batalh\u00e3o da Pol\u00edcia Militar apreenderam um adolescente de 16 anos, no fim da noite dessa ter\u00e7a-feira (28), com uma moto que ele tinha acabado de roubar de um comerciante, na cidade de S\u00e3o Bento, no Sert\u00e3o do estado. O jovem, que estava no ve\u00edculo, foi perseguido at\u00e9 a sa\u00edda da cidade de Catol\u00e9 do Rocha, onde foi rendido e detido.<\/p>\n<p style=\"text-align: justify;\">Com ele, os policiais recuperaram o ve\u00edculo e ainda apreenderam a arma usada para amea\u00e7ar a v\u00edtima, um rev\u00f3lver calibre 38. Um outro suspeito que estava com ele no momento do assalto, ainda \u00e9 procurado. O adolescente foi levado para a Central de Pol\u00edcia Civil, em Catol\u00e9 do Rocha, onde o comerciante recebeu a moto de volta.<\/p>\n<p style=\"text-align: justify;\">Nas a\u00e7\u00f5es dessa ter\u00e7a-feira (28), a PM tamb\u00e9m recuperou motos roubadas nas cidades de Itabaiana e Aparecida. No primeiro munic\u00edpio, policiais do 8\u00ba Batalh\u00e3o realizavam rondas quando perceberam que um suspeito, de 27 anos, estacionou uma moto rapidamente ao perceber a presen\u00e7a da viatura, pr\u00f3ximo \u00e0 rodovi\u00e1ria. Ele tentou sair de perto do ve\u00edculo, mas foi abordado. Na consulta do ve\u00edculo, os policiais descobriram que a moto era roubada.<\/p>\n<p style=\"text-align: justify;\">Em Aparecida, os policiais localizaram uma moto que havia sido roubada no \u00faltimo dia 22, na mesma cidade. O ve\u00edculo foi levado para a Delegacia de Pol\u00edcia Civil e entregue ao dono.<\/p>\n","protected":false},"excerpt":{"rendered":"<p>Em uma a\u00e7\u00e3o r\u00e1pida, policiais do 12\u00ba Batalh\u00e3o da Pol\u00edcia Militar apreenderam um adolescente de 16 anos, no fim da<\/p>\n","protected":false},"author":12,"featured_media":896232,"comment_status":"closed","ping_status":"closed","sticky":false,"template":"","format":"standard","meta":{"_exactmetrics_skip_tracking":false,"_exactmetrics_sitenote_active":false,"_exactmetrics_sitenote_note":"","_exactmetrics_sitenote_category":0,"footnotes":""},"categories":[4],"tags":[],"yoast_head":"<!-- This site is optimized with the Yoast SEO plugin v22.0 - https:\/\/yoast.com\/wordpress\/plugins\/seo\/ -->\n<title>Pol\u00edcia Militar apreende suspeito de roubar moto no Sert\u00e3o e apreende arma usada para amea\u00e7ar a v\u00edtima - Pol\u00edcia Militar da Para\u00edba<\/title>\n<meta name=\"robots\" content=\"index, follow, max-snippet:-1, max-image-preview:large, max-video-preview:-1\" \/>\n<link rel=\"canonical\" href=\"https:\/\/www.pm.pb.gov.br\/portal\/2017\/11\/29\/policia-militar-apreende-suspeito-de-roubar-moto-no-sertao-e-apreende-arma-usada-para-ameacar-a-vitima\/\" \/>\n<meta property=\"og:locale\" content=\"pt_BR\" \/>\n<meta property=\"og:type\" content=\"article\" \/>\n<meta property=\"og:title\" content=\"Pol\u00edcia Militar apreende suspeito de roubar moto no Sert\u00e3o e apreende arma usada para amea\u00e7ar a v\u00edtima - Pol\u00edcia Militar da Para\u00edba\" \/>\n<meta property=\"og:description\" content=\"Em uma a\u00e7\u00e3o r\u00e1pida, policiais do 12\u00ba Batalh\u00e3o da Pol\u00edcia Militar apreenderam um adolescente de 16 anos, no fim da\" \/>\n<meta property=\"og:url\" content=\"https:\/\/www.pm.pb.gov.br\/portal\/2017\/11\/29\/policia-militar-apreende-suspeito-de-roubar-moto-no-sertao-e-apreende-arma-usada-para-ameacar-a-vitima\/\" \/>\n<meta property=\"og:site_name\" content=\"Pol\u00edcia Militar da Para\u00edba\" \/>\n<meta property=\"article:published_time\" content=\"2017-11-29T13:48:07+00:00\" \/>\n<meta property=\"article:modified_time\" content=\"2017-11-29T13:49:17+00:00\" \/>\n<meta property=\"og:image\" content=\"https:\/\/www.pm.pb.gov.br\/portal\/wp-content\/uploads\/2017\/11\/motocicletarecuperada.jpg\" \/>\n\t<meta property=\"og:image:width\" content=\"800\" \/>\n\t<meta property=\"og:image:height\" content=\"445\" \/>\n\t<meta property=\"og:image:type\" content=\"image\/jpeg\" \/>\n<meta name=\"author\" content=\"Tarcisio Oliveira\" \/>\n<meta name=\"twitter:card\" content=\"summary_large_image\" \/>\n<meta name=\"twitter:label1\" content=\"Escrito por\" \/>\n\t<meta name=\"twitter:data1\" content=\"Tarcisio Oliveira\" \/>\n\t<meta name=\"twitter:label2\" content=\"Est. tempo de leitura\" \/>\n\t<meta name=\"twitter:data2\" content=\"1 minuto\" \/>\n<script type=\"application\/ld+json\" class=\"yoast-schema-graph\">{\"@context\":\"https:\/\/schema.org\",\"@graph\":[{\"@type\":\"Article\",\"@id\":\"https:\/\/www.pm.pb.gov.br\/portal\/2017\/11\/29\/policia-militar-apreende-suspeito-de-roubar-moto-no-sertao-e-apreende-arma-usada-para-ameacar-a-vitima\/#article\",\"isPartOf\":{\"@id\":\"https:\/\/www.pm.pb.gov.br\/portal\/2017\/11\/29\/policia-militar-apreende-suspeito-de-roubar-moto-no-sertao-e-apreende-arma-usada-para-ameacar-a-vitima\/\"},\"author\":{\"name\":\"Tarcisio Oliveira\",\"@id\":\"https:\/\/www.pm.pb.gov.br\/portal\/#\/schema\/person\/f84f56dcc78ce4357054da888b8247fd\"},\"headline\":\"Pol\u00edcia Militar apreende suspeito de roubar moto no Sert\u00e3o e apreende arma usada para amea\u00e7ar a v\u00edtima\",\"datePublished\":\"2017-11-29T13:48:07+00:00\",\"dateModified\":\"2017-11-29T13:49:17+00:00\",\"mainEntityOfPage\":{\"@id\":\"https:\/\/www.pm.pb.gov.br\/portal\/2017\/11\/29\/policia-militar-apreende-suspeito-de-roubar-moto-no-sertao-e-apreende-arma-usada-para-ameacar-a-vitima\/\"},\"wordCount\":262,\"publisher\":{\"@id\":\"https:\/\/www.pm.pb.gov.br\/portal\/#organization\"},\"articleSection\":[\"A\u00e7\u00f5es Policiais\"],\"inLanguage\":\"pt-BR\"},{\"@type\":\"WebPage\",\"@id\":\"https:\/\/www.pm.pb.gov.br\/portal\/2017\/11\/29\/policia-militar-apreende-suspeito-de-roubar-moto-no-sertao-e-apreende-arma-usada-para-ameacar-a-vitima\/\",\"url\":\"https:\/\/www.pm.pb.gov.br\/portal\/2017\/11\/29\/policia-militar-apreende-suspeito-de-roubar-moto-no-sertao-e-apreende-arma-usada-para-ameacar-a-vitima\/\",\"name\":\"Pol\u00edcia Militar apreende suspeito de roubar moto no Sert\u00e3o e apreende arma usada para amea\u00e7ar a v\u00edtima - Pol\u00edcia Militar da Para\u00edba\",\"isPartOf\":{\"@id\":\"https:\/\/www.pm.pb.gov.br\/portal\/#website\"},\"datePublished\":\"2017-11-29T13:48:07+00:00\",\"dateModified\":\"2017-11-29T13:49:17+00:00\",\"breadcrumb\":{\"@id\":\"https:\/\/www.pm.pb.gov.br\/portal\/2017\/11\/29\/policia-militar-apreende-suspeito-de-roubar-moto-no-sertao-e-apreende-arma-usada-para-ameacar-a-vitima\/#breadcrumb\"},\"inLanguage\":\"pt-BR\",\"potentialAction\":[{\"@type\":\"ReadAction\",\"target\":[\"https:\/\/www.pm.pb.gov.br\/portal\/2017\/11\/29\/policia-militar-apreende-suspeito-de-roubar-moto-no-sertao-e-apreende-arma-usada-para-ameacar-a-vitima\/\"]}]},{\"@type\":\"BreadcrumbList\",\"@id\":\"https:\/\/www.pm.pb.gov.br\/portal\/2017\/11\/29\/policia-militar-apreende-suspeito-de-roubar-moto-no-sertao-e-apreende-arma-usada-para-ameacar-a-vitima\/#breadcrumb\",\"itemListElement\":[{\"@type\":\"ListItem\",\"position\":1,\"name\":\"In\u00edcio\",\"item\":\"https:\/\/www.pm.pb.gov.br\/portal\/\"},{\"@type\":\"ListItem\",\"position\":2,\"name\":\"Pol\u00edcia Militar apreende suspeito de roubar moto no Sert\u00e3o e apreende arma usada para amea\u00e7ar a v\u00edtima\"}]},{\"@type\":\"WebSite\",\"@id\":\"https:\/\/www.pm.pb.gov.br\/portal\/#website\",\"url\":\"https:\/\/www.pm.pb.gov.br\/portal\/\",\"name\":\"Pol\u00edcia Militar da Para\u00edba\",\"description\":\"\",\"publisher\":{\"@id\":\"https:\/\/www.pm.pb.gov.br\/portal\/#organization\"},\"potentialAction\":[{\"@type\":\"SearchAction\",\"target\":{\"@type\":\"EntryPoint\",\"urlTemplate\":\"https:\/\/www.pm.pb.gov.br\/portal\/?s={search_term_string}\"},\"query-input\":\"required name=search_term_string\"}],\"inLanguage\":\"pt-BR\"},{\"@type\":\"Organization\",\"@id\":\"https:\/\/www.pm.pb.gov.br\/portal\/#organization\",\"name\":\"Pol\u00edcia Militar da Para\u00edba\",\"url\":\"https:\/\/www.pm.pb.gov.br\/portal\/\",\"logo\":{\"@type\":\"ImageObject\",\"inLanguage\":\"pt-BR\",\"@id\":\"https:\/\/www.pm.pb.gov.br\/portal\/#\/schema\/logo\/image\/\",\"url\":\"https:\/\/www.pm.pb.gov.br\/portal\/wp-content\/uploads\/2025\/03\/cropped-logo-site-mag2-1.png\",\"contentUrl\":\"https:\/\/www.pm.pb.gov.br\/portal\/wp-content\/uploads\/2025\/03\/cropped-logo-site-mag2-1.png\",\"width\":320,\"height\":90,\"caption\":\"Pol\u00edcia Militar da Para\u00edba\"},\"image\":{\"@id\":\"https:\/\/www.pm.pb.gov.br\/portal\/#\/schema\/logo\/image\/\"}},{\"@type\":\"Person\",\"@id\":\"https:\/\/www.pm.pb.gov.br\/portal\/#\/schema\/person\/f84f56dcc78ce4357054da888b8247fd\",\"name\":\"Tarcisio Oliveira\",\"image\":{\"@type\":\"ImageObject\",\"inLanguage\":\"pt-BR\",\"@id\":\"https:\/\/www.pm.pb.gov.br\/portal\/#\/schema\/person\/image\/\",\"url\":\"https:\/\/secure.gravatar.com\/avatar\/72917b630b69d31cd0297507f34bac97?s=96&d=mm&r=g\",\"contentUrl\":\"https:\/\/secure.gravatar.com\/avatar\/72917b630b69d31cd0297507f34bac97?s=96&d=mm&r=g\",\"caption\":\"Tarcisio Oliveira\"},\"url\":\"https:\/\/www.pm.pb.gov.br\/portal\/author\/tarcisio\/\"}]}<\/script>\n<!-- \/ Yoast SEO plugin. -->","yoast_head_json":{"title":"Pol\u00edcia Militar apreende suspeito de roubar moto no Sert\u00e3o e apreende arma usada para amea\u00e7ar a v\u00edtima - Pol\u00edcia Militar da Para\u00edba","robots":{"index":"index","follow":"follow","max-snippet":"max-snippet:-1","max-image-preview":"max-image-preview:large","max-video-preview":"max-video-preview:-1"},"canonical":"https:\/\/www.pm.pb.gov.br\/portal\/2017\/11\/29\/policia-militar-apreende-suspeito-de-roubar-moto-no-sertao-e-apreende-arma-usada-para-ameacar-a-vitima\/","og_locale":"pt_BR","og_type":"article","og_title":"Pol\u00edcia Militar apreende suspeito de roubar moto no Sert\u00e3o e apreende arma usada para amea\u00e7ar a v\u00edtima - Pol\u00edcia Militar da Para\u00edba","og_description":"Em uma a\u00e7\u00e3o r\u00e1pida, policiais do 12\u00ba Batalh\u00e3o da Pol\u00edcia Militar apreenderam um adolescente de 16 anos, no fim da","og_url":"https:\/\/www.pm.pb.gov.br\/portal\/2017\/11\/29\/policia-militar-apreende-suspeito-de-roubar-moto-no-sertao-e-apreende-arma-usada-para-ameacar-a-vitima\/","og_site_name":"Pol\u00edcia Militar da Para\u00edba","article_published_time":"2017-11-29T13:48:07+00:00","article_modified_time":"2017-11-29T13:49:17+00:00","og_image":[{"width":800,"height":445,"url":"https:\/\/www.pm.pb.gov.br\/portal\/wp-content\/uploads\/2017\/11\/motocicletarecuperada.jpg","type":"image\/jpeg"}],"author":"Tarcisio Oliveira","twitter_card":"summary_large_image","twitter_misc":{"Escrito por":"Tarcisio Oliveira","Est. tempo de leitura":"1 minuto"},"schema":{"@context":"https:\/\/schema.org","@graph":[{"@type":"Article","@id":"https:\/\/www.pm.pb.gov.br\/portal\/2017\/11\/29\/policia-militar-apreende-suspeito-de-roubar-moto-no-sertao-e-apreende-arma-usada-para-ameacar-a-vitima\/#article","isPartOf":{"@id":"https:\/\/www.pm.pb.gov.br\/portal\/2017\/11\/29\/policia-militar-apreende-suspeito-de-roubar-moto-no-sertao-e-apreende-arma-usada-para-ameacar-a-vitima\/"},"author":{"name":"Tarcisio Oliveira","@id":"https:\/\/www.pm.pb.gov.br\/portal\/#\/schema\/person\/f84f56dcc78ce4357054da888b8247fd"},"headline":"Pol\u00edcia Militar apreende suspeito de roubar moto no Sert\u00e3o e apreende arma usada para amea\u00e7ar a v\u00edtima","datePublished":"2017-11-29T13:48:07+00:00","dateModified":"2017-11-29T13:49:17+00:00","mainEntityOfPage":{"@id":"https:\/\/www.pm.pb.gov.br\/portal\/2017\/11\/29\/policia-militar-apreende-suspeito-de-roubar-moto-no-sertao-e-apreende-arma-usada-para-ameacar-a-vitima\/"},"wordCount":262,"publisher":{"@id":"https:\/\/www.pm.pb.gov.br\/portal\/#organization"},"articleSection":["A\u00e7\u00f5es Policiais"],"inLanguage":"pt-BR"},{"@type":"WebPage","@id":"https:\/\/www.pm.pb.gov.br\/portal\/2017\/11\/29\/policia-militar-apreende-suspeito-de-roubar-moto-no-sertao-e-apreende-arma-usada-para-ameacar-a-vitima\/","url":"https:\/\/www.pm.pb.gov.br\/portal\/2017\/11\/29\/policia-militar-apreende-suspeito-de-roubar-moto-no-sertao-e-apreende-arma-usada-para-ameacar-a-vitima\/","name":"Pol\u00edcia Militar apreende suspeito de roubar moto no Sert\u00e3o e apreende arma usada para amea\u00e7ar a v\u00edtima - Pol\u00edcia Militar da Para\u00edba","isPartOf":{"@id":"https:\/\/www.pm.pb.gov.br\/portal\/#website"},"datePublished":"2017-11-29T13:48:07+00:00","dateModified":"2017-11-29T13:49:17+00:00","breadcrumb":{"@id":"https:\/\/www.pm.pb.gov.br\/portal\/2017\/11\/29\/policia-militar-apreende-suspeito-de-roubar-moto-no-sertao-e-apreende-arma-usada-para-ameacar-a-vitima\/#breadcrumb"},"inLanguage":"pt-BR","potentialAction":[{"@type":"ReadAction","target":["https:\/\/www.pm.pb.gov.br\/portal\/2017\/11\/29\/policia-militar-apreende-suspeito-de-roubar-moto-no-sertao-e-apreende-arma-usada-para-ameacar-a-vitima\/"]}]},{"@type":"BreadcrumbList","@id":"https:\/\/www.pm.pb.gov.br\/portal\/2017\/11\/29\/policia-militar-apreende-suspeito-de-roubar-moto-no-sertao-e-apreende-arma-usada-para-ameacar-a-vitima\/#breadcrumb","itemListElement":[{"@type":"ListItem","position":1,"name":"In\u00edcio","item":"https:\/\/www.pm.pb.gov.br\/portal\/"},{"@type":"ListItem","position":2,"name":"Pol\u00edcia Militar apreende suspeito de roubar moto no Sert\u00e3o e apreende arma usada para amea\u00e7ar a v\u00edtima"}]},{"@type":"WebSite","@id":"https:\/\/www.pm.pb.gov.br\/portal\/#website","url":"https:\/\/www.pm.pb.gov.br\/portal\/","name":"Pol\u00edcia Militar da Para\u00edba","description":"","publisher":{"@id":"https:\/\/www.pm.pb.gov.br\/portal\/#organization"},"potentialAction":[{"@type":"SearchAction","target":{"@type":"EntryPoint","urlTemplate":"https:\/\/www.pm.pb.gov.br\/portal\/?s={search_term_string}"},"query-input":"required name=search_term_string"}],"inLanguage":"pt-BR"},{"@type":"Organization","@id":"https:\/\/www.pm.pb.gov.br\/portal\/#organization","name":"Pol\u00edcia Militar da Para\u00edba","url":"https:\/\/www.pm.pb.gov.br\/portal\/","logo":{"@type":"ImageObject","inLanguage":"pt-BR","@id":"https:\/\/www.pm.pb.gov.br\/portal\/#\/schema\/logo\/image\/","url":"https:\/\/www.pm.pb.gov.br\/portal\/wp-content\/uploads\/2025\/03\/cropped-logo-site-mag2-1.png","contentUrl":"https:\/\/www.pm.pb.gov.br\/portal\/wp-content\/uploads\/2025\/03\/cropped-logo-site-mag2-1.png","width":320,"height":90,"caption":"Pol\u00edcia Militar da Para\u00edba"},"image":{"@id":"https:\/\/www.pm.pb.gov.br\/portal\/#\/schema\/logo\/image\/"}},{"@type":"Person","@id":"https:\/\/www.pm.pb.gov.br\/portal\/#\/schema\/person\/f84f56dcc78ce4357054da888b8247fd","name":"Tarcisio Oliveira","image":{"@type":"ImageObject","inLanguage":"pt-BR","@id":"https:\/\/www.pm.pb.gov.br\/portal\/#\/schema\/person\/image\/","url":"https:\/\/secure.gravatar.com\/avatar\/72917b630b69d31cd0297507f34bac97?s=96&d=mm&r=g","contentUrl":"https:\/\/secure.gravatar.com\/avatar\/72917b630b69d31cd0297507f34bac97?s=96&d=mm&r=g","caption":"Tarcisio Oliveira"},"url":"https:\/\/www.pm.pb.gov.br\/portal\/author\/tarcisio\/"}]}},"_links":{"self":[{"href":"https:\/\/www.pm.pb.gov.br\/portal\/wp-json\/wp\/v2\/posts\/896235"}],"collection":[{"href":"https:\/\/www.pm.pb.gov.br\/portal\/wp-json\/wp\/v2\/posts"}],"about":[{"href":"https:\/\/www.pm.pb.gov.br\/portal\/wp-json\/wp\/v2\/types\/post"}],"author":[{"embeddable":true,"href":"https:\/\/www.pm.pb.gov.br\/portal\/wp-json\/wp\/v2\/users\/12"}],"replies":[{"embeddable":true,"href":"https:\/\/www.pm.pb.gov.br\/portal\/wp-json\/wp\/v2\/comments?post=896235"}],"version-history":[{"count":1,"href":"https:\/\/www.pm.pb.gov.br\/portal\/wp-json\/wp\/v2\/posts\/896235\/revisions"}],"predecessor-version":[{"id":896237,"href":"https:\/\/www.pm.pb.gov.br\/portal\/wp-json\/wp\/v2\/posts\/896235\/revisions\/896237"}],"wp:featuredmedia":[{"embeddable":true,"href":"https:\/\/www.pm.pb.gov.br\/portal\/wp-json\/wp\/v2\/media\/896232"}],"wp:attachment":[{"href":"https:\/\/www.pm.pb.gov.br\/portal\/wp-json\/wp\/v2\/media?parent=896235"}],"wp:term":[{"taxonomy":"category","embeddable":true,"href":"https:\/\/www.pm.pb.gov.br\/portal\/wp-json\/wp\/v2\/categories?post=896235"},{"taxonomy":"post_tag","embeddable":true,"href":"https:\/\/www.pm.pb.gov.br\/portal\/wp-json\/wp\/v2\/tags?post=896235"}],"curies":[{"name":"wp","href":"https:\/\/api.w.org\/{rel}","templated":true}]}}