{"id":896233,"date":"2017-11-29T10:35:28","date_gmt":"2017-11-29T13:35:28","guid":{"rendered":"http:\/\/www.pm.pb.gov.br\/portal\/?p=896233"},"modified":"2017-11-29T10:35:28","modified_gmt":"2017-11-29T13:35:28","slug":"operacao-policial-apreende-espingardas-artesanais-resgata-23-aves-e-prende-dois-suspeitos-na-pb","status":"publish","type":"post","link":"https:\/\/www.pm.pb.gov.br\/portal\/2017\/11\/29\/operacao-policial-apreende-espingardas-artesanais-resgata-23-aves-e-prende-dois-suspeitos-na-pb\/","title":{"rendered":"Opera\u00e7\u00e3o policial apreende espingardas artesanais, resgata 23 aves, e prende dois suspeitos na PB"},"content":{"rendered":"<p style=\"text-align: justify;\">Um ponto de fabrica\u00e7\u00e3o clandestino de armas de fogo para ca\u00e7a foi desarticulado pela Pol\u00edcia Militar, na manh\u00e3 dessa ter\u00e7a-feira (28), no distrito de A\u00e7ude de Dentro, nas proximidades de Campina Grande. Ao todo, durante a a\u00e7\u00e3o realizada pelo Batalh\u00e3o de Pol\u00edcia Ambiental (BPAmb), foram apreendidas 11 espingardas artesanais, materiais para manuten\u00e7\u00e3o e fabrica\u00e7\u00e3o de armas, duas pessoas foram presas, 23 aves silvestres que estavam em cativeiro foram resgatadas, e foram aplicados R$ 14 mil em multas ambientais.<\/p>\n<p style=\"text-align: justify;\">A opera\u00e7\u00e3o policial aconteceu ap\u00f3s o recebimento de den\u00fancia de ca\u00e7a predat\u00f3ria em A\u00e7ude de Dentro. Em uma casa da localidade, os policiais flagraram 23 aves silvestres mantidas em cativeiro, sem licen\u00e7a ambiental e encontraram nove espingardas de fabrica\u00e7\u00e3o caseira, uma espingarda de press\u00e3o, v\u00e1rias ferramentas para fabrica\u00e7\u00e3o e manuten\u00e7\u00e3o de armamento, como arma\u00e7\u00f5es de madeira e canos de metal. Uma pessoa foi presa pela posse das armas e pelo crime ambiental de manter os animais em cativeiro, al\u00e9m de ser multada em R$ 11,5 mil, segundo decreto federal n\u00ba 6.514 de 2008.<\/p>\n<p style=\"text-align: justify;\">Em seguida, dois suspeitos que estavam transitando pela localidade de motocicleta foram abordados e com eles a PM encontrou uma espingarda artesanal e cinco animais mortos, produtos de ca\u00e7a, sendo quatro pequenos roedores e um p\u00e1ssaro. Uma pessoa foi presa pelo porte ilegal e ca\u00e7a, e multada em R$ 2,5 mil.<\/p>\n<p style=\"text-align: justify;\">Outros tr\u00eas suspeitos armados foram flagrados com espingardas, praticando ca\u00e7a, mas durante a abordagem, o trio conseguiu fugir, deixando duas espingardas de ar comprimido e uma espingarda de fabrica\u00e7\u00e3o artesanal no local.<\/p>\n","protected":false},"excerpt":{"rendered":"<p>Um ponto de fabrica\u00e7\u00e3o clandestino de armas de fogo para ca\u00e7a foi desarticulado pela Pol\u00edcia Militar, na manh\u00e3 dessa ter\u00e7a-feira<\/p>\n","protected":false},"author":12,"featured_media":896231,"comment_status":"closed","ping_status":"closed","sticky":false,"template":"","format":"standard","meta":{"_exactmetrics_skip_tracking":false,"_exactmetrics_sitenote_active":false,"_exactmetrics_sitenote_note":"","_exactmetrics_sitenote_category":0,"footnotes":""},"categories":[4],"tags":[],"yoast_head":"<!-- This site is optimized with the Yoast SEO plugin v22.0 - https:\/\/yoast.com\/wordpress\/plugins\/seo\/ -->\n<title>Opera\u00e7\u00e3o policial apreende espingardas artesanais, resgata 23 aves, e prende dois suspeitos na PB - Pol\u00edcia Militar da Para\u00edba<\/title>\n<meta name=\"robots\" content=\"index, follow, max-snippet:-1, max-image-preview:large, max-video-preview:-1\" \/>\n<link rel=\"canonical\" href=\"https:\/\/www.pm.pb.gov.br\/portal\/2017\/11\/29\/operacao-policial-apreende-espingardas-artesanais-resgata-23-aves-e-prende-dois-suspeitos-na-pb\/\" \/>\n<meta property=\"og:locale\" content=\"pt_BR\" \/>\n<meta property=\"og:type\" content=\"article\" \/>\n<meta property=\"og:title\" content=\"Opera\u00e7\u00e3o policial apreende espingardas artesanais, resgata 23 aves, e prende dois suspeitos na PB - Pol\u00edcia Militar da Para\u00edba\" \/>\n<meta property=\"og:description\" content=\"Um ponto de fabrica\u00e7\u00e3o clandestino de armas de fogo para ca\u00e7a foi desarticulado pela Pol\u00edcia Militar, na manh\u00e3 dessa ter\u00e7a-feira\" \/>\n<meta property=\"og:url\" content=\"https:\/\/www.pm.pb.gov.br\/portal\/2017\/11\/29\/operacao-policial-apreende-espingardas-artesanais-resgata-23-aves-e-prende-dois-suspeitos-na-pb\/\" \/>\n<meta property=\"og:site_name\" content=\"Pol\u00edcia Militar da Para\u00edba\" \/>\n<meta property=\"article:published_time\" content=\"2017-11-29T13:35:28+00:00\" \/>\n<meta property=\"og:image\" content=\"https:\/\/www.pm.pb.gov.br\/portal\/wp-content\/uploads\/2017\/11\/2-1.jpeg\" \/>\n\t<meta property=\"og:image:width\" content=\"800\" \/>\n\t<meta property=\"og:image:height\" content=\"445\" \/>\n\t<meta property=\"og:image:type\" content=\"image\/jpeg\" \/>\n<meta name=\"author\" content=\"Tarcisio Oliveira\" \/>\n<meta name=\"twitter:card\" content=\"summary_large_image\" \/>\n<meta name=\"twitter:label1\" content=\"Escrito por\" \/>\n\t<meta name=\"twitter:data1\" content=\"Tarcisio Oliveira\" \/>\n\t<meta name=\"twitter:label2\" content=\"Est. tempo de leitura\" \/>\n\t<meta name=\"twitter:data2\" content=\"1 minuto\" \/>\n<script type=\"application\/ld+json\" class=\"yoast-schema-graph\">{\"@context\":\"https:\/\/schema.org\",\"@graph\":[{\"@type\":\"Article\",\"@id\":\"https:\/\/www.pm.pb.gov.br\/portal\/2017\/11\/29\/operacao-policial-apreende-espingardas-artesanais-resgata-23-aves-e-prende-dois-suspeitos-na-pb\/#article\",\"isPartOf\":{\"@id\":\"https:\/\/www.pm.pb.gov.br\/portal\/2017\/11\/29\/operacao-policial-apreende-espingardas-artesanais-resgata-23-aves-e-prende-dois-suspeitos-na-pb\/\"},\"author\":{\"name\":\"Tarcisio Oliveira\",\"@id\":\"https:\/\/www.pm.pb.gov.br\/portal\/#\/schema\/person\/f84f56dcc78ce4357054da888b8247fd\"},\"headline\":\"Opera\u00e7\u00e3o policial apreende espingardas artesanais, resgata 23 aves, e prende dois suspeitos na PB\",\"datePublished\":\"2017-11-29T13:35:28+00:00\",\"dateModified\":\"2017-11-29T13:35:28+00:00\",\"mainEntityOfPage\":{\"@id\":\"https:\/\/www.pm.pb.gov.br\/portal\/2017\/11\/29\/operacao-policial-apreende-espingardas-artesanais-resgata-23-aves-e-prende-dois-suspeitos-na-pb\/\"},\"wordCount\":289,\"publisher\":{\"@id\":\"https:\/\/www.pm.pb.gov.br\/portal\/#organization\"},\"articleSection\":[\"A\u00e7\u00f5es Policiais\"],\"inLanguage\":\"pt-BR\"},{\"@type\":\"WebPage\",\"@id\":\"https:\/\/www.pm.pb.gov.br\/portal\/2017\/11\/29\/operacao-policial-apreende-espingardas-artesanais-resgata-23-aves-e-prende-dois-suspeitos-na-pb\/\",\"url\":\"https:\/\/www.pm.pb.gov.br\/portal\/2017\/11\/29\/operacao-policial-apreende-espingardas-artesanais-resgata-23-aves-e-prende-dois-suspeitos-na-pb\/\",\"name\":\"Opera\u00e7\u00e3o policial apreende espingardas artesanais, resgata 23 aves, e prende dois suspeitos na PB - Pol\u00edcia Militar da Para\u00edba\",\"isPartOf\":{\"@id\":\"https:\/\/www.pm.pb.gov.br\/portal\/#website\"},\"datePublished\":\"2017-11-29T13:35:28+00:00\",\"dateModified\":\"2017-11-29T13:35:28+00:00\",\"breadcrumb\":{\"@id\":\"https:\/\/www.pm.pb.gov.br\/portal\/2017\/11\/29\/operacao-policial-apreende-espingardas-artesanais-resgata-23-aves-e-prende-dois-suspeitos-na-pb\/#breadcrumb\"},\"inLanguage\":\"pt-BR\",\"potentialAction\":[{\"@type\":\"ReadAction\",\"target\":[\"https:\/\/www.pm.pb.gov.br\/portal\/2017\/11\/29\/operacao-policial-apreende-espingardas-artesanais-resgata-23-aves-e-prende-dois-suspeitos-na-pb\/\"]}]},{\"@type\":\"BreadcrumbList\",\"@id\":\"https:\/\/www.pm.pb.gov.br\/portal\/2017\/11\/29\/operacao-policial-apreende-espingardas-artesanais-resgata-23-aves-e-prende-dois-suspeitos-na-pb\/#breadcrumb\",\"itemListElement\":[{\"@type\":\"ListItem\",\"position\":1,\"name\":\"In\u00edcio\",\"item\":\"https:\/\/www.pm.pb.gov.br\/portal\/\"},{\"@type\":\"ListItem\",\"position\":2,\"name\":\"Opera\u00e7\u00e3o policial apreende espingardas artesanais, resgata 23 aves, e prende dois suspeitos na PB\"}]},{\"@type\":\"WebSite\",\"@id\":\"https:\/\/www.pm.pb.gov.br\/portal\/#website\",\"url\":\"https:\/\/www.pm.pb.gov.br\/portal\/\",\"name\":\"Pol\u00edcia Militar da Para\u00edba\",\"description\":\"\",\"publisher\":{\"@id\":\"https:\/\/www.pm.pb.gov.br\/portal\/#organization\"},\"potentialAction\":[{\"@type\":\"SearchAction\",\"target\":{\"@type\":\"EntryPoint\",\"urlTemplate\":\"https:\/\/www.pm.pb.gov.br\/portal\/?s={search_term_string}\"},\"query-input\":\"required name=search_term_string\"}],\"inLanguage\":\"pt-BR\"},{\"@type\":\"Organization\",\"@id\":\"https:\/\/www.pm.pb.gov.br\/portal\/#organization\",\"name\":\"Pol\u00edcia Militar da Para\u00edba\",\"url\":\"https:\/\/www.pm.pb.gov.br\/portal\/\",\"logo\":{\"@type\":\"ImageObject\",\"inLanguage\":\"pt-BR\",\"@id\":\"https:\/\/www.pm.pb.gov.br\/portal\/#\/schema\/logo\/image\/\",\"url\":\"https:\/\/www.pm.pb.gov.br\/portal\/wp-content\/uploads\/2025\/03\/cropped-logo-site-mag2-1.png\",\"contentUrl\":\"https:\/\/www.pm.pb.gov.br\/portal\/wp-content\/uploads\/2025\/03\/cropped-logo-site-mag2-1.png\",\"width\":320,\"height\":90,\"caption\":\"Pol\u00edcia Militar da Para\u00edba\"},\"image\":{\"@id\":\"https:\/\/www.pm.pb.gov.br\/portal\/#\/schema\/logo\/image\/\"}},{\"@type\":\"Person\",\"@id\":\"https:\/\/www.pm.pb.gov.br\/portal\/#\/schema\/person\/f84f56dcc78ce4357054da888b8247fd\",\"name\":\"Tarcisio Oliveira\",\"image\":{\"@type\":\"ImageObject\",\"inLanguage\":\"pt-BR\",\"@id\":\"https:\/\/www.pm.pb.gov.br\/portal\/#\/schema\/person\/image\/\",\"url\":\"https:\/\/secure.gravatar.com\/avatar\/72917b630b69d31cd0297507f34bac97?s=96&d=mm&r=g\",\"contentUrl\":\"https:\/\/secure.gravatar.com\/avatar\/72917b630b69d31cd0297507f34bac97?s=96&d=mm&r=g\",\"caption\":\"Tarcisio Oliveira\"},\"url\":\"https:\/\/www.pm.pb.gov.br\/portal\/author\/tarcisio\/\"}]}<\/script>\n<!-- \/ Yoast SEO plugin. -->","yoast_head_json":{"title":"Opera\u00e7\u00e3o policial apreende espingardas artesanais, resgata 23 aves, e prende dois suspeitos na PB - Pol\u00edcia Militar da Para\u00edba","robots":{"index":"index","follow":"follow","max-snippet":"max-snippet:-1","max-image-preview":"max-image-preview:large","max-video-preview":"max-video-preview:-1"},"canonical":"https:\/\/www.pm.pb.gov.br\/portal\/2017\/11\/29\/operacao-policial-apreende-espingardas-artesanais-resgata-23-aves-e-prende-dois-suspeitos-na-pb\/","og_locale":"pt_BR","og_type":"article","og_title":"Opera\u00e7\u00e3o policial apreende espingardas artesanais, resgata 23 aves, e prende dois suspeitos na PB - Pol\u00edcia Militar da Para\u00edba","og_description":"Um ponto de fabrica\u00e7\u00e3o clandestino de armas de fogo para ca\u00e7a foi desarticulado pela Pol\u00edcia Militar, na manh\u00e3 dessa ter\u00e7a-feira","og_url":"https:\/\/www.pm.pb.gov.br\/portal\/2017\/11\/29\/operacao-policial-apreende-espingardas-artesanais-resgata-23-aves-e-prende-dois-suspeitos-na-pb\/","og_site_name":"Pol\u00edcia Militar da Para\u00edba","article_published_time":"2017-11-29T13:35:28+00:00","og_image":[{"width":800,"height":445,"url":"https:\/\/www.pm.pb.gov.br\/portal\/wp-content\/uploads\/2017\/11\/2-1.jpeg","type":"image\/jpeg"}],"author":"Tarcisio Oliveira","twitter_card":"summary_large_image","twitter_misc":{"Escrito por":"Tarcisio Oliveira","Est. tempo de leitura":"1 minuto"},"schema":{"@context":"https:\/\/schema.org","@graph":[{"@type":"Article","@id":"https:\/\/www.pm.pb.gov.br\/portal\/2017\/11\/29\/operacao-policial-apreende-espingardas-artesanais-resgata-23-aves-e-prende-dois-suspeitos-na-pb\/#article","isPartOf":{"@id":"https:\/\/www.pm.pb.gov.br\/portal\/2017\/11\/29\/operacao-policial-apreende-espingardas-artesanais-resgata-23-aves-e-prende-dois-suspeitos-na-pb\/"},"author":{"name":"Tarcisio Oliveira","@id":"https:\/\/www.pm.pb.gov.br\/portal\/#\/schema\/person\/f84f56dcc78ce4357054da888b8247fd"},"headline":"Opera\u00e7\u00e3o policial apreende espingardas artesanais, resgata 23 aves, e prende dois suspeitos na PB","datePublished":"2017-11-29T13:35:28+00:00","dateModified":"2017-11-29T13:35:28+00:00","mainEntityOfPage":{"@id":"https:\/\/www.pm.pb.gov.br\/portal\/2017\/11\/29\/operacao-policial-apreende-espingardas-artesanais-resgata-23-aves-e-prende-dois-suspeitos-na-pb\/"},"wordCount":289,"publisher":{"@id":"https:\/\/www.pm.pb.gov.br\/portal\/#organization"},"articleSection":["A\u00e7\u00f5es Policiais"],"inLanguage":"pt-BR"},{"@type":"WebPage","@id":"https:\/\/www.pm.pb.gov.br\/portal\/2017\/11\/29\/operacao-policial-apreende-espingardas-artesanais-resgata-23-aves-e-prende-dois-suspeitos-na-pb\/","url":"https:\/\/www.pm.pb.gov.br\/portal\/2017\/11\/29\/operacao-policial-apreende-espingardas-artesanais-resgata-23-aves-e-prende-dois-suspeitos-na-pb\/","name":"Opera\u00e7\u00e3o policial apreende espingardas artesanais, resgata 23 aves, e prende dois suspeitos na PB - Pol\u00edcia Militar da Para\u00edba","isPartOf":{"@id":"https:\/\/www.pm.pb.gov.br\/portal\/#website"},"datePublished":"2017-11-29T13:35:28+00:00","dateModified":"2017-11-29T13:35:28+00:00","breadcrumb":{"@id":"https:\/\/www.pm.pb.gov.br\/portal\/2017\/11\/29\/operacao-policial-apreende-espingardas-artesanais-resgata-23-aves-e-prende-dois-suspeitos-na-pb\/#breadcrumb"},"inLanguage":"pt-BR","potentialAction":[{"@type":"ReadAction","target":["https:\/\/www.pm.pb.gov.br\/portal\/2017\/11\/29\/operacao-policial-apreende-espingardas-artesanais-resgata-23-aves-e-prende-dois-suspeitos-na-pb\/"]}]},{"@type":"BreadcrumbList","@id":"https:\/\/www.pm.pb.gov.br\/portal\/2017\/11\/29\/operacao-policial-apreende-espingardas-artesanais-resgata-23-aves-e-prende-dois-suspeitos-na-pb\/#breadcrumb","itemListElement":[{"@type":"ListItem","position":1,"name":"In\u00edcio","item":"https:\/\/www.pm.pb.gov.br\/portal\/"},{"@type":"ListItem","position":2,"name":"Opera\u00e7\u00e3o policial apreende espingardas artesanais, resgata 23 aves, e prende dois suspeitos na PB"}]},{"@type":"WebSite","@id":"https:\/\/www.pm.pb.gov.br\/portal\/#website","url":"https:\/\/www.pm.pb.gov.br\/portal\/","name":"Pol\u00edcia Militar da Para\u00edba","description":"","publisher":{"@id":"https:\/\/www.pm.pb.gov.br\/portal\/#organization"},"potentialAction":[{"@type":"SearchAction","target":{"@type":"EntryPoint","urlTemplate":"https:\/\/www.pm.pb.gov.br\/portal\/?s={search_term_string}"},"query-input":"required name=search_term_string"}],"inLanguage":"pt-BR"},{"@type":"Organization","@id":"https:\/\/www.pm.pb.gov.br\/portal\/#organization","name":"Pol\u00edcia Militar da Para\u00edba","url":"https:\/\/www.pm.pb.gov.br\/portal\/","logo":{"@type":"ImageObject","inLanguage":"pt-BR","@id":"https:\/\/www.pm.pb.gov.br\/portal\/#\/schema\/logo\/image\/","url":"https:\/\/www.pm.pb.gov.br\/portal\/wp-content\/uploads\/2025\/03\/cropped-logo-site-mag2-1.png","contentUrl":"https:\/\/www.pm.pb.gov.br\/portal\/wp-content\/uploads\/2025\/03\/cropped-logo-site-mag2-1.png","width":320,"height":90,"caption":"Pol\u00edcia Militar da Para\u00edba"},"image":{"@id":"https:\/\/www.pm.pb.gov.br\/portal\/#\/schema\/logo\/image\/"}},{"@type":"Person","@id":"https:\/\/www.pm.pb.gov.br\/portal\/#\/schema\/person\/f84f56dcc78ce4357054da888b8247fd","name":"Tarcisio Oliveira","image":{"@type":"ImageObject","inLanguage":"pt-BR","@id":"https:\/\/www.pm.pb.gov.br\/portal\/#\/schema\/person\/image\/","url":"https:\/\/secure.gravatar.com\/avatar\/72917b630b69d31cd0297507f34bac97?s=96&d=mm&r=g","contentUrl":"https:\/\/secure.gravatar.com\/avatar\/72917b630b69d31cd0297507f34bac97?s=96&d=mm&r=g","caption":"Tarcisio Oliveira"},"url":"https:\/\/www.pm.pb.gov.br\/portal\/author\/tarcisio\/"}]}},"_links":{"self":[{"href":"https:\/\/www.pm.pb.gov.br\/portal\/wp-json\/wp\/v2\/posts\/896233"}],"collection":[{"href":"https:\/\/www.pm.pb.gov.br\/portal\/wp-json\/wp\/v2\/posts"}],"about":[{"href":"https:\/\/www.pm.pb.gov.br\/portal\/wp-json\/wp\/v2\/types\/post"}],"author":[{"embeddable":true,"href":"https:\/\/www.pm.pb.gov.br\/portal\/wp-json\/wp\/v2\/users\/12"}],"replies":[{"embeddable":true,"href":"https:\/\/www.pm.pb.gov.br\/portal\/wp-json\/wp\/v2\/comments?post=896233"}],"version-history":[{"count":1,"href":"https:\/\/www.pm.pb.gov.br\/portal\/wp-json\/wp\/v2\/posts\/896233\/revisions"}],"predecessor-version":[{"id":896234,"href":"https:\/\/www.pm.pb.gov.br\/portal\/wp-json\/wp\/v2\/posts\/896233\/revisions\/896234"}],"wp:featuredmedia":[{"embeddable":true,"href":"https:\/\/www.pm.pb.gov.br\/portal\/wp-json\/wp\/v2\/media\/896231"}],"wp:attachment":[{"href":"https:\/\/www.pm.pb.gov.br\/portal\/wp-json\/wp\/v2\/media?parent=896233"}],"wp:term":[{"taxonomy":"category","embeddable":true,"href":"https:\/\/www.pm.pb.gov.br\/portal\/wp-json\/wp\/v2\/categories?post=896233"},{"taxonomy":"post_tag","embeddable":true,"href":"https:\/\/www.pm.pb.gov.br\/portal\/wp-json\/wp\/v2\/tags?post=896233"}],"curies":[{"name":"wp","href":"https:\/\/api.w.org\/{rel}","templated":true}]}}