{"id":896223,"date":"2017-11-29T07:19:18","date_gmt":"2017-11-29T10:19:18","guid":{"rendered":"http:\/\/www.pm.pb.gov.br\/portal\/?p=896223"},"modified":"2017-11-29T07:19:18","modified_gmt":"2017-11-29T10:19:18","slug":"solenidade-marca-formatura-de-mais-de-400-criancas-atendidas-pelo-proerd-da-policia-militar-em-joao-pessoa","status":"publish","type":"post","link":"https:\/\/www.pm.pb.gov.br\/portal\/2017\/11\/29\/solenidade-marca-formatura-de-mais-de-400-criancas-atendidas-pelo-proerd-da-policia-militar-em-joao-pessoa\/","title":{"rendered":"Solenidade marca formatura de mais de 400 crian\u00e7as atendidas pelo Proerd da Pol\u00edcia Militar em Jo\u00e3o Pessoa"},"content":{"rendered":"<p style=\"text-align: justify;\">A coordena\u00e7\u00e3o do Programa Educacional de Resist\u00eancia \u00e0s Drogas e \u00e0 Viol\u00eancia (Proerd) da Pol\u00edcia Militar realizou a formatura de mais de 400 crian\u00e7as, nesta ter\u00e7a-feira (28), no audit\u00f3rio da Esta\u00e7\u00e3o Cabo Branco \u2013 Ci\u00eancia, Cultura e Artes. O evento contou com m\u00fasica, entrega de certificados e a presen\u00e7a do Le\u00e3o Dare, mascote do programa que faz a alegria da garotada.<\/p>\n<p style=\"text-align: justify;\">O Proerd atendeu este ano 67 das 93 escolas municipais de Jo\u00e3o Pessoa, o que representa mais de 60% de cobertura do programa na rede municipal da capital, estando presente tamb\u00e9m em v\u00e1rias cidades do Estado. No primeiro semestre, foram 20.275 alunos formados na Para\u00edba, sendo mais da metade em Jo\u00e3o Pessoa, com 12.950 crian\u00e7as atendidas com a forma\u00e7\u00e3o.<\/p>\n<p style=\"text-align: justify;\">O programa \u00e9 um modelo de preven\u00e7\u00e3o adotado com efici\u00eancia por v\u00e1rias pol\u00edcias militares do pa\u00eds, ensinando as crian\u00e7as a dizerem n\u00e3o \u00e0s drogas e \u00e0 viol\u00eancia, com a presen\u00e7a do policial fardado em sala de aula, ministrando as atividades.<\/p>\n<p style=\"text-align: justify;\">Na formatura, os alunos receberam o certificado de conclus\u00e3o do curso e prestaram o compromisso de resist\u00eancia \u00e0s drogas e \u00e0 viol\u00eancia, ato que celebra a parceria entre a grande parceria entre escola, Pol\u00edcia Militar e a Fam\u00edlia.<\/p>\n<figure id=\"attachment_896225\" aria-describedby=\"caption-attachment-896225\" style=\"width: 571px\" class=\"wp-caption aligncenter\"><img loading=\"lazy\" decoding=\"async\" class=\"wp-image-896225\" src=\"http:\/\/www.pm.pb.gov.br\/portal\/wp-content\/uploads\/2017\/11\/policia-realiza-de-formatura-de-mais-de-400-criancas-atendidas-pelo-proerd-na-capital-2-683x445.jpg\" alt=\"\" width=\"571\" height=\"372\" srcset=\"https:\/\/www.pm.pb.gov.br\/portal\/wp-content\/uploads\/2017\/11\/policia-realiza-de-formatura-de-mais-de-400-criancas-atendidas-pelo-proerd-na-capital-2-683x445.jpg 683w, https:\/\/www.pm.pb.gov.br\/portal\/wp-content\/uploads\/2017\/11\/policia-realiza-de-formatura-de-mais-de-400-criancas-atendidas-pelo-proerd-na-capital-2-768x500.jpg 768w, https:\/\/www.pm.pb.gov.br\/portal\/wp-content\/uploads\/2017\/11\/policia-realiza-de-formatura-de-mais-de-400-criancas-atendidas-pelo-proerd-na-capital-2-875x570.jpg 875w\" sizes=\"(max-width: 571px) 100vw, 571px\" \/><figcaption id=\"caption-attachment-896225\" class=\"wp-caption-text\"><span style=\"font-size: 10pt;\">Alunos prestam compromisso contra \u00e0s drogas<\/span><\/figcaption><\/figure>\n<p style=\"text-align: justify;\"><strong>Aposta na preven\u00e7\u00e3o<\/strong> \u2013 De 2011 at\u00e9 o primeiro semestre deste ano, a Pol\u00edcia Militar j\u00e1 formou 175.492 alunos, vindo desde 2014 batendo recordes de forma\u00e7\u00e3o a cada ano, a partir da forma\u00e7\u00e3o de novos instrutores e planejamento da coordena\u00e7\u00e3o para promover a presen\u00e7a mais efetiva do programa nos munic\u00edpios atendidos.<\/p>\n","protected":false},"excerpt":{"rendered":"<p>A coordena\u00e7\u00e3o do Programa Educacional de Resist\u00eancia \u00e0s Drogas e \u00e0 Viol\u00eancia (Proerd) da Pol\u00edcia Militar realizou a formatura de<\/p>\n","protected":false},"author":12,"featured_media":896224,"comment_status":"closed","ping_status":"closed","sticky":false,"template":"","format":"standard","meta":{"_exactmetrics_skip_tracking":false,"_exactmetrics_sitenote_active":false,"_exactmetrics_sitenote_note":"","_exactmetrics_sitenote_category":0,"footnotes":""},"categories":[6],"tags":[],"yoast_head":"<!-- This site is optimized with the Yoast SEO plugin v22.0 - https:\/\/yoast.com\/wordpress\/plugins\/seo\/ -->\n<title>Solenidade marca formatura de mais de 400 crian\u00e7as atendidas pelo Proerd da Pol\u00edcia Militar em Jo\u00e3o Pessoa - Pol\u00edcia Militar da Para\u00edba<\/title>\n<meta name=\"robots\" content=\"index, follow, max-snippet:-1, max-image-preview:large, max-video-preview:-1\" \/>\n<link rel=\"canonical\" href=\"https:\/\/www.pm.pb.gov.br\/portal\/2017\/11\/29\/solenidade-marca-formatura-de-mais-de-400-criancas-atendidas-pelo-proerd-da-policia-militar-em-joao-pessoa\/\" \/>\n<meta property=\"og:locale\" content=\"pt_BR\" \/>\n<meta property=\"og:type\" content=\"article\" \/>\n<meta property=\"og:title\" content=\"Solenidade marca formatura de mais de 400 crian\u00e7as atendidas pelo Proerd da Pol\u00edcia Militar em Jo\u00e3o Pessoa - Pol\u00edcia Militar da Para\u00edba\" \/>\n<meta property=\"og:description\" content=\"A coordena\u00e7\u00e3o do Programa Educacional de Resist\u00eancia \u00e0s Drogas e \u00e0 Viol\u00eancia (Proerd) da Pol\u00edcia Militar realizou a formatura de\" \/>\n<meta property=\"og:url\" content=\"https:\/\/www.pm.pb.gov.br\/portal\/2017\/11\/29\/solenidade-marca-formatura-de-mais-de-400-criancas-atendidas-pelo-proerd-da-policia-militar-em-joao-pessoa\/\" \/>\n<meta property=\"og:site_name\" content=\"Pol\u00edcia Militar da Para\u00edba\" \/>\n<meta property=\"article:published_time\" content=\"2017-11-29T10:19:18+00:00\" \/>\n<meta property=\"og:image\" content=\"https:\/\/www.pm.pb.gov.br\/portal\/wp-content\/uploads\/2017\/11\/policia-realiza-de-formatura-de-mais-de-400-criancas-atendidas-pelo-proerd-na-capital-1.jpg\" \/>\n\t<meta property=\"og:image:width\" content=\"800\" \/>\n\t<meta property=\"og:image:height\" content=\"445\" \/>\n\t<meta property=\"og:image:type\" content=\"image\/jpeg\" \/>\n<meta name=\"author\" content=\"Tarcisio Oliveira\" \/>\n<meta name=\"twitter:card\" content=\"summary_large_image\" \/>\n<meta name=\"twitter:label1\" content=\"Escrito por\" \/>\n\t<meta name=\"twitter:data1\" content=\"Tarcisio Oliveira\" \/>\n\t<meta name=\"twitter:label2\" content=\"Est. tempo de leitura\" \/>\n\t<meta name=\"twitter:data2\" content=\"1 minuto\" \/>\n<script type=\"application\/ld+json\" class=\"yoast-schema-graph\">{\"@context\":\"https:\/\/schema.org\",\"@graph\":[{\"@type\":\"Article\",\"@id\":\"https:\/\/www.pm.pb.gov.br\/portal\/2017\/11\/29\/solenidade-marca-formatura-de-mais-de-400-criancas-atendidas-pelo-proerd-da-policia-militar-em-joao-pessoa\/#article\",\"isPartOf\":{\"@id\":\"https:\/\/www.pm.pb.gov.br\/portal\/2017\/11\/29\/solenidade-marca-formatura-de-mais-de-400-criancas-atendidas-pelo-proerd-da-policia-militar-em-joao-pessoa\/\"},\"author\":{\"name\":\"Tarcisio Oliveira\",\"@id\":\"https:\/\/www.pm.pb.gov.br\/portal\/#\/schema\/person\/f84f56dcc78ce4357054da888b8247fd\"},\"headline\":\"Solenidade marca formatura de mais de 400 crian\u00e7as atendidas pelo Proerd da Pol\u00edcia Militar em Jo\u00e3o Pessoa\",\"datePublished\":\"2017-11-29T10:19:18+00:00\",\"dateModified\":\"2017-11-29T10:19:18+00:00\",\"mainEntityOfPage\":{\"@id\":\"https:\/\/www.pm.pb.gov.br\/portal\/2017\/11\/29\/solenidade-marca-formatura-de-mais-de-400-criancas-atendidas-pelo-proerd-da-policia-militar-em-joao-pessoa\/\"},\"wordCount\":305,\"publisher\":{\"@id\":\"https:\/\/www.pm.pb.gov.br\/portal\/#organization\"},\"articleSection\":[\"Cursos\"],\"inLanguage\":\"pt-BR\"},{\"@type\":\"WebPage\",\"@id\":\"https:\/\/www.pm.pb.gov.br\/portal\/2017\/11\/29\/solenidade-marca-formatura-de-mais-de-400-criancas-atendidas-pelo-proerd-da-policia-militar-em-joao-pessoa\/\",\"url\":\"https:\/\/www.pm.pb.gov.br\/portal\/2017\/11\/29\/solenidade-marca-formatura-de-mais-de-400-criancas-atendidas-pelo-proerd-da-policia-militar-em-joao-pessoa\/\",\"name\":\"Solenidade marca formatura de mais de 400 crian\u00e7as atendidas pelo Proerd da Pol\u00edcia Militar em Jo\u00e3o Pessoa - Pol\u00edcia Militar da Para\u00edba\",\"isPartOf\":{\"@id\":\"https:\/\/www.pm.pb.gov.br\/portal\/#website\"},\"datePublished\":\"2017-11-29T10:19:18+00:00\",\"dateModified\":\"2017-11-29T10:19:18+00:00\",\"breadcrumb\":{\"@id\":\"https:\/\/www.pm.pb.gov.br\/portal\/2017\/11\/29\/solenidade-marca-formatura-de-mais-de-400-criancas-atendidas-pelo-proerd-da-policia-militar-em-joao-pessoa\/#breadcrumb\"},\"inLanguage\":\"pt-BR\",\"potentialAction\":[{\"@type\":\"ReadAction\",\"target\":[\"https:\/\/www.pm.pb.gov.br\/portal\/2017\/11\/29\/solenidade-marca-formatura-de-mais-de-400-criancas-atendidas-pelo-proerd-da-policia-militar-em-joao-pessoa\/\"]}]},{\"@type\":\"BreadcrumbList\",\"@id\":\"https:\/\/www.pm.pb.gov.br\/portal\/2017\/11\/29\/solenidade-marca-formatura-de-mais-de-400-criancas-atendidas-pelo-proerd-da-policia-militar-em-joao-pessoa\/#breadcrumb\",\"itemListElement\":[{\"@type\":\"ListItem\",\"position\":1,\"name\":\"In\u00edcio\",\"item\":\"https:\/\/www.pm.pb.gov.br\/portal\/\"},{\"@type\":\"ListItem\",\"position\":2,\"name\":\"Solenidade marca formatura de mais de 400 crian\u00e7as atendidas pelo Proerd da Pol\u00edcia Militar em Jo\u00e3o Pessoa\"}]},{\"@type\":\"WebSite\",\"@id\":\"https:\/\/www.pm.pb.gov.br\/portal\/#website\",\"url\":\"https:\/\/www.pm.pb.gov.br\/portal\/\",\"name\":\"Pol\u00edcia Militar da Para\u00edba\",\"description\":\"\",\"publisher\":{\"@id\":\"https:\/\/www.pm.pb.gov.br\/portal\/#organization\"},\"potentialAction\":[{\"@type\":\"SearchAction\",\"target\":{\"@type\":\"EntryPoint\",\"urlTemplate\":\"https:\/\/www.pm.pb.gov.br\/portal\/?s={search_term_string}\"},\"query-input\":\"required name=search_term_string\"}],\"inLanguage\":\"pt-BR\"},{\"@type\":\"Organization\",\"@id\":\"https:\/\/www.pm.pb.gov.br\/portal\/#organization\",\"name\":\"Pol\u00edcia Militar da Para\u00edba\",\"url\":\"https:\/\/www.pm.pb.gov.br\/portal\/\",\"logo\":{\"@type\":\"ImageObject\",\"inLanguage\":\"pt-BR\",\"@id\":\"https:\/\/www.pm.pb.gov.br\/portal\/#\/schema\/logo\/image\/\",\"url\":\"https:\/\/www.pm.pb.gov.br\/portal\/wp-content\/uploads\/2025\/03\/cropped-logo-site-mag2-1.png\",\"contentUrl\":\"https:\/\/www.pm.pb.gov.br\/portal\/wp-content\/uploads\/2025\/03\/cropped-logo-site-mag2-1.png\",\"width\":320,\"height\":90,\"caption\":\"Pol\u00edcia Militar da Para\u00edba\"},\"image\":{\"@id\":\"https:\/\/www.pm.pb.gov.br\/portal\/#\/schema\/logo\/image\/\"}},{\"@type\":\"Person\",\"@id\":\"https:\/\/www.pm.pb.gov.br\/portal\/#\/schema\/person\/f84f56dcc78ce4357054da888b8247fd\",\"name\":\"Tarcisio Oliveira\",\"image\":{\"@type\":\"ImageObject\",\"inLanguage\":\"pt-BR\",\"@id\":\"https:\/\/www.pm.pb.gov.br\/portal\/#\/schema\/person\/image\/\",\"url\":\"https:\/\/secure.gravatar.com\/avatar\/72917b630b69d31cd0297507f34bac97?s=96&d=mm&r=g\",\"contentUrl\":\"https:\/\/secure.gravatar.com\/avatar\/72917b630b69d31cd0297507f34bac97?s=96&d=mm&r=g\",\"caption\":\"Tarcisio Oliveira\"},\"url\":\"https:\/\/www.pm.pb.gov.br\/portal\/author\/tarcisio\/\"}]}<\/script>\n<!-- \/ Yoast SEO plugin. -->","yoast_head_json":{"title":"Solenidade marca formatura de mais de 400 crian\u00e7as atendidas pelo Proerd da Pol\u00edcia Militar em Jo\u00e3o Pessoa - Pol\u00edcia Militar da Para\u00edba","robots":{"index":"index","follow":"follow","max-snippet":"max-snippet:-1","max-image-preview":"max-image-preview:large","max-video-preview":"max-video-preview:-1"},"canonical":"https:\/\/www.pm.pb.gov.br\/portal\/2017\/11\/29\/solenidade-marca-formatura-de-mais-de-400-criancas-atendidas-pelo-proerd-da-policia-militar-em-joao-pessoa\/","og_locale":"pt_BR","og_type":"article","og_title":"Solenidade marca formatura de mais de 400 crian\u00e7as atendidas pelo Proerd da Pol\u00edcia Militar em Jo\u00e3o Pessoa - Pol\u00edcia Militar da Para\u00edba","og_description":"A coordena\u00e7\u00e3o do Programa Educacional de Resist\u00eancia \u00e0s Drogas e \u00e0 Viol\u00eancia (Proerd) da Pol\u00edcia Militar realizou a formatura de","og_url":"https:\/\/www.pm.pb.gov.br\/portal\/2017\/11\/29\/solenidade-marca-formatura-de-mais-de-400-criancas-atendidas-pelo-proerd-da-policia-militar-em-joao-pessoa\/","og_site_name":"Pol\u00edcia Militar da Para\u00edba","article_published_time":"2017-11-29T10:19:18+00:00","og_image":[{"width":800,"height":445,"url":"https:\/\/www.pm.pb.gov.br\/portal\/wp-content\/uploads\/2017\/11\/policia-realiza-de-formatura-de-mais-de-400-criancas-atendidas-pelo-proerd-na-capital-1.jpg","type":"image\/jpeg"}],"author":"Tarcisio Oliveira","twitter_card":"summary_large_image","twitter_misc":{"Escrito por":"Tarcisio Oliveira","Est. tempo de leitura":"1 minuto"},"schema":{"@context":"https:\/\/schema.org","@graph":[{"@type":"Article","@id":"https:\/\/www.pm.pb.gov.br\/portal\/2017\/11\/29\/solenidade-marca-formatura-de-mais-de-400-criancas-atendidas-pelo-proerd-da-policia-militar-em-joao-pessoa\/#article","isPartOf":{"@id":"https:\/\/www.pm.pb.gov.br\/portal\/2017\/11\/29\/solenidade-marca-formatura-de-mais-de-400-criancas-atendidas-pelo-proerd-da-policia-militar-em-joao-pessoa\/"},"author":{"name":"Tarcisio Oliveira","@id":"https:\/\/www.pm.pb.gov.br\/portal\/#\/schema\/person\/f84f56dcc78ce4357054da888b8247fd"},"headline":"Solenidade marca formatura de mais de 400 crian\u00e7as atendidas pelo Proerd da Pol\u00edcia Militar em Jo\u00e3o Pessoa","datePublished":"2017-11-29T10:19:18+00:00","dateModified":"2017-11-29T10:19:18+00:00","mainEntityOfPage":{"@id":"https:\/\/www.pm.pb.gov.br\/portal\/2017\/11\/29\/solenidade-marca-formatura-de-mais-de-400-criancas-atendidas-pelo-proerd-da-policia-militar-em-joao-pessoa\/"},"wordCount":305,"publisher":{"@id":"https:\/\/www.pm.pb.gov.br\/portal\/#organization"},"articleSection":["Cursos"],"inLanguage":"pt-BR"},{"@type":"WebPage","@id":"https:\/\/www.pm.pb.gov.br\/portal\/2017\/11\/29\/solenidade-marca-formatura-de-mais-de-400-criancas-atendidas-pelo-proerd-da-policia-militar-em-joao-pessoa\/","url":"https:\/\/www.pm.pb.gov.br\/portal\/2017\/11\/29\/solenidade-marca-formatura-de-mais-de-400-criancas-atendidas-pelo-proerd-da-policia-militar-em-joao-pessoa\/","name":"Solenidade marca formatura de mais de 400 crian\u00e7as atendidas pelo Proerd da Pol\u00edcia Militar em Jo\u00e3o Pessoa - Pol\u00edcia Militar da Para\u00edba","isPartOf":{"@id":"https:\/\/www.pm.pb.gov.br\/portal\/#website"},"datePublished":"2017-11-29T10:19:18+00:00","dateModified":"2017-11-29T10:19:18+00:00","breadcrumb":{"@id":"https:\/\/www.pm.pb.gov.br\/portal\/2017\/11\/29\/solenidade-marca-formatura-de-mais-de-400-criancas-atendidas-pelo-proerd-da-policia-militar-em-joao-pessoa\/#breadcrumb"},"inLanguage":"pt-BR","potentialAction":[{"@type":"ReadAction","target":["https:\/\/www.pm.pb.gov.br\/portal\/2017\/11\/29\/solenidade-marca-formatura-de-mais-de-400-criancas-atendidas-pelo-proerd-da-policia-militar-em-joao-pessoa\/"]}]},{"@type":"BreadcrumbList","@id":"https:\/\/www.pm.pb.gov.br\/portal\/2017\/11\/29\/solenidade-marca-formatura-de-mais-de-400-criancas-atendidas-pelo-proerd-da-policia-militar-em-joao-pessoa\/#breadcrumb","itemListElement":[{"@type":"ListItem","position":1,"name":"In\u00edcio","item":"https:\/\/www.pm.pb.gov.br\/portal\/"},{"@type":"ListItem","position":2,"name":"Solenidade marca formatura de mais de 400 crian\u00e7as atendidas pelo Proerd da Pol\u00edcia Militar em Jo\u00e3o Pessoa"}]},{"@type":"WebSite","@id":"https:\/\/www.pm.pb.gov.br\/portal\/#website","url":"https:\/\/www.pm.pb.gov.br\/portal\/","name":"Pol\u00edcia Militar da Para\u00edba","description":"","publisher":{"@id":"https:\/\/www.pm.pb.gov.br\/portal\/#organization"},"potentialAction":[{"@type":"SearchAction","target":{"@type":"EntryPoint","urlTemplate":"https:\/\/www.pm.pb.gov.br\/portal\/?s={search_term_string}"},"query-input":"required name=search_term_string"}],"inLanguage":"pt-BR"},{"@type":"Organization","@id":"https:\/\/www.pm.pb.gov.br\/portal\/#organization","name":"Pol\u00edcia Militar da Para\u00edba","url":"https:\/\/www.pm.pb.gov.br\/portal\/","logo":{"@type":"ImageObject","inLanguage":"pt-BR","@id":"https:\/\/www.pm.pb.gov.br\/portal\/#\/schema\/logo\/image\/","url":"https:\/\/www.pm.pb.gov.br\/portal\/wp-content\/uploads\/2025\/03\/cropped-logo-site-mag2-1.png","contentUrl":"https:\/\/www.pm.pb.gov.br\/portal\/wp-content\/uploads\/2025\/03\/cropped-logo-site-mag2-1.png","width":320,"height":90,"caption":"Pol\u00edcia Militar da Para\u00edba"},"image":{"@id":"https:\/\/www.pm.pb.gov.br\/portal\/#\/schema\/logo\/image\/"}},{"@type":"Person","@id":"https:\/\/www.pm.pb.gov.br\/portal\/#\/schema\/person\/f84f56dcc78ce4357054da888b8247fd","name":"Tarcisio Oliveira","image":{"@type":"ImageObject","inLanguage":"pt-BR","@id":"https:\/\/www.pm.pb.gov.br\/portal\/#\/schema\/person\/image\/","url":"https:\/\/secure.gravatar.com\/avatar\/72917b630b69d31cd0297507f34bac97?s=96&d=mm&r=g","contentUrl":"https:\/\/secure.gravatar.com\/avatar\/72917b630b69d31cd0297507f34bac97?s=96&d=mm&r=g","caption":"Tarcisio Oliveira"},"url":"https:\/\/www.pm.pb.gov.br\/portal\/author\/tarcisio\/"}]}},"_links":{"self":[{"href":"https:\/\/www.pm.pb.gov.br\/portal\/wp-json\/wp\/v2\/posts\/896223"}],"collection":[{"href":"https:\/\/www.pm.pb.gov.br\/portal\/wp-json\/wp\/v2\/posts"}],"about":[{"href":"https:\/\/www.pm.pb.gov.br\/portal\/wp-json\/wp\/v2\/types\/post"}],"author":[{"embeddable":true,"href":"https:\/\/www.pm.pb.gov.br\/portal\/wp-json\/wp\/v2\/users\/12"}],"replies":[{"embeddable":true,"href":"https:\/\/www.pm.pb.gov.br\/portal\/wp-json\/wp\/v2\/comments?post=896223"}],"version-history":[{"count":2,"href":"https:\/\/www.pm.pb.gov.br\/portal\/wp-json\/wp\/v2\/posts\/896223\/revisions"}],"predecessor-version":[{"id":896227,"href":"https:\/\/www.pm.pb.gov.br\/portal\/wp-json\/wp\/v2\/posts\/896223\/revisions\/896227"}],"wp:featuredmedia":[{"embeddable":true,"href":"https:\/\/www.pm.pb.gov.br\/portal\/wp-json\/wp\/v2\/media\/896224"}],"wp:attachment":[{"href":"https:\/\/www.pm.pb.gov.br\/portal\/wp-json\/wp\/v2\/media?parent=896223"}],"wp:term":[{"taxonomy":"category","embeddable":true,"href":"https:\/\/www.pm.pb.gov.br\/portal\/wp-json\/wp\/v2\/categories?post=896223"},{"taxonomy":"post_tag","embeddable":true,"href":"https:\/\/www.pm.pb.gov.br\/portal\/wp-json\/wp\/v2\/tags?post=896223"}],"curies":[{"name":"wp","href":"https:\/\/api.w.org\/{rel}","templated":true}]}}