{"id":896218,"date":"2017-11-28T17:11:48","date_gmt":"2017-11-28T20:11:48","guid":{"rendered":"http:\/\/www.pm.pb.gov.br\/portal\/?p=896218"},"modified":"2017-11-29T07:31:02","modified_gmt":"2017-11-29T10:31:02","slug":"policia-militar-frustra-sequestro-prende-suspeito-e-recupera-carros-roubados-no-litoral-sul","status":"publish","type":"post","link":"https:\/\/www.pm.pb.gov.br\/portal\/2017\/11\/28\/policia-militar-frustra-sequestro-prende-suspeito-e-recupera-carros-roubados-no-litoral-sul\/","title":{"rendered":"Pol\u00edcia Militar frustra sequestro, prende suspeito e recupera carros roubados no Litoral Sul"},"content":{"rendered":"<p style=\"text-align: justify;\">A Pol\u00edcia Militar recuperou dois carros roubados e localizou duas v\u00edtimas que foram feitas ref\u00e9ns, ap\u00f3s frustrar tentativa de sequestro no Litoral Sul do estado, na \u00faltima segunda-feira (27). Durante as a\u00e7\u00f5es que buscou pelo grupo suspeito, a PM conseguiu prender um homem de 59 anos, que respondia pelos crimes de homic\u00eddio e sequestro em Pernambuco, e que era suspeito de integrar o grupo procurado. O helic\u00f3ptero Acau\u00e3 tamb\u00e9m foi utilizado nas a\u00e7\u00f5es.<\/p>\n<p style=\"text-align: justify;\">Ainda pela manh\u00e3, os policias da 1\u00aa Companhia Independente foram informados que dois funcion\u00e1rios da prefeitura de Caapor\u00e3 haviam sido levados juntos com um ve\u00edculo pela a\u00e7\u00e3o de um grupo de pelo menos quatro pessoas, em Alhandra. A partir das dilig\u00eancias realizadas e de um cerco montado na \u00e1rea, os policiais conseguiram localizar e prender um homem, que estava em um ve\u00edculo Fiesta e que, segundo testemunha, dava apoio \u00e0 a\u00e7\u00e3o dos outros criminosos. Ele j\u00e1 respondia por homic\u00eddio e sequestro em Pernambuco.<\/p>\n<p style=\"text-align: justify;\">Em seguida, uma caminhonete que havia sido roubada e levada junto com os ref\u00e9ns, foi encontrada pelos policiais, que intensificavam rondas e abordagens na \u00e1rea da Companhia. As duas v\u00edtimas foram encontradas depois, com outro carro, ve\u00edculo Gol, que havia sido tomado pelo grupo e deixado na regi\u00e3o. Os suspeitos n\u00e3o foram localizados.<\/p>\n<p><img loading=\"lazy\" decoding=\"async\" class=\"wp-image-896219 alignright\" src=\"http:\/\/www.pm.pb.gov.br\/portal\/wp-content\/uploads\/2017\/11\/Droga_28-11-2017-791x445.jpeg\" alt=\"\" width=\"344\" height=\"193\" srcset=\"https:\/\/www.pm.pb.gov.br\/portal\/wp-content\/uploads\/2017\/11\/Droga_28-11-2017-791x445.jpeg 791w, https:\/\/www.pm.pb.gov.br\/portal\/wp-content\/uploads\/2017\/11\/Droga_28-11-2017-245x136.jpeg 245w, https:\/\/www.pm.pb.gov.br\/portal\/wp-content\/uploads\/2017\/11\/Droga_28-11-2017-768x432.jpeg 768w, https:\/\/www.pm.pb.gov.br\/portal\/wp-content\/uploads\/2017\/11\/Droga_28-11-2017.jpeg 800w\" sizes=\"(max-width: 344px) 100vw, 344px\" \/><\/p>\n<p style=\"text-align: justify;\"><strong>Maconha apreendida e carro encontrado<\/strong> \u2013 Durante as a\u00e7\u00f5es na busca do grupo criminoso, os policias da 1\u00aa CIPM abordaram um carro em Pitimb\u00fa, com cinco ocupantes e, com eles, encontraram cerca de um quilo de subst\u00e2ncia semelhante \u00e0 maconha. Tr\u00eas adultos e dois adolescentes foram encaminhados at\u00e9 a Delegacia de Caapor\u00e3, junto com a droga apreendida.<\/p>\n<p>&nbsp;<\/p>\n<p style=\"text-align: justify;\">Um ve\u00edculo incendiado, tamb\u00e9m foi localizado pela PM, durante a busca pelo grupo criminoso. O carro era roubado.<\/p>\n","protected":false},"excerpt":{"rendered":"<p>A Pol\u00edcia Militar recuperou dois carros roubados e localizou duas v\u00edtimas que foram feitas ref\u00e9ns, ap\u00f3s frustrar tentativa de sequestro<\/p>\n","protected":false},"author":15,"featured_media":896220,"comment_status":"closed","ping_status":"closed","sticky":false,"template":"","format":"standard","meta":{"_exactmetrics_skip_tracking":false,"_exactmetrics_sitenote_active":false,"_exactmetrics_sitenote_note":"","_exactmetrics_sitenote_category":0,"footnotes":""},"categories":[4],"tags":[],"yoast_head":"<!-- This site is optimized with the Yoast SEO plugin v22.0 - https:\/\/yoast.com\/wordpress\/plugins\/seo\/ -->\n<title>Pol\u00edcia Militar frustra sequestro, prende suspeito e recupera carros roubados no Litoral Sul - Pol\u00edcia Militar da Para\u00edba<\/title>\n<meta name=\"robots\" content=\"index, follow, max-snippet:-1, max-image-preview:large, max-video-preview:-1\" \/>\n<link rel=\"canonical\" href=\"https:\/\/www.pm.pb.gov.br\/portal\/2017\/11\/28\/policia-militar-frustra-sequestro-prende-suspeito-e-recupera-carros-roubados-no-litoral-sul\/\" \/>\n<meta property=\"og:locale\" content=\"pt_BR\" \/>\n<meta property=\"og:type\" content=\"article\" \/>\n<meta property=\"og:title\" content=\"Pol\u00edcia Militar frustra sequestro, prende suspeito e recupera carros roubados no Litoral Sul - Pol\u00edcia Militar da Para\u00edba\" \/>\n<meta property=\"og:description\" content=\"A Pol\u00edcia Militar recuperou dois carros roubados e localizou duas v\u00edtimas que foram feitas ref\u00e9ns, ap\u00f3s frustrar tentativa de sequestro\" \/>\n<meta property=\"og:url\" content=\"https:\/\/www.pm.pb.gov.br\/portal\/2017\/11\/28\/policia-militar-frustra-sequestro-prende-suspeito-e-recupera-carros-roubados-no-litoral-sul\/\" \/>\n<meta property=\"og:site_name\" content=\"Pol\u00edcia Militar da Para\u00edba\" \/>\n<meta property=\"article:published_time\" content=\"2017-11-28T20:11:48+00:00\" \/>\n<meta property=\"article:modified_time\" content=\"2017-11-29T10:31:02+00:00\" \/>\n<meta property=\"og:image\" content=\"https:\/\/www.pm.pb.gov.br\/portal\/wp-content\/uploads\/2017\/11\/Ve\u00edculo-recuperado2.jpeg\" \/>\n\t<meta property=\"og:image:width\" content=\"800\" \/>\n\t<meta property=\"og:image:height\" content=\"450\" \/>\n\t<meta property=\"og:image:type\" content=\"image\/jpeg\" \/>\n<meta name=\"author\" content=\"Marcio Gomes dos Santos\" \/>\n<meta name=\"twitter:card\" content=\"summary_large_image\" \/>\n<meta name=\"twitter:label1\" content=\"Escrito por\" \/>\n\t<meta name=\"twitter:data1\" content=\"Marcio Gomes dos Santos\" \/>\n\t<meta name=\"twitter:label2\" content=\"Est. tempo de leitura\" \/>\n\t<meta name=\"twitter:data2\" content=\"2 minutos\" \/>\n<script type=\"application\/ld+json\" class=\"yoast-schema-graph\">{\"@context\":\"https:\/\/schema.org\",\"@graph\":[{\"@type\":\"Article\",\"@id\":\"https:\/\/www.pm.pb.gov.br\/portal\/2017\/11\/28\/policia-militar-frustra-sequestro-prende-suspeito-e-recupera-carros-roubados-no-litoral-sul\/#article\",\"isPartOf\":{\"@id\":\"https:\/\/www.pm.pb.gov.br\/portal\/2017\/11\/28\/policia-militar-frustra-sequestro-prende-suspeito-e-recupera-carros-roubados-no-litoral-sul\/\"},\"author\":{\"name\":\"Marcio Gomes dos Santos\",\"@id\":\"https:\/\/www.pm.pb.gov.br\/portal\/#\/schema\/person\/30d571652b38533c2211e4e89bf5a502\"},\"headline\":\"Pol\u00edcia Militar frustra sequestro, prende suspeito e recupera carros roubados no Litoral Sul\",\"datePublished\":\"2017-11-28T20:11:48+00:00\",\"dateModified\":\"2017-11-29T10:31:02+00:00\",\"mainEntityOfPage\":{\"@id\":\"https:\/\/www.pm.pb.gov.br\/portal\/2017\/11\/28\/policia-militar-frustra-sequestro-prende-suspeito-e-recupera-carros-roubados-no-litoral-sul\/\"},\"wordCount\":318,\"publisher\":{\"@id\":\"https:\/\/www.pm.pb.gov.br\/portal\/#organization\"},\"articleSection\":[\"A\u00e7\u00f5es Policiais\"],\"inLanguage\":\"pt-BR\"},{\"@type\":\"WebPage\",\"@id\":\"https:\/\/www.pm.pb.gov.br\/portal\/2017\/11\/28\/policia-militar-frustra-sequestro-prende-suspeito-e-recupera-carros-roubados-no-litoral-sul\/\",\"url\":\"https:\/\/www.pm.pb.gov.br\/portal\/2017\/11\/28\/policia-militar-frustra-sequestro-prende-suspeito-e-recupera-carros-roubados-no-litoral-sul\/\",\"name\":\"Pol\u00edcia Militar frustra sequestro, prende suspeito e recupera carros roubados no Litoral Sul - Pol\u00edcia Militar da Para\u00edba\",\"isPartOf\":{\"@id\":\"https:\/\/www.pm.pb.gov.br\/portal\/#website\"},\"datePublished\":\"2017-11-28T20:11:48+00:00\",\"dateModified\":\"2017-11-29T10:31:02+00:00\",\"breadcrumb\":{\"@id\":\"https:\/\/www.pm.pb.gov.br\/portal\/2017\/11\/28\/policia-militar-frustra-sequestro-prende-suspeito-e-recupera-carros-roubados-no-litoral-sul\/#breadcrumb\"},\"inLanguage\":\"pt-BR\",\"potentialAction\":[{\"@type\":\"ReadAction\",\"target\":[\"https:\/\/www.pm.pb.gov.br\/portal\/2017\/11\/28\/policia-militar-frustra-sequestro-prende-suspeito-e-recupera-carros-roubados-no-litoral-sul\/\"]}]},{\"@type\":\"BreadcrumbList\",\"@id\":\"https:\/\/www.pm.pb.gov.br\/portal\/2017\/11\/28\/policia-militar-frustra-sequestro-prende-suspeito-e-recupera-carros-roubados-no-litoral-sul\/#breadcrumb\",\"itemListElement\":[{\"@type\":\"ListItem\",\"position\":1,\"name\":\"In\u00edcio\",\"item\":\"https:\/\/www.pm.pb.gov.br\/portal\/\"},{\"@type\":\"ListItem\",\"position\":2,\"name\":\"Pol\u00edcia Militar frustra sequestro, prende suspeito e recupera carros roubados no Litoral Sul\"}]},{\"@type\":\"WebSite\",\"@id\":\"https:\/\/www.pm.pb.gov.br\/portal\/#website\",\"url\":\"https:\/\/www.pm.pb.gov.br\/portal\/\",\"name\":\"Pol\u00edcia Militar da Para\u00edba\",\"description\":\"\",\"publisher\":{\"@id\":\"https:\/\/www.pm.pb.gov.br\/portal\/#organization\"},\"potentialAction\":[{\"@type\":\"SearchAction\",\"target\":{\"@type\":\"EntryPoint\",\"urlTemplate\":\"https:\/\/www.pm.pb.gov.br\/portal\/?s={search_term_string}\"},\"query-input\":\"required name=search_term_string\"}],\"inLanguage\":\"pt-BR\"},{\"@type\":\"Organization\",\"@id\":\"https:\/\/www.pm.pb.gov.br\/portal\/#organization\",\"name\":\"Pol\u00edcia Militar da Para\u00edba\",\"url\":\"https:\/\/www.pm.pb.gov.br\/portal\/\",\"logo\":{\"@type\":\"ImageObject\",\"inLanguage\":\"pt-BR\",\"@id\":\"https:\/\/www.pm.pb.gov.br\/portal\/#\/schema\/logo\/image\/\",\"url\":\"https:\/\/www.pm.pb.gov.br\/portal\/wp-content\/uploads\/2025\/03\/cropped-logo-site-mag2-1.png\",\"contentUrl\":\"https:\/\/www.pm.pb.gov.br\/portal\/wp-content\/uploads\/2025\/03\/cropped-logo-site-mag2-1.png\",\"width\":320,\"height\":90,\"caption\":\"Pol\u00edcia Militar da Para\u00edba\"},\"image\":{\"@id\":\"https:\/\/www.pm.pb.gov.br\/portal\/#\/schema\/logo\/image\/\"}},{\"@type\":\"Person\",\"@id\":\"https:\/\/www.pm.pb.gov.br\/portal\/#\/schema\/person\/30d571652b38533c2211e4e89bf5a502\",\"name\":\"Marcio Gomes dos Santos\",\"image\":{\"@type\":\"ImageObject\",\"inLanguage\":\"pt-BR\",\"@id\":\"https:\/\/www.pm.pb.gov.br\/portal\/#\/schema\/person\/image\/\",\"url\":\"https:\/\/secure.gravatar.com\/avatar\/cf4ec2cb690101e1581c7773aa350c19?s=96&d=mm&r=g\",\"contentUrl\":\"https:\/\/secure.gravatar.com\/avatar\/cf4ec2cb690101e1581c7773aa350c19?s=96&d=mm&r=g\",\"caption\":\"Marcio Gomes dos Santos\"},\"url\":\"https:\/\/www.pm.pb.gov.br\/portal\/author\/mgomes\/\"}]}<\/script>\n<!-- \/ Yoast SEO plugin. -->","yoast_head_json":{"title":"Pol\u00edcia Militar frustra sequestro, prende suspeito e recupera carros roubados no Litoral Sul - Pol\u00edcia Militar da Para\u00edba","robots":{"index":"index","follow":"follow","max-snippet":"max-snippet:-1","max-image-preview":"max-image-preview:large","max-video-preview":"max-video-preview:-1"},"canonical":"https:\/\/www.pm.pb.gov.br\/portal\/2017\/11\/28\/policia-militar-frustra-sequestro-prende-suspeito-e-recupera-carros-roubados-no-litoral-sul\/","og_locale":"pt_BR","og_type":"article","og_title":"Pol\u00edcia Militar frustra sequestro, prende suspeito e recupera carros roubados no Litoral Sul - Pol\u00edcia Militar da Para\u00edba","og_description":"A Pol\u00edcia Militar recuperou dois carros roubados e localizou duas v\u00edtimas que foram feitas ref\u00e9ns, ap\u00f3s frustrar tentativa de sequestro","og_url":"https:\/\/www.pm.pb.gov.br\/portal\/2017\/11\/28\/policia-militar-frustra-sequestro-prende-suspeito-e-recupera-carros-roubados-no-litoral-sul\/","og_site_name":"Pol\u00edcia Militar da Para\u00edba","article_published_time":"2017-11-28T20:11:48+00:00","article_modified_time":"2017-11-29T10:31:02+00:00","og_image":[{"width":800,"height":450,"url":"https:\/\/www.pm.pb.gov.br\/portal\/wp-content\/uploads\/2017\/11\/Ve\u00edculo-recuperado2.jpeg","type":"image\/jpeg"}],"author":"Marcio Gomes dos Santos","twitter_card":"summary_large_image","twitter_misc":{"Escrito por":"Marcio Gomes dos Santos","Est. tempo de leitura":"2 minutos"},"schema":{"@context":"https:\/\/schema.org","@graph":[{"@type":"Article","@id":"https:\/\/www.pm.pb.gov.br\/portal\/2017\/11\/28\/policia-militar-frustra-sequestro-prende-suspeito-e-recupera-carros-roubados-no-litoral-sul\/#article","isPartOf":{"@id":"https:\/\/www.pm.pb.gov.br\/portal\/2017\/11\/28\/policia-militar-frustra-sequestro-prende-suspeito-e-recupera-carros-roubados-no-litoral-sul\/"},"author":{"name":"Marcio Gomes dos Santos","@id":"https:\/\/www.pm.pb.gov.br\/portal\/#\/schema\/person\/30d571652b38533c2211e4e89bf5a502"},"headline":"Pol\u00edcia Militar frustra sequestro, prende suspeito e recupera carros roubados no Litoral Sul","datePublished":"2017-11-28T20:11:48+00:00","dateModified":"2017-11-29T10:31:02+00:00","mainEntityOfPage":{"@id":"https:\/\/www.pm.pb.gov.br\/portal\/2017\/11\/28\/policia-militar-frustra-sequestro-prende-suspeito-e-recupera-carros-roubados-no-litoral-sul\/"},"wordCount":318,"publisher":{"@id":"https:\/\/www.pm.pb.gov.br\/portal\/#organization"},"articleSection":["A\u00e7\u00f5es Policiais"],"inLanguage":"pt-BR"},{"@type":"WebPage","@id":"https:\/\/www.pm.pb.gov.br\/portal\/2017\/11\/28\/policia-militar-frustra-sequestro-prende-suspeito-e-recupera-carros-roubados-no-litoral-sul\/","url":"https:\/\/www.pm.pb.gov.br\/portal\/2017\/11\/28\/policia-militar-frustra-sequestro-prende-suspeito-e-recupera-carros-roubados-no-litoral-sul\/","name":"Pol\u00edcia Militar frustra sequestro, prende suspeito e recupera carros roubados no Litoral Sul - Pol\u00edcia Militar da Para\u00edba","isPartOf":{"@id":"https:\/\/www.pm.pb.gov.br\/portal\/#website"},"datePublished":"2017-11-28T20:11:48+00:00","dateModified":"2017-11-29T10:31:02+00:00","breadcrumb":{"@id":"https:\/\/www.pm.pb.gov.br\/portal\/2017\/11\/28\/policia-militar-frustra-sequestro-prende-suspeito-e-recupera-carros-roubados-no-litoral-sul\/#breadcrumb"},"inLanguage":"pt-BR","potentialAction":[{"@type":"ReadAction","target":["https:\/\/www.pm.pb.gov.br\/portal\/2017\/11\/28\/policia-militar-frustra-sequestro-prende-suspeito-e-recupera-carros-roubados-no-litoral-sul\/"]}]},{"@type":"BreadcrumbList","@id":"https:\/\/www.pm.pb.gov.br\/portal\/2017\/11\/28\/policia-militar-frustra-sequestro-prende-suspeito-e-recupera-carros-roubados-no-litoral-sul\/#breadcrumb","itemListElement":[{"@type":"ListItem","position":1,"name":"In\u00edcio","item":"https:\/\/www.pm.pb.gov.br\/portal\/"},{"@type":"ListItem","position":2,"name":"Pol\u00edcia Militar frustra sequestro, prende suspeito e recupera carros roubados no Litoral Sul"}]},{"@type":"WebSite","@id":"https:\/\/www.pm.pb.gov.br\/portal\/#website","url":"https:\/\/www.pm.pb.gov.br\/portal\/","name":"Pol\u00edcia Militar da Para\u00edba","description":"","publisher":{"@id":"https:\/\/www.pm.pb.gov.br\/portal\/#organization"},"potentialAction":[{"@type":"SearchAction","target":{"@type":"EntryPoint","urlTemplate":"https:\/\/www.pm.pb.gov.br\/portal\/?s={search_term_string}"},"query-input":"required name=search_term_string"}],"inLanguage":"pt-BR"},{"@type":"Organization","@id":"https:\/\/www.pm.pb.gov.br\/portal\/#organization","name":"Pol\u00edcia Militar da Para\u00edba","url":"https:\/\/www.pm.pb.gov.br\/portal\/","logo":{"@type":"ImageObject","inLanguage":"pt-BR","@id":"https:\/\/www.pm.pb.gov.br\/portal\/#\/schema\/logo\/image\/","url":"https:\/\/www.pm.pb.gov.br\/portal\/wp-content\/uploads\/2025\/03\/cropped-logo-site-mag2-1.png","contentUrl":"https:\/\/www.pm.pb.gov.br\/portal\/wp-content\/uploads\/2025\/03\/cropped-logo-site-mag2-1.png","width":320,"height":90,"caption":"Pol\u00edcia Militar da Para\u00edba"},"image":{"@id":"https:\/\/www.pm.pb.gov.br\/portal\/#\/schema\/logo\/image\/"}},{"@type":"Person","@id":"https:\/\/www.pm.pb.gov.br\/portal\/#\/schema\/person\/30d571652b38533c2211e4e89bf5a502","name":"Marcio Gomes dos Santos","image":{"@type":"ImageObject","inLanguage":"pt-BR","@id":"https:\/\/www.pm.pb.gov.br\/portal\/#\/schema\/person\/image\/","url":"https:\/\/secure.gravatar.com\/avatar\/cf4ec2cb690101e1581c7773aa350c19?s=96&d=mm&r=g","contentUrl":"https:\/\/secure.gravatar.com\/avatar\/cf4ec2cb690101e1581c7773aa350c19?s=96&d=mm&r=g","caption":"Marcio Gomes dos Santos"},"url":"https:\/\/www.pm.pb.gov.br\/portal\/author\/mgomes\/"}]}},"_links":{"self":[{"href":"https:\/\/www.pm.pb.gov.br\/portal\/wp-json\/wp\/v2\/posts\/896218"}],"collection":[{"href":"https:\/\/www.pm.pb.gov.br\/portal\/wp-json\/wp\/v2\/posts"}],"about":[{"href":"https:\/\/www.pm.pb.gov.br\/portal\/wp-json\/wp\/v2\/types\/post"}],"author":[{"embeddable":true,"href":"https:\/\/www.pm.pb.gov.br\/portal\/wp-json\/wp\/v2\/users\/15"}],"replies":[{"embeddable":true,"href":"https:\/\/www.pm.pb.gov.br\/portal\/wp-json\/wp\/v2\/comments?post=896218"}],"version-history":[{"count":3,"href":"https:\/\/www.pm.pb.gov.br\/portal\/wp-json\/wp\/v2\/posts\/896218\/revisions"}],"predecessor-version":[{"id":896228,"href":"https:\/\/www.pm.pb.gov.br\/portal\/wp-json\/wp\/v2\/posts\/896218\/revisions\/896228"}],"wp:featuredmedia":[{"embeddable":true,"href":"https:\/\/www.pm.pb.gov.br\/portal\/wp-json\/wp\/v2\/media\/896220"}],"wp:attachment":[{"href":"https:\/\/www.pm.pb.gov.br\/portal\/wp-json\/wp\/v2\/media?parent=896218"}],"wp:term":[{"taxonomy":"category","embeddable":true,"href":"https:\/\/www.pm.pb.gov.br\/portal\/wp-json\/wp\/v2\/categories?post=896218"},{"taxonomy":"post_tag","embeddable":true,"href":"https:\/\/www.pm.pb.gov.br\/portal\/wp-json\/wp\/v2\/tags?post=896218"}],"curies":[{"name":"wp","href":"https:\/\/api.w.org\/{rel}","templated":true}]}}