{"id":896210,"date":"2017-11-28T10:42:03","date_gmt":"2017-11-28T13:42:03","guid":{"rendered":"http:\/\/www.pm.pb.gov.br\/portal\/?p=896210"},"modified":"2017-11-28T13:16:51","modified_gmt":"2017-11-28T16:16:51","slug":"policia-militar-apreende-mais-de-30-pedras-de-crack-e-simulacro-de-arma-de-fogo-com-suspeito-de-trafico","status":"publish","type":"post","link":"https:\/\/www.pm.pb.gov.br\/portal\/2017\/11\/28\/policia-militar-apreende-mais-de-30-pedras-de-crack-e-simulacro-de-arma-de-fogo-com-suspeito-de-trafico\/","title":{"rendered":"Pol\u00edcia Militar apreende mais de 30 pedras de crack e simulacro de arma de fogo com suspeito de tr\u00e1fico"},"content":{"rendered":"<p style=\"text-align: justify;\">A Pol\u00edcia Militar apreendeu 38 pedras de subst\u00e2ncia semelhante ao crack, oito papelotes de maconha e uma r\u00e9plica de arma de fogo com um suspeito de tr\u00e1fico, na noite dessa segunda-feira (27), em Ararura. A pris\u00e3o aconteceu ap\u00f3s den\u00fancia an\u00f4nima feita ao n\u00famero 190.<\/p>\n<p style=\"text-align: justify;\">Por volta das 21h30, policias da For\u00e7a T\u00e1tica da 7\u00aa Companhia Independente foram informados que um homem estaria comercializando drogas em uma pra\u00e7a no centro da cidade. Ao perceber a presen\u00e7a da pol\u00edcia, o suspeito come\u00e7ou a fugir e, no caminho, se desfez das drogas e de uma r\u00e9plica de rev\u00f3lver, material que foi encontrado pela PM.<\/p>\n<p>&nbsp;<\/p>\n<p style=\"text-align: justify;\">Em seguida, o suspeito, de 19 anos, foi detido pela pol\u00edcia e encaminhado para a Delegacia de Sol\u00e2nea com as drogas encontradas e o simulacro apreendido.<\/p>\n","protected":false},"excerpt":{"rendered":"<p>A Pol\u00edcia Militar apreendeu 38 pedras de subst\u00e2ncia semelhante ao crack, oito papelotes de maconha e uma r\u00e9plica de arma<\/p>\n","protected":false},"author":15,"featured_media":895708,"comment_status":"closed","ping_status":"closed","sticky":false,"template":"","format":"standard","meta":{"_exactmetrics_skip_tracking":false,"_exactmetrics_sitenote_active":false,"_exactmetrics_sitenote_note":"","_exactmetrics_sitenote_category":0,"footnotes":""},"categories":[4],"tags":[],"yoast_head":"<!-- This site is optimized with the Yoast SEO plugin v22.0 - https:\/\/yoast.com\/wordpress\/plugins\/seo\/ -->\n<title>Pol\u00edcia Militar apreende mais de 30 pedras de crack e simulacro de arma de fogo com suspeito de tr\u00e1fico - Pol\u00edcia Militar da Para\u00edba<\/title>\n<meta name=\"robots\" content=\"index, follow, max-snippet:-1, max-image-preview:large, max-video-preview:-1\" \/>\n<link rel=\"canonical\" href=\"https:\/\/www.pm.pb.gov.br\/portal\/2017\/11\/28\/policia-militar-apreende-mais-de-30-pedras-de-crack-e-simulacro-de-arma-de-fogo-com-suspeito-de-trafico\/\" \/>\n<meta property=\"og:locale\" content=\"pt_BR\" \/>\n<meta property=\"og:type\" content=\"article\" \/>\n<meta property=\"og:title\" content=\"Pol\u00edcia Militar apreende mais de 30 pedras de crack e simulacro de arma de fogo com suspeito de tr\u00e1fico - Pol\u00edcia Militar da Para\u00edba\" \/>\n<meta property=\"og:description\" content=\"A Pol\u00edcia Militar apreendeu 38 pedras de subst\u00e2ncia semelhante ao crack, oito papelotes de maconha e uma r\u00e9plica de arma\" \/>\n<meta property=\"og:url\" content=\"https:\/\/www.pm.pb.gov.br\/portal\/2017\/11\/28\/policia-militar-apreende-mais-de-30-pedras-de-crack-e-simulacro-de-arma-de-fogo-com-suspeito-de-trafico\/\" \/>\n<meta property=\"og:site_name\" content=\"Pol\u00edcia Militar da Para\u00edba\" \/>\n<meta property=\"article:published_time\" content=\"2017-11-28T13:42:03+00:00\" \/>\n<meta property=\"article:modified_time\" content=\"2017-11-28T16:16:51+00:00\" \/>\n<meta property=\"og:image\" content=\"https:\/\/www.pm.pb.gov.br\/portal\/wp-content\/uploads\/2017\/10\/Imagems-Ilustrativa-Site-Novo.jpg\" \/>\n\t<meta property=\"og:image:width\" content=\"800\" \/>\n\t<meta property=\"og:image:height\" content=\"445\" \/>\n\t<meta property=\"og:image:type\" content=\"image\/jpeg\" \/>\n<meta name=\"author\" content=\"Marcio Gomes dos Santos\" \/>\n<meta name=\"twitter:card\" content=\"summary_large_image\" \/>\n<meta name=\"twitter:label1\" content=\"Escrito por\" \/>\n\t<meta name=\"twitter:data1\" content=\"Marcio Gomes dos Santos\" \/>\n\t<meta name=\"twitter:label2\" content=\"Est. tempo de leitura\" \/>\n\t<meta name=\"twitter:data2\" content=\"1 minuto\" \/>\n<script type=\"application\/ld+json\" class=\"yoast-schema-graph\">{\"@context\":\"https:\/\/schema.org\",\"@graph\":[{\"@type\":\"Article\",\"@id\":\"https:\/\/www.pm.pb.gov.br\/portal\/2017\/11\/28\/policia-militar-apreende-mais-de-30-pedras-de-crack-e-simulacro-de-arma-de-fogo-com-suspeito-de-trafico\/#article\",\"isPartOf\":{\"@id\":\"https:\/\/www.pm.pb.gov.br\/portal\/2017\/11\/28\/policia-militar-apreende-mais-de-30-pedras-de-crack-e-simulacro-de-arma-de-fogo-com-suspeito-de-trafico\/\"},\"author\":{\"name\":\"Marcio Gomes dos Santos\",\"@id\":\"https:\/\/www.pm.pb.gov.br\/portal\/#\/schema\/person\/30d571652b38533c2211e4e89bf5a502\"},\"headline\":\"Pol\u00edcia Militar apreende mais de 30 pedras de crack e simulacro de arma de fogo com suspeito de tr\u00e1fico\",\"datePublished\":\"2017-11-28T13:42:03+00:00\",\"dateModified\":\"2017-11-28T16:16:51+00:00\",\"mainEntityOfPage\":{\"@id\":\"https:\/\/www.pm.pb.gov.br\/portal\/2017\/11\/28\/policia-militar-apreende-mais-de-30-pedras-de-crack-e-simulacro-de-arma-de-fogo-com-suspeito-de-trafico\/\"},\"wordCount\":162,\"publisher\":{\"@id\":\"https:\/\/www.pm.pb.gov.br\/portal\/#organization\"},\"articleSection\":[\"A\u00e7\u00f5es Policiais\"],\"inLanguage\":\"pt-BR\"},{\"@type\":\"WebPage\",\"@id\":\"https:\/\/www.pm.pb.gov.br\/portal\/2017\/11\/28\/policia-militar-apreende-mais-de-30-pedras-de-crack-e-simulacro-de-arma-de-fogo-com-suspeito-de-trafico\/\",\"url\":\"https:\/\/www.pm.pb.gov.br\/portal\/2017\/11\/28\/policia-militar-apreende-mais-de-30-pedras-de-crack-e-simulacro-de-arma-de-fogo-com-suspeito-de-trafico\/\",\"name\":\"Pol\u00edcia Militar apreende mais de 30 pedras de crack e simulacro de arma de fogo com suspeito de tr\u00e1fico - Pol\u00edcia Militar da Para\u00edba\",\"isPartOf\":{\"@id\":\"https:\/\/www.pm.pb.gov.br\/portal\/#website\"},\"datePublished\":\"2017-11-28T13:42:03+00:00\",\"dateModified\":\"2017-11-28T16:16:51+00:00\",\"breadcrumb\":{\"@id\":\"https:\/\/www.pm.pb.gov.br\/portal\/2017\/11\/28\/policia-militar-apreende-mais-de-30-pedras-de-crack-e-simulacro-de-arma-de-fogo-com-suspeito-de-trafico\/#breadcrumb\"},\"inLanguage\":\"pt-BR\",\"potentialAction\":[{\"@type\":\"ReadAction\",\"target\":[\"https:\/\/www.pm.pb.gov.br\/portal\/2017\/11\/28\/policia-militar-apreende-mais-de-30-pedras-de-crack-e-simulacro-de-arma-de-fogo-com-suspeito-de-trafico\/\"]}]},{\"@type\":\"BreadcrumbList\",\"@id\":\"https:\/\/www.pm.pb.gov.br\/portal\/2017\/11\/28\/policia-militar-apreende-mais-de-30-pedras-de-crack-e-simulacro-de-arma-de-fogo-com-suspeito-de-trafico\/#breadcrumb\",\"itemListElement\":[{\"@type\":\"ListItem\",\"position\":1,\"name\":\"In\u00edcio\",\"item\":\"https:\/\/www.pm.pb.gov.br\/portal\/\"},{\"@type\":\"ListItem\",\"position\":2,\"name\":\"Pol\u00edcia Militar apreende mais de 30 pedras de crack e simulacro de arma de fogo com suspeito de tr\u00e1fico\"}]},{\"@type\":\"WebSite\",\"@id\":\"https:\/\/www.pm.pb.gov.br\/portal\/#website\",\"url\":\"https:\/\/www.pm.pb.gov.br\/portal\/\",\"name\":\"Pol\u00edcia Militar da Para\u00edba\",\"description\":\"\",\"publisher\":{\"@id\":\"https:\/\/www.pm.pb.gov.br\/portal\/#organization\"},\"potentialAction\":[{\"@type\":\"SearchAction\",\"target\":{\"@type\":\"EntryPoint\",\"urlTemplate\":\"https:\/\/www.pm.pb.gov.br\/portal\/?s={search_term_string}\"},\"query-input\":\"required name=search_term_string\"}],\"inLanguage\":\"pt-BR\"},{\"@type\":\"Organization\",\"@id\":\"https:\/\/www.pm.pb.gov.br\/portal\/#organization\",\"name\":\"Pol\u00edcia Militar da Para\u00edba\",\"url\":\"https:\/\/www.pm.pb.gov.br\/portal\/\",\"logo\":{\"@type\":\"ImageObject\",\"inLanguage\":\"pt-BR\",\"@id\":\"https:\/\/www.pm.pb.gov.br\/portal\/#\/schema\/logo\/image\/\",\"url\":\"https:\/\/www.pm.pb.gov.br\/portal\/wp-content\/uploads\/2025\/03\/cropped-logo-site-mag2-1.png\",\"contentUrl\":\"https:\/\/www.pm.pb.gov.br\/portal\/wp-content\/uploads\/2025\/03\/cropped-logo-site-mag2-1.png\",\"width\":320,\"height\":90,\"caption\":\"Pol\u00edcia Militar da Para\u00edba\"},\"image\":{\"@id\":\"https:\/\/www.pm.pb.gov.br\/portal\/#\/schema\/logo\/image\/\"}},{\"@type\":\"Person\",\"@id\":\"https:\/\/www.pm.pb.gov.br\/portal\/#\/schema\/person\/30d571652b38533c2211e4e89bf5a502\",\"name\":\"Marcio Gomes dos Santos\",\"image\":{\"@type\":\"ImageObject\",\"inLanguage\":\"pt-BR\",\"@id\":\"https:\/\/www.pm.pb.gov.br\/portal\/#\/schema\/person\/image\/\",\"url\":\"https:\/\/secure.gravatar.com\/avatar\/cf4ec2cb690101e1581c7773aa350c19?s=96&d=mm&r=g\",\"contentUrl\":\"https:\/\/secure.gravatar.com\/avatar\/cf4ec2cb690101e1581c7773aa350c19?s=96&d=mm&r=g\",\"caption\":\"Marcio Gomes dos Santos\"},\"url\":\"https:\/\/www.pm.pb.gov.br\/portal\/author\/mgomes\/\"}]}<\/script>\n<!-- \/ Yoast SEO plugin. -->","yoast_head_json":{"title":"Pol\u00edcia Militar apreende mais de 30 pedras de crack e simulacro de arma de fogo com suspeito de tr\u00e1fico - Pol\u00edcia Militar da Para\u00edba","robots":{"index":"index","follow":"follow","max-snippet":"max-snippet:-1","max-image-preview":"max-image-preview:large","max-video-preview":"max-video-preview:-1"},"canonical":"https:\/\/www.pm.pb.gov.br\/portal\/2017\/11\/28\/policia-militar-apreende-mais-de-30-pedras-de-crack-e-simulacro-de-arma-de-fogo-com-suspeito-de-trafico\/","og_locale":"pt_BR","og_type":"article","og_title":"Pol\u00edcia Militar apreende mais de 30 pedras de crack e simulacro de arma de fogo com suspeito de tr\u00e1fico - Pol\u00edcia Militar da Para\u00edba","og_description":"A Pol\u00edcia Militar apreendeu 38 pedras de subst\u00e2ncia semelhante ao crack, oito papelotes de maconha e uma r\u00e9plica de arma","og_url":"https:\/\/www.pm.pb.gov.br\/portal\/2017\/11\/28\/policia-militar-apreende-mais-de-30-pedras-de-crack-e-simulacro-de-arma-de-fogo-com-suspeito-de-trafico\/","og_site_name":"Pol\u00edcia Militar da Para\u00edba","article_published_time":"2017-11-28T13:42:03+00:00","article_modified_time":"2017-11-28T16:16:51+00:00","og_image":[{"width":800,"height":445,"url":"https:\/\/www.pm.pb.gov.br\/portal\/wp-content\/uploads\/2017\/10\/Imagems-Ilustrativa-Site-Novo.jpg","type":"image\/jpeg"}],"author":"Marcio Gomes dos Santos","twitter_card":"summary_large_image","twitter_misc":{"Escrito por":"Marcio Gomes dos Santos","Est. tempo de leitura":"1 minuto"},"schema":{"@context":"https:\/\/schema.org","@graph":[{"@type":"Article","@id":"https:\/\/www.pm.pb.gov.br\/portal\/2017\/11\/28\/policia-militar-apreende-mais-de-30-pedras-de-crack-e-simulacro-de-arma-de-fogo-com-suspeito-de-trafico\/#article","isPartOf":{"@id":"https:\/\/www.pm.pb.gov.br\/portal\/2017\/11\/28\/policia-militar-apreende-mais-de-30-pedras-de-crack-e-simulacro-de-arma-de-fogo-com-suspeito-de-trafico\/"},"author":{"name":"Marcio Gomes dos Santos","@id":"https:\/\/www.pm.pb.gov.br\/portal\/#\/schema\/person\/30d571652b38533c2211e4e89bf5a502"},"headline":"Pol\u00edcia Militar apreende mais de 30 pedras de crack e simulacro de arma de fogo com suspeito de tr\u00e1fico","datePublished":"2017-11-28T13:42:03+00:00","dateModified":"2017-11-28T16:16:51+00:00","mainEntityOfPage":{"@id":"https:\/\/www.pm.pb.gov.br\/portal\/2017\/11\/28\/policia-militar-apreende-mais-de-30-pedras-de-crack-e-simulacro-de-arma-de-fogo-com-suspeito-de-trafico\/"},"wordCount":162,"publisher":{"@id":"https:\/\/www.pm.pb.gov.br\/portal\/#organization"},"articleSection":["A\u00e7\u00f5es Policiais"],"inLanguage":"pt-BR"},{"@type":"WebPage","@id":"https:\/\/www.pm.pb.gov.br\/portal\/2017\/11\/28\/policia-militar-apreende-mais-de-30-pedras-de-crack-e-simulacro-de-arma-de-fogo-com-suspeito-de-trafico\/","url":"https:\/\/www.pm.pb.gov.br\/portal\/2017\/11\/28\/policia-militar-apreende-mais-de-30-pedras-de-crack-e-simulacro-de-arma-de-fogo-com-suspeito-de-trafico\/","name":"Pol\u00edcia Militar apreende mais de 30 pedras de crack e simulacro de arma de fogo com suspeito de tr\u00e1fico - Pol\u00edcia Militar da Para\u00edba","isPartOf":{"@id":"https:\/\/www.pm.pb.gov.br\/portal\/#website"},"datePublished":"2017-11-28T13:42:03+00:00","dateModified":"2017-11-28T16:16:51+00:00","breadcrumb":{"@id":"https:\/\/www.pm.pb.gov.br\/portal\/2017\/11\/28\/policia-militar-apreende-mais-de-30-pedras-de-crack-e-simulacro-de-arma-de-fogo-com-suspeito-de-trafico\/#breadcrumb"},"inLanguage":"pt-BR","potentialAction":[{"@type":"ReadAction","target":["https:\/\/www.pm.pb.gov.br\/portal\/2017\/11\/28\/policia-militar-apreende-mais-de-30-pedras-de-crack-e-simulacro-de-arma-de-fogo-com-suspeito-de-trafico\/"]}]},{"@type":"BreadcrumbList","@id":"https:\/\/www.pm.pb.gov.br\/portal\/2017\/11\/28\/policia-militar-apreende-mais-de-30-pedras-de-crack-e-simulacro-de-arma-de-fogo-com-suspeito-de-trafico\/#breadcrumb","itemListElement":[{"@type":"ListItem","position":1,"name":"In\u00edcio","item":"https:\/\/www.pm.pb.gov.br\/portal\/"},{"@type":"ListItem","position":2,"name":"Pol\u00edcia Militar apreende mais de 30 pedras de crack e simulacro de arma de fogo com suspeito de tr\u00e1fico"}]},{"@type":"WebSite","@id":"https:\/\/www.pm.pb.gov.br\/portal\/#website","url":"https:\/\/www.pm.pb.gov.br\/portal\/","name":"Pol\u00edcia Militar da Para\u00edba","description":"","publisher":{"@id":"https:\/\/www.pm.pb.gov.br\/portal\/#organization"},"potentialAction":[{"@type":"SearchAction","target":{"@type":"EntryPoint","urlTemplate":"https:\/\/www.pm.pb.gov.br\/portal\/?s={search_term_string}"},"query-input":"required name=search_term_string"}],"inLanguage":"pt-BR"},{"@type":"Organization","@id":"https:\/\/www.pm.pb.gov.br\/portal\/#organization","name":"Pol\u00edcia Militar da Para\u00edba","url":"https:\/\/www.pm.pb.gov.br\/portal\/","logo":{"@type":"ImageObject","inLanguage":"pt-BR","@id":"https:\/\/www.pm.pb.gov.br\/portal\/#\/schema\/logo\/image\/","url":"https:\/\/www.pm.pb.gov.br\/portal\/wp-content\/uploads\/2025\/03\/cropped-logo-site-mag2-1.png","contentUrl":"https:\/\/www.pm.pb.gov.br\/portal\/wp-content\/uploads\/2025\/03\/cropped-logo-site-mag2-1.png","width":320,"height":90,"caption":"Pol\u00edcia Militar da Para\u00edba"},"image":{"@id":"https:\/\/www.pm.pb.gov.br\/portal\/#\/schema\/logo\/image\/"}},{"@type":"Person","@id":"https:\/\/www.pm.pb.gov.br\/portal\/#\/schema\/person\/30d571652b38533c2211e4e89bf5a502","name":"Marcio Gomes dos Santos","image":{"@type":"ImageObject","inLanguage":"pt-BR","@id":"https:\/\/www.pm.pb.gov.br\/portal\/#\/schema\/person\/image\/","url":"https:\/\/secure.gravatar.com\/avatar\/cf4ec2cb690101e1581c7773aa350c19?s=96&d=mm&r=g","contentUrl":"https:\/\/secure.gravatar.com\/avatar\/cf4ec2cb690101e1581c7773aa350c19?s=96&d=mm&r=g","caption":"Marcio Gomes dos Santos"},"url":"https:\/\/www.pm.pb.gov.br\/portal\/author\/mgomes\/"}]}},"_links":{"self":[{"href":"https:\/\/www.pm.pb.gov.br\/portal\/wp-json\/wp\/v2\/posts\/896210"}],"collection":[{"href":"https:\/\/www.pm.pb.gov.br\/portal\/wp-json\/wp\/v2\/posts"}],"about":[{"href":"https:\/\/www.pm.pb.gov.br\/portal\/wp-json\/wp\/v2\/types\/post"}],"author":[{"embeddable":true,"href":"https:\/\/www.pm.pb.gov.br\/portal\/wp-json\/wp\/v2\/users\/15"}],"replies":[{"embeddable":true,"href":"https:\/\/www.pm.pb.gov.br\/portal\/wp-json\/wp\/v2\/comments?post=896210"}],"version-history":[{"count":3,"href":"https:\/\/www.pm.pb.gov.br\/portal\/wp-json\/wp\/v2\/posts\/896210\/revisions"}],"predecessor-version":[{"id":896217,"href":"https:\/\/www.pm.pb.gov.br\/portal\/wp-json\/wp\/v2\/posts\/896210\/revisions\/896217"}],"wp:featuredmedia":[{"embeddable":true,"href":"https:\/\/www.pm.pb.gov.br\/portal\/wp-json\/wp\/v2\/media\/895708"}],"wp:attachment":[{"href":"https:\/\/www.pm.pb.gov.br\/portal\/wp-json\/wp\/v2\/media?parent=896210"}],"wp:term":[{"taxonomy":"category","embeddable":true,"href":"https:\/\/www.pm.pb.gov.br\/portal\/wp-json\/wp\/v2\/categories?post=896210"},{"taxonomy":"post_tag","embeddable":true,"href":"https:\/\/www.pm.pb.gov.br\/portal\/wp-json\/wp\/v2\/tags?post=896210"}],"curies":[{"name":"wp","href":"https:\/\/api.w.org\/{rel}","templated":true}]}}