{"id":896206,"date":"2017-11-27T22:18:14","date_gmt":"2017-11-28T01:18:14","guid":{"rendered":"http:\/\/www.pm.pb.gov.br\/portal\/?p=896206"},"modified":"2017-11-27T22:18:14","modified_gmt":"2017-11-28T01:18:14","slug":"policia-militar-lanca-operacao-boas-festas-solidarias-para-arrecadar-alimentos-para-comunidades-carentes","status":"publish","type":"post","link":"https:\/\/www.pm.pb.gov.br\/portal\/2017\/11\/27\/policia-militar-lanca-operacao-boas-festas-solidarias-para-arrecadar-alimentos-para-comunidades-carentes\/","title":{"rendered":"Pol\u00edcia Militar lan\u00e7a Opera\u00e7\u00e3o Boas Festas Solid\u00e1rias para arrecadar alimentos para comunidades carentes"},"content":{"rendered":"<p style=\"font-weight: 400; text-align: justify;\">Como parte das a\u00e7\u00f5es da Pol\u00edcia Militar neste final de ano na Para\u00edba, foi lan\u00e7ada a Opera\u00e7\u00e3o Boas Festas Solid\u00e1rias, que tem por objetivo arrecadar alimentos n\u00e3o perec\u00edveis para serem distribu\u00eddos em comunidades que apresentam vulnerabilidade social. A a\u00e7\u00e3o de arrecada\u00e7\u00e3o acontece em todo o estado, nas diversas unidades da PM. Todas as doa\u00e7\u00f5es recebidas ser\u00e3o entregues nos dias que antecedem o Natal.<\/p>\n<p style=\"font-weight: 400; text-align: justify;\">Este \u00e9 o terceiro ano consecutivo da Opera\u00e7\u00e3o Boas Festas Solid\u00e1rias, que em edi\u00e7\u00f5es anteriores j\u00e1 chegou a arrecadar mais de 20 toneladas de alimentos n\u00e3o perec\u00edveis. As doa\u00e7\u00f5es podem ser feitas por qualquer pessoa, nos quart\u00e9is e Unidades de Pol\u00edcia Solid\u00e1ria da PM, em todo o estado. Os donativos ser\u00e3o distribu\u00eddos tamb\u00e9m para asilos e orfanatos.<\/p>\n<p style=\"font-weight: 400; text-align: justify;\">A Opera\u00e7\u00e3o Boas Festas Solid\u00e1rias une-se a outras campanhas realizadas pela PM durante o ano, como a Opera\u00e7\u00e3o Crian\u00e7a Feliz, fortalecendo a rela\u00e7\u00e3o da institui\u00e7\u00e3o com a comunidade, dentro da perspectiva da pol\u00edcia solid\u00e1ria. A arrecada\u00e7\u00e3o segue at\u00e9 a semana do Natal.<\/p>\n","protected":false},"excerpt":{"rendered":"<p>Como parte das a\u00e7\u00f5es da Pol\u00edcia Militar neste final de ano na Para\u00edba, foi lan\u00e7ada a Opera\u00e7\u00e3o Boas Festas Solid\u00e1rias,<\/p>\n","protected":false},"author":12,"featured_media":896207,"comment_status":"closed","ping_status":"closed","sticky":false,"template":"","format":"standard","meta":{"_exactmetrics_skip_tracking":false,"_exactmetrics_sitenote_active":false,"_exactmetrics_sitenote_note":"","_exactmetrics_sitenote_category":0,"footnotes":""},"categories":[9],"tags":[],"yoast_head":"<!-- This site is optimized with the Yoast SEO plugin v22.0 - https:\/\/yoast.com\/wordpress\/plugins\/seo\/ -->\n<title>Pol\u00edcia Militar lan\u00e7a Opera\u00e7\u00e3o Boas Festas Solid\u00e1rias para arrecadar alimentos para comunidades carentes - Pol\u00edcia Militar da Para\u00edba<\/title>\n<meta name=\"robots\" content=\"index, follow, max-snippet:-1, max-image-preview:large, max-video-preview:-1\" \/>\n<link rel=\"canonical\" href=\"https:\/\/www.pm.pb.gov.br\/portal\/2017\/11\/27\/policia-militar-lanca-operacao-boas-festas-solidarias-para-arrecadar-alimentos-para-comunidades-carentes\/\" \/>\n<meta property=\"og:locale\" content=\"pt_BR\" \/>\n<meta property=\"og:type\" content=\"article\" \/>\n<meta property=\"og:title\" content=\"Pol\u00edcia Militar lan\u00e7a Opera\u00e7\u00e3o Boas Festas Solid\u00e1rias para arrecadar alimentos para comunidades carentes - Pol\u00edcia Militar da Para\u00edba\" \/>\n<meta property=\"og:description\" content=\"Como parte das a\u00e7\u00f5es da Pol\u00edcia Militar neste final de ano na Para\u00edba, foi lan\u00e7ada a Opera\u00e7\u00e3o Boas Festas Solid\u00e1rias,\" \/>\n<meta property=\"og:url\" content=\"https:\/\/www.pm.pb.gov.br\/portal\/2017\/11\/27\/policia-militar-lanca-operacao-boas-festas-solidarias-para-arrecadar-alimentos-para-comunidades-carentes\/\" \/>\n<meta property=\"og:site_name\" content=\"Pol\u00edcia Militar da Para\u00edba\" \/>\n<meta property=\"article:published_time\" content=\"2017-11-28T01:18:14+00:00\" \/>\n<meta property=\"og:image\" content=\"https:\/\/www.pm.pb.gov.br\/portal\/wp-content\/uploads\/2017\/11\/provis\u00f3rio.jpg\" \/>\n\t<meta property=\"og:image:width\" content=\"800\" \/>\n\t<meta property=\"og:image:height\" content=\"445\" \/>\n\t<meta property=\"og:image:type\" content=\"image\/jpeg\" \/>\n<meta name=\"author\" content=\"Tarcisio Oliveira\" \/>\n<meta name=\"twitter:card\" content=\"summary_large_image\" \/>\n<meta name=\"twitter:label1\" content=\"Escrito por\" \/>\n\t<meta name=\"twitter:data1\" content=\"Tarcisio Oliveira\" \/>\n\t<meta name=\"twitter:label2\" content=\"Est. tempo de leitura\" \/>\n\t<meta name=\"twitter:data2\" content=\"1 minuto\" \/>\n<script type=\"application\/ld+json\" class=\"yoast-schema-graph\">{\"@context\":\"https:\/\/schema.org\",\"@graph\":[{\"@type\":\"Article\",\"@id\":\"https:\/\/www.pm.pb.gov.br\/portal\/2017\/11\/27\/policia-militar-lanca-operacao-boas-festas-solidarias-para-arrecadar-alimentos-para-comunidades-carentes\/#article\",\"isPartOf\":{\"@id\":\"https:\/\/www.pm.pb.gov.br\/portal\/2017\/11\/27\/policia-militar-lanca-operacao-boas-festas-solidarias-para-arrecadar-alimentos-para-comunidades-carentes\/\"},\"author\":{\"name\":\"Tarcisio Oliveira\",\"@id\":\"https:\/\/www.pm.pb.gov.br\/portal\/#\/schema\/person\/f84f56dcc78ce4357054da888b8247fd\"},\"headline\":\"Pol\u00edcia Militar lan\u00e7a Opera\u00e7\u00e3o Boas Festas Solid\u00e1rias para arrecadar alimentos para comunidades carentes\",\"datePublished\":\"2017-11-28T01:18:14+00:00\",\"dateModified\":\"2017-11-28T01:18:14+00:00\",\"mainEntityOfPage\":{\"@id\":\"https:\/\/www.pm.pb.gov.br\/portal\/2017\/11\/27\/policia-militar-lanca-operacao-boas-festas-solidarias-para-arrecadar-alimentos-para-comunidades-carentes\/\"},\"wordCount\":211,\"publisher\":{\"@id\":\"https:\/\/www.pm.pb.gov.br\/portal\/#organization\"},\"articleSection\":[\"Eventos\"],\"inLanguage\":\"pt-BR\"},{\"@type\":\"WebPage\",\"@id\":\"https:\/\/www.pm.pb.gov.br\/portal\/2017\/11\/27\/policia-militar-lanca-operacao-boas-festas-solidarias-para-arrecadar-alimentos-para-comunidades-carentes\/\",\"url\":\"https:\/\/www.pm.pb.gov.br\/portal\/2017\/11\/27\/policia-militar-lanca-operacao-boas-festas-solidarias-para-arrecadar-alimentos-para-comunidades-carentes\/\",\"name\":\"Pol\u00edcia Militar lan\u00e7a Opera\u00e7\u00e3o Boas Festas Solid\u00e1rias para arrecadar alimentos para comunidades carentes - Pol\u00edcia Militar da Para\u00edba\",\"isPartOf\":{\"@id\":\"https:\/\/www.pm.pb.gov.br\/portal\/#website\"},\"datePublished\":\"2017-11-28T01:18:14+00:00\",\"dateModified\":\"2017-11-28T01:18:14+00:00\",\"breadcrumb\":{\"@id\":\"https:\/\/www.pm.pb.gov.br\/portal\/2017\/11\/27\/policia-militar-lanca-operacao-boas-festas-solidarias-para-arrecadar-alimentos-para-comunidades-carentes\/#breadcrumb\"},\"inLanguage\":\"pt-BR\",\"potentialAction\":[{\"@type\":\"ReadAction\",\"target\":[\"https:\/\/www.pm.pb.gov.br\/portal\/2017\/11\/27\/policia-militar-lanca-operacao-boas-festas-solidarias-para-arrecadar-alimentos-para-comunidades-carentes\/\"]}]},{\"@type\":\"BreadcrumbList\",\"@id\":\"https:\/\/www.pm.pb.gov.br\/portal\/2017\/11\/27\/policia-militar-lanca-operacao-boas-festas-solidarias-para-arrecadar-alimentos-para-comunidades-carentes\/#breadcrumb\",\"itemListElement\":[{\"@type\":\"ListItem\",\"position\":1,\"name\":\"In\u00edcio\",\"item\":\"https:\/\/www.pm.pb.gov.br\/portal\/\"},{\"@type\":\"ListItem\",\"position\":2,\"name\":\"Pol\u00edcia Militar lan\u00e7a Opera\u00e7\u00e3o Boas Festas Solid\u00e1rias para arrecadar alimentos para comunidades carentes\"}]},{\"@type\":\"WebSite\",\"@id\":\"https:\/\/www.pm.pb.gov.br\/portal\/#website\",\"url\":\"https:\/\/www.pm.pb.gov.br\/portal\/\",\"name\":\"Pol\u00edcia Militar da Para\u00edba\",\"description\":\"\",\"publisher\":{\"@id\":\"https:\/\/www.pm.pb.gov.br\/portal\/#organization\"},\"potentialAction\":[{\"@type\":\"SearchAction\",\"target\":{\"@type\":\"EntryPoint\",\"urlTemplate\":\"https:\/\/www.pm.pb.gov.br\/portal\/?s={search_term_string}\"},\"query-input\":\"required name=search_term_string\"}],\"inLanguage\":\"pt-BR\"},{\"@type\":\"Organization\",\"@id\":\"https:\/\/www.pm.pb.gov.br\/portal\/#organization\",\"name\":\"Pol\u00edcia Militar da Para\u00edba\",\"url\":\"https:\/\/www.pm.pb.gov.br\/portal\/\",\"logo\":{\"@type\":\"ImageObject\",\"inLanguage\":\"pt-BR\",\"@id\":\"https:\/\/www.pm.pb.gov.br\/portal\/#\/schema\/logo\/image\/\",\"url\":\"https:\/\/www.pm.pb.gov.br\/portal\/wp-content\/uploads\/2025\/03\/cropped-logo-site-mag2-1.png\",\"contentUrl\":\"https:\/\/www.pm.pb.gov.br\/portal\/wp-content\/uploads\/2025\/03\/cropped-logo-site-mag2-1.png\",\"width\":320,\"height\":90,\"caption\":\"Pol\u00edcia Militar da Para\u00edba\"},\"image\":{\"@id\":\"https:\/\/www.pm.pb.gov.br\/portal\/#\/schema\/logo\/image\/\"}},{\"@type\":\"Person\",\"@id\":\"https:\/\/www.pm.pb.gov.br\/portal\/#\/schema\/person\/f84f56dcc78ce4357054da888b8247fd\",\"name\":\"Tarcisio Oliveira\",\"image\":{\"@type\":\"ImageObject\",\"inLanguage\":\"pt-BR\",\"@id\":\"https:\/\/www.pm.pb.gov.br\/portal\/#\/schema\/person\/image\/\",\"url\":\"https:\/\/secure.gravatar.com\/avatar\/72917b630b69d31cd0297507f34bac97?s=96&d=mm&r=g\",\"contentUrl\":\"https:\/\/secure.gravatar.com\/avatar\/72917b630b69d31cd0297507f34bac97?s=96&d=mm&r=g\",\"caption\":\"Tarcisio Oliveira\"},\"url\":\"https:\/\/www.pm.pb.gov.br\/portal\/author\/tarcisio\/\"}]}<\/script>\n<!-- \/ Yoast SEO plugin. -->","yoast_head_json":{"title":"Pol\u00edcia Militar lan\u00e7a Opera\u00e7\u00e3o Boas Festas Solid\u00e1rias para arrecadar alimentos para comunidades carentes - Pol\u00edcia Militar da Para\u00edba","robots":{"index":"index","follow":"follow","max-snippet":"max-snippet:-1","max-image-preview":"max-image-preview:large","max-video-preview":"max-video-preview:-1"},"canonical":"https:\/\/www.pm.pb.gov.br\/portal\/2017\/11\/27\/policia-militar-lanca-operacao-boas-festas-solidarias-para-arrecadar-alimentos-para-comunidades-carentes\/","og_locale":"pt_BR","og_type":"article","og_title":"Pol\u00edcia Militar lan\u00e7a Opera\u00e7\u00e3o Boas Festas Solid\u00e1rias para arrecadar alimentos para comunidades carentes - Pol\u00edcia Militar da Para\u00edba","og_description":"Como parte das a\u00e7\u00f5es da Pol\u00edcia Militar neste final de ano na Para\u00edba, foi lan\u00e7ada a Opera\u00e7\u00e3o Boas Festas Solid\u00e1rias,","og_url":"https:\/\/www.pm.pb.gov.br\/portal\/2017\/11\/27\/policia-militar-lanca-operacao-boas-festas-solidarias-para-arrecadar-alimentos-para-comunidades-carentes\/","og_site_name":"Pol\u00edcia Militar da Para\u00edba","article_published_time":"2017-11-28T01:18:14+00:00","og_image":[{"width":800,"height":445,"url":"https:\/\/www.pm.pb.gov.br\/portal\/wp-content\/uploads\/2017\/11\/provis\u00f3rio.jpg","type":"image\/jpeg"}],"author":"Tarcisio Oliveira","twitter_card":"summary_large_image","twitter_misc":{"Escrito por":"Tarcisio Oliveira","Est. tempo de leitura":"1 minuto"},"schema":{"@context":"https:\/\/schema.org","@graph":[{"@type":"Article","@id":"https:\/\/www.pm.pb.gov.br\/portal\/2017\/11\/27\/policia-militar-lanca-operacao-boas-festas-solidarias-para-arrecadar-alimentos-para-comunidades-carentes\/#article","isPartOf":{"@id":"https:\/\/www.pm.pb.gov.br\/portal\/2017\/11\/27\/policia-militar-lanca-operacao-boas-festas-solidarias-para-arrecadar-alimentos-para-comunidades-carentes\/"},"author":{"name":"Tarcisio Oliveira","@id":"https:\/\/www.pm.pb.gov.br\/portal\/#\/schema\/person\/f84f56dcc78ce4357054da888b8247fd"},"headline":"Pol\u00edcia Militar lan\u00e7a Opera\u00e7\u00e3o Boas Festas Solid\u00e1rias para arrecadar alimentos para comunidades carentes","datePublished":"2017-11-28T01:18:14+00:00","dateModified":"2017-11-28T01:18:14+00:00","mainEntityOfPage":{"@id":"https:\/\/www.pm.pb.gov.br\/portal\/2017\/11\/27\/policia-militar-lanca-operacao-boas-festas-solidarias-para-arrecadar-alimentos-para-comunidades-carentes\/"},"wordCount":211,"publisher":{"@id":"https:\/\/www.pm.pb.gov.br\/portal\/#organization"},"articleSection":["Eventos"],"inLanguage":"pt-BR"},{"@type":"WebPage","@id":"https:\/\/www.pm.pb.gov.br\/portal\/2017\/11\/27\/policia-militar-lanca-operacao-boas-festas-solidarias-para-arrecadar-alimentos-para-comunidades-carentes\/","url":"https:\/\/www.pm.pb.gov.br\/portal\/2017\/11\/27\/policia-militar-lanca-operacao-boas-festas-solidarias-para-arrecadar-alimentos-para-comunidades-carentes\/","name":"Pol\u00edcia Militar lan\u00e7a Opera\u00e7\u00e3o Boas Festas Solid\u00e1rias para arrecadar alimentos para comunidades carentes - Pol\u00edcia Militar da Para\u00edba","isPartOf":{"@id":"https:\/\/www.pm.pb.gov.br\/portal\/#website"},"datePublished":"2017-11-28T01:18:14+00:00","dateModified":"2017-11-28T01:18:14+00:00","breadcrumb":{"@id":"https:\/\/www.pm.pb.gov.br\/portal\/2017\/11\/27\/policia-militar-lanca-operacao-boas-festas-solidarias-para-arrecadar-alimentos-para-comunidades-carentes\/#breadcrumb"},"inLanguage":"pt-BR","potentialAction":[{"@type":"ReadAction","target":["https:\/\/www.pm.pb.gov.br\/portal\/2017\/11\/27\/policia-militar-lanca-operacao-boas-festas-solidarias-para-arrecadar-alimentos-para-comunidades-carentes\/"]}]},{"@type":"BreadcrumbList","@id":"https:\/\/www.pm.pb.gov.br\/portal\/2017\/11\/27\/policia-militar-lanca-operacao-boas-festas-solidarias-para-arrecadar-alimentos-para-comunidades-carentes\/#breadcrumb","itemListElement":[{"@type":"ListItem","position":1,"name":"In\u00edcio","item":"https:\/\/www.pm.pb.gov.br\/portal\/"},{"@type":"ListItem","position":2,"name":"Pol\u00edcia Militar lan\u00e7a Opera\u00e7\u00e3o Boas Festas Solid\u00e1rias para arrecadar alimentos para comunidades carentes"}]},{"@type":"WebSite","@id":"https:\/\/www.pm.pb.gov.br\/portal\/#website","url":"https:\/\/www.pm.pb.gov.br\/portal\/","name":"Pol\u00edcia Militar da Para\u00edba","description":"","publisher":{"@id":"https:\/\/www.pm.pb.gov.br\/portal\/#organization"},"potentialAction":[{"@type":"SearchAction","target":{"@type":"EntryPoint","urlTemplate":"https:\/\/www.pm.pb.gov.br\/portal\/?s={search_term_string}"},"query-input":"required name=search_term_string"}],"inLanguage":"pt-BR"},{"@type":"Organization","@id":"https:\/\/www.pm.pb.gov.br\/portal\/#organization","name":"Pol\u00edcia Militar da Para\u00edba","url":"https:\/\/www.pm.pb.gov.br\/portal\/","logo":{"@type":"ImageObject","inLanguage":"pt-BR","@id":"https:\/\/www.pm.pb.gov.br\/portal\/#\/schema\/logo\/image\/","url":"https:\/\/www.pm.pb.gov.br\/portal\/wp-content\/uploads\/2025\/03\/cropped-logo-site-mag2-1.png","contentUrl":"https:\/\/www.pm.pb.gov.br\/portal\/wp-content\/uploads\/2025\/03\/cropped-logo-site-mag2-1.png","width":320,"height":90,"caption":"Pol\u00edcia Militar da Para\u00edba"},"image":{"@id":"https:\/\/www.pm.pb.gov.br\/portal\/#\/schema\/logo\/image\/"}},{"@type":"Person","@id":"https:\/\/www.pm.pb.gov.br\/portal\/#\/schema\/person\/f84f56dcc78ce4357054da888b8247fd","name":"Tarcisio Oliveira","image":{"@type":"ImageObject","inLanguage":"pt-BR","@id":"https:\/\/www.pm.pb.gov.br\/portal\/#\/schema\/person\/image\/","url":"https:\/\/secure.gravatar.com\/avatar\/72917b630b69d31cd0297507f34bac97?s=96&d=mm&r=g","contentUrl":"https:\/\/secure.gravatar.com\/avatar\/72917b630b69d31cd0297507f34bac97?s=96&d=mm&r=g","caption":"Tarcisio Oliveira"},"url":"https:\/\/www.pm.pb.gov.br\/portal\/author\/tarcisio\/"}]}},"_links":{"self":[{"href":"https:\/\/www.pm.pb.gov.br\/portal\/wp-json\/wp\/v2\/posts\/896206"}],"collection":[{"href":"https:\/\/www.pm.pb.gov.br\/portal\/wp-json\/wp\/v2\/posts"}],"about":[{"href":"https:\/\/www.pm.pb.gov.br\/portal\/wp-json\/wp\/v2\/types\/post"}],"author":[{"embeddable":true,"href":"https:\/\/www.pm.pb.gov.br\/portal\/wp-json\/wp\/v2\/users\/12"}],"replies":[{"embeddable":true,"href":"https:\/\/www.pm.pb.gov.br\/portal\/wp-json\/wp\/v2\/comments?post=896206"}],"version-history":[{"count":1,"href":"https:\/\/www.pm.pb.gov.br\/portal\/wp-json\/wp\/v2\/posts\/896206\/revisions"}],"predecessor-version":[{"id":896208,"href":"https:\/\/www.pm.pb.gov.br\/portal\/wp-json\/wp\/v2\/posts\/896206\/revisions\/896208"}],"wp:featuredmedia":[{"embeddable":true,"href":"https:\/\/www.pm.pb.gov.br\/portal\/wp-json\/wp\/v2\/media\/896207"}],"wp:attachment":[{"href":"https:\/\/www.pm.pb.gov.br\/portal\/wp-json\/wp\/v2\/media?parent=896206"}],"wp:term":[{"taxonomy":"category","embeddable":true,"href":"https:\/\/www.pm.pb.gov.br\/portal\/wp-json\/wp\/v2\/categories?post=896206"},{"taxonomy":"post_tag","embeddable":true,"href":"https:\/\/www.pm.pb.gov.br\/portal\/wp-json\/wp\/v2\/tags?post=896206"}],"curies":[{"name":"wp","href":"https:\/\/api.w.org\/{rel}","templated":true}]}}