{"id":896191,"date":"2017-11-27T13:30:32","date_gmt":"2017-11-27T16:30:32","guid":{"rendered":"http:\/\/www.pm.pb.gov.br\/portal\/?p=896191"},"modified":"2017-11-27T13:30:32","modified_gmt":"2017-11-27T16:30:32","slug":"policia-militar-prende-mais-de-40-suspeitos-durante-o-fim-de-semana-na-paraiba","status":"publish","type":"post","link":"https:\/\/www.pm.pb.gov.br\/portal\/2017\/11\/27\/policia-militar-prende-mais-de-40-suspeitos-durante-o-fim-de-semana-na-paraiba\/","title":{"rendered":"Pol\u00edcia Militar prende mais de 40 suspeitos durante o fim de semana na Para\u00edba"},"content":{"rendered":"<p style=\"text-align: justify;\">A Pol\u00edcia Militar conduziu 46 suspeitos at\u00e9 as delegacias nas a\u00e7\u00f5es desse fim de semana, em 18 cidades paraibanas. Foram 15 por porte ilegal de arma, 10 por tr\u00e1fico de drogas, oito por furto, cinco por roubo, cinco por for\u00e7a de mandado de pris\u00e3o e tr\u00eas por crimes contra a vida.<\/p>\n<p style=\"text-align: justify;\">Um dos presos, de 36 anos, foi conduzido tr\u00eas vezes no mesmo dia at\u00e9 a delegacia, durante o domingo (26). Na primeira, ele foi preso tentando furtar uma casa; na segunda, ao invadir um mercadinho; na terceira, por volta das 13h, foi preso novamente ap\u00f3s esfaquear duas pessoas \u2013 de 19 e 39 anos &#8211; na pra\u00e7a do Chafariz, no bairro do Tibiri II, em Santa Rita<\/p>\n<p style=\"text-align: justify;\">Outra pris\u00e3o de suspeito de tentativa de homic\u00eddio aconteceu no bairro do Rangel, no fim da noite do s\u00e1bado (25), na Capital. Um jovem de 19 anos foi detido ap\u00f3s quase 10 horas de buscas para prender os autores dos disparos que deixaram um adolescente de 15 anos ferido, durante \u00e0 tarde, no mesmo bairro. O acusado tinha sa\u00eddo do Centro Educacional do Jovem (CEJ) h\u00e1 oito dias, onde cumpria medida socioeducativa por um homic\u00eddio que ele cometeu quando ainda era menor.<\/p>\n<p style=\"text-align: justify;\"><strong>Armas apreendidas<\/strong> \u2013 Dentro das a\u00e7\u00f5es, foram apreendidas 15 armas de fogo nas cidades de Jo\u00e3o Pessoa, Cabedelo, Caapor\u00e3, Assun\u00e7\u00e3o, Santa Rita, Picu\u00ed, Ibiara e Campina Grande.<\/p>\n<p style=\"text-align: justify;\">O fim de semana registou ainda a apreens\u00e3o de mais de 4 kg de drogas de v\u00e1rios tipos, em abordagens realizadas nos munic\u00edpios de Santa Rita, Boqueir\u00e3o, Queimadas, Caldas Brand\u00e3o, Sol\u00e2nea e na Capital.<\/p>\n","protected":false},"excerpt":{"rendered":"<p>A Pol\u00edcia Militar conduziu 46 suspeitos at\u00e9 as delegacias nas a\u00e7\u00f5es desse fim de semana, em 18 cidades paraibanas. Foram<\/p>\n","protected":false},"author":12,"featured_media":896192,"comment_status":"closed","ping_status":"closed","sticky":false,"template":"","format":"standard","meta":{"_exactmetrics_skip_tracking":false,"_exactmetrics_sitenote_active":false,"_exactmetrics_sitenote_note":"","_exactmetrics_sitenote_category":0,"footnotes":""},"categories":[4],"tags":[],"yoast_head":"<!-- This site is optimized with the Yoast SEO plugin v22.0 - https:\/\/yoast.com\/wordpress\/plugins\/seo\/ -->\n<title>Pol\u00edcia Militar prende mais de 40 suspeitos durante o fim de semana na Para\u00edba - Pol\u00edcia Militar da Para\u00edba<\/title>\n<meta name=\"robots\" content=\"index, follow, max-snippet:-1, max-image-preview:large, max-video-preview:-1\" \/>\n<link rel=\"canonical\" href=\"https:\/\/www.pm.pb.gov.br\/portal\/2017\/11\/27\/policia-militar-prende-mais-de-40-suspeitos-durante-o-fim-de-semana-na-paraiba\/\" \/>\n<meta property=\"og:locale\" content=\"pt_BR\" \/>\n<meta property=\"og:type\" content=\"article\" \/>\n<meta property=\"og:title\" content=\"Pol\u00edcia Militar prende mais de 40 suspeitos durante o fim de semana na Para\u00edba - Pol\u00edcia Militar da Para\u00edba\" \/>\n<meta property=\"og:description\" content=\"A Pol\u00edcia Militar conduziu 46 suspeitos at\u00e9 as delegacias nas a\u00e7\u00f5es desse fim de semana, em 18 cidades paraibanas. Foram\" \/>\n<meta property=\"og:url\" content=\"https:\/\/www.pm.pb.gov.br\/portal\/2017\/11\/27\/policia-militar-prende-mais-de-40-suspeitos-durante-o-fim-de-semana-na-paraiba\/\" \/>\n<meta property=\"og:site_name\" content=\"Pol\u00edcia Militar da Para\u00edba\" \/>\n<meta property=\"article:published_time\" content=\"2017-11-27T16:30:32+00:00\" \/>\n<meta property=\"og:image\" content=\"https:\/\/www.pm.pb.gov.br\/portal\/wp-content\/uploads\/2017\/11\/a\u00e7oesfinaldesemana.jpg\" \/>\n\t<meta property=\"og:image:width\" content=\"800\" \/>\n\t<meta property=\"og:image:height\" content=\"445\" \/>\n\t<meta property=\"og:image:type\" content=\"image\/jpeg\" \/>\n<meta name=\"author\" content=\"Tarcisio Oliveira\" \/>\n<meta name=\"twitter:card\" content=\"summary_large_image\" \/>\n<meta name=\"twitter:label1\" content=\"Escrito por\" \/>\n\t<meta name=\"twitter:data1\" content=\"Tarcisio Oliveira\" \/>\n\t<meta name=\"twitter:label2\" content=\"Est. tempo de leitura\" \/>\n\t<meta name=\"twitter:data2\" content=\"1 minuto\" \/>\n<script type=\"application\/ld+json\" class=\"yoast-schema-graph\">{\"@context\":\"https:\/\/schema.org\",\"@graph\":[{\"@type\":\"Article\",\"@id\":\"https:\/\/www.pm.pb.gov.br\/portal\/2017\/11\/27\/policia-militar-prende-mais-de-40-suspeitos-durante-o-fim-de-semana-na-paraiba\/#article\",\"isPartOf\":{\"@id\":\"https:\/\/www.pm.pb.gov.br\/portal\/2017\/11\/27\/policia-militar-prende-mais-de-40-suspeitos-durante-o-fim-de-semana-na-paraiba\/\"},\"author\":{\"name\":\"Tarcisio Oliveira\",\"@id\":\"https:\/\/www.pm.pb.gov.br\/portal\/#\/schema\/person\/f84f56dcc78ce4357054da888b8247fd\"},\"headline\":\"Pol\u00edcia Militar prende mais de 40 suspeitos durante o fim de semana na Para\u00edba\",\"datePublished\":\"2017-11-27T16:30:32+00:00\",\"dateModified\":\"2017-11-27T16:30:32+00:00\",\"mainEntityOfPage\":{\"@id\":\"https:\/\/www.pm.pb.gov.br\/portal\/2017\/11\/27\/policia-militar-prende-mais-de-40-suspeitos-durante-o-fim-de-semana-na-paraiba\/\"},\"wordCount\":283,\"publisher\":{\"@id\":\"https:\/\/www.pm.pb.gov.br\/portal\/#organization\"},\"articleSection\":[\"A\u00e7\u00f5es Policiais\"],\"inLanguage\":\"pt-BR\"},{\"@type\":\"WebPage\",\"@id\":\"https:\/\/www.pm.pb.gov.br\/portal\/2017\/11\/27\/policia-militar-prende-mais-de-40-suspeitos-durante-o-fim-de-semana-na-paraiba\/\",\"url\":\"https:\/\/www.pm.pb.gov.br\/portal\/2017\/11\/27\/policia-militar-prende-mais-de-40-suspeitos-durante-o-fim-de-semana-na-paraiba\/\",\"name\":\"Pol\u00edcia Militar prende mais de 40 suspeitos durante o fim de semana na Para\u00edba - Pol\u00edcia Militar da Para\u00edba\",\"isPartOf\":{\"@id\":\"https:\/\/www.pm.pb.gov.br\/portal\/#website\"},\"datePublished\":\"2017-11-27T16:30:32+00:00\",\"dateModified\":\"2017-11-27T16:30:32+00:00\",\"breadcrumb\":{\"@id\":\"https:\/\/www.pm.pb.gov.br\/portal\/2017\/11\/27\/policia-militar-prende-mais-de-40-suspeitos-durante-o-fim-de-semana-na-paraiba\/#breadcrumb\"},\"inLanguage\":\"pt-BR\",\"potentialAction\":[{\"@type\":\"ReadAction\",\"target\":[\"https:\/\/www.pm.pb.gov.br\/portal\/2017\/11\/27\/policia-militar-prende-mais-de-40-suspeitos-durante-o-fim-de-semana-na-paraiba\/\"]}]},{\"@type\":\"BreadcrumbList\",\"@id\":\"https:\/\/www.pm.pb.gov.br\/portal\/2017\/11\/27\/policia-militar-prende-mais-de-40-suspeitos-durante-o-fim-de-semana-na-paraiba\/#breadcrumb\",\"itemListElement\":[{\"@type\":\"ListItem\",\"position\":1,\"name\":\"In\u00edcio\",\"item\":\"https:\/\/www.pm.pb.gov.br\/portal\/\"},{\"@type\":\"ListItem\",\"position\":2,\"name\":\"Pol\u00edcia Militar prende mais de 40 suspeitos durante o fim de semana na Para\u00edba\"}]},{\"@type\":\"WebSite\",\"@id\":\"https:\/\/www.pm.pb.gov.br\/portal\/#website\",\"url\":\"https:\/\/www.pm.pb.gov.br\/portal\/\",\"name\":\"Pol\u00edcia Militar da Para\u00edba\",\"description\":\"\",\"publisher\":{\"@id\":\"https:\/\/www.pm.pb.gov.br\/portal\/#organization\"},\"potentialAction\":[{\"@type\":\"SearchAction\",\"target\":{\"@type\":\"EntryPoint\",\"urlTemplate\":\"https:\/\/www.pm.pb.gov.br\/portal\/?s={search_term_string}\"},\"query-input\":\"required name=search_term_string\"}],\"inLanguage\":\"pt-BR\"},{\"@type\":\"Organization\",\"@id\":\"https:\/\/www.pm.pb.gov.br\/portal\/#organization\",\"name\":\"Pol\u00edcia Militar da Para\u00edba\",\"url\":\"https:\/\/www.pm.pb.gov.br\/portal\/\",\"logo\":{\"@type\":\"ImageObject\",\"inLanguage\":\"pt-BR\",\"@id\":\"https:\/\/www.pm.pb.gov.br\/portal\/#\/schema\/logo\/image\/\",\"url\":\"https:\/\/www.pm.pb.gov.br\/portal\/wp-content\/uploads\/2025\/03\/cropped-logo-site-mag2-1.png\",\"contentUrl\":\"https:\/\/www.pm.pb.gov.br\/portal\/wp-content\/uploads\/2025\/03\/cropped-logo-site-mag2-1.png\",\"width\":320,\"height\":90,\"caption\":\"Pol\u00edcia Militar da Para\u00edba\"},\"image\":{\"@id\":\"https:\/\/www.pm.pb.gov.br\/portal\/#\/schema\/logo\/image\/\"}},{\"@type\":\"Person\",\"@id\":\"https:\/\/www.pm.pb.gov.br\/portal\/#\/schema\/person\/f84f56dcc78ce4357054da888b8247fd\",\"name\":\"Tarcisio Oliveira\",\"image\":{\"@type\":\"ImageObject\",\"inLanguage\":\"pt-BR\",\"@id\":\"https:\/\/www.pm.pb.gov.br\/portal\/#\/schema\/person\/image\/\",\"url\":\"https:\/\/secure.gravatar.com\/avatar\/72917b630b69d31cd0297507f34bac97?s=96&d=mm&r=g\",\"contentUrl\":\"https:\/\/secure.gravatar.com\/avatar\/72917b630b69d31cd0297507f34bac97?s=96&d=mm&r=g\",\"caption\":\"Tarcisio Oliveira\"},\"url\":\"https:\/\/www.pm.pb.gov.br\/portal\/author\/tarcisio\/\"}]}<\/script>\n<!-- \/ Yoast SEO plugin. -->","yoast_head_json":{"title":"Pol\u00edcia Militar prende mais de 40 suspeitos durante o fim de semana na Para\u00edba - Pol\u00edcia Militar da Para\u00edba","robots":{"index":"index","follow":"follow","max-snippet":"max-snippet:-1","max-image-preview":"max-image-preview:large","max-video-preview":"max-video-preview:-1"},"canonical":"https:\/\/www.pm.pb.gov.br\/portal\/2017\/11\/27\/policia-militar-prende-mais-de-40-suspeitos-durante-o-fim-de-semana-na-paraiba\/","og_locale":"pt_BR","og_type":"article","og_title":"Pol\u00edcia Militar prende mais de 40 suspeitos durante o fim de semana na Para\u00edba - Pol\u00edcia Militar da Para\u00edba","og_description":"A Pol\u00edcia Militar conduziu 46 suspeitos at\u00e9 as delegacias nas a\u00e7\u00f5es desse fim de semana, em 18 cidades paraibanas. Foram","og_url":"https:\/\/www.pm.pb.gov.br\/portal\/2017\/11\/27\/policia-militar-prende-mais-de-40-suspeitos-durante-o-fim-de-semana-na-paraiba\/","og_site_name":"Pol\u00edcia Militar da Para\u00edba","article_published_time":"2017-11-27T16:30:32+00:00","og_image":[{"width":800,"height":445,"url":"https:\/\/www.pm.pb.gov.br\/portal\/wp-content\/uploads\/2017\/11\/a\u00e7oesfinaldesemana.jpg","type":"image\/jpeg"}],"author":"Tarcisio Oliveira","twitter_card":"summary_large_image","twitter_misc":{"Escrito por":"Tarcisio Oliveira","Est. tempo de leitura":"1 minuto"},"schema":{"@context":"https:\/\/schema.org","@graph":[{"@type":"Article","@id":"https:\/\/www.pm.pb.gov.br\/portal\/2017\/11\/27\/policia-militar-prende-mais-de-40-suspeitos-durante-o-fim-de-semana-na-paraiba\/#article","isPartOf":{"@id":"https:\/\/www.pm.pb.gov.br\/portal\/2017\/11\/27\/policia-militar-prende-mais-de-40-suspeitos-durante-o-fim-de-semana-na-paraiba\/"},"author":{"name":"Tarcisio Oliveira","@id":"https:\/\/www.pm.pb.gov.br\/portal\/#\/schema\/person\/f84f56dcc78ce4357054da888b8247fd"},"headline":"Pol\u00edcia Militar prende mais de 40 suspeitos durante o fim de semana na Para\u00edba","datePublished":"2017-11-27T16:30:32+00:00","dateModified":"2017-11-27T16:30:32+00:00","mainEntityOfPage":{"@id":"https:\/\/www.pm.pb.gov.br\/portal\/2017\/11\/27\/policia-militar-prende-mais-de-40-suspeitos-durante-o-fim-de-semana-na-paraiba\/"},"wordCount":283,"publisher":{"@id":"https:\/\/www.pm.pb.gov.br\/portal\/#organization"},"articleSection":["A\u00e7\u00f5es Policiais"],"inLanguage":"pt-BR"},{"@type":"WebPage","@id":"https:\/\/www.pm.pb.gov.br\/portal\/2017\/11\/27\/policia-militar-prende-mais-de-40-suspeitos-durante-o-fim-de-semana-na-paraiba\/","url":"https:\/\/www.pm.pb.gov.br\/portal\/2017\/11\/27\/policia-militar-prende-mais-de-40-suspeitos-durante-o-fim-de-semana-na-paraiba\/","name":"Pol\u00edcia Militar prende mais de 40 suspeitos durante o fim de semana na Para\u00edba - Pol\u00edcia Militar da Para\u00edba","isPartOf":{"@id":"https:\/\/www.pm.pb.gov.br\/portal\/#website"},"datePublished":"2017-11-27T16:30:32+00:00","dateModified":"2017-11-27T16:30:32+00:00","breadcrumb":{"@id":"https:\/\/www.pm.pb.gov.br\/portal\/2017\/11\/27\/policia-militar-prende-mais-de-40-suspeitos-durante-o-fim-de-semana-na-paraiba\/#breadcrumb"},"inLanguage":"pt-BR","potentialAction":[{"@type":"ReadAction","target":["https:\/\/www.pm.pb.gov.br\/portal\/2017\/11\/27\/policia-militar-prende-mais-de-40-suspeitos-durante-o-fim-de-semana-na-paraiba\/"]}]},{"@type":"BreadcrumbList","@id":"https:\/\/www.pm.pb.gov.br\/portal\/2017\/11\/27\/policia-militar-prende-mais-de-40-suspeitos-durante-o-fim-de-semana-na-paraiba\/#breadcrumb","itemListElement":[{"@type":"ListItem","position":1,"name":"In\u00edcio","item":"https:\/\/www.pm.pb.gov.br\/portal\/"},{"@type":"ListItem","position":2,"name":"Pol\u00edcia Militar prende mais de 40 suspeitos durante o fim de semana na Para\u00edba"}]},{"@type":"WebSite","@id":"https:\/\/www.pm.pb.gov.br\/portal\/#website","url":"https:\/\/www.pm.pb.gov.br\/portal\/","name":"Pol\u00edcia Militar da Para\u00edba","description":"","publisher":{"@id":"https:\/\/www.pm.pb.gov.br\/portal\/#organization"},"potentialAction":[{"@type":"SearchAction","target":{"@type":"EntryPoint","urlTemplate":"https:\/\/www.pm.pb.gov.br\/portal\/?s={search_term_string}"},"query-input":"required name=search_term_string"}],"inLanguage":"pt-BR"},{"@type":"Organization","@id":"https:\/\/www.pm.pb.gov.br\/portal\/#organization","name":"Pol\u00edcia Militar da Para\u00edba","url":"https:\/\/www.pm.pb.gov.br\/portal\/","logo":{"@type":"ImageObject","inLanguage":"pt-BR","@id":"https:\/\/www.pm.pb.gov.br\/portal\/#\/schema\/logo\/image\/","url":"https:\/\/www.pm.pb.gov.br\/portal\/wp-content\/uploads\/2025\/03\/cropped-logo-site-mag2-1.png","contentUrl":"https:\/\/www.pm.pb.gov.br\/portal\/wp-content\/uploads\/2025\/03\/cropped-logo-site-mag2-1.png","width":320,"height":90,"caption":"Pol\u00edcia Militar da Para\u00edba"},"image":{"@id":"https:\/\/www.pm.pb.gov.br\/portal\/#\/schema\/logo\/image\/"}},{"@type":"Person","@id":"https:\/\/www.pm.pb.gov.br\/portal\/#\/schema\/person\/f84f56dcc78ce4357054da888b8247fd","name":"Tarcisio Oliveira","image":{"@type":"ImageObject","inLanguage":"pt-BR","@id":"https:\/\/www.pm.pb.gov.br\/portal\/#\/schema\/person\/image\/","url":"https:\/\/secure.gravatar.com\/avatar\/72917b630b69d31cd0297507f34bac97?s=96&d=mm&r=g","contentUrl":"https:\/\/secure.gravatar.com\/avatar\/72917b630b69d31cd0297507f34bac97?s=96&d=mm&r=g","caption":"Tarcisio Oliveira"},"url":"https:\/\/www.pm.pb.gov.br\/portal\/author\/tarcisio\/"}]}},"_links":{"self":[{"href":"https:\/\/www.pm.pb.gov.br\/portal\/wp-json\/wp\/v2\/posts\/896191"}],"collection":[{"href":"https:\/\/www.pm.pb.gov.br\/portal\/wp-json\/wp\/v2\/posts"}],"about":[{"href":"https:\/\/www.pm.pb.gov.br\/portal\/wp-json\/wp\/v2\/types\/post"}],"author":[{"embeddable":true,"href":"https:\/\/www.pm.pb.gov.br\/portal\/wp-json\/wp\/v2\/users\/12"}],"replies":[{"embeddable":true,"href":"https:\/\/www.pm.pb.gov.br\/portal\/wp-json\/wp\/v2\/comments?post=896191"}],"version-history":[{"count":1,"href":"https:\/\/www.pm.pb.gov.br\/portal\/wp-json\/wp\/v2\/posts\/896191\/revisions"}],"predecessor-version":[{"id":896193,"href":"https:\/\/www.pm.pb.gov.br\/portal\/wp-json\/wp\/v2\/posts\/896191\/revisions\/896193"}],"wp:featuredmedia":[{"embeddable":true,"href":"https:\/\/www.pm.pb.gov.br\/portal\/wp-json\/wp\/v2\/media\/896192"}],"wp:attachment":[{"href":"https:\/\/www.pm.pb.gov.br\/portal\/wp-json\/wp\/v2\/media?parent=896191"}],"wp:term":[{"taxonomy":"category","embeddable":true,"href":"https:\/\/www.pm.pb.gov.br\/portal\/wp-json\/wp\/v2\/categories?post=896191"},{"taxonomy":"post_tag","embeddable":true,"href":"https:\/\/www.pm.pb.gov.br\/portal\/wp-json\/wp\/v2\/tags?post=896191"}],"curies":[{"name":"wp","href":"https:\/\/api.w.org\/{rel}","templated":true}]}}