{"id":896172,"date":"2017-11-24T17:43:16","date_gmt":"2017-11-24T20:43:16","guid":{"rendered":"http:\/\/www.pm.pb.gov.br\/portal\/?p=896172"},"modified":"2017-11-26T14:59:37","modified_gmt":"2017-11-26T17:59:37","slug":"policia-militar-realiza-primeiro-curso-de-operador-de-drone-para-operacoes-de-seguranca-publica","status":"publish","type":"post","link":"https:\/\/www.pm.pb.gov.br\/portal\/2017\/11\/24\/policia-militar-realiza-primeiro-curso-de-operador-de-drone-para-operacoes-de-seguranca-publica\/","title":{"rendered":"Pol\u00edcia Militar realiza primeiro curso de operador de drone para opera\u00e7\u00f5es de seguran\u00e7a p\u00fablica"},"content":{"rendered":"<p style=\"text-align: justify;\">Atenta \u00e0s novas tecnologias que podem ajudar a seguran\u00e7a p\u00fablica no combate aos crimes, a Pol\u00edcia Militar realizou, nesta semana, do dia 20 a 24, o Curso de Especialista em Aeronaves Remotamente Pilotadas (Cerpa) para utiliza\u00e7\u00e3o de drones. Ao todo, 15 policiais passaram por cinco dias de capacita\u00e7\u00e3o no Centro de Educa\u00e7\u00e3o, em Jo\u00e3o Pessoa.<\/p>\n<p><img loading=\"lazy\" decoding=\"async\" class=\"wp-image-896174 alignright\" src=\"http:\/\/www.pm.pb.gov.br\/portal\/wp-content\/uploads\/2017\/11\/curso_drone_pmpb-766x445.jpg\" alt=\"\" width=\"334\" height=\"194\" srcset=\"https:\/\/www.pm.pb.gov.br\/portal\/wp-content\/uploads\/2017\/11\/curso_drone_pmpb-766x445.jpg 766w, https:\/\/www.pm.pb.gov.br\/portal\/wp-content\/uploads\/2017\/11\/curso_drone_pmpb-768x446.jpg 768w, https:\/\/www.pm.pb.gov.br\/portal\/wp-content\/uploads\/2017\/11\/curso_drone_pmpb.jpg 800w\" sizes=\"(max-width: 334px) 100vw, 334px\" \/><\/p>\n<p style=\"text-align: justify;\">As instru\u00e7\u00f5es tiveram por objetivo capacitar o policial para atuar com as aeronaves n\u00e3o tripuladas em opera\u00e7\u00f5es policiais, levantamento de informa\u00e7\u00f5es, busca e apreens\u00e3o de suspeitos em \u00e1reas de dif\u00edcil acesso, e crimes ambientais. Os policiais passaram por disciplinas de pilotagem, legisla\u00e7\u00e3o, opera\u00e7\u00e3o e planejamento, manuten\u00e7\u00e3o e montagem de drones.<\/p>\n<p>&nbsp;<\/p>\n<p style=\"text-align: justify;\">Segundo o capit\u00e3o Luiz Carlos Pantale\u00e3o, coordenador de Tecnologia da PM, outra inten\u00e7\u00e3o do curso foi nivelar o conhecimento desses primeiros alunos para eles serem multiplicadores da pr\u00e1tica no estado. \u201cOs policiais capacitados aqui poder\u00e3o treinar e formar outras turmas, para atua\u00e7\u00e3o em toda a Pol\u00edcia Militar no estado\u201d, disse.<\/p>\n<p style=\"text-align: justify;\">H\u00e1 dois anos, a PM utiliza aeronaves n\u00e3o tripuladas como os drones e, com o curso, os policiais formados poder\u00e3o colaborar na padroniza\u00e7\u00e3o de procedimentos e doutrinas de opera\u00e7\u00f5es a\u00e9reas.<\/p>\n<p style=\"text-align: justify;\">De janeiro a setembro deste ano, a Pol\u00edcia Militar utilizou drones 60 vezes em opera\u00e7\u00f5es policiais, planejamento e instru\u00e7\u00f5es, auxiliando na pris\u00e3o e busca de suspeitos. Em uma dessas ocorr\u00eancias, registradas em agosto, um drone da PM visualizou quando um suspeito de tr\u00e1fico tentou fugir pelo telhado das casas, durante opera\u00e7\u00e3o. A PM deteve o suspeito e apreendeu crack, maconha e coca\u00edna.<\/p>\n","protected":false},"excerpt":{"rendered":"<p>Atenta \u00e0s novas tecnologias que podem ajudar a seguran\u00e7a p\u00fablica no combate aos crimes, a Pol\u00edcia Militar realizou, nesta semana,<\/p>\n","protected":false},"author":15,"featured_media":896173,"comment_status":"closed","ping_status":"closed","sticky":false,"template":"","format":"standard","meta":{"_exactmetrics_skip_tracking":false,"_exactmetrics_sitenote_active":false,"_exactmetrics_sitenote_note":"","_exactmetrics_sitenote_category":0,"footnotes":""},"categories":[6,7],"tags":[],"yoast_head":"<!-- This site is optimized with the Yoast SEO plugin v22.0 - https:\/\/yoast.com\/wordpress\/plugins\/seo\/ -->\n<title>Pol\u00edcia Militar realiza primeiro curso de operador de drone para opera\u00e7\u00f5es de seguran\u00e7a p\u00fablica - Pol\u00edcia Militar da Para\u00edba<\/title>\n<meta name=\"robots\" content=\"index, follow, max-snippet:-1, max-image-preview:large, max-video-preview:-1\" \/>\n<link rel=\"canonical\" href=\"https:\/\/www.pm.pb.gov.br\/portal\/2017\/11\/24\/policia-militar-realiza-primeiro-curso-de-operador-de-drone-para-operacoes-de-seguranca-publica\/\" \/>\n<meta property=\"og:locale\" content=\"pt_BR\" \/>\n<meta property=\"og:type\" content=\"article\" \/>\n<meta property=\"og:title\" content=\"Pol\u00edcia Militar realiza primeiro curso de operador de drone para opera\u00e7\u00f5es de seguran\u00e7a p\u00fablica - Pol\u00edcia Militar da Para\u00edba\" \/>\n<meta property=\"og:description\" content=\"Atenta \u00e0s novas tecnologias que podem ajudar a seguran\u00e7a p\u00fablica no combate aos crimes, a Pol\u00edcia Militar realizou, nesta semana,\" \/>\n<meta property=\"og:url\" content=\"https:\/\/www.pm.pb.gov.br\/portal\/2017\/11\/24\/policia-militar-realiza-primeiro-curso-de-operador-de-drone-para-operacoes-de-seguranca-publica\/\" \/>\n<meta property=\"og:site_name\" content=\"Pol\u00edcia Militar da Para\u00edba\" \/>\n<meta property=\"article:published_time\" content=\"2017-11-24T20:43:16+00:00\" \/>\n<meta property=\"article:modified_time\" content=\"2017-11-26T17:59:37+00:00\" \/>\n<meta property=\"og:image\" content=\"https:\/\/www.pm.pb.gov.br\/portal\/wp-content\/uploads\/2017\/11\/curso_drone_pmpb3.jpg\" \/>\n\t<meta property=\"og:image:width\" content=\"800\" \/>\n\t<meta property=\"og:image:height\" content=\"450\" \/>\n\t<meta property=\"og:image:type\" content=\"image\/jpeg\" \/>\n<meta name=\"author\" content=\"Marcio Gomes dos Santos\" \/>\n<meta name=\"twitter:card\" content=\"summary_large_image\" \/>\n<meta name=\"twitter:label1\" content=\"Escrito por\" \/>\n\t<meta name=\"twitter:data1\" content=\"Marcio Gomes dos Santos\" \/>\n\t<meta name=\"twitter:label2\" content=\"Est. tempo de leitura\" \/>\n\t<meta name=\"twitter:data2\" content=\"1 minuto\" \/>\n<script type=\"application\/ld+json\" class=\"yoast-schema-graph\">{\"@context\":\"https:\/\/schema.org\",\"@graph\":[{\"@type\":\"Article\",\"@id\":\"https:\/\/www.pm.pb.gov.br\/portal\/2017\/11\/24\/policia-militar-realiza-primeiro-curso-de-operador-de-drone-para-operacoes-de-seguranca-publica\/#article\",\"isPartOf\":{\"@id\":\"https:\/\/www.pm.pb.gov.br\/portal\/2017\/11\/24\/policia-militar-realiza-primeiro-curso-de-operador-de-drone-para-operacoes-de-seguranca-publica\/\"},\"author\":{\"name\":\"Marcio Gomes dos Santos\",\"@id\":\"https:\/\/www.pm.pb.gov.br\/portal\/#\/schema\/person\/30d571652b38533c2211e4e89bf5a502\"},\"headline\":\"Pol\u00edcia Militar realiza primeiro curso de operador de drone para opera\u00e7\u00f5es de seguran\u00e7a p\u00fablica\",\"datePublished\":\"2017-11-24T20:43:16+00:00\",\"dateModified\":\"2017-11-26T17:59:37+00:00\",\"mainEntityOfPage\":{\"@id\":\"https:\/\/www.pm.pb.gov.br\/portal\/2017\/11\/24\/policia-militar-realiza-primeiro-curso-de-operador-de-drone-para-operacoes-de-seguranca-publica\/\"},\"wordCount\":298,\"publisher\":{\"@id\":\"https:\/\/www.pm.pb.gov.br\/portal\/#organization\"},\"articleSection\":[\"Cursos\",\"Desenvolvimento e Tecnologia\"],\"inLanguage\":\"pt-BR\"},{\"@type\":\"WebPage\",\"@id\":\"https:\/\/www.pm.pb.gov.br\/portal\/2017\/11\/24\/policia-militar-realiza-primeiro-curso-de-operador-de-drone-para-operacoes-de-seguranca-publica\/\",\"url\":\"https:\/\/www.pm.pb.gov.br\/portal\/2017\/11\/24\/policia-militar-realiza-primeiro-curso-de-operador-de-drone-para-operacoes-de-seguranca-publica\/\",\"name\":\"Pol\u00edcia Militar realiza primeiro curso de operador de drone para opera\u00e7\u00f5es de seguran\u00e7a p\u00fablica - Pol\u00edcia Militar da Para\u00edba\",\"isPartOf\":{\"@id\":\"https:\/\/www.pm.pb.gov.br\/portal\/#website\"},\"datePublished\":\"2017-11-24T20:43:16+00:00\",\"dateModified\":\"2017-11-26T17:59:37+00:00\",\"breadcrumb\":{\"@id\":\"https:\/\/www.pm.pb.gov.br\/portal\/2017\/11\/24\/policia-militar-realiza-primeiro-curso-de-operador-de-drone-para-operacoes-de-seguranca-publica\/#breadcrumb\"},\"inLanguage\":\"pt-BR\",\"potentialAction\":[{\"@type\":\"ReadAction\",\"target\":[\"https:\/\/www.pm.pb.gov.br\/portal\/2017\/11\/24\/policia-militar-realiza-primeiro-curso-de-operador-de-drone-para-operacoes-de-seguranca-publica\/\"]}]},{\"@type\":\"BreadcrumbList\",\"@id\":\"https:\/\/www.pm.pb.gov.br\/portal\/2017\/11\/24\/policia-militar-realiza-primeiro-curso-de-operador-de-drone-para-operacoes-de-seguranca-publica\/#breadcrumb\",\"itemListElement\":[{\"@type\":\"ListItem\",\"position\":1,\"name\":\"In\u00edcio\",\"item\":\"https:\/\/www.pm.pb.gov.br\/portal\/\"},{\"@type\":\"ListItem\",\"position\":2,\"name\":\"Pol\u00edcia Militar realiza primeiro curso de operador de drone para opera\u00e7\u00f5es de seguran\u00e7a p\u00fablica\"}]},{\"@type\":\"WebSite\",\"@id\":\"https:\/\/www.pm.pb.gov.br\/portal\/#website\",\"url\":\"https:\/\/www.pm.pb.gov.br\/portal\/\",\"name\":\"Pol\u00edcia Militar da Para\u00edba\",\"description\":\"\",\"publisher\":{\"@id\":\"https:\/\/www.pm.pb.gov.br\/portal\/#organization\"},\"potentialAction\":[{\"@type\":\"SearchAction\",\"target\":{\"@type\":\"EntryPoint\",\"urlTemplate\":\"https:\/\/www.pm.pb.gov.br\/portal\/?s={search_term_string}\"},\"query-input\":\"required name=search_term_string\"}],\"inLanguage\":\"pt-BR\"},{\"@type\":\"Organization\",\"@id\":\"https:\/\/www.pm.pb.gov.br\/portal\/#organization\",\"name\":\"Pol\u00edcia Militar da Para\u00edba\",\"url\":\"https:\/\/www.pm.pb.gov.br\/portal\/\",\"logo\":{\"@type\":\"ImageObject\",\"inLanguage\":\"pt-BR\",\"@id\":\"https:\/\/www.pm.pb.gov.br\/portal\/#\/schema\/logo\/image\/\",\"url\":\"https:\/\/www.pm.pb.gov.br\/portal\/wp-content\/uploads\/2025\/03\/cropped-logo-site-mag2-1.png\",\"contentUrl\":\"https:\/\/www.pm.pb.gov.br\/portal\/wp-content\/uploads\/2025\/03\/cropped-logo-site-mag2-1.png\",\"width\":320,\"height\":90,\"caption\":\"Pol\u00edcia Militar da Para\u00edba\"},\"image\":{\"@id\":\"https:\/\/www.pm.pb.gov.br\/portal\/#\/schema\/logo\/image\/\"}},{\"@type\":\"Person\",\"@id\":\"https:\/\/www.pm.pb.gov.br\/portal\/#\/schema\/person\/30d571652b38533c2211e4e89bf5a502\",\"name\":\"Marcio Gomes dos Santos\",\"image\":{\"@type\":\"ImageObject\",\"inLanguage\":\"pt-BR\",\"@id\":\"https:\/\/www.pm.pb.gov.br\/portal\/#\/schema\/person\/image\/\",\"url\":\"https:\/\/secure.gravatar.com\/avatar\/cf4ec2cb690101e1581c7773aa350c19?s=96&d=mm&r=g\",\"contentUrl\":\"https:\/\/secure.gravatar.com\/avatar\/cf4ec2cb690101e1581c7773aa350c19?s=96&d=mm&r=g\",\"caption\":\"Marcio Gomes dos Santos\"},\"url\":\"https:\/\/www.pm.pb.gov.br\/portal\/author\/mgomes\/\"}]}<\/script>\n<!-- \/ Yoast SEO plugin. -->","yoast_head_json":{"title":"Pol\u00edcia Militar realiza primeiro curso de operador de drone para opera\u00e7\u00f5es de seguran\u00e7a p\u00fablica - Pol\u00edcia Militar da Para\u00edba","robots":{"index":"index","follow":"follow","max-snippet":"max-snippet:-1","max-image-preview":"max-image-preview:large","max-video-preview":"max-video-preview:-1"},"canonical":"https:\/\/www.pm.pb.gov.br\/portal\/2017\/11\/24\/policia-militar-realiza-primeiro-curso-de-operador-de-drone-para-operacoes-de-seguranca-publica\/","og_locale":"pt_BR","og_type":"article","og_title":"Pol\u00edcia Militar realiza primeiro curso de operador de drone para opera\u00e7\u00f5es de seguran\u00e7a p\u00fablica - Pol\u00edcia Militar da Para\u00edba","og_description":"Atenta \u00e0s novas tecnologias que podem ajudar a seguran\u00e7a p\u00fablica no combate aos crimes, a Pol\u00edcia Militar realizou, nesta semana,","og_url":"https:\/\/www.pm.pb.gov.br\/portal\/2017\/11\/24\/policia-militar-realiza-primeiro-curso-de-operador-de-drone-para-operacoes-de-seguranca-publica\/","og_site_name":"Pol\u00edcia Militar da Para\u00edba","article_published_time":"2017-11-24T20:43:16+00:00","article_modified_time":"2017-11-26T17:59:37+00:00","og_image":[{"width":800,"height":450,"url":"https:\/\/www.pm.pb.gov.br\/portal\/wp-content\/uploads\/2017\/11\/curso_drone_pmpb3.jpg","type":"image\/jpeg"}],"author":"Marcio Gomes dos Santos","twitter_card":"summary_large_image","twitter_misc":{"Escrito por":"Marcio Gomes dos Santos","Est. tempo de leitura":"1 minuto"},"schema":{"@context":"https:\/\/schema.org","@graph":[{"@type":"Article","@id":"https:\/\/www.pm.pb.gov.br\/portal\/2017\/11\/24\/policia-militar-realiza-primeiro-curso-de-operador-de-drone-para-operacoes-de-seguranca-publica\/#article","isPartOf":{"@id":"https:\/\/www.pm.pb.gov.br\/portal\/2017\/11\/24\/policia-militar-realiza-primeiro-curso-de-operador-de-drone-para-operacoes-de-seguranca-publica\/"},"author":{"name":"Marcio Gomes dos Santos","@id":"https:\/\/www.pm.pb.gov.br\/portal\/#\/schema\/person\/30d571652b38533c2211e4e89bf5a502"},"headline":"Pol\u00edcia Militar realiza primeiro curso de operador de drone para opera\u00e7\u00f5es de seguran\u00e7a p\u00fablica","datePublished":"2017-11-24T20:43:16+00:00","dateModified":"2017-11-26T17:59:37+00:00","mainEntityOfPage":{"@id":"https:\/\/www.pm.pb.gov.br\/portal\/2017\/11\/24\/policia-militar-realiza-primeiro-curso-de-operador-de-drone-para-operacoes-de-seguranca-publica\/"},"wordCount":298,"publisher":{"@id":"https:\/\/www.pm.pb.gov.br\/portal\/#organization"},"articleSection":["Cursos","Desenvolvimento e Tecnologia"],"inLanguage":"pt-BR"},{"@type":"WebPage","@id":"https:\/\/www.pm.pb.gov.br\/portal\/2017\/11\/24\/policia-militar-realiza-primeiro-curso-de-operador-de-drone-para-operacoes-de-seguranca-publica\/","url":"https:\/\/www.pm.pb.gov.br\/portal\/2017\/11\/24\/policia-militar-realiza-primeiro-curso-de-operador-de-drone-para-operacoes-de-seguranca-publica\/","name":"Pol\u00edcia Militar realiza primeiro curso de operador de drone para opera\u00e7\u00f5es de seguran\u00e7a p\u00fablica - Pol\u00edcia Militar da Para\u00edba","isPartOf":{"@id":"https:\/\/www.pm.pb.gov.br\/portal\/#website"},"datePublished":"2017-11-24T20:43:16+00:00","dateModified":"2017-11-26T17:59:37+00:00","breadcrumb":{"@id":"https:\/\/www.pm.pb.gov.br\/portal\/2017\/11\/24\/policia-militar-realiza-primeiro-curso-de-operador-de-drone-para-operacoes-de-seguranca-publica\/#breadcrumb"},"inLanguage":"pt-BR","potentialAction":[{"@type":"ReadAction","target":["https:\/\/www.pm.pb.gov.br\/portal\/2017\/11\/24\/policia-militar-realiza-primeiro-curso-de-operador-de-drone-para-operacoes-de-seguranca-publica\/"]}]},{"@type":"BreadcrumbList","@id":"https:\/\/www.pm.pb.gov.br\/portal\/2017\/11\/24\/policia-militar-realiza-primeiro-curso-de-operador-de-drone-para-operacoes-de-seguranca-publica\/#breadcrumb","itemListElement":[{"@type":"ListItem","position":1,"name":"In\u00edcio","item":"https:\/\/www.pm.pb.gov.br\/portal\/"},{"@type":"ListItem","position":2,"name":"Pol\u00edcia Militar realiza primeiro curso de operador de drone para opera\u00e7\u00f5es de seguran\u00e7a p\u00fablica"}]},{"@type":"WebSite","@id":"https:\/\/www.pm.pb.gov.br\/portal\/#website","url":"https:\/\/www.pm.pb.gov.br\/portal\/","name":"Pol\u00edcia Militar da Para\u00edba","description":"","publisher":{"@id":"https:\/\/www.pm.pb.gov.br\/portal\/#organization"},"potentialAction":[{"@type":"SearchAction","target":{"@type":"EntryPoint","urlTemplate":"https:\/\/www.pm.pb.gov.br\/portal\/?s={search_term_string}"},"query-input":"required name=search_term_string"}],"inLanguage":"pt-BR"},{"@type":"Organization","@id":"https:\/\/www.pm.pb.gov.br\/portal\/#organization","name":"Pol\u00edcia Militar da Para\u00edba","url":"https:\/\/www.pm.pb.gov.br\/portal\/","logo":{"@type":"ImageObject","inLanguage":"pt-BR","@id":"https:\/\/www.pm.pb.gov.br\/portal\/#\/schema\/logo\/image\/","url":"https:\/\/www.pm.pb.gov.br\/portal\/wp-content\/uploads\/2025\/03\/cropped-logo-site-mag2-1.png","contentUrl":"https:\/\/www.pm.pb.gov.br\/portal\/wp-content\/uploads\/2025\/03\/cropped-logo-site-mag2-1.png","width":320,"height":90,"caption":"Pol\u00edcia Militar da Para\u00edba"},"image":{"@id":"https:\/\/www.pm.pb.gov.br\/portal\/#\/schema\/logo\/image\/"}},{"@type":"Person","@id":"https:\/\/www.pm.pb.gov.br\/portal\/#\/schema\/person\/30d571652b38533c2211e4e89bf5a502","name":"Marcio Gomes dos Santos","image":{"@type":"ImageObject","inLanguage":"pt-BR","@id":"https:\/\/www.pm.pb.gov.br\/portal\/#\/schema\/person\/image\/","url":"https:\/\/secure.gravatar.com\/avatar\/cf4ec2cb690101e1581c7773aa350c19?s=96&d=mm&r=g","contentUrl":"https:\/\/secure.gravatar.com\/avatar\/cf4ec2cb690101e1581c7773aa350c19?s=96&d=mm&r=g","caption":"Marcio Gomes dos Santos"},"url":"https:\/\/www.pm.pb.gov.br\/portal\/author\/mgomes\/"}]}},"_links":{"self":[{"href":"https:\/\/www.pm.pb.gov.br\/portal\/wp-json\/wp\/v2\/posts\/896172"}],"collection":[{"href":"https:\/\/www.pm.pb.gov.br\/portal\/wp-json\/wp\/v2\/posts"}],"about":[{"href":"https:\/\/www.pm.pb.gov.br\/portal\/wp-json\/wp\/v2\/types\/post"}],"author":[{"embeddable":true,"href":"https:\/\/www.pm.pb.gov.br\/portal\/wp-json\/wp\/v2\/users\/15"}],"replies":[{"embeddable":true,"href":"https:\/\/www.pm.pb.gov.br\/portal\/wp-json\/wp\/v2\/comments?post=896172"}],"version-history":[{"count":2,"href":"https:\/\/www.pm.pb.gov.br\/portal\/wp-json\/wp\/v2\/posts\/896172\/revisions"}],"predecessor-version":[{"id":896176,"href":"https:\/\/www.pm.pb.gov.br\/portal\/wp-json\/wp\/v2\/posts\/896172\/revisions\/896176"}],"wp:featuredmedia":[{"embeddable":true,"href":"https:\/\/www.pm.pb.gov.br\/portal\/wp-json\/wp\/v2\/media\/896173"}],"wp:attachment":[{"href":"https:\/\/www.pm.pb.gov.br\/portal\/wp-json\/wp\/v2\/media?parent=896172"}],"wp:term":[{"taxonomy":"category","embeddable":true,"href":"https:\/\/www.pm.pb.gov.br\/portal\/wp-json\/wp\/v2\/categories?post=896172"},{"taxonomy":"post_tag","embeddable":true,"href":"https:\/\/www.pm.pb.gov.br\/portal\/wp-json\/wp\/v2\/tags?post=896172"}],"curies":[{"name":"wp","href":"https:\/\/api.w.org\/{rel}","templated":true}]}}