{"id":896128,"date":"2017-11-23T10:56:28","date_gmt":"2017-11-23T13:56:28","guid":{"rendered":"http:\/\/www.pm.pb.gov.br\/portal\/?p=896128"},"modified":"2017-11-23T10:56:28","modified_gmt":"2017-11-23T13:56:28","slug":"policia-militar-prende-suspeito-de-trafico-de-drogas-na-cidade-de-cabedelo","status":"publish","type":"post","link":"https:\/\/www.pm.pb.gov.br\/portal\/2017\/11\/23\/policia-militar-prende-suspeito-de-trafico-de-drogas-na-cidade-de-cabedelo\/","title":{"rendered":"Pol\u00edcia Militar prende suspeito de tr\u00e1fico de drogas na cidade de Cabedelo"},"content":{"rendered":"<p style=\"text-align: justify;\">A Pol\u00edcia Militar interceptou a entrega de mais de 7 kg de maconha e crack que seria feita na noite dessa quarta-feira (22), na comunidade Jardim Manguinhos, em Cabedelo, ao abordar uma moto durante bloqueio montado no bairro do Jacar\u00e9. Os entorpecentes estavam sendo transportados por um suspeito de 23 anos, que j\u00e1 tinha sido flagrado tr\u00eas vezes pela PM com drogas.<\/p>\n<p style=\"text-align: justify;\">O homem estava vestido com uma roupa de mototaxista e levava toda a droga dentro de uma mochila, dividida em sete tabletes de maconha, de 1 kg cada, e 150 gramas de crack. Ele n\u00e3o revelou o destino da entrega. O suspeito foi apresentado com o material apreendido na sede da Pol\u00edcia Federal, em Cabedelo.<\/p>\n<p style=\"text-align: justify;\">Al\u00e9m de Cabedelo, as a\u00e7\u00f5es realizadas pela PM para combater o tr\u00e1fico de drogas registraram ainda apreens\u00f5es nas cidades de Santa Rita, Bayeux, Jo\u00e3o Pessoa e Guarabira.<\/p>\n<p style=\"text-align: justify;\"><img loading=\"lazy\" decoding=\"async\" class=\"wp-image-896130 alignleft\" src=\"http:\/\/www.pm.pb.gov.br\/portal\/wp-content\/uploads\/2017\/11\/ac68af92-7210-4528-bded-9659c238cb88-334x445.jpg\" alt=\"\" width=\"192\" height=\"256\" srcset=\"https:\/\/www.pm.pb.gov.br\/portal\/wp-content\/uploads\/2017\/11\/ac68af92-7210-4528-bded-9659c238cb88-334x445.jpg 334w, https:\/\/www.pm.pb.gov.br\/portal\/wp-content\/uploads\/2017\/11\/ac68af92-7210-4528-bded-9659c238cb88-768x1024.jpg 768w, https:\/\/www.pm.pb.gov.br\/portal\/wp-content\/uploads\/2017\/11\/ac68af92-7210-4528-bded-9659c238cb88-428x570.jpg 428w, https:\/\/www.pm.pb.gov.br\/portal\/wp-content\/uploads\/2017\/11\/ac68af92-7210-4528-bded-9659c238cb88.jpg 960w\" sizes=\"(max-width: 192px) 100vw, 192px\" \/>Em Santa Rita, tr\u00eas suspeitos \u2013 de 23, 20 e 19 anos \u2013 foram flagrados com 104 papelotes de maconha prontos para a venda, em uma a\u00e7\u00e3o desencadeada pela For\u00e7a T\u00e1tica do 7\u00ba Batalh\u00e3o, dentro da feira do bairro do Tibiri II, durante a noite. Com eles, ainda foi encontrada uma r\u00e9plica de rev\u00f3lver.<\/p>\n<p style=\"text-align: justify;\">Na cidade de Bayeux, os policiais da 4\u00aa Companhia Independente abordaram um suspeito de 22 anos, no bairro Jardim S\u00e3o Vicente, e apreenderam com ele 44 trouxas de maconha prontas para a venda. A maconha foi o mesmo tipo de droga apreendida por policiais do 4\u00ba Batalh\u00e3o, em Guarabira. Na cidade, a PM abordou um suspeito de 20 anos e encontrou com ele duas por\u00e7\u00f5es grandes do entorpecente.<\/p>\n<p>&nbsp;<\/p>\n<p><img loading=\"lazy\" decoding=\"async\" class=\"wp-image-896131 alignright\" style=\"text-align: justify;\" src=\"http:\/\/www.pm.pb.gov.br\/portal\/wp-content\/uploads\/2017\/11\/JO\u00c3O-PESSOA-DROGAS-594x445.jpg\" alt=\"\" width=\"235\" height=\"177\" srcset=\"https:\/\/www.pm.pb.gov.br\/portal\/wp-content\/uploads\/2017\/11\/JO\u00c3O-PESSOA-DROGAS-594x445.jpg 594w, https:\/\/www.pm.pb.gov.br\/portal\/wp-content\/uploads\/2017\/11\/JO\u00c3O-PESSOA-DROGAS-768x576.jpg 768w, https:\/\/www.pm.pb.gov.br\/portal\/wp-content\/uploads\/2017\/11\/JO\u00c3O-PESSOA-DROGAS-761x570.jpg 761w, https:\/\/www.pm.pb.gov.br\/portal\/wp-content\/uploads\/2017\/11\/JO\u00c3O-PESSOA-DROGAS.jpg 854w\" sizes=\"(max-width: 235px) 100vw, 235px\" \/><\/p>\n<p style=\"text-align: justify;\">E na Capital foram apreendidas 180 pedras de crack e 90 comprimidos entorpecentes, dentro da comunidade Bola na Rede, no Bairro dos Novais. A droga foi encontrada em um ponto do tr\u00e1fico, onde\u00a0foram detidas duas mulheres, de 26 e 20 anos, e um adolescente de 16 anos. Ainda em Jo\u00e3o Pessoa, foram apreendidas 25 pedras de crack e dinheiro trocado com um suspeito de 18 anos, em uma abordagem no Bairro dos Ip\u00eas.<\/p>\n<p style=\"text-align: justify;\">Os suspeitos foram apresentados nas delegacias para serem submetidos \u00e0s provid\u00eancias previstas na lei 11.343\/2006, que entre outras medidas, estabelece normas para repress\u00e3o ao tr\u00e1fico il\u00edcito de drogas e define os crimes desta pr\u00e1tica.<\/p>\n<p>&nbsp;<\/p>\n<p>&nbsp;<\/p>\n<p>&nbsp;<\/p>\n<p>&nbsp;<\/p>\n","protected":false},"excerpt":{"rendered":"<p>A Pol\u00edcia Militar interceptou a entrega de mais de 7 kg de maconha e crack que seria feita na noite<\/p>\n","protected":false},"author":15,"featured_media":896122,"comment_status":"closed","ping_status":"closed","sticky":false,"template":"","format":"standard","meta":{"_exactmetrics_skip_tracking":false,"_exactmetrics_sitenote_active":false,"_exactmetrics_sitenote_note":"","_exactmetrics_sitenote_category":0,"footnotes":""},"categories":[4],"tags":[],"yoast_head":"<!-- This site is optimized with the Yoast SEO plugin v22.0 - https:\/\/yoast.com\/wordpress\/plugins\/seo\/ -->\n<title>Pol\u00edcia Militar prende suspeito de tr\u00e1fico de drogas na cidade de Cabedelo - Pol\u00edcia Militar da Para\u00edba<\/title>\n<meta name=\"robots\" content=\"index, follow, max-snippet:-1, max-image-preview:large, max-video-preview:-1\" \/>\n<link rel=\"canonical\" href=\"https:\/\/www.pm.pb.gov.br\/portal\/2017\/11\/23\/policia-militar-prende-suspeito-de-trafico-de-drogas-na-cidade-de-cabedelo\/\" \/>\n<meta property=\"og:locale\" content=\"pt_BR\" \/>\n<meta property=\"og:type\" content=\"article\" \/>\n<meta property=\"og:title\" content=\"Pol\u00edcia Militar prende suspeito de tr\u00e1fico de drogas na cidade de Cabedelo - Pol\u00edcia Militar da Para\u00edba\" \/>\n<meta property=\"og:description\" content=\"A Pol\u00edcia Militar interceptou a entrega de mais de 7 kg de maconha e crack que seria feita na noite\" \/>\n<meta property=\"og:url\" content=\"https:\/\/www.pm.pb.gov.br\/portal\/2017\/11\/23\/policia-militar-prende-suspeito-de-trafico-de-drogas-na-cidade-de-cabedelo\/\" \/>\n<meta property=\"og:site_name\" content=\"Pol\u00edcia Militar da Para\u00edba\" \/>\n<meta property=\"article:published_time\" content=\"2017-11-23T13:56:28+00:00\" \/>\n<meta property=\"og:image\" content=\"https:\/\/www.pm.pb.gov.br\/portal\/wp-content\/uploads\/2017\/11\/drogasemcabedelo.jpg\" \/>\n\t<meta property=\"og:image:width\" content=\"800\" \/>\n\t<meta property=\"og:image:height\" content=\"445\" \/>\n\t<meta property=\"og:image:type\" content=\"image\/jpeg\" \/>\n<meta name=\"author\" content=\"Marcio Gomes dos Santos\" \/>\n<meta name=\"twitter:card\" content=\"summary_large_image\" \/>\n<meta name=\"twitter:label1\" content=\"Escrito por\" \/>\n\t<meta name=\"twitter:data1\" content=\"Marcio Gomes dos Santos\" \/>\n\t<meta name=\"twitter:label2\" content=\"Est. tempo de leitura\" \/>\n\t<meta name=\"twitter:data2\" content=\"2 minutos\" \/>\n<script type=\"application\/ld+json\" class=\"yoast-schema-graph\">{\"@context\":\"https:\/\/schema.org\",\"@graph\":[{\"@type\":\"Article\",\"@id\":\"https:\/\/www.pm.pb.gov.br\/portal\/2017\/11\/23\/policia-militar-prende-suspeito-de-trafico-de-drogas-na-cidade-de-cabedelo\/#article\",\"isPartOf\":{\"@id\":\"https:\/\/www.pm.pb.gov.br\/portal\/2017\/11\/23\/policia-militar-prende-suspeito-de-trafico-de-drogas-na-cidade-de-cabedelo\/\"},\"author\":{\"name\":\"Marcio Gomes dos Santos\",\"@id\":\"https:\/\/www.pm.pb.gov.br\/portal\/#\/schema\/person\/30d571652b38533c2211e4e89bf5a502\"},\"headline\":\"Pol\u00edcia Militar prende suspeito de tr\u00e1fico de drogas na cidade de Cabedelo\",\"datePublished\":\"2017-11-23T13:56:28+00:00\",\"dateModified\":\"2017-11-23T13:56:28+00:00\",\"mainEntityOfPage\":{\"@id\":\"https:\/\/www.pm.pb.gov.br\/portal\/2017\/11\/23\/policia-militar-prende-suspeito-de-trafico-de-drogas-na-cidade-de-cabedelo\/\"},\"wordCount\":395,\"publisher\":{\"@id\":\"https:\/\/www.pm.pb.gov.br\/portal\/#organization\"},\"articleSection\":[\"A\u00e7\u00f5es Policiais\"],\"inLanguage\":\"pt-BR\"},{\"@type\":\"WebPage\",\"@id\":\"https:\/\/www.pm.pb.gov.br\/portal\/2017\/11\/23\/policia-militar-prende-suspeito-de-trafico-de-drogas-na-cidade-de-cabedelo\/\",\"url\":\"https:\/\/www.pm.pb.gov.br\/portal\/2017\/11\/23\/policia-militar-prende-suspeito-de-trafico-de-drogas-na-cidade-de-cabedelo\/\",\"name\":\"Pol\u00edcia Militar prende suspeito de tr\u00e1fico de drogas na cidade de Cabedelo - Pol\u00edcia Militar da Para\u00edba\",\"isPartOf\":{\"@id\":\"https:\/\/www.pm.pb.gov.br\/portal\/#website\"},\"datePublished\":\"2017-11-23T13:56:28+00:00\",\"dateModified\":\"2017-11-23T13:56:28+00:00\",\"breadcrumb\":{\"@id\":\"https:\/\/www.pm.pb.gov.br\/portal\/2017\/11\/23\/policia-militar-prende-suspeito-de-trafico-de-drogas-na-cidade-de-cabedelo\/#breadcrumb\"},\"inLanguage\":\"pt-BR\",\"potentialAction\":[{\"@type\":\"ReadAction\",\"target\":[\"https:\/\/www.pm.pb.gov.br\/portal\/2017\/11\/23\/policia-militar-prende-suspeito-de-trafico-de-drogas-na-cidade-de-cabedelo\/\"]}]},{\"@type\":\"BreadcrumbList\",\"@id\":\"https:\/\/www.pm.pb.gov.br\/portal\/2017\/11\/23\/policia-militar-prende-suspeito-de-trafico-de-drogas-na-cidade-de-cabedelo\/#breadcrumb\",\"itemListElement\":[{\"@type\":\"ListItem\",\"position\":1,\"name\":\"In\u00edcio\",\"item\":\"https:\/\/www.pm.pb.gov.br\/portal\/\"},{\"@type\":\"ListItem\",\"position\":2,\"name\":\"Pol\u00edcia Militar prende suspeito de tr\u00e1fico de drogas na cidade de Cabedelo\"}]},{\"@type\":\"WebSite\",\"@id\":\"https:\/\/www.pm.pb.gov.br\/portal\/#website\",\"url\":\"https:\/\/www.pm.pb.gov.br\/portal\/\",\"name\":\"Pol\u00edcia Militar da Para\u00edba\",\"description\":\"\",\"publisher\":{\"@id\":\"https:\/\/www.pm.pb.gov.br\/portal\/#organization\"},\"potentialAction\":[{\"@type\":\"SearchAction\",\"target\":{\"@type\":\"EntryPoint\",\"urlTemplate\":\"https:\/\/www.pm.pb.gov.br\/portal\/?s={search_term_string}\"},\"query-input\":\"required name=search_term_string\"}],\"inLanguage\":\"pt-BR\"},{\"@type\":\"Organization\",\"@id\":\"https:\/\/www.pm.pb.gov.br\/portal\/#organization\",\"name\":\"Pol\u00edcia Militar da Para\u00edba\",\"url\":\"https:\/\/www.pm.pb.gov.br\/portal\/\",\"logo\":{\"@type\":\"ImageObject\",\"inLanguage\":\"pt-BR\",\"@id\":\"https:\/\/www.pm.pb.gov.br\/portal\/#\/schema\/logo\/image\/\",\"url\":\"https:\/\/www.pm.pb.gov.br\/portal\/wp-content\/uploads\/2025\/03\/cropped-logo-site-mag2-1.png\",\"contentUrl\":\"https:\/\/www.pm.pb.gov.br\/portal\/wp-content\/uploads\/2025\/03\/cropped-logo-site-mag2-1.png\",\"width\":320,\"height\":90,\"caption\":\"Pol\u00edcia Militar da Para\u00edba\"},\"image\":{\"@id\":\"https:\/\/www.pm.pb.gov.br\/portal\/#\/schema\/logo\/image\/\"}},{\"@type\":\"Person\",\"@id\":\"https:\/\/www.pm.pb.gov.br\/portal\/#\/schema\/person\/30d571652b38533c2211e4e89bf5a502\",\"name\":\"Marcio Gomes dos Santos\",\"image\":{\"@type\":\"ImageObject\",\"inLanguage\":\"pt-BR\",\"@id\":\"https:\/\/www.pm.pb.gov.br\/portal\/#\/schema\/person\/image\/\",\"url\":\"https:\/\/secure.gravatar.com\/avatar\/cf4ec2cb690101e1581c7773aa350c19?s=96&d=mm&r=g\",\"contentUrl\":\"https:\/\/secure.gravatar.com\/avatar\/cf4ec2cb690101e1581c7773aa350c19?s=96&d=mm&r=g\",\"caption\":\"Marcio Gomes dos Santos\"},\"url\":\"https:\/\/www.pm.pb.gov.br\/portal\/author\/mgomes\/\"}]}<\/script>\n<!-- \/ Yoast SEO plugin. -->","yoast_head_json":{"title":"Pol\u00edcia Militar prende suspeito de tr\u00e1fico de drogas na cidade de Cabedelo - Pol\u00edcia Militar da Para\u00edba","robots":{"index":"index","follow":"follow","max-snippet":"max-snippet:-1","max-image-preview":"max-image-preview:large","max-video-preview":"max-video-preview:-1"},"canonical":"https:\/\/www.pm.pb.gov.br\/portal\/2017\/11\/23\/policia-militar-prende-suspeito-de-trafico-de-drogas-na-cidade-de-cabedelo\/","og_locale":"pt_BR","og_type":"article","og_title":"Pol\u00edcia Militar prende suspeito de tr\u00e1fico de drogas na cidade de Cabedelo - Pol\u00edcia Militar da Para\u00edba","og_description":"A Pol\u00edcia Militar interceptou a entrega de mais de 7 kg de maconha e crack que seria feita na noite","og_url":"https:\/\/www.pm.pb.gov.br\/portal\/2017\/11\/23\/policia-militar-prende-suspeito-de-trafico-de-drogas-na-cidade-de-cabedelo\/","og_site_name":"Pol\u00edcia Militar da Para\u00edba","article_published_time":"2017-11-23T13:56:28+00:00","og_image":[{"width":800,"height":445,"url":"https:\/\/www.pm.pb.gov.br\/portal\/wp-content\/uploads\/2017\/11\/drogasemcabedelo.jpg","type":"image\/jpeg"}],"author":"Marcio Gomes dos Santos","twitter_card":"summary_large_image","twitter_misc":{"Escrito por":"Marcio Gomes dos Santos","Est. tempo de leitura":"2 minutos"},"schema":{"@context":"https:\/\/schema.org","@graph":[{"@type":"Article","@id":"https:\/\/www.pm.pb.gov.br\/portal\/2017\/11\/23\/policia-militar-prende-suspeito-de-trafico-de-drogas-na-cidade-de-cabedelo\/#article","isPartOf":{"@id":"https:\/\/www.pm.pb.gov.br\/portal\/2017\/11\/23\/policia-militar-prende-suspeito-de-trafico-de-drogas-na-cidade-de-cabedelo\/"},"author":{"name":"Marcio Gomes dos Santos","@id":"https:\/\/www.pm.pb.gov.br\/portal\/#\/schema\/person\/30d571652b38533c2211e4e89bf5a502"},"headline":"Pol\u00edcia Militar prende suspeito de tr\u00e1fico de drogas na cidade de Cabedelo","datePublished":"2017-11-23T13:56:28+00:00","dateModified":"2017-11-23T13:56:28+00:00","mainEntityOfPage":{"@id":"https:\/\/www.pm.pb.gov.br\/portal\/2017\/11\/23\/policia-militar-prende-suspeito-de-trafico-de-drogas-na-cidade-de-cabedelo\/"},"wordCount":395,"publisher":{"@id":"https:\/\/www.pm.pb.gov.br\/portal\/#organization"},"articleSection":["A\u00e7\u00f5es Policiais"],"inLanguage":"pt-BR"},{"@type":"WebPage","@id":"https:\/\/www.pm.pb.gov.br\/portal\/2017\/11\/23\/policia-militar-prende-suspeito-de-trafico-de-drogas-na-cidade-de-cabedelo\/","url":"https:\/\/www.pm.pb.gov.br\/portal\/2017\/11\/23\/policia-militar-prende-suspeito-de-trafico-de-drogas-na-cidade-de-cabedelo\/","name":"Pol\u00edcia Militar prende suspeito de tr\u00e1fico de drogas na cidade de Cabedelo - Pol\u00edcia Militar da Para\u00edba","isPartOf":{"@id":"https:\/\/www.pm.pb.gov.br\/portal\/#website"},"datePublished":"2017-11-23T13:56:28+00:00","dateModified":"2017-11-23T13:56:28+00:00","breadcrumb":{"@id":"https:\/\/www.pm.pb.gov.br\/portal\/2017\/11\/23\/policia-militar-prende-suspeito-de-trafico-de-drogas-na-cidade-de-cabedelo\/#breadcrumb"},"inLanguage":"pt-BR","potentialAction":[{"@type":"ReadAction","target":["https:\/\/www.pm.pb.gov.br\/portal\/2017\/11\/23\/policia-militar-prende-suspeito-de-trafico-de-drogas-na-cidade-de-cabedelo\/"]}]},{"@type":"BreadcrumbList","@id":"https:\/\/www.pm.pb.gov.br\/portal\/2017\/11\/23\/policia-militar-prende-suspeito-de-trafico-de-drogas-na-cidade-de-cabedelo\/#breadcrumb","itemListElement":[{"@type":"ListItem","position":1,"name":"In\u00edcio","item":"https:\/\/www.pm.pb.gov.br\/portal\/"},{"@type":"ListItem","position":2,"name":"Pol\u00edcia Militar prende suspeito de tr\u00e1fico de drogas na cidade de Cabedelo"}]},{"@type":"WebSite","@id":"https:\/\/www.pm.pb.gov.br\/portal\/#website","url":"https:\/\/www.pm.pb.gov.br\/portal\/","name":"Pol\u00edcia Militar da Para\u00edba","description":"","publisher":{"@id":"https:\/\/www.pm.pb.gov.br\/portal\/#organization"},"potentialAction":[{"@type":"SearchAction","target":{"@type":"EntryPoint","urlTemplate":"https:\/\/www.pm.pb.gov.br\/portal\/?s={search_term_string}"},"query-input":"required name=search_term_string"}],"inLanguage":"pt-BR"},{"@type":"Organization","@id":"https:\/\/www.pm.pb.gov.br\/portal\/#organization","name":"Pol\u00edcia Militar da Para\u00edba","url":"https:\/\/www.pm.pb.gov.br\/portal\/","logo":{"@type":"ImageObject","inLanguage":"pt-BR","@id":"https:\/\/www.pm.pb.gov.br\/portal\/#\/schema\/logo\/image\/","url":"https:\/\/www.pm.pb.gov.br\/portal\/wp-content\/uploads\/2025\/03\/cropped-logo-site-mag2-1.png","contentUrl":"https:\/\/www.pm.pb.gov.br\/portal\/wp-content\/uploads\/2025\/03\/cropped-logo-site-mag2-1.png","width":320,"height":90,"caption":"Pol\u00edcia Militar da Para\u00edba"},"image":{"@id":"https:\/\/www.pm.pb.gov.br\/portal\/#\/schema\/logo\/image\/"}},{"@type":"Person","@id":"https:\/\/www.pm.pb.gov.br\/portal\/#\/schema\/person\/30d571652b38533c2211e4e89bf5a502","name":"Marcio Gomes dos Santos","image":{"@type":"ImageObject","inLanguage":"pt-BR","@id":"https:\/\/www.pm.pb.gov.br\/portal\/#\/schema\/person\/image\/","url":"https:\/\/secure.gravatar.com\/avatar\/cf4ec2cb690101e1581c7773aa350c19?s=96&d=mm&r=g","contentUrl":"https:\/\/secure.gravatar.com\/avatar\/cf4ec2cb690101e1581c7773aa350c19?s=96&d=mm&r=g","caption":"Marcio Gomes dos Santos"},"url":"https:\/\/www.pm.pb.gov.br\/portal\/author\/mgomes\/"}]}},"_links":{"self":[{"href":"https:\/\/www.pm.pb.gov.br\/portal\/wp-json\/wp\/v2\/posts\/896128"}],"collection":[{"href":"https:\/\/www.pm.pb.gov.br\/portal\/wp-json\/wp\/v2\/posts"}],"about":[{"href":"https:\/\/www.pm.pb.gov.br\/portal\/wp-json\/wp\/v2\/types\/post"}],"author":[{"embeddable":true,"href":"https:\/\/www.pm.pb.gov.br\/portal\/wp-json\/wp\/v2\/users\/15"}],"replies":[{"embeddable":true,"href":"https:\/\/www.pm.pb.gov.br\/portal\/wp-json\/wp\/v2\/comments?post=896128"}],"version-history":[{"count":4,"href":"https:\/\/www.pm.pb.gov.br\/portal\/wp-json\/wp\/v2\/posts\/896128\/revisions"}],"predecessor-version":[{"id":896134,"href":"https:\/\/www.pm.pb.gov.br\/portal\/wp-json\/wp\/v2\/posts\/896128\/revisions\/896134"}],"wp:featuredmedia":[{"embeddable":true,"href":"https:\/\/www.pm.pb.gov.br\/portal\/wp-json\/wp\/v2\/media\/896122"}],"wp:attachment":[{"href":"https:\/\/www.pm.pb.gov.br\/portal\/wp-json\/wp\/v2\/media?parent=896128"}],"wp:term":[{"taxonomy":"category","embeddable":true,"href":"https:\/\/www.pm.pb.gov.br\/portal\/wp-json\/wp\/v2\/categories?post=896128"},{"taxonomy":"post_tag","embeddable":true,"href":"https:\/\/www.pm.pb.gov.br\/portal\/wp-json\/wp\/v2\/tags?post=896128"}],"curies":[{"name":"wp","href":"https:\/\/api.w.org\/{rel}","templated":true}]}}