{"id":896123,"date":"2017-11-23T10:18:56","date_gmt":"2017-11-23T13:18:56","guid":{"rendered":"http:\/\/www.pm.pb.gov.br\/portal\/?p=896123"},"modified":"2017-11-23T10:42:17","modified_gmt":"2017-11-23T13:42:17","slug":"policia-militar-prende-homem-por-porte-ilegal-de-arma-em-comunidade-da-capital","status":"publish","type":"post","link":"https:\/\/www.pm.pb.gov.br\/portal\/2017\/11\/23\/policia-militar-prende-homem-por-porte-ilegal-de-arma-em-comunidade-da-capital\/","title":{"rendered":"Pol\u00edcia Militar prende homem por porte ilegal de arma em comunidade da Capital"},"content":{"rendered":"<figure id=\"attachment_896124\" aria-describedby=\"caption-attachment-896124\" style=\"width: 214px\" class=\"wp-caption alignleft\"><img loading=\"lazy\" decoding=\"async\" class=\"wp-image-896124\" src=\"http:\/\/www.pm.pb.gov.br\/portal\/wp-content\/uploads\/2017\/11\/WhatsApp-Image-2017-11-22-at-17.14.49-250x445.jpeg\" alt=\"\" width=\"214\" height=\"381\" srcset=\"https:\/\/www.pm.pb.gov.br\/portal\/wp-content\/uploads\/2017\/11\/WhatsApp-Image-2017-11-22-at-17.14.49-250x445.jpeg 250w, https:\/\/www.pm.pb.gov.br\/portal\/wp-content\/uploads\/2017\/11\/WhatsApp-Image-2017-11-22-at-17.14.49-321x570.jpeg 321w, https:\/\/www.pm.pb.gov.br\/portal\/wp-content\/uploads\/2017\/11\/WhatsApp-Image-2017-11-22-at-17.14.49.jpeg 720w\" sizes=\"(max-width: 214px) 100vw, 214px\" \/><figcaption id=\"caption-attachment-896124\" class=\"wp-caption-text\"><span style=\"font-size: 10pt;\">Armas apreendidas com o suspeito no Bairro dos Novais<\/span><\/figcaption><\/figure>\n<p style=\"font-weight: 400; text-align: justify;\">Um homem foi preso em flagrante com dois rev\u00f3lveres calibre 38, na tarde dessa quarta-feira (22), durante patrulhamento realizado por policiais da for\u00e7a T\u00e1tica do 1\u00ba Batalh\u00e3o, no Bairro dos Novais. O suspeito, de 20 anos, estava em uma motocicleta e tentou se livrar das armas jogando elas por cima de um muro.<\/p>\n<p style=\"font-weight: 400; text-align: justify;\">Segundo o cabo Leonardo de Fran\u00e7a, da For\u00e7a T\u00e1tica, a guarni\u00e7\u00e3o estava intensificando as rondas no bairro, quando se deparou com dois suspeitos em uma moto que ao visualizarem a viatura policial tentaram fugir, sendo alcan\u00e7ados em uma vila na comunidade. \u201cOs suspeitos pararam a moto na Vila Cabral e desceram correndo, o carona conseguiu fugir, mas conseguimos deter um dos suspeitos, que tentou se livrar das armas jogando-as por cima do muro de uma resid\u00eancia, por\u00e9m conseguimos apreend\u00ea-las\u201d, comentou o policial. O suspeito preso j\u00e1 responde por crime na Lei de Drogas.<\/p>\n<p style=\"font-weight: 400; text-align: justify;\">O suspeito e as armas apreendidas foram apresentados na Central de Flagrantes, no bairro do Geisel.<\/p>\n<p style=\"font-weight: 400; text-align: justify;\">As a\u00e7\u00f5es na \u00e1rea t\u00eam sido intensificadas neste per\u00edodo. Na \u00faltima ter\u00e7a-feira (21), policiais militares do 1\u00ba Batalh\u00e3o realizaram a pris\u00e3o de um homem com 100 muni\u00e7\u00f5es no mesmo bairro.<\/p>\n","protected":false},"excerpt":{"rendered":"<p>Um homem foi preso em flagrante com dois rev\u00f3lveres calibre 38, na tarde dessa quarta-feira (22), durante patrulhamento realizado por<\/p>\n","protected":false},"author":12,"featured_media":895497,"comment_status":"closed","ping_status":"closed","sticky":false,"template":"","format":"standard","meta":{"_exactmetrics_skip_tracking":false,"_exactmetrics_sitenote_active":false,"_exactmetrics_sitenote_note":"","_exactmetrics_sitenote_category":0,"footnotes":""},"categories":[4],"tags":[],"yoast_head":"<!-- This site is optimized with the Yoast SEO plugin v22.0 - https:\/\/yoast.com\/wordpress\/plugins\/seo\/ -->\n<title>Pol\u00edcia Militar prende homem por porte ilegal de arma em comunidade da Capital - Pol\u00edcia Militar da Para\u00edba<\/title>\n<meta name=\"robots\" content=\"index, follow, max-snippet:-1, max-image-preview:large, max-video-preview:-1\" \/>\n<link rel=\"canonical\" href=\"https:\/\/www.pm.pb.gov.br\/portal\/2017\/11\/23\/policia-militar-prende-homem-por-porte-ilegal-de-arma-em-comunidade-da-capital\/\" \/>\n<meta property=\"og:locale\" content=\"pt_BR\" \/>\n<meta property=\"og:type\" content=\"article\" \/>\n<meta property=\"og:title\" content=\"Pol\u00edcia Militar prende homem por porte ilegal de arma em comunidade da Capital - Pol\u00edcia Militar da Para\u00edba\" \/>\n<meta property=\"og:description\" content=\"Um homem foi preso em flagrante com dois rev\u00f3lveres calibre 38, na tarde dessa quarta-feira (22), durante patrulhamento realizado por\" \/>\n<meta property=\"og:url\" content=\"https:\/\/www.pm.pb.gov.br\/portal\/2017\/11\/23\/policia-militar-prende-homem-por-porte-ilegal-de-arma-em-comunidade-da-capital\/\" \/>\n<meta property=\"og:site_name\" content=\"Pol\u00edcia Militar da Para\u00edba\" \/>\n<meta property=\"article:published_time\" content=\"2017-11-23T13:18:56+00:00\" \/>\n<meta property=\"article:modified_time\" content=\"2017-11-23T13:42:17+00:00\" \/>\n<meta property=\"og:image\" content=\"https:\/\/www.pm.pb.gov.br\/portal\/wp-content\/uploads\/2017\/09\/imagem-ilustrativa1.jpg\" \/>\n\t<meta property=\"og:image:width\" content=\"800\" \/>\n\t<meta property=\"og:image:height\" content=\"445\" \/>\n\t<meta property=\"og:image:type\" content=\"image\/jpeg\" \/>\n<meta name=\"author\" content=\"Tarcisio Oliveira\" \/>\n<meta name=\"twitter:card\" content=\"summary_large_image\" \/>\n<meta name=\"twitter:label1\" content=\"Escrito por\" \/>\n\t<meta name=\"twitter:data1\" content=\"Tarcisio Oliveira\" \/>\n\t<meta name=\"twitter:label2\" content=\"Est. tempo de leitura\" \/>\n\t<meta name=\"twitter:data2\" content=\"1 minuto\" \/>\n<script type=\"application\/ld+json\" class=\"yoast-schema-graph\">{\"@context\":\"https:\/\/schema.org\",\"@graph\":[{\"@type\":\"Article\",\"@id\":\"https:\/\/www.pm.pb.gov.br\/portal\/2017\/11\/23\/policia-militar-prende-homem-por-porte-ilegal-de-arma-em-comunidade-da-capital\/#article\",\"isPartOf\":{\"@id\":\"https:\/\/www.pm.pb.gov.br\/portal\/2017\/11\/23\/policia-militar-prende-homem-por-porte-ilegal-de-arma-em-comunidade-da-capital\/\"},\"author\":{\"name\":\"Tarcisio Oliveira\",\"@id\":\"https:\/\/www.pm.pb.gov.br\/portal\/#\/schema\/person\/f84f56dcc78ce4357054da888b8247fd\"},\"headline\":\"Pol\u00edcia Militar prende homem por porte ilegal de arma em comunidade da Capital\",\"datePublished\":\"2017-11-23T13:18:56+00:00\",\"dateModified\":\"2017-11-23T13:42:17+00:00\",\"mainEntityOfPage\":{\"@id\":\"https:\/\/www.pm.pb.gov.br\/portal\/2017\/11\/23\/policia-militar-prende-homem-por-porte-ilegal-de-arma-em-comunidade-da-capital\/\"},\"wordCount\":234,\"publisher\":{\"@id\":\"https:\/\/www.pm.pb.gov.br\/portal\/#organization\"},\"articleSection\":[\"A\u00e7\u00f5es Policiais\"],\"inLanguage\":\"pt-BR\"},{\"@type\":\"WebPage\",\"@id\":\"https:\/\/www.pm.pb.gov.br\/portal\/2017\/11\/23\/policia-militar-prende-homem-por-porte-ilegal-de-arma-em-comunidade-da-capital\/\",\"url\":\"https:\/\/www.pm.pb.gov.br\/portal\/2017\/11\/23\/policia-militar-prende-homem-por-porte-ilegal-de-arma-em-comunidade-da-capital\/\",\"name\":\"Pol\u00edcia Militar prende homem por porte ilegal de arma em comunidade da Capital - Pol\u00edcia Militar da Para\u00edba\",\"isPartOf\":{\"@id\":\"https:\/\/www.pm.pb.gov.br\/portal\/#website\"},\"datePublished\":\"2017-11-23T13:18:56+00:00\",\"dateModified\":\"2017-11-23T13:42:17+00:00\",\"breadcrumb\":{\"@id\":\"https:\/\/www.pm.pb.gov.br\/portal\/2017\/11\/23\/policia-militar-prende-homem-por-porte-ilegal-de-arma-em-comunidade-da-capital\/#breadcrumb\"},\"inLanguage\":\"pt-BR\",\"potentialAction\":[{\"@type\":\"ReadAction\",\"target\":[\"https:\/\/www.pm.pb.gov.br\/portal\/2017\/11\/23\/policia-militar-prende-homem-por-porte-ilegal-de-arma-em-comunidade-da-capital\/\"]}]},{\"@type\":\"BreadcrumbList\",\"@id\":\"https:\/\/www.pm.pb.gov.br\/portal\/2017\/11\/23\/policia-militar-prende-homem-por-porte-ilegal-de-arma-em-comunidade-da-capital\/#breadcrumb\",\"itemListElement\":[{\"@type\":\"ListItem\",\"position\":1,\"name\":\"In\u00edcio\",\"item\":\"https:\/\/www.pm.pb.gov.br\/portal\/\"},{\"@type\":\"ListItem\",\"position\":2,\"name\":\"Pol\u00edcia Militar prende homem por porte ilegal de arma em comunidade da Capital\"}]},{\"@type\":\"WebSite\",\"@id\":\"https:\/\/www.pm.pb.gov.br\/portal\/#website\",\"url\":\"https:\/\/www.pm.pb.gov.br\/portal\/\",\"name\":\"Pol\u00edcia Militar da Para\u00edba\",\"description\":\"\",\"publisher\":{\"@id\":\"https:\/\/www.pm.pb.gov.br\/portal\/#organization\"},\"potentialAction\":[{\"@type\":\"SearchAction\",\"target\":{\"@type\":\"EntryPoint\",\"urlTemplate\":\"https:\/\/www.pm.pb.gov.br\/portal\/?s={search_term_string}\"},\"query-input\":\"required name=search_term_string\"}],\"inLanguage\":\"pt-BR\"},{\"@type\":\"Organization\",\"@id\":\"https:\/\/www.pm.pb.gov.br\/portal\/#organization\",\"name\":\"Pol\u00edcia Militar da Para\u00edba\",\"url\":\"https:\/\/www.pm.pb.gov.br\/portal\/\",\"logo\":{\"@type\":\"ImageObject\",\"inLanguage\":\"pt-BR\",\"@id\":\"https:\/\/www.pm.pb.gov.br\/portal\/#\/schema\/logo\/image\/\",\"url\":\"https:\/\/www.pm.pb.gov.br\/portal\/wp-content\/uploads\/2025\/03\/cropped-logo-site-mag2-1.png\",\"contentUrl\":\"https:\/\/www.pm.pb.gov.br\/portal\/wp-content\/uploads\/2025\/03\/cropped-logo-site-mag2-1.png\",\"width\":320,\"height\":90,\"caption\":\"Pol\u00edcia Militar da Para\u00edba\"},\"image\":{\"@id\":\"https:\/\/www.pm.pb.gov.br\/portal\/#\/schema\/logo\/image\/\"}},{\"@type\":\"Person\",\"@id\":\"https:\/\/www.pm.pb.gov.br\/portal\/#\/schema\/person\/f84f56dcc78ce4357054da888b8247fd\",\"name\":\"Tarcisio Oliveira\",\"image\":{\"@type\":\"ImageObject\",\"inLanguage\":\"pt-BR\",\"@id\":\"https:\/\/www.pm.pb.gov.br\/portal\/#\/schema\/person\/image\/\",\"url\":\"https:\/\/secure.gravatar.com\/avatar\/72917b630b69d31cd0297507f34bac97?s=96&d=mm&r=g\",\"contentUrl\":\"https:\/\/secure.gravatar.com\/avatar\/72917b630b69d31cd0297507f34bac97?s=96&d=mm&r=g\",\"caption\":\"Tarcisio Oliveira\"},\"url\":\"https:\/\/www.pm.pb.gov.br\/portal\/author\/tarcisio\/\"}]}<\/script>\n<!-- \/ Yoast SEO plugin. -->","yoast_head_json":{"title":"Pol\u00edcia Militar prende homem por porte ilegal de arma em comunidade da Capital - Pol\u00edcia Militar da Para\u00edba","robots":{"index":"index","follow":"follow","max-snippet":"max-snippet:-1","max-image-preview":"max-image-preview:large","max-video-preview":"max-video-preview:-1"},"canonical":"https:\/\/www.pm.pb.gov.br\/portal\/2017\/11\/23\/policia-militar-prende-homem-por-porte-ilegal-de-arma-em-comunidade-da-capital\/","og_locale":"pt_BR","og_type":"article","og_title":"Pol\u00edcia Militar prende homem por porte ilegal de arma em comunidade da Capital - Pol\u00edcia Militar da Para\u00edba","og_description":"Um homem foi preso em flagrante com dois rev\u00f3lveres calibre 38, na tarde dessa quarta-feira (22), durante patrulhamento realizado por","og_url":"https:\/\/www.pm.pb.gov.br\/portal\/2017\/11\/23\/policia-militar-prende-homem-por-porte-ilegal-de-arma-em-comunidade-da-capital\/","og_site_name":"Pol\u00edcia Militar da Para\u00edba","article_published_time":"2017-11-23T13:18:56+00:00","article_modified_time":"2017-11-23T13:42:17+00:00","og_image":[{"width":800,"height":445,"url":"https:\/\/www.pm.pb.gov.br\/portal\/wp-content\/uploads\/2017\/09\/imagem-ilustrativa1.jpg","type":"image\/jpeg"}],"author":"Tarcisio Oliveira","twitter_card":"summary_large_image","twitter_misc":{"Escrito por":"Tarcisio Oliveira","Est. tempo de leitura":"1 minuto"},"schema":{"@context":"https:\/\/schema.org","@graph":[{"@type":"Article","@id":"https:\/\/www.pm.pb.gov.br\/portal\/2017\/11\/23\/policia-militar-prende-homem-por-porte-ilegal-de-arma-em-comunidade-da-capital\/#article","isPartOf":{"@id":"https:\/\/www.pm.pb.gov.br\/portal\/2017\/11\/23\/policia-militar-prende-homem-por-porte-ilegal-de-arma-em-comunidade-da-capital\/"},"author":{"name":"Tarcisio Oliveira","@id":"https:\/\/www.pm.pb.gov.br\/portal\/#\/schema\/person\/f84f56dcc78ce4357054da888b8247fd"},"headline":"Pol\u00edcia Militar prende homem por porte ilegal de arma em comunidade da Capital","datePublished":"2017-11-23T13:18:56+00:00","dateModified":"2017-11-23T13:42:17+00:00","mainEntityOfPage":{"@id":"https:\/\/www.pm.pb.gov.br\/portal\/2017\/11\/23\/policia-militar-prende-homem-por-porte-ilegal-de-arma-em-comunidade-da-capital\/"},"wordCount":234,"publisher":{"@id":"https:\/\/www.pm.pb.gov.br\/portal\/#organization"},"articleSection":["A\u00e7\u00f5es Policiais"],"inLanguage":"pt-BR"},{"@type":"WebPage","@id":"https:\/\/www.pm.pb.gov.br\/portal\/2017\/11\/23\/policia-militar-prende-homem-por-porte-ilegal-de-arma-em-comunidade-da-capital\/","url":"https:\/\/www.pm.pb.gov.br\/portal\/2017\/11\/23\/policia-militar-prende-homem-por-porte-ilegal-de-arma-em-comunidade-da-capital\/","name":"Pol\u00edcia Militar prende homem por porte ilegal de arma em comunidade da Capital - Pol\u00edcia Militar da Para\u00edba","isPartOf":{"@id":"https:\/\/www.pm.pb.gov.br\/portal\/#website"},"datePublished":"2017-11-23T13:18:56+00:00","dateModified":"2017-11-23T13:42:17+00:00","breadcrumb":{"@id":"https:\/\/www.pm.pb.gov.br\/portal\/2017\/11\/23\/policia-militar-prende-homem-por-porte-ilegal-de-arma-em-comunidade-da-capital\/#breadcrumb"},"inLanguage":"pt-BR","potentialAction":[{"@type":"ReadAction","target":["https:\/\/www.pm.pb.gov.br\/portal\/2017\/11\/23\/policia-militar-prende-homem-por-porte-ilegal-de-arma-em-comunidade-da-capital\/"]}]},{"@type":"BreadcrumbList","@id":"https:\/\/www.pm.pb.gov.br\/portal\/2017\/11\/23\/policia-militar-prende-homem-por-porte-ilegal-de-arma-em-comunidade-da-capital\/#breadcrumb","itemListElement":[{"@type":"ListItem","position":1,"name":"In\u00edcio","item":"https:\/\/www.pm.pb.gov.br\/portal\/"},{"@type":"ListItem","position":2,"name":"Pol\u00edcia Militar prende homem por porte ilegal de arma em comunidade da Capital"}]},{"@type":"WebSite","@id":"https:\/\/www.pm.pb.gov.br\/portal\/#website","url":"https:\/\/www.pm.pb.gov.br\/portal\/","name":"Pol\u00edcia Militar da Para\u00edba","description":"","publisher":{"@id":"https:\/\/www.pm.pb.gov.br\/portal\/#organization"},"potentialAction":[{"@type":"SearchAction","target":{"@type":"EntryPoint","urlTemplate":"https:\/\/www.pm.pb.gov.br\/portal\/?s={search_term_string}"},"query-input":"required name=search_term_string"}],"inLanguage":"pt-BR"},{"@type":"Organization","@id":"https:\/\/www.pm.pb.gov.br\/portal\/#organization","name":"Pol\u00edcia Militar da Para\u00edba","url":"https:\/\/www.pm.pb.gov.br\/portal\/","logo":{"@type":"ImageObject","inLanguage":"pt-BR","@id":"https:\/\/www.pm.pb.gov.br\/portal\/#\/schema\/logo\/image\/","url":"https:\/\/www.pm.pb.gov.br\/portal\/wp-content\/uploads\/2025\/03\/cropped-logo-site-mag2-1.png","contentUrl":"https:\/\/www.pm.pb.gov.br\/portal\/wp-content\/uploads\/2025\/03\/cropped-logo-site-mag2-1.png","width":320,"height":90,"caption":"Pol\u00edcia Militar da Para\u00edba"},"image":{"@id":"https:\/\/www.pm.pb.gov.br\/portal\/#\/schema\/logo\/image\/"}},{"@type":"Person","@id":"https:\/\/www.pm.pb.gov.br\/portal\/#\/schema\/person\/f84f56dcc78ce4357054da888b8247fd","name":"Tarcisio Oliveira","image":{"@type":"ImageObject","inLanguage":"pt-BR","@id":"https:\/\/www.pm.pb.gov.br\/portal\/#\/schema\/person\/image\/","url":"https:\/\/secure.gravatar.com\/avatar\/72917b630b69d31cd0297507f34bac97?s=96&d=mm&r=g","contentUrl":"https:\/\/secure.gravatar.com\/avatar\/72917b630b69d31cd0297507f34bac97?s=96&d=mm&r=g","caption":"Tarcisio Oliveira"},"url":"https:\/\/www.pm.pb.gov.br\/portal\/author\/tarcisio\/"}]}},"_links":{"self":[{"href":"https:\/\/www.pm.pb.gov.br\/portal\/wp-json\/wp\/v2\/posts\/896123"}],"collection":[{"href":"https:\/\/www.pm.pb.gov.br\/portal\/wp-json\/wp\/v2\/posts"}],"about":[{"href":"https:\/\/www.pm.pb.gov.br\/portal\/wp-json\/wp\/v2\/types\/post"}],"author":[{"embeddable":true,"href":"https:\/\/www.pm.pb.gov.br\/portal\/wp-json\/wp\/v2\/users\/12"}],"replies":[{"embeddable":true,"href":"https:\/\/www.pm.pb.gov.br\/portal\/wp-json\/wp\/v2\/comments?post=896123"}],"version-history":[{"count":3,"href":"https:\/\/www.pm.pb.gov.br\/portal\/wp-json\/wp\/v2\/posts\/896123\/revisions"}],"predecessor-version":[{"id":896127,"href":"https:\/\/www.pm.pb.gov.br\/portal\/wp-json\/wp\/v2\/posts\/896123\/revisions\/896127"}],"wp:featuredmedia":[{"embeddable":true,"href":"https:\/\/www.pm.pb.gov.br\/portal\/wp-json\/wp\/v2\/media\/895497"}],"wp:attachment":[{"href":"https:\/\/www.pm.pb.gov.br\/portal\/wp-json\/wp\/v2\/media?parent=896123"}],"wp:term":[{"taxonomy":"category","embeddable":true,"href":"https:\/\/www.pm.pb.gov.br\/portal\/wp-json\/wp\/v2\/categories?post=896123"},{"taxonomy":"post_tag","embeddable":true,"href":"https:\/\/www.pm.pb.gov.br\/portal\/wp-json\/wp\/v2\/tags?post=896123"}],"curies":[{"name":"wp","href":"https:\/\/api.w.org\/{rel}","templated":true}]}}