{"id":896115,"date":"2017-11-22T09:18:06","date_gmt":"2017-11-22T12:18:06","guid":{"rendered":"http:\/\/www.pm.pb.gov.br\/portal\/?p=896115"},"modified":"2017-11-22T09:18:06","modified_gmt":"2017-11-22T12:18:06","slug":"acoes-da-pm-de-combate-ao-trafico-apreendem-drogas-duas-armas-de-fogo-e-detem-tres-suspeitos-na-capital","status":"publish","type":"post","link":"https:\/\/www.pm.pb.gov.br\/portal\/2017\/11\/22\/acoes-da-pm-de-combate-ao-trafico-apreendem-drogas-duas-armas-de-fogo-e-detem-tres-suspeitos-na-capital\/","title":{"rendered":"A\u00e7\u00f5es da PM de combate ao tr\u00e1fico apreendem drogas, duas armas de fogo e det\u00e9m tr\u00eas suspeitos na Capital"},"content":{"rendered":"<p style=\"font-weight: 400; text-align: justify;\">Duas armas de fogo, cerca de um quilo e meio de maconha, crack e coca\u00edna foram apreendidos pela Pol\u00edcia Militar durante opera\u00e7\u00e3o de combate ao tr\u00e1fico de drogas, no bairro de Cruz das Armas, em Jo\u00e3o Pessoa. Na a\u00e7\u00e3o, que aconteceu na noite dessa ter\u00e7a-feira (21), dois adultos foram presos e um adolescente apreendido pelos policiais da For\u00e7a Regional.<\/p>\n<p style=\"font-weight: 400; text-align: justify;\">Por volta das 22h30, policiais receberam informa\u00e7\u00f5es de um ponto de tr\u00e1fico no bairro, nas proximidades de uma regi\u00e3o conhecida por \u2018ladeira do Pacote\u2019 e iniciaram dilig\u00eancias. \u201cDurante a aproxima\u00e7\u00e3o a um ponto denunciado como boca de fumo, alguns suspeitos que estavam na casa notaram a aproxima\u00e7\u00e3o da PM e tentaram fugir\u201d, contou o sargento Daniel Cruz. \u201cRealizamos o cerco e, ao todo, tr\u00eas pessoas foram detidas, incluindo um adolescente que estava com um rev\u00f3lver calibre 38. Os outros dois detidos s\u00e3o maiores, e um outro suspeito conseguiu fugir\u201d.<\/p>\n<p style=\"font-weight: 400; text-align: justify;\">Na casa, a pol\u00edcia encontrou maconha, balan\u00e7a de precis\u00e3o, pedras de crack, cerca de 100 gramas de coca\u00edna, v\u00e1rios pinos e papel alum\u00ednio para armazenamento e transporte das drogas. \u201cTamb\u00e9m encontramos faca e gilete no local. Provavelmente, eles estavam fracionando e embalando as drogas para o tr\u00e1fico\u201d, explicou o sargento Cruz. Celulares tamb\u00e9m foram encontrados pelos policiais.<\/p>\n<p style=\"font-weight: 400; text-align: justify;\">Durante a vistoria no local, uma pistola foi encontrada dentro do fog\u00e3o e tr\u00eas carregadores com muni\u00e7\u00f5es estavam no quintal. Ao todo, 31 muni\u00e7\u00f5es de pistola e seis de rev\u00f3lver, sendo uma deflagrada, foram apreendidas. O Canil da Pol\u00edcia Militar tamb\u00e9m foi chamado, mas n\u00e3o localizou outros entorpecentes ou armas de fogo. Segundo os policiais, o adolescente apreendido j\u00e1 respondeu por ato infracional an\u00e1logo \u00e0 roubo. O caso foi levado para a Central de Pol\u00edcia Civil, no Geisel.<\/p>\n<p style=\"font-weight: 400; text-align: justify;\"><strong>Em Campina Grande<\/strong>\u00a0\u2013 Ainda na noite dessa ter\u00e7a-feira (21), policiais militares da Ronda Ostensivas T\u00e1ticas com Apoio de Motocicletas (Rotam) apreenderam pedras de crack, balan\u00e7a de precis\u00e3o, dinheiro e embalagens para drogas, dentro de uma casa abandonada, no bairro da Liberdade. Na a\u00e7\u00e3o, quatro suspeitos \u2013 dois de 38, um de 23 e outro de 18 anos \u2013 foram conduzidos at\u00e9 a delegacia de Pol\u00edcia Civil.<\/p>\n<p style=\"font-weight: 400; text-align: justify;\"><strong>Em Santa Rita<\/strong>\u00a0\u2013 Cerca de cinco quilos de maconha foram apreendidos durante o dia em um terreno, no bairro de Marcos Moura. Na a\u00e7\u00e3o, ningu\u00e9m foi preso.<\/p>\n<p style=\"font-weight: 400; text-align: justify;\"><strong>Na Capital<\/strong>\u00a0&#8211; Um homem foi preso com um rev\u00f3lver, seis muni\u00e7\u00f5es, balan\u00e7a de precis\u00e3o, um tablete com quase um quilo de maconha prensada, 365 embalagens para armazenar coca\u00edna e dinheiro trocado, durante a\u00e7\u00e3o dentro da comunidade do S\u00edtio, no bairro do Rangel.<\/p>\n","protected":false},"excerpt":{"rendered":"<p>Duas armas de fogo, cerca de um quilo e meio de maconha, crack e coca\u00edna foram apreendidos pela Pol\u00edcia Militar<\/p>\n","protected":false},"author":12,"featured_media":896114,"comment_status":"closed","ping_status":"closed","sticky":false,"template":"","format":"standard","meta":{"_exactmetrics_skip_tracking":false,"_exactmetrics_sitenote_active":false,"_exactmetrics_sitenote_note":"","_exactmetrics_sitenote_category":0,"footnotes":""},"categories":[4],"tags":[],"yoast_head":"<!-- This site is optimized with the Yoast SEO plugin v22.0 - https:\/\/yoast.com\/wordpress\/plugins\/seo\/ -->\n<title>A\u00e7\u00f5es da PM de combate ao tr\u00e1fico apreendem drogas, duas armas de fogo e det\u00e9m tr\u00eas suspeitos na Capital - Pol\u00edcia Militar da Para\u00edba<\/title>\n<meta name=\"robots\" content=\"index, follow, max-snippet:-1, max-image-preview:large, max-video-preview:-1\" \/>\n<link rel=\"canonical\" href=\"https:\/\/www.pm.pb.gov.br\/portal\/2017\/11\/22\/acoes-da-pm-de-combate-ao-trafico-apreendem-drogas-duas-armas-de-fogo-e-detem-tres-suspeitos-na-capital\/\" \/>\n<meta property=\"og:locale\" content=\"pt_BR\" \/>\n<meta property=\"og:type\" content=\"article\" \/>\n<meta property=\"og:title\" content=\"A\u00e7\u00f5es da PM de combate ao tr\u00e1fico apreendem drogas, duas armas de fogo e det\u00e9m tr\u00eas suspeitos na Capital - Pol\u00edcia Militar da Para\u00edba\" \/>\n<meta property=\"og:description\" content=\"Duas armas de fogo, cerca de um quilo e meio de maconha, crack e coca\u00edna foram apreendidos pela Pol\u00edcia Militar\" \/>\n<meta property=\"og:url\" content=\"https:\/\/www.pm.pb.gov.br\/portal\/2017\/11\/22\/acoes-da-pm-de-combate-ao-trafico-apreendem-drogas-duas-armas-de-fogo-e-detem-tres-suspeitos-na-capital\/\" \/>\n<meta property=\"og:site_name\" content=\"Pol\u00edcia Militar da Para\u00edba\" \/>\n<meta property=\"article:published_time\" content=\"2017-11-22T12:18:06+00:00\" \/>\n<meta property=\"og:image\" content=\"https:\/\/www.pm.pb.gov.br\/portal\/wp-content\/uploads\/2017\/11\/apreens\u00e3oarmasedrogas.jpeg\" \/>\n\t<meta property=\"og:image:width\" content=\"800\" \/>\n\t<meta property=\"og:image:height\" content=\"445\" \/>\n\t<meta property=\"og:image:type\" content=\"image\/jpeg\" \/>\n<meta name=\"author\" content=\"Tarcisio Oliveira\" \/>\n<meta name=\"twitter:card\" content=\"summary_large_image\" \/>\n<meta name=\"twitter:label1\" content=\"Escrito por\" \/>\n\t<meta name=\"twitter:data1\" content=\"Tarcisio Oliveira\" \/>\n\t<meta name=\"twitter:label2\" content=\"Est. tempo de leitura\" \/>\n\t<meta name=\"twitter:data2\" content=\"2 minutos\" \/>\n<script type=\"application\/ld+json\" class=\"yoast-schema-graph\">{\"@context\":\"https:\/\/schema.org\",\"@graph\":[{\"@type\":\"Article\",\"@id\":\"https:\/\/www.pm.pb.gov.br\/portal\/2017\/11\/22\/acoes-da-pm-de-combate-ao-trafico-apreendem-drogas-duas-armas-de-fogo-e-detem-tres-suspeitos-na-capital\/#article\",\"isPartOf\":{\"@id\":\"https:\/\/www.pm.pb.gov.br\/portal\/2017\/11\/22\/acoes-da-pm-de-combate-ao-trafico-apreendem-drogas-duas-armas-de-fogo-e-detem-tres-suspeitos-na-capital\/\"},\"author\":{\"name\":\"Tarcisio Oliveira\",\"@id\":\"https:\/\/www.pm.pb.gov.br\/portal\/#\/schema\/person\/f84f56dcc78ce4357054da888b8247fd\"},\"headline\":\"A\u00e7\u00f5es da PM de combate ao tr\u00e1fico apreendem drogas, duas armas de fogo e det\u00e9m tr\u00eas suspeitos na Capital\",\"datePublished\":\"2017-11-22T12:18:06+00:00\",\"dateModified\":\"2017-11-22T12:18:06+00:00\",\"mainEntityOfPage\":{\"@id\":\"https:\/\/www.pm.pb.gov.br\/portal\/2017\/11\/22\/acoes-da-pm-de-combate-ao-trafico-apreendem-drogas-duas-armas-de-fogo-e-detem-tres-suspeitos-na-capital\/\"},\"wordCount\":481,\"publisher\":{\"@id\":\"https:\/\/www.pm.pb.gov.br\/portal\/#organization\"},\"articleSection\":[\"A\u00e7\u00f5es Policiais\"],\"inLanguage\":\"pt-BR\"},{\"@type\":\"WebPage\",\"@id\":\"https:\/\/www.pm.pb.gov.br\/portal\/2017\/11\/22\/acoes-da-pm-de-combate-ao-trafico-apreendem-drogas-duas-armas-de-fogo-e-detem-tres-suspeitos-na-capital\/\",\"url\":\"https:\/\/www.pm.pb.gov.br\/portal\/2017\/11\/22\/acoes-da-pm-de-combate-ao-trafico-apreendem-drogas-duas-armas-de-fogo-e-detem-tres-suspeitos-na-capital\/\",\"name\":\"A\u00e7\u00f5es da PM de combate ao tr\u00e1fico apreendem drogas, duas armas de fogo e det\u00e9m tr\u00eas suspeitos na Capital - Pol\u00edcia Militar da Para\u00edba\",\"isPartOf\":{\"@id\":\"https:\/\/www.pm.pb.gov.br\/portal\/#website\"},\"datePublished\":\"2017-11-22T12:18:06+00:00\",\"dateModified\":\"2017-11-22T12:18:06+00:00\",\"breadcrumb\":{\"@id\":\"https:\/\/www.pm.pb.gov.br\/portal\/2017\/11\/22\/acoes-da-pm-de-combate-ao-trafico-apreendem-drogas-duas-armas-de-fogo-e-detem-tres-suspeitos-na-capital\/#breadcrumb\"},\"inLanguage\":\"pt-BR\",\"potentialAction\":[{\"@type\":\"ReadAction\",\"target\":[\"https:\/\/www.pm.pb.gov.br\/portal\/2017\/11\/22\/acoes-da-pm-de-combate-ao-trafico-apreendem-drogas-duas-armas-de-fogo-e-detem-tres-suspeitos-na-capital\/\"]}]},{\"@type\":\"BreadcrumbList\",\"@id\":\"https:\/\/www.pm.pb.gov.br\/portal\/2017\/11\/22\/acoes-da-pm-de-combate-ao-trafico-apreendem-drogas-duas-armas-de-fogo-e-detem-tres-suspeitos-na-capital\/#breadcrumb\",\"itemListElement\":[{\"@type\":\"ListItem\",\"position\":1,\"name\":\"In\u00edcio\",\"item\":\"https:\/\/www.pm.pb.gov.br\/portal\/\"},{\"@type\":\"ListItem\",\"position\":2,\"name\":\"A\u00e7\u00f5es da PM de combate ao tr\u00e1fico apreendem drogas, duas armas de fogo e det\u00e9m tr\u00eas suspeitos na Capital\"}]},{\"@type\":\"WebSite\",\"@id\":\"https:\/\/www.pm.pb.gov.br\/portal\/#website\",\"url\":\"https:\/\/www.pm.pb.gov.br\/portal\/\",\"name\":\"Pol\u00edcia Militar da Para\u00edba\",\"description\":\"\",\"publisher\":{\"@id\":\"https:\/\/www.pm.pb.gov.br\/portal\/#organization\"},\"potentialAction\":[{\"@type\":\"SearchAction\",\"target\":{\"@type\":\"EntryPoint\",\"urlTemplate\":\"https:\/\/www.pm.pb.gov.br\/portal\/?s={search_term_string}\"},\"query-input\":\"required name=search_term_string\"}],\"inLanguage\":\"pt-BR\"},{\"@type\":\"Organization\",\"@id\":\"https:\/\/www.pm.pb.gov.br\/portal\/#organization\",\"name\":\"Pol\u00edcia Militar da Para\u00edba\",\"url\":\"https:\/\/www.pm.pb.gov.br\/portal\/\",\"logo\":{\"@type\":\"ImageObject\",\"inLanguage\":\"pt-BR\",\"@id\":\"https:\/\/www.pm.pb.gov.br\/portal\/#\/schema\/logo\/image\/\",\"url\":\"https:\/\/www.pm.pb.gov.br\/portal\/wp-content\/uploads\/2025\/03\/cropped-logo-site-mag2-1.png\",\"contentUrl\":\"https:\/\/www.pm.pb.gov.br\/portal\/wp-content\/uploads\/2025\/03\/cropped-logo-site-mag2-1.png\",\"width\":320,\"height\":90,\"caption\":\"Pol\u00edcia Militar da Para\u00edba\"},\"image\":{\"@id\":\"https:\/\/www.pm.pb.gov.br\/portal\/#\/schema\/logo\/image\/\"}},{\"@type\":\"Person\",\"@id\":\"https:\/\/www.pm.pb.gov.br\/portal\/#\/schema\/person\/f84f56dcc78ce4357054da888b8247fd\",\"name\":\"Tarcisio Oliveira\",\"image\":{\"@type\":\"ImageObject\",\"inLanguage\":\"pt-BR\",\"@id\":\"https:\/\/www.pm.pb.gov.br\/portal\/#\/schema\/person\/image\/\",\"url\":\"https:\/\/secure.gravatar.com\/avatar\/72917b630b69d31cd0297507f34bac97?s=96&d=mm&r=g\",\"contentUrl\":\"https:\/\/secure.gravatar.com\/avatar\/72917b630b69d31cd0297507f34bac97?s=96&d=mm&r=g\",\"caption\":\"Tarcisio Oliveira\"},\"url\":\"https:\/\/www.pm.pb.gov.br\/portal\/author\/tarcisio\/\"}]}<\/script>\n<!-- \/ Yoast SEO plugin. -->","yoast_head_json":{"title":"A\u00e7\u00f5es da PM de combate ao tr\u00e1fico apreendem drogas, duas armas de fogo e det\u00e9m tr\u00eas suspeitos na Capital - Pol\u00edcia Militar da Para\u00edba","robots":{"index":"index","follow":"follow","max-snippet":"max-snippet:-1","max-image-preview":"max-image-preview:large","max-video-preview":"max-video-preview:-1"},"canonical":"https:\/\/www.pm.pb.gov.br\/portal\/2017\/11\/22\/acoes-da-pm-de-combate-ao-trafico-apreendem-drogas-duas-armas-de-fogo-e-detem-tres-suspeitos-na-capital\/","og_locale":"pt_BR","og_type":"article","og_title":"A\u00e7\u00f5es da PM de combate ao tr\u00e1fico apreendem drogas, duas armas de fogo e det\u00e9m tr\u00eas suspeitos na Capital - Pol\u00edcia Militar da Para\u00edba","og_description":"Duas armas de fogo, cerca de um quilo e meio de maconha, crack e coca\u00edna foram apreendidos pela Pol\u00edcia Militar","og_url":"https:\/\/www.pm.pb.gov.br\/portal\/2017\/11\/22\/acoes-da-pm-de-combate-ao-trafico-apreendem-drogas-duas-armas-de-fogo-e-detem-tres-suspeitos-na-capital\/","og_site_name":"Pol\u00edcia Militar da Para\u00edba","article_published_time":"2017-11-22T12:18:06+00:00","og_image":[{"width":800,"height":445,"url":"https:\/\/www.pm.pb.gov.br\/portal\/wp-content\/uploads\/2017\/11\/apreens\u00e3oarmasedrogas.jpeg","type":"image\/jpeg"}],"author":"Tarcisio Oliveira","twitter_card":"summary_large_image","twitter_misc":{"Escrito por":"Tarcisio Oliveira","Est. tempo de leitura":"2 minutos"},"schema":{"@context":"https:\/\/schema.org","@graph":[{"@type":"Article","@id":"https:\/\/www.pm.pb.gov.br\/portal\/2017\/11\/22\/acoes-da-pm-de-combate-ao-trafico-apreendem-drogas-duas-armas-de-fogo-e-detem-tres-suspeitos-na-capital\/#article","isPartOf":{"@id":"https:\/\/www.pm.pb.gov.br\/portal\/2017\/11\/22\/acoes-da-pm-de-combate-ao-trafico-apreendem-drogas-duas-armas-de-fogo-e-detem-tres-suspeitos-na-capital\/"},"author":{"name":"Tarcisio Oliveira","@id":"https:\/\/www.pm.pb.gov.br\/portal\/#\/schema\/person\/f84f56dcc78ce4357054da888b8247fd"},"headline":"A\u00e7\u00f5es da PM de combate ao tr\u00e1fico apreendem drogas, duas armas de fogo e det\u00e9m tr\u00eas suspeitos na Capital","datePublished":"2017-11-22T12:18:06+00:00","dateModified":"2017-11-22T12:18:06+00:00","mainEntityOfPage":{"@id":"https:\/\/www.pm.pb.gov.br\/portal\/2017\/11\/22\/acoes-da-pm-de-combate-ao-trafico-apreendem-drogas-duas-armas-de-fogo-e-detem-tres-suspeitos-na-capital\/"},"wordCount":481,"publisher":{"@id":"https:\/\/www.pm.pb.gov.br\/portal\/#organization"},"articleSection":["A\u00e7\u00f5es Policiais"],"inLanguage":"pt-BR"},{"@type":"WebPage","@id":"https:\/\/www.pm.pb.gov.br\/portal\/2017\/11\/22\/acoes-da-pm-de-combate-ao-trafico-apreendem-drogas-duas-armas-de-fogo-e-detem-tres-suspeitos-na-capital\/","url":"https:\/\/www.pm.pb.gov.br\/portal\/2017\/11\/22\/acoes-da-pm-de-combate-ao-trafico-apreendem-drogas-duas-armas-de-fogo-e-detem-tres-suspeitos-na-capital\/","name":"A\u00e7\u00f5es da PM de combate ao tr\u00e1fico apreendem drogas, duas armas de fogo e det\u00e9m tr\u00eas suspeitos na Capital - Pol\u00edcia Militar da Para\u00edba","isPartOf":{"@id":"https:\/\/www.pm.pb.gov.br\/portal\/#website"},"datePublished":"2017-11-22T12:18:06+00:00","dateModified":"2017-11-22T12:18:06+00:00","breadcrumb":{"@id":"https:\/\/www.pm.pb.gov.br\/portal\/2017\/11\/22\/acoes-da-pm-de-combate-ao-trafico-apreendem-drogas-duas-armas-de-fogo-e-detem-tres-suspeitos-na-capital\/#breadcrumb"},"inLanguage":"pt-BR","potentialAction":[{"@type":"ReadAction","target":["https:\/\/www.pm.pb.gov.br\/portal\/2017\/11\/22\/acoes-da-pm-de-combate-ao-trafico-apreendem-drogas-duas-armas-de-fogo-e-detem-tres-suspeitos-na-capital\/"]}]},{"@type":"BreadcrumbList","@id":"https:\/\/www.pm.pb.gov.br\/portal\/2017\/11\/22\/acoes-da-pm-de-combate-ao-trafico-apreendem-drogas-duas-armas-de-fogo-e-detem-tres-suspeitos-na-capital\/#breadcrumb","itemListElement":[{"@type":"ListItem","position":1,"name":"In\u00edcio","item":"https:\/\/www.pm.pb.gov.br\/portal\/"},{"@type":"ListItem","position":2,"name":"A\u00e7\u00f5es da PM de combate ao tr\u00e1fico apreendem drogas, duas armas de fogo e det\u00e9m tr\u00eas suspeitos na Capital"}]},{"@type":"WebSite","@id":"https:\/\/www.pm.pb.gov.br\/portal\/#website","url":"https:\/\/www.pm.pb.gov.br\/portal\/","name":"Pol\u00edcia Militar da Para\u00edba","description":"","publisher":{"@id":"https:\/\/www.pm.pb.gov.br\/portal\/#organization"},"potentialAction":[{"@type":"SearchAction","target":{"@type":"EntryPoint","urlTemplate":"https:\/\/www.pm.pb.gov.br\/portal\/?s={search_term_string}"},"query-input":"required name=search_term_string"}],"inLanguage":"pt-BR"},{"@type":"Organization","@id":"https:\/\/www.pm.pb.gov.br\/portal\/#organization","name":"Pol\u00edcia Militar da Para\u00edba","url":"https:\/\/www.pm.pb.gov.br\/portal\/","logo":{"@type":"ImageObject","inLanguage":"pt-BR","@id":"https:\/\/www.pm.pb.gov.br\/portal\/#\/schema\/logo\/image\/","url":"https:\/\/www.pm.pb.gov.br\/portal\/wp-content\/uploads\/2025\/03\/cropped-logo-site-mag2-1.png","contentUrl":"https:\/\/www.pm.pb.gov.br\/portal\/wp-content\/uploads\/2025\/03\/cropped-logo-site-mag2-1.png","width":320,"height":90,"caption":"Pol\u00edcia Militar da Para\u00edba"},"image":{"@id":"https:\/\/www.pm.pb.gov.br\/portal\/#\/schema\/logo\/image\/"}},{"@type":"Person","@id":"https:\/\/www.pm.pb.gov.br\/portal\/#\/schema\/person\/f84f56dcc78ce4357054da888b8247fd","name":"Tarcisio Oliveira","image":{"@type":"ImageObject","inLanguage":"pt-BR","@id":"https:\/\/www.pm.pb.gov.br\/portal\/#\/schema\/person\/image\/","url":"https:\/\/secure.gravatar.com\/avatar\/72917b630b69d31cd0297507f34bac97?s=96&d=mm&r=g","contentUrl":"https:\/\/secure.gravatar.com\/avatar\/72917b630b69d31cd0297507f34bac97?s=96&d=mm&r=g","caption":"Tarcisio Oliveira"},"url":"https:\/\/www.pm.pb.gov.br\/portal\/author\/tarcisio\/"}]}},"_links":{"self":[{"href":"https:\/\/www.pm.pb.gov.br\/portal\/wp-json\/wp\/v2\/posts\/896115"}],"collection":[{"href":"https:\/\/www.pm.pb.gov.br\/portal\/wp-json\/wp\/v2\/posts"}],"about":[{"href":"https:\/\/www.pm.pb.gov.br\/portal\/wp-json\/wp\/v2\/types\/post"}],"author":[{"embeddable":true,"href":"https:\/\/www.pm.pb.gov.br\/portal\/wp-json\/wp\/v2\/users\/12"}],"replies":[{"embeddable":true,"href":"https:\/\/www.pm.pb.gov.br\/portal\/wp-json\/wp\/v2\/comments?post=896115"}],"version-history":[{"count":1,"href":"https:\/\/www.pm.pb.gov.br\/portal\/wp-json\/wp\/v2\/posts\/896115\/revisions"}],"predecessor-version":[{"id":896116,"href":"https:\/\/www.pm.pb.gov.br\/portal\/wp-json\/wp\/v2\/posts\/896115\/revisions\/896116"}],"wp:featuredmedia":[{"embeddable":true,"href":"https:\/\/www.pm.pb.gov.br\/portal\/wp-json\/wp\/v2\/media\/896114"}],"wp:attachment":[{"href":"https:\/\/www.pm.pb.gov.br\/portal\/wp-json\/wp\/v2\/media?parent=896115"}],"wp:term":[{"taxonomy":"category","embeddable":true,"href":"https:\/\/www.pm.pb.gov.br\/portal\/wp-json\/wp\/v2\/categories?post=896115"},{"taxonomy":"post_tag","embeddable":true,"href":"https:\/\/www.pm.pb.gov.br\/portal\/wp-json\/wp\/v2\/tags?post=896115"}],"curies":[{"name":"wp","href":"https:\/\/api.w.org\/{rel}","templated":true}]}}