{"id":896053,"date":"2017-11-17T22:11:03","date_gmt":"2017-11-18T01:11:03","guid":{"rendered":"http:\/\/www.pm.pb.gov.br\/portal\/?p=896053"},"modified":"2017-11-17T22:12:13","modified_gmt":"2017-11-18T01:12:13","slug":"policia-militar-apreende-espingarda-e-mais-de-100-municoes-e-cartuchos-em-pombal","status":"publish","type":"post","link":"https:\/\/www.pm.pb.gov.br\/portal\/2017\/11\/17\/policia-militar-apreende-espingarda-e-mais-de-100-municoes-e-cartuchos-em-pombal\/","title":{"rendered":"Pol\u00edcia Militar apreende espingarda e mais de 100 muni\u00e7\u00f5es e cartuchos em Pombal"},"content":{"rendered":"<figure id=\"attachment_896056\" aria-describedby=\"caption-attachment-896056\" style=\"width: 312px\" class=\"wp-caption alignleft\"><img loading=\"lazy\" decoding=\"async\" class=\"wp-image-896056\" src=\"http:\/\/www.pm.pb.gov.br\/portal\/wp-content\/uploads\/2017\/11\/apreensaopombal-345x445.jpeg\" alt=\"\" width=\"312\" height=\"403\" srcset=\"https:\/\/www.pm.pb.gov.br\/portal\/wp-content\/uploads\/2017\/11\/apreensaopombal-345x445.jpeg 345w, https:\/\/www.pm.pb.gov.br\/portal\/wp-content\/uploads\/2017\/11\/apreensaopombal-442x570.jpeg 442w, https:\/\/www.pm.pb.gov.br\/portal\/wp-content\/uploads\/2017\/11\/apreensaopombal.jpeg 686w\" sizes=\"(max-width: 312px) 100vw, 312px\" \/><figcaption id=\"caption-attachment-896056\" class=\"wp-caption-text\"><span style=\"font-size: 10pt;\">Espingarda e muni\u00e7\u00f5es apreendidas em a\u00e7\u00e3o em Pombal<\/span><\/figcaption><\/figure>\n<p style=\"font-weight: 400; text-align: justify;\">A Pol\u00edcia Militar apreendeu 112 muni\u00e7\u00f5es e cartuchos, al\u00e9m de uma espingarda calibre 36, na cidade de Pombal, na tarde desta sexta-feira (17). Durante a a\u00e7\u00e3o, policiais da 3\u00aa Companhia do 14\u00ba Batalh\u00e3o prenderam um homem com todo o material. Do total apreendido, 83 muni\u00e7\u00f5es estavam prontas para o uso, e outros 29 cartuchos estavam descarregados.<\/p>\n<p style=\"font-weight: 400; text-align: justify;\">Ap\u00f3s o meio-dia, policiais receberam informa\u00e7\u00f5es de que um homem estava em uma casa no bairro Francisco Paulino, com arma de fogo, e que o local poderia estar sendo usado para com\u00e9rcio ilegal de muni\u00e7\u00f5es. Os policiais iniciaram dilig\u00eancias no bairro, encontraram o local apontado e, durante abordagem, um homem foi preso. Na casa dele, os policiais encontraram a espingarda calibre 36 e os 112 cartuchos de muni\u00e7\u00f5es, utiliz\u00e1veis e descarregadas.<\/p>\n<p style=\"font-weight: 400; text-align: justify;\">O material apreendido e o suspeito foram conduzidos para a Delegacia.<\/p>\n","protected":false},"excerpt":{"rendered":"<p>A Pol\u00edcia Militar apreendeu 112 muni\u00e7\u00f5es e cartuchos, al\u00e9m de uma espingarda calibre 36, na cidade de Pombal, na tarde<\/p>\n","protected":false},"author":12,"featured_media":895491,"comment_status":"closed","ping_status":"closed","sticky":false,"template":"","format":"standard","meta":{"_exactmetrics_skip_tracking":false,"_exactmetrics_sitenote_active":false,"_exactmetrics_sitenote_note":"","_exactmetrics_sitenote_category":0,"footnotes":""},"categories":[4],"tags":[],"yoast_head":"<!-- This site is optimized with the Yoast SEO plugin v22.0 - https:\/\/yoast.com\/wordpress\/plugins\/seo\/ -->\n<title>Pol\u00edcia Militar apreende espingarda e mais de 100 muni\u00e7\u00f5es e cartuchos em Pombal - Pol\u00edcia Militar da Para\u00edba<\/title>\n<meta name=\"robots\" content=\"index, follow, max-snippet:-1, max-image-preview:large, max-video-preview:-1\" \/>\n<link rel=\"canonical\" href=\"https:\/\/www.pm.pb.gov.br\/portal\/2017\/11\/17\/policia-militar-apreende-espingarda-e-mais-de-100-municoes-e-cartuchos-em-pombal\/\" \/>\n<meta property=\"og:locale\" content=\"pt_BR\" \/>\n<meta property=\"og:type\" content=\"article\" \/>\n<meta property=\"og:title\" content=\"Pol\u00edcia Militar apreende espingarda e mais de 100 muni\u00e7\u00f5es e cartuchos em Pombal - Pol\u00edcia Militar da Para\u00edba\" \/>\n<meta property=\"og:description\" content=\"A Pol\u00edcia Militar apreendeu 112 muni\u00e7\u00f5es e cartuchos, al\u00e9m de uma espingarda calibre 36, na cidade de Pombal, na tarde\" \/>\n<meta property=\"og:url\" content=\"https:\/\/www.pm.pb.gov.br\/portal\/2017\/11\/17\/policia-militar-apreende-espingarda-e-mais-de-100-municoes-e-cartuchos-em-pombal\/\" \/>\n<meta property=\"og:site_name\" content=\"Pol\u00edcia Militar da Para\u00edba\" \/>\n<meta property=\"article:published_time\" content=\"2017-11-18T01:11:03+00:00\" \/>\n<meta property=\"article:modified_time\" content=\"2017-11-18T01:12:13+00:00\" \/>\n<meta property=\"og:image\" content=\"https:\/\/www.pm.pb.gov.br\/portal\/wp-content\/uploads\/2017\/09\/imagem-ilustrativa-1.jpg\" \/>\n\t<meta property=\"og:image:width\" content=\"800\" \/>\n\t<meta property=\"og:image:height\" content=\"445\" \/>\n\t<meta property=\"og:image:type\" content=\"image\/jpeg\" \/>\n<meta name=\"author\" content=\"Tarcisio Oliveira\" \/>\n<meta name=\"twitter:card\" content=\"summary_large_image\" \/>\n<meta name=\"twitter:label1\" content=\"Escrito por\" \/>\n\t<meta name=\"twitter:data1\" content=\"Tarcisio Oliveira\" \/>\n\t<meta name=\"twitter:label2\" content=\"Est. tempo de leitura\" \/>\n\t<meta name=\"twitter:data2\" content=\"1 minuto\" \/>\n<script type=\"application\/ld+json\" class=\"yoast-schema-graph\">{\"@context\":\"https:\/\/schema.org\",\"@graph\":[{\"@type\":\"Article\",\"@id\":\"https:\/\/www.pm.pb.gov.br\/portal\/2017\/11\/17\/policia-militar-apreende-espingarda-e-mais-de-100-municoes-e-cartuchos-em-pombal\/#article\",\"isPartOf\":{\"@id\":\"https:\/\/www.pm.pb.gov.br\/portal\/2017\/11\/17\/policia-militar-apreende-espingarda-e-mais-de-100-municoes-e-cartuchos-em-pombal\/\"},\"author\":{\"name\":\"Tarcisio Oliveira\",\"@id\":\"https:\/\/www.pm.pb.gov.br\/portal\/#\/schema\/person\/f84f56dcc78ce4357054da888b8247fd\"},\"headline\":\"Pol\u00edcia Militar apreende espingarda e mais de 100 muni\u00e7\u00f5es e cartuchos em Pombal\",\"datePublished\":\"2017-11-18T01:11:03+00:00\",\"dateModified\":\"2017-11-18T01:12:13+00:00\",\"mainEntityOfPage\":{\"@id\":\"https:\/\/www.pm.pb.gov.br\/portal\/2017\/11\/17\/policia-militar-apreende-espingarda-e-mais-de-100-municoes-e-cartuchos-em-pombal\/\"},\"wordCount\":173,\"publisher\":{\"@id\":\"https:\/\/www.pm.pb.gov.br\/portal\/#organization\"},\"articleSection\":[\"A\u00e7\u00f5es Policiais\"],\"inLanguage\":\"pt-BR\"},{\"@type\":\"WebPage\",\"@id\":\"https:\/\/www.pm.pb.gov.br\/portal\/2017\/11\/17\/policia-militar-apreende-espingarda-e-mais-de-100-municoes-e-cartuchos-em-pombal\/\",\"url\":\"https:\/\/www.pm.pb.gov.br\/portal\/2017\/11\/17\/policia-militar-apreende-espingarda-e-mais-de-100-municoes-e-cartuchos-em-pombal\/\",\"name\":\"Pol\u00edcia Militar apreende espingarda e mais de 100 muni\u00e7\u00f5es e cartuchos em Pombal - Pol\u00edcia Militar da Para\u00edba\",\"isPartOf\":{\"@id\":\"https:\/\/www.pm.pb.gov.br\/portal\/#website\"},\"datePublished\":\"2017-11-18T01:11:03+00:00\",\"dateModified\":\"2017-11-18T01:12:13+00:00\",\"breadcrumb\":{\"@id\":\"https:\/\/www.pm.pb.gov.br\/portal\/2017\/11\/17\/policia-militar-apreende-espingarda-e-mais-de-100-municoes-e-cartuchos-em-pombal\/#breadcrumb\"},\"inLanguage\":\"pt-BR\",\"potentialAction\":[{\"@type\":\"ReadAction\",\"target\":[\"https:\/\/www.pm.pb.gov.br\/portal\/2017\/11\/17\/policia-militar-apreende-espingarda-e-mais-de-100-municoes-e-cartuchos-em-pombal\/\"]}]},{\"@type\":\"BreadcrumbList\",\"@id\":\"https:\/\/www.pm.pb.gov.br\/portal\/2017\/11\/17\/policia-militar-apreende-espingarda-e-mais-de-100-municoes-e-cartuchos-em-pombal\/#breadcrumb\",\"itemListElement\":[{\"@type\":\"ListItem\",\"position\":1,\"name\":\"In\u00edcio\",\"item\":\"https:\/\/www.pm.pb.gov.br\/portal\/\"},{\"@type\":\"ListItem\",\"position\":2,\"name\":\"Pol\u00edcia Militar apreende espingarda e mais de 100 muni\u00e7\u00f5es e cartuchos em Pombal\"}]},{\"@type\":\"WebSite\",\"@id\":\"https:\/\/www.pm.pb.gov.br\/portal\/#website\",\"url\":\"https:\/\/www.pm.pb.gov.br\/portal\/\",\"name\":\"Pol\u00edcia Militar da Para\u00edba\",\"description\":\"\",\"publisher\":{\"@id\":\"https:\/\/www.pm.pb.gov.br\/portal\/#organization\"},\"potentialAction\":[{\"@type\":\"SearchAction\",\"target\":{\"@type\":\"EntryPoint\",\"urlTemplate\":\"https:\/\/www.pm.pb.gov.br\/portal\/?s={search_term_string}\"},\"query-input\":\"required name=search_term_string\"}],\"inLanguage\":\"pt-BR\"},{\"@type\":\"Organization\",\"@id\":\"https:\/\/www.pm.pb.gov.br\/portal\/#organization\",\"name\":\"Pol\u00edcia Militar da Para\u00edba\",\"url\":\"https:\/\/www.pm.pb.gov.br\/portal\/\",\"logo\":{\"@type\":\"ImageObject\",\"inLanguage\":\"pt-BR\",\"@id\":\"https:\/\/www.pm.pb.gov.br\/portal\/#\/schema\/logo\/image\/\",\"url\":\"https:\/\/www.pm.pb.gov.br\/portal\/wp-content\/uploads\/2025\/03\/cropped-logo-site-mag2-1.png\",\"contentUrl\":\"https:\/\/www.pm.pb.gov.br\/portal\/wp-content\/uploads\/2025\/03\/cropped-logo-site-mag2-1.png\",\"width\":320,\"height\":90,\"caption\":\"Pol\u00edcia Militar da Para\u00edba\"},\"image\":{\"@id\":\"https:\/\/www.pm.pb.gov.br\/portal\/#\/schema\/logo\/image\/\"}},{\"@type\":\"Person\",\"@id\":\"https:\/\/www.pm.pb.gov.br\/portal\/#\/schema\/person\/f84f56dcc78ce4357054da888b8247fd\",\"name\":\"Tarcisio Oliveira\",\"image\":{\"@type\":\"ImageObject\",\"inLanguage\":\"pt-BR\",\"@id\":\"https:\/\/www.pm.pb.gov.br\/portal\/#\/schema\/person\/image\/\",\"url\":\"https:\/\/secure.gravatar.com\/avatar\/72917b630b69d31cd0297507f34bac97?s=96&d=mm&r=g\",\"contentUrl\":\"https:\/\/secure.gravatar.com\/avatar\/72917b630b69d31cd0297507f34bac97?s=96&d=mm&r=g\",\"caption\":\"Tarcisio Oliveira\"},\"url\":\"https:\/\/www.pm.pb.gov.br\/portal\/author\/tarcisio\/\"}]}<\/script>\n<!-- \/ Yoast SEO plugin. -->","yoast_head_json":{"title":"Pol\u00edcia Militar apreende espingarda e mais de 100 muni\u00e7\u00f5es e cartuchos em Pombal - Pol\u00edcia Militar da Para\u00edba","robots":{"index":"index","follow":"follow","max-snippet":"max-snippet:-1","max-image-preview":"max-image-preview:large","max-video-preview":"max-video-preview:-1"},"canonical":"https:\/\/www.pm.pb.gov.br\/portal\/2017\/11\/17\/policia-militar-apreende-espingarda-e-mais-de-100-municoes-e-cartuchos-em-pombal\/","og_locale":"pt_BR","og_type":"article","og_title":"Pol\u00edcia Militar apreende espingarda e mais de 100 muni\u00e7\u00f5es e cartuchos em Pombal - Pol\u00edcia Militar da Para\u00edba","og_description":"A Pol\u00edcia Militar apreendeu 112 muni\u00e7\u00f5es e cartuchos, al\u00e9m de uma espingarda calibre 36, na cidade de Pombal, na tarde","og_url":"https:\/\/www.pm.pb.gov.br\/portal\/2017\/11\/17\/policia-militar-apreende-espingarda-e-mais-de-100-municoes-e-cartuchos-em-pombal\/","og_site_name":"Pol\u00edcia Militar da Para\u00edba","article_published_time":"2017-11-18T01:11:03+00:00","article_modified_time":"2017-11-18T01:12:13+00:00","og_image":[{"width":800,"height":445,"url":"https:\/\/www.pm.pb.gov.br\/portal\/wp-content\/uploads\/2017\/09\/imagem-ilustrativa-1.jpg","type":"image\/jpeg"}],"author":"Tarcisio Oliveira","twitter_card":"summary_large_image","twitter_misc":{"Escrito por":"Tarcisio Oliveira","Est. tempo de leitura":"1 minuto"},"schema":{"@context":"https:\/\/schema.org","@graph":[{"@type":"Article","@id":"https:\/\/www.pm.pb.gov.br\/portal\/2017\/11\/17\/policia-militar-apreende-espingarda-e-mais-de-100-municoes-e-cartuchos-em-pombal\/#article","isPartOf":{"@id":"https:\/\/www.pm.pb.gov.br\/portal\/2017\/11\/17\/policia-militar-apreende-espingarda-e-mais-de-100-municoes-e-cartuchos-em-pombal\/"},"author":{"name":"Tarcisio Oliveira","@id":"https:\/\/www.pm.pb.gov.br\/portal\/#\/schema\/person\/f84f56dcc78ce4357054da888b8247fd"},"headline":"Pol\u00edcia Militar apreende espingarda e mais de 100 muni\u00e7\u00f5es e cartuchos em Pombal","datePublished":"2017-11-18T01:11:03+00:00","dateModified":"2017-11-18T01:12:13+00:00","mainEntityOfPage":{"@id":"https:\/\/www.pm.pb.gov.br\/portal\/2017\/11\/17\/policia-militar-apreende-espingarda-e-mais-de-100-municoes-e-cartuchos-em-pombal\/"},"wordCount":173,"publisher":{"@id":"https:\/\/www.pm.pb.gov.br\/portal\/#organization"},"articleSection":["A\u00e7\u00f5es Policiais"],"inLanguage":"pt-BR"},{"@type":"WebPage","@id":"https:\/\/www.pm.pb.gov.br\/portal\/2017\/11\/17\/policia-militar-apreende-espingarda-e-mais-de-100-municoes-e-cartuchos-em-pombal\/","url":"https:\/\/www.pm.pb.gov.br\/portal\/2017\/11\/17\/policia-militar-apreende-espingarda-e-mais-de-100-municoes-e-cartuchos-em-pombal\/","name":"Pol\u00edcia Militar apreende espingarda e mais de 100 muni\u00e7\u00f5es e cartuchos em Pombal - Pol\u00edcia Militar da Para\u00edba","isPartOf":{"@id":"https:\/\/www.pm.pb.gov.br\/portal\/#website"},"datePublished":"2017-11-18T01:11:03+00:00","dateModified":"2017-11-18T01:12:13+00:00","breadcrumb":{"@id":"https:\/\/www.pm.pb.gov.br\/portal\/2017\/11\/17\/policia-militar-apreende-espingarda-e-mais-de-100-municoes-e-cartuchos-em-pombal\/#breadcrumb"},"inLanguage":"pt-BR","potentialAction":[{"@type":"ReadAction","target":["https:\/\/www.pm.pb.gov.br\/portal\/2017\/11\/17\/policia-militar-apreende-espingarda-e-mais-de-100-municoes-e-cartuchos-em-pombal\/"]}]},{"@type":"BreadcrumbList","@id":"https:\/\/www.pm.pb.gov.br\/portal\/2017\/11\/17\/policia-militar-apreende-espingarda-e-mais-de-100-municoes-e-cartuchos-em-pombal\/#breadcrumb","itemListElement":[{"@type":"ListItem","position":1,"name":"In\u00edcio","item":"https:\/\/www.pm.pb.gov.br\/portal\/"},{"@type":"ListItem","position":2,"name":"Pol\u00edcia Militar apreende espingarda e mais de 100 muni\u00e7\u00f5es e cartuchos em Pombal"}]},{"@type":"WebSite","@id":"https:\/\/www.pm.pb.gov.br\/portal\/#website","url":"https:\/\/www.pm.pb.gov.br\/portal\/","name":"Pol\u00edcia Militar da Para\u00edba","description":"","publisher":{"@id":"https:\/\/www.pm.pb.gov.br\/portal\/#organization"},"potentialAction":[{"@type":"SearchAction","target":{"@type":"EntryPoint","urlTemplate":"https:\/\/www.pm.pb.gov.br\/portal\/?s={search_term_string}"},"query-input":"required name=search_term_string"}],"inLanguage":"pt-BR"},{"@type":"Organization","@id":"https:\/\/www.pm.pb.gov.br\/portal\/#organization","name":"Pol\u00edcia Militar da Para\u00edba","url":"https:\/\/www.pm.pb.gov.br\/portal\/","logo":{"@type":"ImageObject","inLanguage":"pt-BR","@id":"https:\/\/www.pm.pb.gov.br\/portal\/#\/schema\/logo\/image\/","url":"https:\/\/www.pm.pb.gov.br\/portal\/wp-content\/uploads\/2025\/03\/cropped-logo-site-mag2-1.png","contentUrl":"https:\/\/www.pm.pb.gov.br\/portal\/wp-content\/uploads\/2025\/03\/cropped-logo-site-mag2-1.png","width":320,"height":90,"caption":"Pol\u00edcia Militar da Para\u00edba"},"image":{"@id":"https:\/\/www.pm.pb.gov.br\/portal\/#\/schema\/logo\/image\/"}},{"@type":"Person","@id":"https:\/\/www.pm.pb.gov.br\/portal\/#\/schema\/person\/f84f56dcc78ce4357054da888b8247fd","name":"Tarcisio Oliveira","image":{"@type":"ImageObject","inLanguage":"pt-BR","@id":"https:\/\/www.pm.pb.gov.br\/portal\/#\/schema\/person\/image\/","url":"https:\/\/secure.gravatar.com\/avatar\/72917b630b69d31cd0297507f34bac97?s=96&d=mm&r=g","contentUrl":"https:\/\/secure.gravatar.com\/avatar\/72917b630b69d31cd0297507f34bac97?s=96&d=mm&r=g","caption":"Tarcisio Oliveira"},"url":"https:\/\/www.pm.pb.gov.br\/portal\/author\/tarcisio\/"}]}},"_links":{"self":[{"href":"https:\/\/www.pm.pb.gov.br\/portal\/wp-json\/wp\/v2\/posts\/896053"}],"collection":[{"href":"https:\/\/www.pm.pb.gov.br\/portal\/wp-json\/wp\/v2\/posts"}],"about":[{"href":"https:\/\/www.pm.pb.gov.br\/portal\/wp-json\/wp\/v2\/types\/post"}],"author":[{"embeddable":true,"href":"https:\/\/www.pm.pb.gov.br\/portal\/wp-json\/wp\/v2\/users\/12"}],"replies":[{"embeddable":true,"href":"https:\/\/www.pm.pb.gov.br\/portal\/wp-json\/wp\/v2\/comments?post=896053"}],"version-history":[{"count":4,"href":"https:\/\/www.pm.pb.gov.br\/portal\/wp-json\/wp\/v2\/posts\/896053\/revisions"}],"predecessor-version":[{"id":896059,"href":"https:\/\/www.pm.pb.gov.br\/portal\/wp-json\/wp\/v2\/posts\/896053\/revisions\/896059"}],"wp:featuredmedia":[{"embeddable":true,"href":"https:\/\/www.pm.pb.gov.br\/portal\/wp-json\/wp\/v2\/media\/895491"}],"wp:attachment":[{"href":"https:\/\/www.pm.pb.gov.br\/portal\/wp-json\/wp\/v2\/media?parent=896053"}],"wp:term":[{"taxonomy":"category","embeddable":true,"href":"https:\/\/www.pm.pb.gov.br\/portal\/wp-json\/wp\/v2\/categories?post=896053"},{"taxonomy":"post_tag","embeddable":true,"href":"https:\/\/www.pm.pb.gov.br\/portal\/wp-json\/wp\/v2\/tags?post=896053"}],"curies":[{"name":"wp","href":"https:\/\/api.w.org\/{rel}","templated":true}]}}