{"id":896044,"date":"2017-11-17T12:18:52","date_gmt":"2017-11-17T15:18:52","guid":{"rendered":"http:\/\/www.pm.pb.gov.br\/portal\/?p=896044"},"modified":"2017-11-17T12:18:52","modified_gmt":"2017-11-17T15:18:52","slug":"policia-militar-recupera-carga-roubada-avaliada-em-r-230-mil","status":"publish","type":"post","link":"https:\/\/www.pm.pb.gov.br\/portal\/2017\/11\/17\/policia-militar-recupera-carga-roubada-avaliada-em-r-230-mil\/","title":{"rendered":"Pol\u00edcia Militar recupera carga roubada avaliada em R$ 230 mil"},"content":{"rendered":"<p style=\"font-weight: 400; text-align: justify;\">A Pol\u00edcia Militar recuperou, no in\u00edcio da manh\u00e3 desta sexta-feira (17), uma carga de pr\u00f3tese de silicone, com valor estimado em aproximadamente R$ 230 mil. Ao todo, os policiais encontraram 91 caixas com o produto, que estava com um suspeito que j\u00e1 responde pelos crimes de roubo, tr\u00e1fico e porte ilegal de arma de fogo.<\/p>\n<p style=\"font-weight: 400; text-align: justify;\">A apreens\u00e3o aconteceu ap\u00f3s a pol\u00edcia receber informa\u00e7\u00f5es que um homem iria receber uma carga de droga em uma casa, em Santa Rita. O suspeito encontrado foi abordado e o local foi vistoriado. L\u00e1, os policiais encontraram a carga com as pr\u00f3teses, mas sem nota fiscal. Por n\u00e3o esclarecer a origem do produto e o material estar armazenado de maneira inadequada, o homem foi conduzido \u00e0 6\u00aa Delegacia Distrital, onde confessou que o material era roubado.<\/p>\n<p style=\"font-weight: 400; text-align: justify;\">No valor de marcado, cada caixa que vem com uma pr\u00f3tese de silicone custa aproximadamente R$ 2.500, totalizando R$ 227.500 em produtos recuperados.<\/p>\n","protected":false},"excerpt":{"rendered":"<p>A Pol\u00edcia Militar recuperou, no in\u00edcio da manh\u00e3 desta sexta-feira (17), uma carga de pr\u00f3tese de silicone, com valor estimado<\/p>\n","protected":false},"author":12,"featured_media":896039,"comment_status":"closed","ping_status":"closed","sticky":false,"template":"","format":"standard","meta":{"_exactmetrics_skip_tracking":false,"_exactmetrics_sitenote_active":false,"_exactmetrics_sitenote_note":"","_exactmetrics_sitenote_category":0,"footnotes":""},"categories":[4],"tags":[],"yoast_head":"<!-- This site is optimized with the Yoast SEO plugin v22.0 - https:\/\/yoast.com\/wordpress\/plugins\/seo\/ -->\n<title>Pol\u00edcia Militar recupera carga roubada avaliada em R$ 230 mil - Pol\u00edcia Militar da Para\u00edba<\/title>\n<meta name=\"robots\" content=\"index, follow, max-snippet:-1, max-image-preview:large, max-video-preview:-1\" \/>\n<link rel=\"canonical\" href=\"https:\/\/www.pm.pb.gov.br\/portal\/2017\/11\/17\/policia-militar-recupera-carga-roubada-avaliada-em-r-230-mil\/\" \/>\n<meta property=\"og:locale\" content=\"pt_BR\" \/>\n<meta property=\"og:type\" content=\"article\" \/>\n<meta property=\"og:title\" content=\"Pol\u00edcia Militar recupera carga roubada avaliada em R$ 230 mil - Pol\u00edcia Militar da Para\u00edba\" \/>\n<meta property=\"og:description\" content=\"A Pol\u00edcia Militar recuperou, no in\u00edcio da manh\u00e3 desta sexta-feira (17), uma carga de pr\u00f3tese de silicone, com valor estimado\" \/>\n<meta property=\"og:url\" content=\"https:\/\/www.pm.pb.gov.br\/portal\/2017\/11\/17\/policia-militar-recupera-carga-roubada-avaliada-em-r-230-mil\/\" \/>\n<meta property=\"og:site_name\" content=\"Pol\u00edcia Militar da Para\u00edba\" \/>\n<meta property=\"article:published_time\" content=\"2017-11-17T15:18:52+00:00\" \/>\n<meta property=\"og:image\" content=\"https:\/\/www.pm.pb.gov.br\/portal\/wp-content\/uploads\/2017\/11\/cargarecuperada.jpeg\" \/>\n\t<meta property=\"og:image:width\" content=\"800\" \/>\n\t<meta property=\"og:image:height\" content=\"445\" \/>\n\t<meta property=\"og:image:type\" content=\"image\/jpeg\" \/>\n<meta name=\"author\" content=\"Tarcisio Oliveira\" \/>\n<meta name=\"twitter:card\" content=\"summary_large_image\" \/>\n<meta name=\"twitter:label1\" content=\"Escrito por\" \/>\n\t<meta name=\"twitter:data1\" content=\"Tarcisio Oliveira\" \/>\n\t<meta name=\"twitter:label2\" content=\"Est. tempo de leitura\" \/>\n\t<meta name=\"twitter:data2\" content=\"1 minuto\" \/>\n<script type=\"application\/ld+json\" class=\"yoast-schema-graph\">{\"@context\":\"https:\/\/schema.org\",\"@graph\":[{\"@type\":\"Article\",\"@id\":\"https:\/\/www.pm.pb.gov.br\/portal\/2017\/11\/17\/policia-militar-recupera-carga-roubada-avaliada-em-r-230-mil\/#article\",\"isPartOf\":{\"@id\":\"https:\/\/www.pm.pb.gov.br\/portal\/2017\/11\/17\/policia-militar-recupera-carga-roubada-avaliada-em-r-230-mil\/\"},\"author\":{\"name\":\"Tarcisio Oliveira\",\"@id\":\"https:\/\/www.pm.pb.gov.br\/portal\/#\/schema\/person\/f84f56dcc78ce4357054da888b8247fd\"},\"headline\":\"Pol\u00edcia Militar recupera carga roubada avaliada em R$ 230 mil\",\"datePublished\":\"2017-11-17T15:18:52+00:00\",\"dateModified\":\"2017-11-17T15:18:52+00:00\",\"mainEntityOfPage\":{\"@id\":\"https:\/\/www.pm.pb.gov.br\/portal\/2017\/11\/17\/policia-militar-recupera-carga-roubada-avaliada-em-r-230-mil\/\"},\"wordCount\":168,\"publisher\":{\"@id\":\"https:\/\/www.pm.pb.gov.br\/portal\/#organization\"},\"articleSection\":[\"A\u00e7\u00f5es Policiais\"],\"inLanguage\":\"pt-BR\"},{\"@type\":\"WebPage\",\"@id\":\"https:\/\/www.pm.pb.gov.br\/portal\/2017\/11\/17\/policia-militar-recupera-carga-roubada-avaliada-em-r-230-mil\/\",\"url\":\"https:\/\/www.pm.pb.gov.br\/portal\/2017\/11\/17\/policia-militar-recupera-carga-roubada-avaliada-em-r-230-mil\/\",\"name\":\"Pol\u00edcia Militar recupera carga roubada avaliada em R$ 230 mil - Pol\u00edcia Militar da Para\u00edba\",\"isPartOf\":{\"@id\":\"https:\/\/www.pm.pb.gov.br\/portal\/#website\"},\"datePublished\":\"2017-11-17T15:18:52+00:00\",\"dateModified\":\"2017-11-17T15:18:52+00:00\",\"breadcrumb\":{\"@id\":\"https:\/\/www.pm.pb.gov.br\/portal\/2017\/11\/17\/policia-militar-recupera-carga-roubada-avaliada-em-r-230-mil\/#breadcrumb\"},\"inLanguage\":\"pt-BR\",\"potentialAction\":[{\"@type\":\"ReadAction\",\"target\":[\"https:\/\/www.pm.pb.gov.br\/portal\/2017\/11\/17\/policia-militar-recupera-carga-roubada-avaliada-em-r-230-mil\/\"]}]},{\"@type\":\"BreadcrumbList\",\"@id\":\"https:\/\/www.pm.pb.gov.br\/portal\/2017\/11\/17\/policia-militar-recupera-carga-roubada-avaliada-em-r-230-mil\/#breadcrumb\",\"itemListElement\":[{\"@type\":\"ListItem\",\"position\":1,\"name\":\"In\u00edcio\",\"item\":\"https:\/\/www.pm.pb.gov.br\/portal\/\"},{\"@type\":\"ListItem\",\"position\":2,\"name\":\"Pol\u00edcia Militar recupera carga roubada avaliada em R$ 230 mil\"}]},{\"@type\":\"WebSite\",\"@id\":\"https:\/\/www.pm.pb.gov.br\/portal\/#website\",\"url\":\"https:\/\/www.pm.pb.gov.br\/portal\/\",\"name\":\"Pol\u00edcia Militar da Para\u00edba\",\"description\":\"\",\"publisher\":{\"@id\":\"https:\/\/www.pm.pb.gov.br\/portal\/#organization\"},\"potentialAction\":[{\"@type\":\"SearchAction\",\"target\":{\"@type\":\"EntryPoint\",\"urlTemplate\":\"https:\/\/www.pm.pb.gov.br\/portal\/?s={search_term_string}\"},\"query-input\":\"required name=search_term_string\"}],\"inLanguage\":\"pt-BR\"},{\"@type\":\"Organization\",\"@id\":\"https:\/\/www.pm.pb.gov.br\/portal\/#organization\",\"name\":\"Pol\u00edcia Militar da Para\u00edba\",\"url\":\"https:\/\/www.pm.pb.gov.br\/portal\/\",\"logo\":{\"@type\":\"ImageObject\",\"inLanguage\":\"pt-BR\",\"@id\":\"https:\/\/www.pm.pb.gov.br\/portal\/#\/schema\/logo\/image\/\",\"url\":\"https:\/\/www.pm.pb.gov.br\/portal\/wp-content\/uploads\/2025\/03\/cropped-logo-site-mag2-1.png\",\"contentUrl\":\"https:\/\/www.pm.pb.gov.br\/portal\/wp-content\/uploads\/2025\/03\/cropped-logo-site-mag2-1.png\",\"width\":320,\"height\":90,\"caption\":\"Pol\u00edcia Militar da Para\u00edba\"},\"image\":{\"@id\":\"https:\/\/www.pm.pb.gov.br\/portal\/#\/schema\/logo\/image\/\"}},{\"@type\":\"Person\",\"@id\":\"https:\/\/www.pm.pb.gov.br\/portal\/#\/schema\/person\/f84f56dcc78ce4357054da888b8247fd\",\"name\":\"Tarcisio Oliveira\",\"image\":{\"@type\":\"ImageObject\",\"inLanguage\":\"pt-BR\",\"@id\":\"https:\/\/www.pm.pb.gov.br\/portal\/#\/schema\/person\/image\/\",\"url\":\"https:\/\/secure.gravatar.com\/avatar\/72917b630b69d31cd0297507f34bac97?s=96&d=mm&r=g\",\"contentUrl\":\"https:\/\/secure.gravatar.com\/avatar\/72917b630b69d31cd0297507f34bac97?s=96&d=mm&r=g\",\"caption\":\"Tarcisio Oliveira\"},\"url\":\"https:\/\/www.pm.pb.gov.br\/portal\/author\/tarcisio\/\"}]}<\/script>\n<!-- \/ Yoast SEO plugin. -->","yoast_head_json":{"title":"Pol\u00edcia Militar recupera carga roubada avaliada em R$ 230 mil - Pol\u00edcia Militar da Para\u00edba","robots":{"index":"index","follow":"follow","max-snippet":"max-snippet:-1","max-image-preview":"max-image-preview:large","max-video-preview":"max-video-preview:-1"},"canonical":"https:\/\/www.pm.pb.gov.br\/portal\/2017\/11\/17\/policia-militar-recupera-carga-roubada-avaliada-em-r-230-mil\/","og_locale":"pt_BR","og_type":"article","og_title":"Pol\u00edcia Militar recupera carga roubada avaliada em R$ 230 mil - Pol\u00edcia Militar da Para\u00edba","og_description":"A Pol\u00edcia Militar recuperou, no in\u00edcio da manh\u00e3 desta sexta-feira (17), uma carga de pr\u00f3tese de silicone, com valor estimado","og_url":"https:\/\/www.pm.pb.gov.br\/portal\/2017\/11\/17\/policia-militar-recupera-carga-roubada-avaliada-em-r-230-mil\/","og_site_name":"Pol\u00edcia Militar da Para\u00edba","article_published_time":"2017-11-17T15:18:52+00:00","og_image":[{"width":800,"height":445,"url":"https:\/\/www.pm.pb.gov.br\/portal\/wp-content\/uploads\/2017\/11\/cargarecuperada.jpeg","type":"image\/jpeg"}],"author":"Tarcisio Oliveira","twitter_card":"summary_large_image","twitter_misc":{"Escrito por":"Tarcisio Oliveira","Est. tempo de leitura":"1 minuto"},"schema":{"@context":"https:\/\/schema.org","@graph":[{"@type":"Article","@id":"https:\/\/www.pm.pb.gov.br\/portal\/2017\/11\/17\/policia-militar-recupera-carga-roubada-avaliada-em-r-230-mil\/#article","isPartOf":{"@id":"https:\/\/www.pm.pb.gov.br\/portal\/2017\/11\/17\/policia-militar-recupera-carga-roubada-avaliada-em-r-230-mil\/"},"author":{"name":"Tarcisio Oliveira","@id":"https:\/\/www.pm.pb.gov.br\/portal\/#\/schema\/person\/f84f56dcc78ce4357054da888b8247fd"},"headline":"Pol\u00edcia Militar recupera carga roubada avaliada em R$ 230 mil","datePublished":"2017-11-17T15:18:52+00:00","dateModified":"2017-11-17T15:18:52+00:00","mainEntityOfPage":{"@id":"https:\/\/www.pm.pb.gov.br\/portal\/2017\/11\/17\/policia-militar-recupera-carga-roubada-avaliada-em-r-230-mil\/"},"wordCount":168,"publisher":{"@id":"https:\/\/www.pm.pb.gov.br\/portal\/#organization"},"articleSection":["A\u00e7\u00f5es Policiais"],"inLanguage":"pt-BR"},{"@type":"WebPage","@id":"https:\/\/www.pm.pb.gov.br\/portal\/2017\/11\/17\/policia-militar-recupera-carga-roubada-avaliada-em-r-230-mil\/","url":"https:\/\/www.pm.pb.gov.br\/portal\/2017\/11\/17\/policia-militar-recupera-carga-roubada-avaliada-em-r-230-mil\/","name":"Pol\u00edcia Militar recupera carga roubada avaliada em R$ 230 mil - Pol\u00edcia Militar da Para\u00edba","isPartOf":{"@id":"https:\/\/www.pm.pb.gov.br\/portal\/#website"},"datePublished":"2017-11-17T15:18:52+00:00","dateModified":"2017-11-17T15:18:52+00:00","breadcrumb":{"@id":"https:\/\/www.pm.pb.gov.br\/portal\/2017\/11\/17\/policia-militar-recupera-carga-roubada-avaliada-em-r-230-mil\/#breadcrumb"},"inLanguage":"pt-BR","potentialAction":[{"@type":"ReadAction","target":["https:\/\/www.pm.pb.gov.br\/portal\/2017\/11\/17\/policia-militar-recupera-carga-roubada-avaliada-em-r-230-mil\/"]}]},{"@type":"BreadcrumbList","@id":"https:\/\/www.pm.pb.gov.br\/portal\/2017\/11\/17\/policia-militar-recupera-carga-roubada-avaliada-em-r-230-mil\/#breadcrumb","itemListElement":[{"@type":"ListItem","position":1,"name":"In\u00edcio","item":"https:\/\/www.pm.pb.gov.br\/portal\/"},{"@type":"ListItem","position":2,"name":"Pol\u00edcia Militar recupera carga roubada avaliada em R$ 230 mil"}]},{"@type":"WebSite","@id":"https:\/\/www.pm.pb.gov.br\/portal\/#website","url":"https:\/\/www.pm.pb.gov.br\/portal\/","name":"Pol\u00edcia Militar da Para\u00edba","description":"","publisher":{"@id":"https:\/\/www.pm.pb.gov.br\/portal\/#organization"},"potentialAction":[{"@type":"SearchAction","target":{"@type":"EntryPoint","urlTemplate":"https:\/\/www.pm.pb.gov.br\/portal\/?s={search_term_string}"},"query-input":"required name=search_term_string"}],"inLanguage":"pt-BR"},{"@type":"Organization","@id":"https:\/\/www.pm.pb.gov.br\/portal\/#organization","name":"Pol\u00edcia Militar da Para\u00edba","url":"https:\/\/www.pm.pb.gov.br\/portal\/","logo":{"@type":"ImageObject","inLanguage":"pt-BR","@id":"https:\/\/www.pm.pb.gov.br\/portal\/#\/schema\/logo\/image\/","url":"https:\/\/www.pm.pb.gov.br\/portal\/wp-content\/uploads\/2025\/03\/cropped-logo-site-mag2-1.png","contentUrl":"https:\/\/www.pm.pb.gov.br\/portal\/wp-content\/uploads\/2025\/03\/cropped-logo-site-mag2-1.png","width":320,"height":90,"caption":"Pol\u00edcia Militar da Para\u00edba"},"image":{"@id":"https:\/\/www.pm.pb.gov.br\/portal\/#\/schema\/logo\/image\/"}},{"@type":"Person","@id":"https:\/\/www.pm.pb.gov.br\/portal\/#\/schema\/person\/f84f56dcc78ce4357054da888b8247fd","name":"Tarcisio Oliveira","image":{"@type":"ImageObject","inLanguage":"pt-BR","@id":"https:\/\/www.pm.pb.gov.br\/portal\/#\/schema\/person\/image\/","url":"https:\/\/secure.gravatar.com\/avatar\/72917b630b69d31cd0297507f34bac97?s=96&d=mm&r=g","contentUrl":"https:\/\/secure.gravatar.com\/avatar\/72917b630b69d31cd0297507f34bac97?s=96&d=mm&r=g","caption":"Tarcisio Oliveira"},"url":"https:\/\/www.pm.pb.gov.br\/portal\/author\/tarcisio\/"}]}},"_links":{"self":[{"href":"https:\/\/www.pm.pb.gov.br\/portal\/wp-json\/wp\/v2\/posts\/896044"}],"collection":[{"href":"https:\/\/www.pm.pb.gov.br\/portal\/wp-json\/wp\/v2\/posts"}],"about":[{"href":"https:\/\/www.pm.pb.gov.br\/portal\/wp-json\/wp\/v2\/types\/post"}],"author":[{"embeddable":true,"href":"https:\/\/www.pm.pb.gov.br\/portal\/wp-json\/wp\/v2\/users\/12"}],"replies":[{"embeddable":true,"href":"https:\/\/www.pm.pb.gov.br\/portal\/wp-json\/wp\/v2\/comments?post=896044"}],"version-history":[{"count":1,"href":"https:\/\/www.pm.pb.gov.br\/portal\/wp-json\/wp\/v2\/posts\/896044\/revisions"}],"predecessor-version":[{"id":896045,"href":"https:\/\/www.pm.pb.gov.br\/portal\/wp-json\/wp\/v2\/posts\/896044\/revisions\/896045"}],"wp:featuredmedia":[{"embeddable":true,"href":"https:\/\/www.pm.pb.gov.br\/portal\/wp-json\/wp\/v2\/media\/896039"}],"wp:attachment":[{"href":"https:\/\/www.pm.pb.gov.br\/portal\/wp-json\/wp\/v2\/media?parent=896044"}],"wp:term":[{"taxonomy":"category","embeddable":true,"href":"https:\/\/www.pm.pb.gov.br\/portal\/wp-json\/wp\/v2\/categories?post=896044"},{"taxonomy":"post_tag","embeddable":true,"href":"https:\/\/www.pm.pb.gov.br\/portal\/wp-json\/wp\/v2\/tags?post=896044"}],"curies":[{"name":"wp","href":"https:\/\/api.w.org\/{rel}","templated":true}]}}