{"id":896042,"date":"2017-11-17T12:18:02","date_gmt":"2017-11-17T15:18:02","guid":{"rendered":"http:\/\/www.pm.pb.gov.br\/portal\/?p=896042"},"modified":"2017-11-17T12:18:02","modified_gmt":"2017-11-17T15:18:02","slug":"policia-militar-desarticula-grupo-que-realizava-assaltos-no-litoral-norte","status":"publish","type":"post","link":"https:\/\/www.pm.pb.gov.br\/portal\/2017\/11\/17\/policia-militar-desarticula-grupo-que-realizava-assaltos-no-litoral-norte\/","title":{"rendered":"Pol\u00edcia Militar desarticula grupo que realizava assaltos no litoral norte"},"content":{"rendered":"<p style=\"font-weight: 400; text-align: justify;\">A Pol\u00edcia Militar desarticulou uma quadrilha suspeita de realizar assaltos em tr\u00eas cidades do litoral norte do estado. Ao todo, cinco suspeitos de roubo e recepta\u00e7\u00e3o foram presos por policiais da 2\u00aa Companhia Independente em a\u00e7\u00e3o realizada na noite da \u00faltima quinta-feira (17).<\/p>\n<p style=\"font-weight: 400; text-align: justify;\">Entre os cinco, quatro presos de 18 e 20 anos, s\u00e3o suspeitos de realizarem assaltos na cidade de Capim, na tarde da \u00faltima quarta (15), quando roubaram celulares de pelo menos duas pessoas. Outro homem preso, de 26 anos, \u00e9 suspeito de ser o receptador dos aparelhos. O grupo \u00e9 suspeito de atuar nas cidades de Cuit\u00e9 de Mamanguape, Itapororoca e Capim.<\/p>\n<p style=\"font-weight: 400; text-align: justify;\">A pris\u00e3o aconteceu ap\u00f3s dilig\u00eancias iniciadas pela Pol\u00edcia Militar desde o \u00faltimo crime, e informa\u00e7\u00f5es repassadas \u00e0 2\u00aa CIPM pelo n\u00famero 190, apontando o poss\u00edvel local em que o grupo estaria. Os presos foram detidos em uma opera\u00e7\u00e3o coordenada pela 2\u00aa Companhia, que abordou o grupo na zona rural de Cuit\u00e9 de Mamanguape.<\/p>\n<p style=\"font-weight: 400; text-align: justify;\">Os suspeitos foram conduzidos para a Delegacia de Mamanguape onde foram autuados por roubo, associa\u00e7\u00e3o criminosa (forma\u00e7\u00e3o de quadrilha) e recepta\u00e7\u00e3o. Duas v\u00edtimas j\u00e1 reconheceram o grupo na delegacia e tiveram seus celulares recuperados.<\/p>\n","protected":false},"excerpt":{"rendered":"<p>A Pol\u00edcia Militar desarticulou uma quadrilha suspeita de realizar assaltos em tr\u00eas cidades do litoral norte do estado. Ao todo,<\/p>\n","protected":false},"author":12,"featured_media":895856,"comment_status":"closed","ping_status":"closed","sticky":false,"template":"","format":"standard","meta":{"_exactmetrics_skip_tracking":false,"_exactmetrics_sitenote_active":false,"_exactmetrics_sitenote_note":"","_exactmetrics_sitenote_category":0,"footnotes":""},"categories":[4],"tags":[],"yoast_head":"<!-- This site is optimized with the Yoast SEO plugin v22.0 - https:\/\/yoast.com\/wordpress\/plugins\/seo\/ -->\n<title>Pol\u00edcia Militar desarticula grupo que realizava assaltos no litoral norte - Pol\u00edcia Militar da Para\u00edba<\/title>\n<meta name=\"robots\" content=\"index, follow, max-snippet:-1, max-image-preview:large, max-video-preview:-1\" \/>\n<link rel=\"canonical\" href=\"https:\/\/www.pm.pb.gov.br\/portal\/2017\/11\/17\/policia-militar-desarticula-grupo-que-realizava-assaltos-no-litoral-norte\/\" \/>\n<meta property=\"og:locale\" content=\"pt_BR\" \/>\n<meta property=\"og:type\" content=\"article\" \/>\n<meta property=\"og:title\" content=\"Pol\u00edcia Militar desarticula grupo que realizava assaltos no litoral norte - Pol\u00edcia Militar da Para\u00edba\" \/>\n<meta property=\"og:description\" content=\"A Pol\u00edcia Militar desarticulou uma quadrilha suspeita de realizar assaltos em tr\u00eas cidades do litoral norte do estado. Ao todo,\" \/>\n<meta property=\"og:url\" content=\"https:\/\/www.pm.pb.gov.br\/portal\/2017\/11\/17\/policia-militar-desarticula-grupo-que-realizava-assaltos-no-litoral-norte\/\" \/>\n<meta property=\"og:site_name\" content=\"Pol\u00edcia Militar da Para\u00edba\" \/>\n<meta property=\"article:published_time\" content=\"2017-11-17T15:18:02+00:00\" \/>\n<meta property=\"og:image\" content=\"https:\/\/www.pm.pb.gov.br\/portal\/wp-content\/uploads\/2017\/11\/viatura.jpg\" \/>\n\t<meta property=\"og:image:width\" content=\"800\" \/>\n\t<meta property=\"og:image:height\" content=\"445\" \/>\n\t<meta property=\"og:image:type\" content=\"image\/jpeg\" \/>\n<meta name=\"author\" content=\"Tarcisio Oliveira\" \/>\n<meta name=\"twitter:card\" content=\"summary_large_image\" \/>\n<meta name=\"twitter:label1\" content=\"Escrito por\" \/>\n\t<meta name=\"twitter:data1\" content=\"Tarcisio Oliveira\" \/>\n\t<meta name=\"twitter:label2\" content=\"Est. tempo de leitura\" \/>\n\t<meta name=\"twitter:data2\" content=\"1 minuto\" \/>\n<script type=\"application\/ld+json\" class=\"yoast-schema-graph\">{\"@context\":\"https:\/\/schema.org\",\"@graph\":[{\"@type\":\"Article\",\"@id\":\"https:\/\/www.pm.pb.gov.br\/portal\/2017\/11\/17\/policia-militar-desarticula-grupo-que-realizava-assaltos-no-litoral-norte\/#article\",\"isPartOf\":{\"@id\":\"https:\/\/www.pm.pb.gov.br\/portal\/2017\/11\/17\/policia-militar-desarticula-grupo-que-realizava-assaltos-no-litoral-norte\/\"},\"author\":{\"name\":\"Tarcisio Oliveira\",\"@id\":\"https:\/\/www.pm.pb.gov.br\/portal\/#\/schema\/person\/f84f56dcc78ce4357054da888b8247fd\"},\"headline\":\"Pol\u00edcia Militar desarticula grupo que realizava assaltos no litoral norte\",\"datePublished\":\"2017-11-17T15:18:02+00:00\",\"dateModified\":\"2017-11-17T15:18:02+00:00\",\"mainEntityOfPage\":{\"@id\":\"https:\/\/www.pm.pb.gov.br\/portal\/2017\/11\/17\/policia-militar-desarticula-grupo-que-realizava-assaltos-no-litoral-norte\/\"},\"wordCount\":208,\"publisher\":{\"@id\":\"https:\/\/www.pm.pb.gov.br\/portal\/#organization\"},\"articleSection\":[\"A\u00e7\u00f5es Policiais\"],\"inLanguage\":\"pt-BR\"},{\"@type\":\"WebPage\",\"@id\":\"https:\/\/www.pm.pb.gov.br\/portal\/2017\/11\/17\/policia-militar-desarticula-grupo-que-realizava-assaltos-no-litoral-norte\/\",\"url\":\"https:\/\/www.pm.pb.gov.br\/portal\/2017\/11\/17\/policia-militar-desarticula-grupo-que-realizava-assaltos-no-litoral-norte\/\",\"name\":\"Pol\u00edcia Militar desarticula grupo que realizava assaltos no litoral norte - Pol\u00edcia Militar da Para\u00edba\",\"isPartOf\":{\"@id\":\"https:\/\/www.pm.pb.gov.br\/portal\/#website\"},\"datePublished\":\"2017-11-17T15:18:02+00:00\",\"dateModified\":\"2017-11-17T15:18:02+00:00\",\"breadcrumb\":{\"@id\":\"https:\/\/www.pm.pb.gov.br\/portal\/2017\/11\/17\/policia-militar-desarticula-grupo-que-realizava-assaltos-no-litoral-norte\/#breadcrumb\"},\"inLanguage\":\"pt-BR\",\"potentialAction\":[{\"@type\":\"ReadAction\",\"target\":[\"https:\/\/www.pm.pb.gov.br\/portal\/2017\/11\/17\/policia-militar-desarticula-grupo-que-realizava-assaltos-no-litoral-norte\/\"]}]},{\"@type\":\"BreadcrumbList\",\"@id\":\"https:\/\/www.pm.pb.gov.br\/portal\/2017\/11\/17\/policia-militar-desarticula-grupo-que-realizava-assaltos-no-litoral-norte\/#breadcrumb\",\"itemListElement\":[{\"@type\":\"ListItem\",\"position\":1,\"name\":\"In\u00edcio\",\"item\":\"https:\/\/www.pm.pb.gov.br\/portal\/\"},{\"@type\":\"ListItem\",\"position\":2,\"name\":\"Pol\u00edcia Militar desarticula grupo que realizava assaltos no litoral norte\"}]},{\"@type\":\"WebSite\",\"@id\":\"https:\/\/www.pm.pb.gov.br\/portal\/#website\",\"url\":\"https:\/\/www.pm.pb.gov.br\/portal\/\",\"name\":\"Pol\u00edcia Militar da Para\u00edba\",\"description\":\"\",\"publisher\":{\"@id\":\"https:\/\/www.pm.pb.gov.br\/portal\/#organization\"},\"potentialAction\":[{\"@type\":\"SearchAction\",\"target\":{\"@type\":\"EntryPoint\",\"urlTemplate\":\"https:\/\/www.pm.pb.gov.br\/portal\/?s={search_term_string}\"},\"query-input\":\"required name=search_term_string\"}],\"inLanguage\":\"pt-BR\"},{\"@type\":\"Organization\",\"@id\":\"https:\/\/www.pm.pb.gov.br\/portal\/#organization\",\"name\":\"Pol\u00edcia Militar da Para\u00edba\",\"url\":\"https:\/\/www.pm.pb.gov.br\/portal\/\",\"logo\":{\"@type\":\"ImageObject\",\"inLanguage\":\"pt-BR\",\"@id\":\"https:\/\/www.pm.pb.gov.br\/portal\/#\/schema\/logo\/image\/\",\"url\":\"https:\/\/www.pm.pb.gov.br\/portal\/wp-content\/uploads\/2025\/03\/cropped-logo-site-mag2-1.png\",\"contentUrl\":\"https:\/\/www.pm.pb.gov.br\/portal\/wp-content\/uploads\/2025\/03\/cropped-logo-site-mag2-1.png\",\"width\":320,\"height\":90,\"caption\":\"Pol\u00edcia Militar da Para\u00edba\"},\"image\":{\"@id\":\"https:\/\/www.pm.pb.gov.br\/portal\/#\/schema\/logo\/image\/\"}},{\"@type\":\"Person\",\"@id\":\"https:\/\/www.pm.pb.gov.br\/portal\/#\/schema\/person\/f84f56dcc78ce4357054da888b8247fd\",\"name\":\"Tarcisio Oliveira\",\"image\":{\"@type\":\"ImageObject\",\"inLanguage\":\"pt-BR\",\"@id\":\"https:\/\/www.pm.pb.gov.br\/portal\/#\/schema\/person\/image\/\",\"url\":\"https:\/\/secure.gravatar.com\/avatar\/72917b630b69d31cd0297507f34bac97?s=96&d=mm&r=g\",\"contentUrl\":\"https:\/\/secure.gravatar.com\/avatar\/72917b630b69d31cd0297507f34bac97?s=96&d=mm&r=g\",\"caption\":\"Tarcisio Oliveira\"},\"url\":\"https:\/\/www.pm.pb.gov.br\/portal\/author\/tarcisio\/\"}]}<\/script>\n<!-- \/ Yoast SEO plugin. -->","yoast_head_json":{"title":"Pol\u00edcia Militar desarticula grupo que realizava assaltos no litoral norte - Pol\u00edcia Militar da Para\u00edba","robots":{"index":"index","follow":"follow","max-snippet":"max-snippet:-1","max-image-preview":"max-image-preview:large","max-video-preview":"max-video-preview:-1"},"canonical":"https:\/\/www.pm.pb.gov.br\/portal\/2017\/11\/17\/policia-militar-desarticula-grupo-que-realizava-assaltos-no-litoral-norte\/","og_locale":"pt_BR","og_type":"article","og_title":"Pol\u00edcia Militar desarticula grupo que realizava assaltos no litoral norte - Pol\u00edcia Militar da Para\u00edba","og_description":"A Pol\u00edcia Militar desarticulou uma quadrilha suspeita de realizar assaltos em tr\u00eas cidades do litoral norte do estado. Ao todo,","og_url":"https:\/\/www.pm.pb.gov.br\/portal\/2017\/11\/17\/policia-militar-desarticula-grupo-que-realizava-assaltos-no-litoral-norte\/","og_site_name":"Pol\u00edcia Militar da Para\u00edba","article_published_time":"2017-11-17T15:18:02+00:00","og_image":[{"width":800,"height":445,"url":"https:\/\/www.pm.pb.gov.br\/portal\/wp-content\/uploads\/2017\/11\/viatura.jpg","type":"image\/jpeg"}],"author":"Tarcisio Oliveira","twitter_card":"summary_large_image","twitter_misc":{"Escrito por":"Tarcisio Oliveira","Est. tempo de leitura":"1 minuto"},"schema":{"@context":"https:\/\/schema.org","@graph":[{"@type":"Article","@id":"https:\/\/www.pm.pb.gov.br\/portal\/2017\/11\/17\/policia-militar-desarticula-grupo-que-realizava-assaltos-no-litoral-norte\/#article","isPartOf":{"@id":"https:\/\/www.pm.pb.gov.br\/portal\/2017\/11\/17\/policia-militar-desarticula-grupo-que-realizava-assaltos-no-litoral-norte\/"},"author":{"name":"Tarcisio Oliveira","@id":"https:\/\/www.pm.pb.gov.br\/portal\/#\/schema\/person\/f84f56dcc78ce4357054da888b8247fd"},"headline":"Pol\u00edcia Militar desarticula grupo que realizava assaltos no litoral norte","datePublished":"2017-11-17T15:18:02+00:00","dateModified":"2017-11-17T15:18:02+00:00","mainEntityOfPage":{"@id":"https:\/\/www.pm.pb.gov.br\/portal\/2017\/11\/17\/policia-militar-desarticula-grupo-que-realizava-assaltos-no-litoral-norte\/"},"wordCount":208,"publisher":{"@id":"https:\/\/www.pm.pb.gov.br\/portal\/#organization"},"articleSection":["A\u00e7\u00f5es Policiais"],"inLanguage":"pt-BR"},{"@type":"WebPage","@id":"https:\/\/www.pm.pb.gov.br\/portal\/2017\/11\/17\/policia-militar-desarticula-grupo-que-realizava-assaltos-no-litoral-norte\/","url":"https:\/\/www.pm.pb.gov.br\/portal\/2017\/11\/17\/policia-militar-desarticula-grupo-que-realizava-assaltos-no-litoral-norte\/","name":"Pol\u00edcia Militar desarticula grupo que realizava assaltos no litoral norte - Pol\u00edcia Militar da Para\u00edba","isPartOf":{"@id":"https:\/\/www.pm.pb.gov.br\/portal\/#website"},"datePublished":"2017-11-17T15:18:02+00:00","dateModified":"2017-11-17T15:18:02+00:00","breadcrumb":{"@id":"https:\/\/www.pm.pb.gov.br\/portal\/2017\/11\/17\/policia-militar-desarticula-grupo-que-realizava-assaltos-no-litoral-norte\/#breadcrumb"},"inLanguage":"pt-BR","potentialAction":[{"@type":"ReadAction","target":["https:\/\/www.pm.pb.gov.br\/portal\/2017\/11\/17\/policia-militar-desarticula-grupo-que-realizava-assaltos-no-litoral-norte\/"]}]},{"@type":"BreadcrumbList","@id":"https:\/\/www.pm.pb.gov.br\/portal\/2017\/11\/17\/policia-militar-desarticula-grupo-que-realizava-assaltos-no-litoral-norte\/#breadcrumb","itemListElement":[{"@type":"ListItem","position":1,"name":"In\u00edcio","item":"https:\/\/www.pm.pb.gov.br\/portal\/"},{"@type":"ListItem","position":2,"name":"Pol\u00edcia Militar desarticula grupo que realizava assaltos no litoral norte"}]},{"@type":"WebSite","@id":"https:\/\/www.pm.pb.gov.br\/portal\/#website","url":"https:\/\/www.pm.pb.gov.br\/portal\/","name":"Pol\u00edcia Militar da Para\u00edba","description":"","publisher":{"@id":"https:\/\/www.pm.pb.gov.br\/portal\/#organization"},"potentialAction":[{"@type":"SearchAction","target":{"@type":"EntryPoint","urlTemplate":"https:\/\/www.pm.pb.gov.br\/portal\/?s={search_term_string}"},"query-input":"required name=search_term_string"}],"inLanguage":"pt-BR"},{"@type":"Organization","@id":"https:\/\/www.pm.pb.gov.br\/portal\/#organization","name":"Pol\u00edcia Militar da Para\u00edba","url":"https:\/\/www.pm.pb.gov.br\/portal\/","logo":{"@type":"ImageObject","inLanguage":"pt-BR","@id":"https:\/\/www.pm.pb.gov.br\/portal\/#\/schema\/logo\/image\/","url":"https:\/\/www.pm.pb.gov.br\/portal\/wp-content\/uploads\/2025\/03\/cropped-logo-site-mag2-1.png","contentUrl":"https:\/\/www.pm.pb.gov.br\/portal\/wp-content\/uploads\/2025\/03\/cropped-logo-site-mag2-1.png","width":320,"height":90,"caption":"Pol\u00edcia Militar da Para\u00edba"},"image":{"@id":"https:\/\/www.pm.pb.gov.br\/portal\/#\/schema\/logo\/image\/"}},{"@type":"Person","@id":"https:\/\/www.pm.pb.gov.br\/portal\/#\/schema\/person\/f84f56dcc78ce4357054da888b8247fd","name":"Tarcisio Oliveira","image":{"@type":"ImageObject","inLanguage":"pt-BR","@id":"https:\/\/www.pm.pb.gov.br\/portal\/#\/schema\/person\/image\/","url":"https:\/\/secure.gravatar.com\/avatar\/72917b630b69d31cd0297507f34bac97?s=96&d=mm&r=g","contentUrl":"https:\/\/secure.gravatar.com\/avatar\/72917b630b69d31cd0297507f34bac97?s=96&d=mm&r=g","caption":"Tarcisio Oliveira"},"url":"https:\/\/www.pm.pb.gov.br\/portal\/author\/tarcisio\/"}]}},"_links":{"self":[{"href":"https:\/\/www.pm.pb.gov.br\/portal\/wp-json\/wp\/v2\/posts\/896042"}],"collection":[{"href":"https:\/\/www.pm.pb.gov.br\/portal\/wp-json\/wp\/v2\/posts"}],"about":[{"href":"https:\/\/www.pm.pb.gov.br\/portal\/wp-json\/wp\/v2\/types\/post"}],"author":[{"embeddable":true,"href":"https:\/\/www.pm.pb.gov.br\/portal\/wp-json\/wp\/v2\/users\/12"}],"replies":[{"embeddable":true,"href":"https:\/\/www.pm.pb.gov.br\/portal\/wp-json\/wp\/v2\/comments?post=896042"}],"version-history":[{"count":1,"href":"https:\/\/www.pm.pb.gov.br\/portal\/wp-json\/wp\/v2\/posts\/896042\/revisions"}],"predecessor-version":[{"id":896043,"href":"https:\/\/www.pm.pb.gov.br\/portal\/wp-json\/wp\/v2\/posts\/896042\/revisions\/896043"}],"wp:featuredmedia":[{"embeddable":true,"href":"https:\/\/www.pm.pb.gov.br\/portal\/wp-json\/wp\/v2\/media\/895856"}],"wp:attachment":[{"href":"https:\/\/www.pm.pb.gov.br\/portal\/wp-json\/wp\/v2\/media?parent=896042"}],"wp:term":[{"taxonomy":"category","embeddable":true,"href":"https:\/\/www.pm.pb.gov.br\/portal\/wp-json\/wp\/v2\/categories?post=896042"},{"taxonomy":"post_tag","embeddable":true,"href":"https:\/\/www.pm.pb.gov.br\/portal\/wp-json\/wp\/v2\/tags?post=896042"}],"curies":[{"name":"wp","href":"https:\/\/api.w.org\/{rel}","templated":true}]}}