{"id":896035,"date":"2017-11-17T09:23:35","date_gmt":"2017-11-17T12:23:35","guid":{"rendered":"http:\/\/www.pm.pb.gov.br\/portal\/?p=896035"},"modified":"2017-11-17T09:23:35","modified_gmt":"2017-11-17T12:23:35","slug":"policia-militar-prende-quatro-suspeitos-e-apreende-drogas-em-acoes-contra-o-trafico-em-joao-pessoa","status":"publish","type":"post","link":"https:\/\/www.pm.pb.gov.br\/portal\/2017\/11\/17\/policia-militar-prende-quatro-suspeitos-e-apreende-drogas-em-acoes-contra-o-trafico-em-joao-pessoa\/","title":{"rendered":"Pol\u00edcia Militar prende quatro suspeitos e apreende drogas em a\u00e7\u00f5es contra o tr\u00e1fico em Jo\u00e3o Pessoa"},"content":{"rendered":"<p style=\"text-align: justify;\">A Pol\u00edcia Militar prendeu quatro suspeitos de ter envolvimento com o tr\u00e1fico de drogas em tr\u00eas a\u00e7\u00f5es realizadas entre o fim da tarde da quinta-feira e madrugada desta sexta (17), nos bairros do Jos\u00e9 Am\u00e9rico, Mandacaru e Varadouro, em Jo\u00e3o Pessoa.<\/p>\n<p style=\"text-align: justify;\">Na comunidade Laranjeiras, na madrugada desta sexta, no Jos\u00e9 Am\u00e9rico, policiais da For\u00e7a T\u00e1tica do 5\u00ba Batalh\u00e3o prenderam um suspeito de 18 anos, com 325 trouxas de maconha, 99 comprimidos entorpecentes, um litro de subst\u00e2ncia para fabrica\u00e7\u00e3o de lol\u00f3, uma balan\u00e7a de precis\u00e3o e 51 embalagens para entorpecentes. A droga estava dentro de um saco pl\u00e1stico, que o suspeito tentou jogar ao perceber a presen\u00e7a da PM na localidade.<\/p>\n<p style=\"text-align: justify;\">Na noite da quinta-feira, em Mandacaru, dois suspeitos \u2013 de 18 e 20 anos \u2013 tamb\u00e9m tentaram jogar um pacote ao perceber a presen\u00e7a dos policiais da Ronda Ostensiva T\u00e1tica com Apoio de Motocicletas (Rotam) do 1\u00ba Batalh\u00e3o, perto da esta\u00e7\u00e3o ferrovi\u00e1ria, mas a a\u00e7\u00e3o foi frustrada e os dois presos em flagrante. O pacote estava com quase meio quilo de maconha.<\/p>\n<p style=\"text-align: justify;\">E na comunidade do Mulungu, durante \u00e0 tarde, no bairro do Varadouro, policiais da 5\u00aa Companhia do 1\u00ba Batalh\u00e3o apreenderam 108 pedras de crack e 29 papelotes de maconha com um suspeito de 43 anos, que passava de moto pelo local.<\/p>\n<p style=\"text-align: justify;\">Nos tr\u00eas casos, os quatro suspeitos detidos foram levados com toda a droga apreendida para a Central de Pol\u00edcia Civil, no Geisel.<\/p>\n","protected":false},"excerpt":{"rendered":"<p>A Pol\u00edcia Militar prendeu quatro suspeitos de ter envolvimento com o tr\u00e1fico de drogas em tr\u00eas a\u00e7\u00f5es realizadas entre o<\/p>\n","protected":false},"author":12,"featured_media":896036,"comment_status":"closed","ping_status":"closed","sticky":false,"template":"","format":"standard","meta":{"_exactmetrics_skip_tracking":false,"_exactmetrics_sitenote_active":false,"_exactmetrics_sitenote_note":"","_exactmetrics_sitenote_category":0,"footnotes":""},"categories":[4],"tags":[],"yoast_head":"<!-- This site is optimized with the Yoast SEO plugin v22.0 - https:\/\/yoast.com\/wordpress\/plugins\/seo\/ -->\n<title>Pol\u00edcia Militar prende quatro suspeitos e apreende drogas em a\u00e7\u00f5es contra o tr\u00e1fico em Jo\u00e3o Pessoa - Pol\u00edcia Militar da Para\u00edba<\/title>\n<meta name=\"robots\" content=\"index, follow, max-snippet:-1, max-image-preview:large, max-video-preview:-1\" \/>\n<link rel=\"canonical\" href=\"https:\/\/www.pm.pb.gov.br\/portal\/2017\/11\/17\/policia-militar-prende-quatro-suspeitos-e-apreende-drogas-em-acoes-contra-o-trafico-em-joao-pessoa\/\" \/>\n<meta property=\"og:locale\" content=\"pt_BR\" \/>\n<meta property=\"og:type\" content=\"article\" \/>\n<meta property=\"og:title\" content=\"Pol\u00edcia Militar prende quatro suspeitos e apreende drogas em a\u00e7\u00f5es contra o tr\u00e1fico em Jo\u00e3o Pessoa - Pol\u00edcia Militar da Para\u00edba\" \/>\n<meta property=\"og:description\" content=\"A Pol\u00edcia Militar prendeu quatro suspeitos de ter envolvimento com o tr\u00e1fico de drogas em tr\u00eas a\u00e7\u00f5es realizadas entre o\" \/>\n<meta property=\"og:url\" content=\"https:\/\/www.pm.pb.gov.br\/portal\/2017\/11\/17\/policia-militar-prende-quatro-suspeitos-e-apreende-drogas-em-acoes-contra-o-trafico-em-joao-pessoa\/\" \/>\n<meta property=\"og:site_name\" content=\"Pol\u00edcia Militar da Para\u00edba\" \/>\n<meta property=\"article:published_time\" content=\"2017-11-17T12:23:35+00:00\" \/>\n<meta property=\"og:image\" content=\"https:\/\/www.pm.pb.gov.br\/portal\/wp-content\/uploads\/2017\/11\/drogasapreendidas-1.jpg\" \/>\n\t<meta property=\"og:image:width\" content=\"800\" \/>\n\t<meta property=\"og:image:height\" content=\"445\" \/>\n\t<meta property=\"og:image:type\" content=\"image\/jpeg\" \/>\n<meta name=\"author\" content=\"Tarcisio Oliveira\" \/>\n<meta name=\"twitter:card\" content=\"summary_large_image\" \/>\n<meta name=\"twitter:label1\" content=\"Escrito por\" \/>\n\t<meta name=\"twitter:data1\" content=\"Tarcisio Oliveira\" \/>\n\t<meta name=\"twitter:label2\" content=\"Est. tempo de leitura\" \/>\n\t<meta name=\"twitter:data2\" content=\"1 minuto\" \/>\n<script type=\"application\/ld+json\" class=\"yoast-schema-graph\">{\"@context\":\"https:\/\/schema.org\",\"@graph\":[{\"@type\":\"Article\",\"@id\":\"https:\/\/www.pm.pb.gov.br\/portal\/2017\/11\/17\/policia-militar-prende-quatro-suspeitos-e-apreende-drogas-em-acoes-contra-o-trafico-em-joao-pessoa\/#article\",\"isPartOf\":{\"@id\":\"https:\/\/www.pm.pb.gov.br\/portal\/2017\/11\/17\/policia-militar-prende-quatro-suspeitos-e-apreende-drogas-em-acoes-contra-o-trafico-em-joao-pessoa\/\"},\"author\":{\"name\":\"Tarcisio Oliveira\",\"@id\":\"https:\/\/www.pm.pb.gov.br\/portal\/#\/schema\/person\/f84f56dcc78ce4357054da888b8247fd\"},\"headline\":\"Pol\u00edcia Militar prende quatro suspeitos e apreende drogas em a\u00e7\u00f5es contra o tr\u00e1fico em Jo\u00e3o Pessoa\",\"datePublished\":\"2017-11-17T12:23:35+00:00\",\"dateModified\":\"2017-11-17T12:23:35+00:00\",\"mainEntityOfPage\":{\"@id\":\"https:\/\/www.pm.pb.gov.br\/portal\/2017\/11\/17\/policia-militar-prende-quatro-suspeitos-e-apreende-drogas-em-acoes-contra-o-trafico-em-joao-pessoa\/\"},\"wordCount\":264,\"publisher\":{\"@id\":\"https:\/\/www.pm.pb.gov.br\/portal\/#organization\"},\"articleSection\":[\"A\u00e7\u00f5es Policiais\"],\"inLanguage\":\"pt-BR\"},{\"@type\":\"WebPage\",\"@id\":\"https:\/\/www.pm.pb.gov.br\/portal\/2017\/11\/17\/policia-militar-prende-quatro-suspeitos-e-apreende-drogas-em-acoes-contra-o-trafico-em-joao-pessoa\/\",\"url\":\"https:\/\/www.pm.pb.gov.br\/portal\/2017\/11\/17\/policia-militar-prende-quatro-suspeitos-e-apreende-drogas-em-acoes-contra-o-trafico-em-joao-pessoa\/\",\"name\":\"Pol\u00edcia Militar prende quatro suspeitos e apreende drogas em a\u00e7\u00f5es contra o tr\u00e1fico em Jo\u00e3o Pessoa - Pol\u00edcia Militar da Para\u00edba\",\"isPartOf\":{\"@id\":\"https:\/\/www.pm.pb.gov.br\/portal\/#website\"},\"datePublished\":\"2017-11-17T12:23:35+00:00\",\"dateModified\":\"2017-11-17T12:23:35+00:00\",\"breadcrumb\":{\"@id\":\"https:\/\/www.pm.pb.gov.br\/portal\/2017\/11\/17\/policia-militar-prende-quatro-suspeitos-e-apreende-drogas-em-acoes-contra-o-trafico-em-joao-pessoa\/#breadcrumb\"},\"inLanguage\":\"pt-BR\",\"potentialAction\":[{\"@type\":\"ReadAction\",\"target\":[\"https:\/\/www.pm.pb.gov.br\/portal\/2017\/11\/17\/policia-militar-prende-quatro-suspeitos-e-apreende-drogas-em-acoes-contra-o-trafico-em-joao-pessoa\/\"]}]},{\"@type\":\"BreadcrumbList\",\"@id\":\"https:\/\/www.pm.pb.gov.br\/portal\/2017\/11\/17\/policia-militar-prende-quatro-suspeitos-e-apreende-drogas-em-acoes-contra-o-trafico-em-joao-pessoa\/#breadcrumb\",\"itemListElement\":[{\"@type\":\"ListItem\",\"position\":1,\"name\":\"In\u00edcio\",\"item\":\"https:\/\/www.pm.pb.gov.br\/portal\/\"},{\"@type\":\"ListItem\",\"position\":2,\"name\":\"Pol\u00edcia Militar prende quatro suspeitos e apreende drogas em a\u00e7\u00f5es contra o tr\u00e1fico em Jo\u00e3o Pessoa\"}]},{\"@type\":\"WebSite\",\"@id\":\"https:\/\/www.pm.pb.gov.br\/portal\/#website\",\"url\":\"https:\/\/www.pm.pb.gov.br\/portal\/\",\"name\":\"Pol\u00edcia Militar da Para\u00edba\",\"description\":\"\",\"publisher\":{\"@id\":\"https:\/\/www.pm.pb.gov.br\/portal\/#organization\"},\"potentialAction\":[{\"@type\":\"SearchAction\",\"target\":{\"@type\":\"EntryPoint\",\"urlTemplate\":\"https:\/\/www.pm.pb.gov.br\/portal\/?s={search_term_string}\"},\"query-input\":\"required name=search_term_string\"}],\"inLanguage\":\"pt-BR\"},{\"@type\":\"Organization\",\"@id\":\"https:\/\/www.pm.pb.gov.br\/portal\/#organization\",\"name\":\"Pol\u00edcia Militar da Para\u00edba\",\"url\":\"https:\/\/www.pm.pb.gov.br\/portal\/\",\"logo\":{\"@type\":\"ImageObject\",\"inLanguage\":\"pt-BR\",\"@id\":\"https:\/\/www.pm.pb.gov.br\/portal\/#\/schema\/logo\/image\/\",\"url\":\"https:\/\/www.pm.pb.gov.br\/portal\/wp-content\/uploads\/2025\/03\/cropped-logo-site-mag2-1.png\",\"contentUrl\":\"https:\/\/www.pm.pb.gov.br\/portal\/wp-content\/uploads\/2025\/03\/cropped-logo-site-mag2-1.png\",\"width\":320,\"height\":90,\"caption\":\"Pol\u00edcia Militar da Para\u00edba\"},\"image\":{\"@id\":\"https:\/\/www.pm.pb.gov.br\/portal\/#\/schema\/logo\/image\/\"}},{\"@type\":\"Person\",\"@id\":\"https:\/\/www.pm.pb.gov.br\/portal\/#\/schema\/person\/f84f56dcc78ce4357054da888b8247fd\",\"name\":\"Tarcisio Oliveira\",\"image\":{\"@type\":\"ImageObject\",\"inLanguage\":\"pt-BR\",\"@id\":\"https:\/\/www.pm.pb.gov.br\/portal\/#\/schema\/person\/image\/\",\"url\":\"https:\/\/secure.gravatar.com\/avatar\/72917b630b69d31cd0297507f34bac97?s=96&d=mm&r=g\",\"contentUrl\":\"https:\/\/secure.gravatar.com\/avatar\/72917b630b69d31cd0297507f34bac97?s=96&d=mm&r=g\",\"caption\":\"Tarcisio Oliveira\"},\"url\":\"https:\/\/www.pm.pb.gov.br\/portal\/author\/tarcisio\/\"}]}<\/script>\n<!-- \/ Yoast SEO plugin. -->","yoast_head_json":{"title":"Pol\u00edcia Militar prende quatro suspeitos e apreende drogas em a\u00e7\u00f5es contra o tr\u00e1fico em Jo\u00e3o Pessoa - Pol\u00edcia Militar da Para\u00edba","robots":{"index":"index","follow":"follow","max-snippet":"max-snippet:-1","max-image-preview":"max-image-preview:large","max-video-preview":"max-video-preview:-1"},"canonical":"https:\/\/www.pm.pb.gov.br\/portal\/2017\/11\/17\/policia-militar-prende-quatro-suspeitos-e-apreende-drogas-em-acoes-contra-o-trafico-em-joao-pessoa\/","og_locale":"pt_BR","og_type":"article","og_title":"Pol\u00edcia Militar prende quatro suspeitos e apreende drogas em a\u00e7\u00f5es contra o tr\u00e1fico em Jo\u00e3o Pessoa - Pol\u00edcia Militar da Para\u00edba","og_description":"A Pol\u00edcia Militar prendeu quatro suspeitos de ter envolvimento com o tr\u00e1fico de drogas em tr\u00eas a\u00e7\u00f5es realizadas entre o","og_url":"https:\/\/www.pm.pb.gov.br\/portal\/2017\/11\/17\/policia-militar-prende-quatro-suspeitos-e-apreende-drogas-em-acoes-contra-o-trafico-em-joao-pessoa\/","og_site_name":"Pol\u00edcia Militar da Para\u00edba","article_published_time":"2017-11-17T12:23:35+00:00","og_image":[{"width":800,"height":445,"url":"https:\/\/www.pm.pb.gov.br\/portal\/wp-content\/uploads\/2017\/11\/drogasapreendidas-1.jpg","type":"image\/jpeg"}],"author":"Tarcisio Oliveira","twitter_card":"summary_large_image","twitter_misc":{"Escrito por":"Tarcisio Oliveira","Est. tempo de leitura":"1 minuto"},"schema":{"@context":"https:\/\/schema.org","@graph":[{"@type":"Article","@id":"https:\/\/www.pm.pb.gov.br\/portal\/2017\/11\/17\/policia-militar-prende-quatro-suspeitos-e-apreende-drogas-em-acoes-contra-o-trafico-em-joao-pessoa\/#article","isPartOf":{"@id":"https:\/\/www.pm.pb.gov.br\/portal\/2017\/11\/17\/policia-militar-prende-quatro-suspeitos-e-apreende-drogas-em-acoes-contra-o-trafico-em-joao-pessoa\/"},"author":{"name":"Tarcisio Oliveira","@id":"https:\/\/www.pm.pb.gov.br\/portal\/#\/schema\/person\/f84f56dcc78ce4357054da888b8247fd"},"headline":"Pol\u00edcia Militar prende quatro suspeitos e apreende drogas em a\u00e7\u00f5es contra o tr\u00e1fico em Jo\u00e3o Pessoa","datePublished":"2017-11-17T12:23:35+00:00","dateModified":"2017-11-17T12:23:35+00:00","mainEntityOfPage":{"@id":"https:\/\/www.pm.pb.gov.br\/portal\/2017\/11\/17\/policia-militar-prende-quatro-suspeitos-e-apreende-drogas-em-acoes-contra-o-trafico-em-joao-pessoa\/"},"wordCount":264,"publisher":{"@id":"https:\/\/www.pm.pb.gov.br\/portal\/#organization"},"articleSection":["A\u00e7\u00f5es Policiais"],"inLanguage":"pt-BR"},{"@type":"WebPage","@id":"https:\/\/www.pm.pb.gov.br\/portal\/2017\/11\/17\/policia-militar-prende-quatro-suspeitos-e-apreende-drogas-em-acoes-contra-o-trafico-em-joao-pessoa\/","url":"https:\/\/www.pm.pb.gov.br\/portal\/2017\/11\/17\/policia-militar-prende-quatro-suspeitos-e-apreende-drogas-em-acoes-contra-o-trafico-em-joao-pessoa\/","name":"Pol\u00edcia Militar prende quatro suspeitos e apreende drogas em a\u00e7\u00f5es contra o tr\u00e1fico em Jo\u00e3o Pessoa - Pol\u00edcia Militar da Para\u00edba","isPartOf":{"@id":"https:\/\/www.pm.pb.gov.br\/portal\/#website"},"datePublished":"2017-11-17T12:23:35+00:00","dateModified":"2017-11-17T12:23:35+00:00","breadcrumb":{"@id":"https:\/\/www.pm.pb.gov.br\/portal\/2017\/11\/17\/policia-militar-prende-quatro-suspeitos-e-apreende-drogas-em-acoes-contra-o-trafico-em-joao-pessoa\/#breadcrumb"},"inLanguage":"pt-BR","potentialAction":[{"@type":"ReadAction","target":["https:\/\/www.pm.pb.gov.br\/portal\/2017\/11\/17\/policia-militar-prende-quatro-suspeitos-e-apreende-drogas-em-acoes-contra-o-trafico-em-joao-pessoa\/"]}]},{"@type":"BreadcrumbList","@id":"https:\/\/www.pm.pb.gov.br\/portal\/2017\/11\/17\/policia-militar-prende-quatro-suspeitos-e-apreende-drogas-em-acoes-contra-o-trafico-em-joao-pessoa\/#breadcrumb","itemListElement":[{"@type":"ListItem","position":1,"name":"In\u00edcio","item":"https:\/\/www.pm.pb.gov.br\/portal\/"},{"@type":"ListItem","position":2,"name":"Pol\u00edcia Militar prende quatro suspeitos e apreende drogas em a\u00e7\u00f5es contra o tr\u00e1fico em Jo\u00e3o Pessoa"}]},{"@type":"WebSite","@id":"https:\/\/www.pm.pb.gov.br\/portal\/#website","url":"https:\/\/www.pm.pb.gov.br\/portal\/","name":"Pol\u00edcia Militar da Para\u00edba","description":"","publisher":{"@id":"https:\/\/www.pm.pb.gov.br\/portal\/#organization"},"potentialAction":[{"@type":"SearchAction","target":{"@type":"EntryPoint","urlTemplate":"https:\/\/www.pm.pb.gov.br\/portal\/?s={search_term_string}"},"query-input":"required name=search_term_string"}],"inLanguage":"pt-BR"},{"@type":"Organization","@id":"https:\/\/www.pm.pb.gov.br\/portal\/#organization","name":"Pol\u00edcia Militar da Para\u00edba","url":"https:\/\/www.pm.pb.gov.br\/portal\/","logo":{"@type":"ImageObject","inLanguage":"pt-BR","@id":"https:\/\/www.pm.pb.gov.br\/portal\/#\/schema\/logo\/image\/","url":"https:\/\/www.pm.pb.gov.br\/portal\/wp-content\/uploads\/2025\/03\/cropped-logo-site-mag2-1.png","contentUrl":"https:\/\/www.pm.pb.gov.br\/portal\/wp-content\/uploads\/2025\/03\/cropped-logo-site-mag2-1.png","width":320,"height":90,"caption":"Pol\u00edcia Militar da Para\u00edba"},"image":{"@id":"https:\/\/www.pm.pb.gov.br\/portal\/#\/schema\/logo\/image\/"}},{"@type":"Person","@id":"https:\/\/www.pm.pb.gov.br\/portal\/#\/schema\/person\/f84f56dcc78ce4357054da888b8247fd","name":"Tarcisio Oliveira","image":{"@type":"ImageObject","inLanguage":"pt-BR","@id":"https:\/\/www.pm.pb.gov.br\/portal\/#\/schema\/person\/image\/","url":"https:\/\/secure.gravatar.com\/avatar\/72917b630b69d31cd0297507f34bac97?s=96&d=mm&r=g","contentUrl":"https:\/\/secure.gravatar.com\/avatar\/72917b630b69d31cd0297507f34bac97?s=96&d=mm&r=g","caption":"Tarcisio Oliveira"},"url":"https:\/\/www.pm.pb.gov.br\/portal\/author\/tarcisio\/"}]}},"_links":{"self":[{"href":"https:\/\/www.pm.pb.gov.br\/portal\/wp-json\/wp\/v2\/posts\/896035"}],"collection":[{"href":"https:\/\/www.pm.pb.gov.br\/portal\/wp-json\/wp\/v2\/posts"}],"about":[{"href":"https:\/\/www.pm.pb.gov.br\/portal\/wp-json\/wp\/v2\/types\/post"}],"author":[{"embeddable":true,"href":"https:\/\/www.pm.pb.gov.br\/portal\/wp-json\/wp\/v2\/users\/12"}],"replies":[{"embeddable":true,"href":"https:\/\/www.pm.pb.gov.br\/portal\/wp-json\/wp\/v2\/comments?post=896035"}],"version-history":[{"count":1,"href":"https:\/\/www.pm.pb.gov.br\/portal\/wp-json\/wp\/v2\/posts\/896035\/revisions"}],"predecessor-version":[{"id":896037,"href":"https:\/\/www.pm.pb.gov.br\/portal\/wp-json\/wp\/v2\/posts\/896035\/revisions\/896037"}],"wp:featuredmedia":[{"embeddable":true,"href":"https:\/\/www.pm.pb.gov.br\/portal\/wp-json\/wp\/v2\/media\/896036"}],"wp:attachment":[{"href":"https:\/\/www.pm.pb.gov.br\/portal\/wp-json\/wp\/v2\/media?parent=896035"}],"wp:term":[{"taxonomy":"category","embeddable":true,"href":"https:\/\/www.pm.pb.gov.br\/portal\/wp-json\/wp\/v2\/categories?post=896035"},{"taxonomy":"post_tag","embeddable":true,"href":"https:\/\/www.pm.pb.gov.br\/portal\/wp-json\/wp\/v2\/tags?post=896035"}],"curies":[{"name":"wp","href":"https:\/\/api.w.org\/{rel}","templated":true}]}}